{"id":14769,"date":"2009-03-19T17:54:12","date_gmt":"2009-03-19T16:54:12","guid":{"rendered":"http:\/\/www.visit-ulcinj.com\/blog\/?p=14769"},"modified":"2009-03-19T17:54:12","modified_gmt":"2009-03-19T16:54:12","slug":"adela-dhe-zhuljeta-u-zune-per-mua","status":"publish","type":"post","link":"https:\/\/www.visit-ulcinj.com\/blog\/2009\/03\/19\/adela-dhe-zhuljeta-u-zune-per-mua\/","title":{"rendered":"Adela dhe Zhuljeta u zun\u00eb p\u00ebr mua"},"content":{"rendered":"<p><em><span class=\"newsdate\"><a href=\"http:\/\/www.visit-ulcinj.com\/blog\/wp-content\/uploads\/2009\/03\/qetsori-tregon-per-debatin-copy.jpg\"><img loading=\"lazy\" class=\"alignleft size-full wp-image-14770\" title=\"qetsori-tregon-per-debatin-big-brother-albania-2\" src=\"http:\/\/www.visit-ulcinj.com\/blog\/wp-content\/uploads\/2009\/03\/qetsori-tregon-per-debatin-copy.jpg\" alt=\"qetsori-tregon-per-debatin-big-brother-albania-2\" width=\"300\" height=\"205\" \/><\/a>18\/03\/09 01:40<\/span><\/em><\/p>\n<p>Qetsori u ka kujtuar Dritanit dhe Adit, n\u00eb dhom\u00ebn e gjumit t\u00eb djemve, momentin e debatit t\u00eb Adelajdes me Zhuljet\u00ebn. \u201cAdela dhe Zhuljeta u zun\u00eb p\u00ebr mua!\u201d- ka th\u00ebn\u00eb ai dhe ka nisur t\u2019u shpjegoj\u00eb djemve t\u00eb gjith\u00eb ndodhin\u00eb. Zhuljeta kishte dashur q\u00eb t\u2019i vinte p\u00ebrpar\u00ebsen dhe ai nuk kishte pranuar sepse nuk dodnte t\u00eb krijonte situata afrimiteti me t\u00eb, p\u00ebrderisa kishte nj\u00eb familje jasht\u00eb sht\u00ebpis\u00eb s\u00eb Big Brother. Zhuljeta kishte vazhduar t\u00eb insistonte dhe ai t\u00eb kund\u00ebrshtonte. N\u00eb at\u00eb moment, kishte nd\u00ebrhyr\u00eb Adelajda q\u00eb e kishte par\u00eb t\u00eb gjith\u00eb sken\u00ebn. Ajo i kishte b\u00ebrtitur dhe e kishte shar\u00eb Zhuljet\u00ebn q\u00eb po mundohej t\u00eb afrohej me Qetsorin, duke i th\u00ebn\u00eb q\u00eb t\u2019i vinte turp sepse ai kishte familjen dhe nusen p\u00ebrjashta. M\u00eb pas kishte ardhur edhe Mesida dhe situata kishte dal\u00eb jasht\u00eb kontrollit. \u201cS\u2019kisha par\u00eb ndonj\u00ebher\u00eb t\u00eb ziheshin tre femra p\u00ebr mua!\u201d \u2013 tha Qetsori. Ai i ka shpjeguar Adit, se ishte dakord me ato q\u00eb thoshte Adelajda, ai nuk e pranonte afrimin e Zhuljet\u00ebs, madje dhe her\u00eb t\u00eb tjera kur mundohej t\u2019i ulej n\u00eb krevat, ai i kishte th\u00ebn\u00eb t\u00eb largohej, por dhe nuk kishte guxim t\u2019i dilte hapur, sepse kishte frik\u00ebn e nominimeve. Ve\u00e7 k\u00ebsaj ai dhe nuk donte q\u00eb t\u00eb rezultonte si i ngacmuar nga Zhuljeta.<\/p>\n","protected":false},"excerpt":{"rendered":"<p>18\/03\/09 01:40 Qetsori u ka kujtuar Dritanit dhe Adit, n\u00eb dhom\u00ebn e gjumit t\u00eb djemve, momentin e debatit t\u00eb Adelajdes me Zhuljet\u00ebn. \u201cAdela dhe Zhuljeta u zun\u00eb p\u00ebr mua!\u201d- ka th\u00ebn\u00eb ai dhe ka nisur t\u2019u shpjegoj\u00eb djemve t\u00eb gjith\u00eb ndodhin\u00eb. Zhuljeta kishte dashur q\u00eb t\u2019i vinte p\u00ebrpar\u00ebsen dhe ai nuk kishte pranuar sepse nuk [&hellip;]<\/p>\n","protected":false},"author":1,"featured_media":0,"comment_status":"open","ping_status":"closed","sticky":false,"template":"","format":"standard","meta":{"spay_email":"","jetpack_publicize_message":"","jetpack_is_tweetstorm":false,"jetpack_publicize_feature_enabled":true},"categories":[6502],"tags":[6529,1414,6525,6883,6516,6712,6900,6891,6536],"jetpack_publicize_connections":[],"yoast_head":"<!-- This site is optimized with the Yoast SEO plugin v19.1 - https:\/\/yoast.com\/wordpress\/plugins\/seo\/ -->\n<title>Adela dhe Zhuljeta u zun\u00c3\u00ab p\u00c3\u00abr mua | Big Brother Albania 2<\/title>\n<meta name=\"description\" content=\"Big Brother Albania 2 - Qetsori u ka kujtuar Dritanit dhe Adit, n\u00c3\u00ab dhom\u00c3\u00abn e gjumit t\u00c3\u00ab djemve, momentin e debatit t\u00c3\u00ab Adelajdes me Zhuljet\u00c3\u00abn.\" \/>\n<meta name=\"robots\" content=\"index, follow, max-snippet:-1, max-image-preview:large, max-video-preview:-1\" \/>\n<link rel=\"canonical\" href=\"https:\/\/www.visit-ulcinj.com\/blog\/2009\/03\/19\/adela-dhe-zhuljeta-u-zune-per-mua\/\" \/>\n<meta property=\"og:locale\" content=\"en_US\" \/>\n<meta property=\"og:type\" content=\"article\" \/>\n<meta property=\"og:title\" content=\"Adela dhe Zhuljeta u zun\u00c3\u00ab p\u00c3\u00abr mua | Big Brother Albania 2\" \/>\n<meta property=\"og:description\" content=\"Big Brother Albania 2 - Qetsori u ka kujtuar Dritanit dhe Adit, n\u00c3\u00ab dhom\u00c3\u00abn e gjumit t\u00c3\u00ab djemve, momentin e debatit t\u00c3\u00ab Adelajdes me Zhuljet\u00c3\u00abn.\" \/>\n<meta property=\"og:url\" content=\"https:\/\/www.visit-ulcinj.com\/blog\/2009\/03\/19\/adela-dhe-zhuljeta-u-zune-per-mua\/\" \/>\n<meta property=\"og:site_name\" content=\"Lajme nga Ulqini\" \/>\n<meta property=\"article:published_time\" content=\"2009-03-19T16:54:12+00:00\" \/>\n<meta property=\"og:image\" content=\"http:\/\/www.visit-ulcinj.com\/blog\/wp-content\/uploads\/2009\/03\/qetsori-tregon-per-debatin-copy.jpg\" \/>\n<meta name=\"twitter:label1\" content=\"Written by\" \/>\n\t<meta name=\"twitter:data1\" content=\"ulqini\" \/>\n\t<meta name=\"twitter:label2\" content=\"Est. reading time\" \/>\n\t<meta name=\"twitter:data2\" content=\"1 minute\" \/>\n<script type=\"application\/ld+json\" class=\"yoast-schema-graph\">{\"@context\":\"https:\/\/schema.org\",\"@graph\":[{\"@type\":\"WebSite\",\"@id\":\"https:\/\/www.visit-ulcinj.com\/blog\/#website\",\"url\":\"https:\/\/www.visit-ulcinj.com\/blog\/\",\"name\":\"Lajme nga Ulqini\",\"description\":\"Lajme,Vijesti,Ulqini,Ulqin,Crna Gora,Mali i Zi\",\"potentialAction\":[{\"@type\":\"SearchAction\",\"target\":{\"@type\":\"EntryPoint\",\"urlTemplate\":\"https:\/\/www.visit-ulcinj.com\/blog\/?s={search_term_string}\"},\"query-input\":\"required name=search_term_string\"}],\"inLanguage\":\"en-US\"},{\"@type\":\"ImageObject\",\"inLanguage\":\"en-US\",\"@id\":\"https:\/\/www.visit-ulcinj.com\/blog\/2009\/03\/19\/adela-dhe-zhuljeta-u-zune-per-mua\/#primaryimage\",\"url\":\"http:\/\/www.visit-ulcinj.com\/blog\/wp-content\/uploads\/2009\/03\/qetsori-tregon-per-debatin-copy.jpg\",\"contentUrl\":\"http:\/\/www.visit-ulcinj.com\/blog\/wp-content\/uploads\/2009\/03\/qetsori-tregon-per-debatin-copy.jpg\"},{\"@type\":\"WebPage\",\"@id\":\"https:\/\/www.visit-ulcinj.com\/blog\/2009\/03\/19\/adela-dhe-zhuljeta-u-zune-per-mua\/#webpage\",\"url\":\"https:\/\/www.visit-ulcinj.com\/blog\/2009\/03\/19\/adela-dhe-zhuljeta-u-zune-per-mua\/\",\"name\":\"Adela dhe Zhuljeta u zun\u00c3\u00ab p\u00c3\u00abr mua | Big Brother Albania 2\",\"isPartOf\":{\"@id\":\"https:\/\/www.visit-ulcinj.com\/blog\/#website\"},\"primaryImageOfPage\":{\"@id\":\"https:\/\/www.visit-ulcinj.com\/blog\/2009\/03\/19\/adela-dhe-zhuljeta-u-zune-per-mua\/#primaryimage\"},\"datePublished\":\"2009-03-19T16:54:12+00:00\",\"dateModified\":\"2009-03-19T16:54:12+00:00\",\"author\":{\"@id\":\"https:\/\/www.visit-ulcinj.com\/blog\/#\/schema\/person\/dcab619c614d3038751c63bc2aadc06d\"},\"description\":\"Big Brother Albania 2 - Qetsori u ka kujtuar Dritanit dhe Adit, n\u00c3\u00ab dhom\u00c3\u00abn e gjumit t\u00c3\u00ab djemve, momentin e debatit t\u00c3\u00ab Adelajdes me Zhuljet\u00c3\u00abn.\",\"breadcrumb\":{\"@id\":\"https:\/\/www.visit-ulcinj.com\/blog\/2009\/03\/19\/adela-dhe-zhuljeta-u-zune-per-mua\/#breadcrumb\"},\"inLanguage\":\"en-US\",\"potentialAction\":[{\"@type\":\"ReadAction\",\"target\":[\"https:\/\/www.visit-ulcinj.com\/blog\/2009\/03\/19\/adela-dhe-zhuljeta-u-zune-per-mua\/\"]}]},{\"@type\":\"BreadcrumbList\",\"@id\":\"https:\/\/www.visit-ulcinj.com\/blog\/2009\/03\/19\/adela-dhe-zhuljeta-u-zune-per-mua\/#breadcrumb\",\"itemListElement\":[{\"@type\":\"ListItem\",\"position\":1,\"name\":\"Adela dhe Zhuljeta u zun\u00eb p\u00ebr mua\"}]},{\"@type\":\"Person\",\"@id\":\"https:\/\/www.visit-ulcinj.com\/blog\/#\/schema\/person\/dcab619c614d3038751c63bc2aadc06d\",\"name\":\"ulqini\",\"sameAs\":[\"http:\/\/www.visit-ulcinj.com\"],\"url\":\"https:\/\/www.visit-ulcinj.com\/blog\/author\/admin\/\"}]}<\/script>\n<!-- \/ Yoast SEO plugin. -->","yoast_head_json":{"title":"Adela dhe Zhuljeta u zun\u00c3\u00ab p\u00c3\u00abr mua | Big Brother Albania 2","description":"Big Brother Albania 2 - Qetsori u ka kujtuar Dritanit dhe Adit, n\u00c3\u00ab dhom\u00c3\u00abn e gjumit t\u00c3\u00ab djemve, momentin e debatit t\u00c3\u00ab Adelajdes me Zhuljet\u00c3\u00abn.","robots":{"index":"index","follow":"follow","max-snippet":"max-snippet:-1","max-image-preview":"max-image-preview:large","max-video-preview":"max-video-preview:-1"},"canonical":"https:\/\/www.visit-ulcinj.com\/blog\/2009\/03\/19\/adela-dhe-zhuljeta-u-zune-per-mua\/","og_locale":"en_US","og_type":"article","og_title":"Adela dhe Zhuljeta u zun\u00c3\u00ab p\u00c3\u00abr mua | Big Brother Albania 2","og_description":"Big Brother Albania 2 - Qetsori u ka kujtuar Dritanit dhe Adit, n\u00c3\u00ab dhom\u00c3\u00abn e gjumit t\u00c3\u00ab djemve, momentin e debatit t\u00c3\u00ab Adelajdes me Zhuljet\u00c3\u00abn.","og_url":"https:\/\/www.visit-ulcinj.com\/blog\/2009\/03\/19\/adela-dhe-zhuljeta-u-zune-per-mua\/","og_site_name":"Lajme nga Ulqini","article_published_time":"2009-03-19T16:54:12+00:00","og_image":[{"url":"http:\/\/www.visit-ulcinj.com\/blog\/wp-content\/uploads\/2009\/03\/qetsori-tregon-per-debatin-copy.jpg"}],"twitter_misc":{"Written by":"ulqini","Est. reading time":"1 minute"},"schema":{"@context":"https:\/\/schema.org","@graph":[{"@type":"WebSite","@id":"https:\/\/www.visit-ulcinj.com\/blog\/#website","url":"https:\/\/www.visit-ulcinj.com\/blog\/","name":"Lajme nga Ulqini","description":"Lajme,Vijesti,Ulqini,Ulqin,Crna Gora,Mali i Zi","potentialAction":[{"@type":"SearchAction","target":{"@type":"EntryPoint","urlTemplate":"https:\/\/www.visit-ulcinj.com\/blog\/?s={search_term_string}"},"query-input":"required name=search_term_string"}],"inLanguage":"en-US"},{"@type":"ImageObject","inLanguage":"en-US","@id":"https:\/\/www.visit-ulcinj.com\/blog\/2009\/03\/19\/adela-dhe-zhuljeta-u-zune-per-mua\/#primaryimage","url":"http:\/\/www.visit-ulcinj.com\/blog\/wp-content\/uploads\/2009\/03\/qetsori-tregon-per-debatin-copy.jpg","contentUrl":"http:\/\/www.visit-ulcinj.com\/blog\/wp-content\/uploads\/2009\/03\/qetsori-tregon-per-debatin-copy.jpg"},{"@type":"WebPage","@id":"https:\/\/www.visit-ulcinj.com\/blog\/2009\/03\/19\/adela-dhe-zhuljeta-u-zune-per-mua\/#webpage","url":"https:\/\/www.visit-ulcinj.com\/blog\/2009\/03\/19\/adela-dhe-zhuljeta-u-zune-per-mua\/","name":"Adela dhe Zhuljeta u zun\u00c3\u00ab p\u00c3\u00abr mua | Big Brother Albania 2","isPartOf":{"@id":"https:\/\/www.visit-ulcinj.com\/blog\/#website"},"primaryImageOfPage":{"@id":"https:\/\/www.visit-ulcinj.com\/blog\/2009\/03\/19\/adela-dhe-zhuljeta-u-zune-per-mua\/#primaryimage"},"datePublished":"2009-03-19T16:54:12+00:00","dateModified":"2009-03-19T16:54:12+00:00","author":{"@id":"https:\/\/www.visit-ulcinj.com\/blog\/#\/schema\/person\/dcab619c614d3038751c63bc2aadc06d"},"description":"Big Brother Albania 2 - Qetsori u ka kujtuar Dritanit dhe Adit, n\u00c3\u00ab dhom\u00c3\u00abn e gjumit t\u00c3\u00ab djemve, momentin e debatit t\u00c3\u00ab Adelajdes me Zhuljet\u00c3\u00abn.","breadcrumb":{"@id":"https:\/\/www.visit-ulcinj.com\/blog\/2009\/03\/19\/adela-dhe-zhuljeta-u-zune-per-mua\/#breadcrumb"},"inLanguage":"en-US","potentialAction":[{"@type":"ReadAction","target":["https:\/\/www.visit-ulcinj.com\/blog\/2009\/03\/19\/adela-dhe-zhuljeta-u-zune-per-mua\/"]}]},{"@type":"BreadcrumbList","@id":"https:\/\/www.visit-ulcinj.com\/blog\/2009\/03\/19\/adela-dhe-zhuljeta-u-zune-per-mua\/#breadcrumb","itemListElement":[{"@type":"ListItem","position":1,"name":"Adela dhe Zhuljeta u zun\u00eb p\u00ebr mua"}]},{"@type":"Person","@id":"https:\/\/www.visit-ulcinj.com\/blog\/#\/schema\/person\/dcab619c614d3038751c63bc2aadc06d","name":"ulqini","sameAs":["http:\/\/www.visit-ulcinj.com"],"url":"https:\/\/www.visit-ulcinj.com\/blog\/author\/admin\/"}]}},"jetpack_featured_media_url":"","jetpack_sharing_enabled":true,"jetpack_shortlink":"https:\/\/wp.me\/pe6lTn-3Qd","_links":{"self":[{"href":"https:\/\/www.visit-ulcinj.com\/blog\/wp-json\/wp\/v2\/posts\/14769"}],"collection":[{"href":"https:\/\/www.visit-ulcinj.com\/blog\/wp-json\/wp\/v2\/posts"}],"about":[{"href":"https:\/\/www.visit-ulcinj.com\/blog\/wp-json\/wp\/v2\/types\/post"}],"author":[{"embeddable":true,"href":"https:\/\/www.visit-ulcinj.com\/blog\/wp-json\/wp\/v2\/users\/1"}],"replies":[{"embeddable":true,"href":"https:\/\/www.visit-ulcinj.com\/blog\/wp-json\/wp\/v2\/comments?post=14769"}],"version-history":[{"count":0,"href":"https:\/\/www.visit-ulcinj.com\/blog\/wp-json\/wp\/v2\/posts\/14769\/revisions"}],"wp:attachment":[{"href":"https:\/\/www.visit-ulcinj.com\/blog\/wp-json\/wp\/v2\/media?parent=14769"}],"wp:term":[{"taxonomy":"category","embeddable":true,"href":"https:\/\/www.visit-ulcinj.com\/blog\/wp-json\/wp\/v2\/categories?post=14769"},{"taxonomy":"post_tag","embeddable":true,"href":"https:\/\/www.visit-ulcinj.com\/blog\/wp-json\/wp\/v2\/tags?post=14769"}],"curies":[{"name":"wp","href":"https:\/\/api.w.org\/{rel}","templated":true}]}}