{"id":14772,"date":"2009-03-19T17:58:02","date_gmt":"2009-03-19T16:58:02","guid":{"rendered":"http:\/\/www.visit-ulcinj.com\/blog\/?p=14772"},"modified":"2009-03-19T17:58:02","modified_gmt":"2009-03-19T16:58:02","slug":"me-vjen-turp-te-zihem-me-mozen","status":"publish","type":"post","link":"https:\/\/www.visit-ulcinj.com\/blog\/2009\/03\/19\/me-vjen-turp-te-zihem-me-mozen\/","title":{"rendered":"M\u00eb vjen turp t\u00eb zihem me Moz\u00ebn"},"content":{"rendered":"<p><em><span class=\"newsdate\"><a href=\"http:\/\/www.visit-ulcinj.com\/blog\/wp-content\/uploads\/2009\/03\/djemte-flasin-per-mozen-copy.jpg\"><img loading=\"lazy\" class=\"alignleft size-full wp-image-14774\" title=\"djemte-flasin-per-mozen-big-brother-albania-2\" src=\"http:\/\/www.visit-ulcinj.com\/blog\/wp-content\/uploads\/2009\/03\/djemte-flasin-per-mozen-copy.jpg\" alt=\"djemte-flasin-per-mozen-big-brother-albania-2\" width=\"300\" height=\"205\" \/><\/a>18\/03\/09 02:00<\/span><\/em><\/p>\n<p>Dritani dhe Qetsori i kan\u00eb kujtuar Adit q\u00eb gjat\u00eb debatit me Mimoz\u00ebn dhe Aid\u00ebn ai kishte p\u00ebrmendur vetvrasjen dhe ata e kan\u00eb hapur s\u00ebrish si argument incidentin e tij me Mimoz\u00ebn. Adi u shpjeguar se jo vet\u00ebm q\u00eb nuk ishte e v\u00ebrtet\u00eb q\u00eb ai ta kishte par\u00eb Moz\u00ebn me sy tjet\u00ebr, por edhe n\u00ebse do t\u00eb kishte qen\u00eb k\u00ebshtu, s\u2019do t\u00eb kishte asj\u00eb t\u00eb keqe. M\u00eb pas ka shtuar, se po t\u00eb kishte pasur q\u00ebllime ndaj saj, nuk do t\u00eb ishte sjell\u00eb n\u00eb m\u00ebnyr\u00ebn q\u00eb ishte sjell\u00eb, pra nuk do ta kishte afruar si shoqe. Qetsori i ka th\u00ebn\u00eb se ai e kishte mbrojtur at\u00eb m\u00eb shum\u00eb se \u00e7\u2019duhej, madje disa her\u00eb ia kishte prishur planet p\u00ebr ta nxjerr\u00eb n\u00eb debat. Adi e ka pranuar q\u00eb e kishte mbrojtur dhe se do t\u00eb vazhdonte ta mbronte. Dritani ka th\u00ebn\u00eb se edhe k\u00ebsaj rradhe q\u00eb u b\u00eb debati p\u00ebr t\u00eb, ajo futi t\u00eb tjer\u00ebt n\u00eb sherr. Po sipas Dritanit, nuk kishte pik\u00eb kuptimi q\u00eb Mimoza edhe e kishte falur Adin edhe vazhdonte t\u00eb thoshte q\u00eb ishte e m\u00ebrzitur. \u201cMimoza nuk \u00ebsht\u00eb aspak budallaqe, -ka th\u00ebn\u00eb Qetsori, -budallenj jemi ne!\u201d. Adi ia ka kthyer se i vinte zor t\u00eb zihej me t\u00eb, sepse ishte shum\u00eb m\u00eb e vog\u00ebl nga ai. \u201cE vog\u00ebl, e vog\u00ebl, po kur t\u00eb na marri lek\u00ebt Moza, ta shikosh ti!\u201d- i ka th\u00ebn\u00eb Qetsori.<\/p>\n","protected":false},"excerpt":{"rendered":"<p>18\/03\/09 02:00 Dritani dhe Qetsori i kan\u00eb kujtuar Adit q\u00eb gjat\u00eb debatit me Mimoz\u00ebn dhe Aid\u00ebn ai kishte p\u00ebrmendur vetvrasjen dhe ata e kan\u00eb hapur s\u00ebrish si argument incidentin e tij me Mimoz\u00ebn. Adi u shpjeguar se jo vet\u00ebm q\u00eb nuk ishte e v\u00ebrtet\u00eb q\u00eb ai ta kishte par\u00eb Moz\u00ebn me sy tjet\u00ebr, por edhe [&hellip;]<\/p>\n","protected":false},"author":1,"featured_media":0,"comment_status":"open","ping_status":"closed","sticky":false,"template":"","format":"standard","meta":{"spay_email":"","jetpack_publicize_message":"","jetpack_is_tweetstorm":false,"jetpack_publicize_feature_enabled":true},"categories":[6502],"tags":[1414,6537,6883,6516,6712,6521,6544,6900,6891],"jetpack_publicize_connections":[],"yoast_head":"<!-- This site is optimized with the Yoast SEO plugin v19.1 - https:\/\/yoast.com\/wordpress\/plugins\/seo\/ -->\n<title>M\u00c3\u00ab vjen turp t\u00c3\u00ab zihem me Moz\u00c3\u00abn | Big Brother Albania 2<\/title>\n<meta name=\"description\" content=\"Big Brother Albania 2 - Dritani dhe Qetsori i kan\u00c3\u00ab kujtuar Adit q\u00c3\u00ab gjat\u00c3\u00ab debatit me Mimoz\u00c3\u00abn dhe Aid\u00c3\u00abn ai kishte p\u00c3\u00abrmendur vetvrasjen dhe ata e kan\u00c3\u00ab hapur s\u00c3\u00abrish si argument incidentin e tij me Mimoz\u00c3\u00abn\" \/>\n<meta name=\"robots\" content=\"index, follow, max-snippet:-1, max-image-preview:large, max-video-preview:-1\" \/>\n<link rel=\"canonical\" href=\"https:\/\/www.visit-ulcinj.com\/blog\/2009\/03\/19\/me-vjen-turp-te-zihem-me-mozen\/\" \/>\n<meta property=\"og:locale\" content=\"en_US\" \/>\n<meta property=\"og:type\" content=\"article\" \/>\n<meta property=\"og:title\" content=\"M\u00c3\u00ab vjen turp t\u00c3\u00ab zihem me Moz\u00c3\u00abn | Big Brother Albania 2\" \/>\n<meta property=\"og:description\" content=\"Big Brother Albania 2 - Dritani dhe Qetsori i kan\u00c3\u00ab kujtuar Adit q\u00c3\u00ab gjat\u00c3\u00ab debatit me Mimoz\u00c3\u00abn dhe Aid\u00c3\u00abn ai kishte p\u00c3\u00abrmendur vetvrasjen dhe ata e kan\u00c3\u00ab hapur s\u00c3\u00abrish si argument incidentin e tij me Mimoz\u00c3\u00abn\" \/>\n<meta property=\"og:url\" content=\"https:\/\/www.visit-ulcinj.com\/blog\/2009\/03\/19\/me-vjen-turp-te-zihem-me-mozen\/\" \/>\n<meta property=\"og:site_name\" content=\"Lajme nga Ulqini\" \/>\n<meta property=\"article:published_time\" content=\"2009-03-19T16:58:02+00:00\" \/>\n<meta property=\"og:image\" content=\"http:\/\/www.visit-ulcinj.com\/blog\/wp-content\/uploads\/2009\/03\/djemte-flasin-per-mozen-copy.jpg\" \/>\n<meta name=\"twitter:label1\" content=\"Written by\" \/>\n\t<meta name=\"twitter:data1\" content=\"ulqini\" \/>\n\t<meta name=\"twitter:label2\" content=\"Est. reading time\" \/>\n\t<meta name=\"twitter:data2\" content=\"1 minute\" \/>\n<script type=\"application\/ld+json\" class=\"yoast-schema-graph\">{\"@context\":\"https:\/\/schema.org\",\"@graph\":[{\"@type\":\"WebSite\",\"@id\":\"https:\/\/www.visit-ulcinj.com\/blog\/#website\",\"url\":\"https:\/\/www.visit-ulcinj.com\/blog\/\",\"name\":\"Lajme nga Ulqini\",\"description\":\"Lajme,Vijesti,Ulqini,Ulqin,Crna Gora,Mali i Zi\",\"potentialAction\":[{\"@type\":\"SearchAction\",\"target\":{\"@type\":\"EntryPoint\",\"urlTemplate\":\"https:\/\/www.visit-ulcinj.com\/blog\/?s={search_term_string}\"},\"query-input\":\"required name=search_term_string\"}],\"inLanguage\":\"en-US\"},{\"@type\":\"ImageObject\",\"inLanguage\":\"en-US\",\"@id\":\"https:\/\/www.visit-ulcinj.com\/blog\/2009\/03\/19\/me-vjen-turp-te-zihem-me-mozen\/#primaryimage\",\"url\":\"http:\/\/www.visit-ulcinj.com\/blog\/wp-content\/uploads\/2009\/03\/djemte-flasin-per-mozen-copy.jpg\",\"contentUrl\":\"http:\/\/www.visit-ulcinj.com\/blog\/wp-content\/uploads\/2009\/03\/djemte-flasin-per-mozen-copy.jpg\"},{\"@type\":\"WebPage\",\"@id\":\"https:\/\/www.visit-ulcinj.com\/blog\/2009\/03\/19\/me-vjen-turp-te-zihem-me-mozen\/#webpage\",\"url\":\"https:\/\/www.visit-ulcinj.com\/blog\/2009\/03\/19\/me-vjen-turp-te-zihem-me-mozen\/\",\"name\":\"M\u00c3\u00ab vjen turp t\u00c3\u00ab zihem me Moz\u00c3\u00abn | Big Brother Albania 2\",\"isPartOf\":{\"@id\":\"https:\/\/www.visit-ulcinj.com\/blog\/#website\"},\"primaryImageOfPage\":{\"@id\":\"https:\/\/www.visit-ulcinj.com\/blog\/2009\/03\/19\/me-vjen-turp-te-zihem-me-mozen\/#primaryimage\"},\"datePublished\":\"2009-03-19T16:58:02+00:00\",\"dateModified\":\"2009-03-19T16:58:02+00:00\",\"author\":{\"@id\":\"https:\/\/www.visit-ulcinj.com\/blog\/#\/schema\/person\/dcab619c614d3038751c63bc2aadc06d\"},\"description\":\"Big Brother Albania 2 - Dritani dhe Qetsori i kan\u00c3\u00ab kujtuar Adit q\u00c3\u00ab gjat\u00c3\u00ab debatit me Mimoz\u00c3\u00abn dhe Aid\u00c3\u00abn ai kishte p\u00c3\u00abrmendur vetvrasjen dhe ata e kan\u00c3\u00ab hapur s\u00c3\u00abrish si argument incidentin e tij me Mimoz\u00c3\u00abn\",\"breadcrumb\":{\"@id\":\"https:\/\/www.visit-ulcinj.com\/blog\/2009\/03\/19\/me-vjen-turp-te-zihem-me-mozen\/#breadcrumb\"},\"inLanguage\":\"en-US\",\"potentialAction\":[{\"@type\":\"ReadAction\",\"target\":[\"https:\/\/www.visit-ulcinj.com\/blog\/2009\/03\/19\/me-vjen-turp-te-zihem-me-mozen\/\"]}]},{\"@type\":\"BreadcrumbList\",\"@id\":\"https:\/\/www.visit-ulcinj.com\/blog\/2009\/03\/19\/me-vjen-turp-te-zihem-me-mozen\/#breadcrumb\",\"itemListElement\":[{\"@type\":\"ListItem\",\"position\":1,\"name\":\"M\u00eb vjen turp t\u00eb zihem me Moz\u00ebn\"}]},{\"@type\":\"Person\",\"@id\":\"https:\/\/www.visit-ulcinj.com\/blog\/#\/schema\/person\/dcab619c614d3038751c63bc2aadc06d\",\"name\":\"ulqini\",\"sameAs\":[\"http:\/\/www.visit-ulcinj.com\"],\"url\":\"https:\/\/www.visit-ulcinj.com\/blog\/author\/admin\/\"}]}<\/script>\n<!-- \/ Yoast SEO plugin. -->","yoast_head_json":{"title":"M\u00c3\u00ab vjen turp t\u00c3\u00ab zihem me Moz\u00c3\u00abn | Big Brother Albania 2","description":"Big Brother Albania 2 - Dritani dhe Qetsori i kan\u00c3\u00ab kujtuar Adit q\u00c3\u00ab gjat\u00c3\u00ab debatit me Mimoz\u00c3\u00abn dhe Aid\u00c3\u00abn ai kishte p\u00c3\u00abrmendur vetvrasjen dhe ata e kan\u00c3\u00ab hapur s\u00c3\u00abrish si argument incidentin e tij me Mimoz\u00c3\u00abn","robots":{"index":"index","follow":"follow","max-snippet":"max-snippet:-1","max-image-preview":"max-image-preview:large","max-video-preview":"max-video-preview:-1"},"canonical":"https:\/\/www.visit-ulcinj.com\/blog\/2009\/03\/19\/me-vjen-turp-te-zihem-me-mozen\/","og_locale":"en_US","og_type":"article","og_title":"M\u00c3\u00ab vjen turp t\u00c3\u00ab zihem me Moz\u00c3\u00abn | Big Brother Albania 2","og_description":"Big Brother Albania 2 - Dritani dhe Qetsori i kan\u00c3\u00ab kujtuar Adit q\u00c3\u00ab gjat\u00c3\u00ab debatit me Mimoz\u00c3\u00abn dhe Aid\u00c3\u00abn ai kishte p\u00c3\u00abrmendur vetvrasjen dhe ata e kan\u00c3\u00ab hapur s\u00c3\u00abrish si argument incidentin e tij me Mimoz\u00c3\u00abn","og_url":"https:\/\/www.visit-ulcinj.com\/blog\/2009\/03\/19\/me-vjen-turp-te-zihem-me-mozen\/","og_site_name":"Lajme nga Ulqini","article_published_time":"2009-03-19T16:58:02+00:00","og_image":[{"url":"http:\/\/www.visit-ulcinj.com\/blog\/wp-content\/uploads\/2009\/03\/djemte-flasin-per-mozen-copy.jpg"}],"twitter_misc":{"Written by":"ulqini","Est. reading time":"1 minute"},"schema":{"@context":"https:\/\/schema.org","@graph":[{"@type":"WebSite","@id":"https:\/\/www.visit-ulcinj.com\/blog\/#website","url":"https:\/\/www.visit-ulcinj.com\/blog\/","name":"Lajme nga Ulqini","description":"Lajme,Vijesti,Ulqini,Ulqin,Crna Gora,Mali i Zi","potentialAction":[{"@type":"SearchAction","target":{"@type":"EntryPoint","urlTemplate":"https:\/\/www.visit-ulcinj.com\/blog\/?s={search_term_string}"},"query-input":"required name=search_term_string"}],"inLanguage":"en-US"},{"@type":"ImageObject","inLanguage":"en-US","@id":"https:\/\/www.visit-ulcinj.com\/blog\/2009\/03\/19\/me-vjen-turp-te-zihem-me-mozen\/#primaryimage","url":"http:\/\/www.visit-ulcinj.com\/blog\/wp-content\/uploads\/2009\/03\/djemte-flasin-per-mozen-copy.jpg","contentUrl":"http:\/\/www.visit-ulcinj.com\/blog\/wp-content\/uploads\/2009\/03\/djemte-flasin-per-mozen-copy.jpg"},{"@type":"WebPage","@id":"https:\/\/www.visit-ulcinj.com\/blog\/2009\/03\/19\/me-vjen-turp-te-zihem-me-mozen\/#webpage","url":"https:\/\/www.visit-ulcinj.com\/blog\/2009\/03\/19\/me-vjen-turp-te-zihem-me-mozen\/","name":"M\u00c3\u00ab vjen turp t\u00c3\u00ab zihem me Moz\u00c3\u00abn | Big Brother Albania 2","isPartOf":{"@id":"https:\/\/www.visit-ulcinj.com\/blog\/#website"},"primaryImageOfPage":{"@id":"https:\/\/www.visit-ulcinj.com\/blog\/2009\/03\/19\/me-vjen-turp-te-zihem-me-mozen\/#primaryimage"},"datePublished":"2009-03-19T16:58:02+00:00","dateModified":"2009-03-19T16:58:02+00:00","author":{"@id":"https:\/\/www.visit-ulcinj.com\/blog\/#\/schema\/person\/dcab619c614d3038751c63bc2aadc06d"},"description":"Big Brother Albania 2 - Dritani dhe Qetsori i kan\u00c3\u00ab kujtuar Adit q\u00c3\u00ab gjat\u00c3\u00ab debatit me Mimoz\u00c3\u00abn dhe Aid\u00c3\u00abn ai kishte p\u00c3\u00abrmendur vetvrasjen dhe ata e kan\u00c3\u00ab hapur s\u00c3\u00abrish si argument incidentin e tij me Mimoz\u00c3\u00abn","breadcrumb":{"@id":"https:\/\/www.visit-ulcinj.com\/blog\/2009\/03\/19\/me-vjen-turp-te-zihem-me-mozen\/#breadcrumb"},"inLanguage":"en-US","potentialAction":[{"@type":"ReadAction","target":["https:\/\/www.visit-ulcinj.com\/blog\/2009\/03\/19\/me-vjen-turp-te-zihem-me-mozen\/"]}]},{"@type":"BreadcrumbList","@id":"https:\/\/www.visit-ulcinj.com\/blog\/2009\/03\/19\/me-vjen-turp-te-zihem-me-mozen\/#breadcrumb","itemListElement":[{"@type":"ListItem","position":1,"name":"M\u00eb vjen turp t\u00eb zihem me Moz\u00ebn"}]},{"@type":"Person","@id":"https:\/\/www.visit-ulcinj.com\/blog\/#\/schema\/person\/dcab619c614d3038751c63bc2aadc06d","name":"ulqini","sameAs":["http:\/\/www.visit-ulcinj.com"],"url":"https:\/\/www.visit-ulcinj.com\/blog\/author\/admin\/"}]}},"jetpack_featured_media_url":"","jetpack_sharing_enabled":true,"jetpack_shortlink":"https:\/\/wp.me\/pe6lTn-3Qg","_links":{"self":[{"href":"https:\/\/www.visit-ulcinj.com\/blog\/wp-json\/wp\/v2\/posts\/14772"}],"collection":[{"href":"https:\/\/www.visit-ulcinj.com\/blog\/wp-json\/wp\/v2\/posts"}],"about":[{"href":"https:\/\/www.visit-ulcinj.com\/blog\/wp-json\/wp\/v2\/types\/post"}],"author":[{"embeddable":true,"href":"https:\/\/www.visit-ulcinj.com\/blog\/wp-json\/wp\/v2\/users\/1"}],"replies":[{"embeddable":true,"href":"https:\/\/www.visit-ulcinj.com\/blog\/wp-json\/wp\/v2\/comments?post=14772"}],"version-history":[{"count":0,"href":"https:\/\/www.visit-ulcinj.com\/blog\/wp-json\/wp\/v2\/posts\/14772\/revisions"}],"wp:attachment":[{"href":"https:\/\/www.visit-ulcinj.com\/blog\/wp-json\/wp\/v2\/media?parent=14772"}],"wp:term":[{"taxonomy":"category","embeddable":true,"href":"https:\/\/www.visit-ulcinj.com\/blog\/wp-json\/wp\/v2\/categories?post=14772"},{"taxonomy":"post_tag","embeddable":true,"href":"https:\/\/www.visit-ulcinj.com\/blog\/wp-json\/wp\/v2\/tags?post=14772"}],"curies":[{"name":"wp","href":"https:\/\/api.w.org\/{rel}","templated":true}]}}