{"id":14778,"date":"2009-03-19T19:16:49","date_gmt":"2009-03-19T18:16:49","guid":{"rendered":"http:\/\/www.visit-ulcinj.com\/blog\/?p=14778"},"modified":"2009-03-19T19:16:49","modified_gmt":"2009-03-19T18:16:49","slug":"dritani-dita-e-trete-e-stervitjes-ushtarake","status":"publish","type":"post","link":"https:\/\/www.visit-ulcinj.com\/blog\/2009\/03\/19\/dritani-dita-e-trete-e-stervitjes-ushtarake\/","title":{"rendered":"Dritani : Dita e tret\u00eb e st\u00ebrvitjes ushtarake"},"content":{"rendered":"<p><em><span class=\"newsdate\"><a href=\"http:\/\/www.visit-ulcinj.com\/blog\/wp-content\/uploads\/2009\/03\/dita-3-e-stervitjes-copy.jpg\"><img loading=\"lazy\" class=\"alignleft size-full wp-image-14779\" title=\"dita-3-e-stervitjes-big-brother-albania-2\" src=\"http:\/\/www.visit-ulcinj.com\/blog\/wp-content\/uploads\/2009\/03\/dita-3-e-stervitjes-copy.jpg\" alt=\"dita-3-e-stervitjes-big-brother-albania-2\" width=\"300\" height=\"205\" \/><\/a>18\/03\/09 08:00<\/span><\/em><\/p>\n<p>Edhe sot, n\u00eb dit\u00ebn e tyre t\u00eb tret\u00eb t\u00eb st\u00ebrvitjes ushtarake, banor\u00ebt jan\u00eb zgjuar q\u00eb her\u00ebt, por r\u00ebnia e siren\u00ebs s\u00ebrish nuk i ka gjetur gati. Pasi ka inspektuar dhomat e gjumit, Dritani i ka nxjerr\u00eb banor\u00ebt jasht\u00eb me hap ushtarak dhe para ngritjes s\u00eb flamurit, u ka t\u00ebrhequr v\u00ebmendjen p\u00ebr k\u00ebt\u00eb gj\u00eb. Ai u ka th\u00ebn\u00eb se duhet t\u00eb ishin m\u00eb serioz n\u00eb kryerjen e detyr\u00ebs s\u00eb ngarkuar, se duhet t\u00eb zgjoheshin e t\u00eb b\u00ebheshin gati m\u00eb shpejt, p\u00ebr 5-10 minuta duhet t\u00eb kishin p\u00ebrfunduar t\u00eb gjitha p\u00ebrgatitjet, rregullimi i krevateve, veshja, t\u00eb lar\u00ebt dhe t\u00eb ishin gati p\u00ebr t\u00eb filluar st\u00ebrvitjen. \u201cTurp t\u2019ju vij\u00eb!- u ka th\u00ebn\u00eb ai banor\u00ebve. Jeni dhe ushtar\u00eb trima!\u201d. M\u00eb pas, \u00ebsht\u00eb ngritur flamuri nga Bjordi dhe ka filluar st\u00ebrvitja.<\/p>\n","protected":false},"excerpt":{"rendered":"<p>18\/03\/09 08:00 Edhe sot, n\u00eb dit\u00ebn e tyre t\u00eb tret\u00eb t\u00eb st\u00ebrvitjes ushtarake, banor\u00ebt jan\u00eb zgjuar q\u00eb her\u00ebt, por r\u00ebnia e siren\u00ebs s\u00ebrish nuk i ka gjetur gati. Pasi ka inspektuar dhomat e gjumit, Dritani i ka nxjerr\u00eb banor\u00ebt jasht\u00eb me hap ushtarak dhe para ngritjes s\u00eb flamurit, u ka t\u00ebrhequr v\u00ebmendjen p\u00ebr k\u00ebt\u00eb gj\u00eb. [&hellip;]<\/p>\n","protected":false},"author":1,"featured_media":0,"comment_status":"open","ping_status":"closed","sticky":false,"template":"","format":"standard","meta":{"spay_email":"","jetpack_publicize_message":"","jetpack_is_tweetstorm":false,"jetpack_publicize_feature_enabled":true},"categories":[6502],"tags":[6883,6516,6712,6521,6891,8168],"jetpack_publicize_connections":[],"yoast_head":"<!-- This site is optimized with the Yoast SEO plugin v19.1 - https:\/\/yoast.com\/wordpress\/plugins\/seo\/ -->\n<title>Dritani : Dita e tret\u00c3\u00ab e st\u00c3\u00abrvitjes ushtarake | Big Brother Albania 2<\/title>\n<meta name=\"description\" content=\"Big Brother Albania 2 - Edhe sot, n\u00c3\u00ab dit\u00c3\u00abn e tyre t\u00c3\u00ab tret\u00c3\u00ab t\u00c3\u00ab st\u00c3\u00abrvitjes ushtarake, banor\u00c3\u00abt jan\u00c3\u00ab zgjuar q\u00c3\u00ab her\u00c3\u00abt, por r\u00c3\u00abnia e siren\u00c3\u00abs s\u00c3\u00abrish nuk i ka gjetur gati.\" \/>\n<meta name=\"robots\" content=\"index, follow, max-snippet:-1, max-image-preview:large, max-video-preview:-1\" \/>\n<link rel=\"canonical\" href=\"https:\/\/www.visit-ulcinj.com\/blog\/2009\/03\/19\/dritani-dita-e-trete-e-stervitjes-ushtarake\/\" \/>\n<meta property=\"og:locale\" content=\"en_US\" \/>\n<meta property=\"og:type\" content=\"article\" \/>\n<meta property=\"og:title\" content=\"Dritani : Dita e tret\u00c3\u00ab e st\u00c3\u00abrvitjes ushtarake | Big Brother Albania 2\" \/>\n<meta property=\"og:description\" content=\"Big Brother Albania 2 - Edhe sot, n\u00c3\u00ab dit\u00c3\u00abn e tyre t\u00c3\u00ab tret\u00c3\u00ab t\u00c3\u00ab st\u00c3\u00abrvitjes ushtarake, banor\u00c3\u00abt jan\u00c3\u00ab zgjuar q\u00c3\u00ab her\u00c3\u00abt, por r\u00c3\u00abnia e siren\u00c3\u00abs s\u00c3\u00abrish nuk i ka gjetur gati.\" \/>\n<meta property=\"og:url\" content=\"https:\/\/www.visit-ulcinj.com\/blog\/2009\/03\/19\/dritani-dita-e-trete-e-stervitjes-ushtarake\/\" \/>\n<meta property=\"og:site_name\" content=\"Lajme nga Ulqini\" \/>\n<meta property=\"article:published_time\" content=\"2009-03-19T18:16:49+00:00\" \/>\n<meta property=\"og:image\" content=\"http:\/\/www.visit-ulcinj.com\/blog\/wp-content\/uploads\/2009\/03\/dita-3-e-stervitjes-copy.jpg\" \/>\n<meta name=\"twitter:label1\" content=\"Written by\" \/>\n\t<meta name=\"twitter:data1\" content=\"ulqini\" \/>\n\t<meta name=\"twitter:label2\" content=\"Est. reading time\" \/>\n\t<meta name=\"twitter:data2\" content=\"1 minute\" \/>\n<script type=\"application\/ld+json\" class=\"yoast-schema-graph\">{\"@context\":\"https:\/\/schema.org\",\"@graph\":[{\"@type\":\"WebSite\",\"@id\":\"https:\/\/www.visit-ulcinj.com\/blog\/#website\",\"url\":\"https:\/\/www.visit-ulcinj.com\/blog\/\",\"name\":\"Lajme nga Ulqini\",\"description\":\"Lajme,Vijesti,Ulqini,Ulqin,Crna Gora,Mali i Zi\",\"potentialAction\":[{\"@type\":\"SearchAction\",\"target\":{\"@type\":\"EntryPoint\",\"urlTemplate\":\"https:\/\/www.visit-ulcinj.com\/blog\/?s={search_term_string}\"},\"query-input\":\"required name=search_term_string\"}],\"inLanguage\":\"en-US\"},{\"@type\":\"ImageObject\",\"inLanguage\":\"en-US\",\"@id\":\"https:\/\/www.visit-ulcinj.com\/blog\/2009\/03\/19\/dritani-dita-e-trete-e-stervitjes-ushtarake\/#primaryimage\",\"url\":\"http:\/\/www.visit-ulcinj.com\/blog\/wp-content\/uploads\/2009\/03\/dita-3-e-stervitjes-copy.jpg\",\"contentUrl\":\"http:\/\/www.visit-ulcinj.com\/blog\/wp-content\/uploads\/2009\/03\/dita-3-e-stervitjes-copy.jpg\"},{\"@type\":\"WebPage\",\"@id\":\"https:\/\/www.visit-ulcinj.com\/blog\/2009\/03\/19\/dritani-dita-e-trete-e-stervitjes-ushtarake\/#webpage\",\"url\":\"https:\/\/www.visit-ulcinj.com\/blog\/2009\/03\/19\/dritani-dita-e-trete-e-stervitjes-ushtarake\/\",\"name\":\"Dritani : Dita e tret\u00c3\u00ab e st\u00c3\u00abrvitjes ushtarake | Big Brother Albania 2\",\"isPartOf\":{\"@id\":\"https:\/\/www.visit-ulcinj.com\/blog\/#website\"},\"primaryImageOfPage\":{\"@id\":\"https:\/\/www.visit-ulcinj.com\/blog\/2009\/03\/19\/dritani-dita-e-trete-e-stervitjes-ushtarake\/#primaryimage\"},\"datePublished\":\"2009-03-19T18:16:49+00:00\",\"dateModified\":\"2009-03-19T18:16:49+00:00\",\"author\":{\"@id\":\"https:\/\/www.visit-ulcinj.com\/blog\/#\/schema\/person\/dcab619c614d3038751c63bc2aadc06d\"},\"description\":\"Big Brother Albania 2 - Edhe sot, n\u00c3\u00ab dit\u00c3\u00abn e tyre t\u00c3\u00ab tret\u00c3\u00ab t\u00c3\u00ab st\u00c3\u00abrvitjes ushtarake, banor\u00c3\u00abt jan\u00c3\u00ab zgjuar q\u00c3\u00ab her\u00c3\u00abt, por r\u00c3\u00abnia e siren\u00c3\u00abs s\u00c3\u00abrish nuk i ka gjetur gati.\",\"breadcrumb\":{\"@id\":\"https:\/\/www.visit-ulcinj.com\/blog\/2009\/03\/19\/dritani-dita-e-trete-e-stervitjes-ushtarake\/#breadcrumb\"},\"inLanguage\":\"en-US\",\"potentialAction\":[{\"@type\":\"ReadAction\",\"target\":[\"https:\/\/www.visit-ulcinj.com\/blog\/2009\/03\/19\/dritani-dita-e-trete-e-stervitjes-ushtarake\/\"]}]},{\"@type\":\"BreadcrumbList\",\"@id\":\"https:\/\/www.visit-ulcinj.com\/blog\/2009\/03\/19\/dritani-dita-e-trete-e-stervitjes-ushtarake\/#breadcrumb\",\"itemListElement\":[{\"@type\":\"ListItem\",\"position\":1,\"name\":\"Dritani : Dita e tret\u00eb e st\u00ebrvitjes ushtarake\"}]},{\"@type\":\"Person\",\"@id\":\"https:\/\/www.visit-ulcinj.com\/blog\/#\/schema\/person\/dcab619c614d3038751c63bc2aadc06d\",\"name\":\"ulqini\",\"sameAs\":[\"http:\/\/www.visit-ulcinj.com\"],\"url\":\"https:\/\/www.visit-ulcinj.com\/blog\/author\/admin\/\"}]}<\/script>\n<!-- \/ Yoast SEO plugin. -->","yoast_head_json":{"title":"Dritani : Dita e tret\u00c3\u00ab e st\u00c3\u00abrvitjes ushtarake | Big Brother Albania 2","description":"Big Brother Albania 2 - Edhe sot, n\u00c3\u00ab dit\u00c3\u00abn e tyre t\u00c3\u00ab tret\u00c3\u00ab t\u00c3\u00ab st\u00c3\u00abrvitjes ushtarake, banor\u00c3\u00abt jan\u00c3\u00ab zgjuar q\u00c3\u00ab her\u00c3\u00abt, por r\u00c3\u00abnia e siren\u00c3\u00abs s\u00c3\u00abrish nuk i ka gjetur gati.","robots":{"index":"index","follow":"follow","max-snippet":"max-snippet:-1","max-image-preview":"max-image-preview:large","max-video-preview":"max-video-preview:-1"},"canonical":"https:\/\/www.visit-ulcinj.com\/blog\/2009\/03\/19\/dritani-dita-e-trete-e-stervitjes-ushtarake\/","og_locale":"en_US","og_type":"article","og_title":"Dritani : Dita e tret\u00c3\u00ab e st\u00c3\u00abrvitjes ushtarake | Big Brother Albania 2","og_description":"Big Brother Albania 2 - Edhe sot, n\u00c3\u00ab dit\u00c3\u00abn e tyre t\u00c3\u00ab tret\u00c3\u00ab t\u00c3\u00ab st\u00c3\u00abrvitjes ushtarake, banor\u00c3\u00abt jan\u00c3\u00ab zgjuar q\u00c3\u00ab her\u00c3\u00abt, por r\u00c3\u00abnia e siren\u00c3\u00abs s\u00c3\u00abrish nuk i ka gjetur gati.","og_url":"https:\/\/www.visit-ulcinj.com\/blog\/2009\/03\/19\/dritani-dita-e-trete-e-stervitjes-ushtarake\/","og_site_name":"Lajme nga Ulqini","article_published_time":"2009-03-19T18:16:49+00:00","og_image":[{"url":"http:\/\/www.visit-ulcinj.com\/blog\/wp-content\/uploads\/2009\/03\/dita-3-e-stervitjes-copy.jpg"}],"twitter_misc":{"Written by":"ulqini","Est. reading time":"1 minute"},"schema":{"@context":"https:\/\/schema.org","@graph":[{"@type":"WebSite","@id":"https:\/\/www.visit-ulcinj.com\/blog\/#website","url":"https:\/\/www.visit-ulcinj.com\/blog\/","name":"Lajme nga Ulqini","description":"Lajme,Vijesti,Ulqini,Ulqin,Crna Gora,Mali i Zi","potentialAction":[{"@type":"SearchAction","target":{"@type":"EntryPoint","urlTemplate":"https:\/\/www.visit-ulcinj.com\/blog\/?s={search_term_string}"},"query-input":"required name=search_term_string"}],"inLanguage":"en-US"},{"@type":"ImageObject","inLanguage":"en-US","@id":"https:\/\/www.visit-ulcinj.com\/blog\/2009\/03\/19\/dritani-dita-e-trete-e-stervitjes-ushtarake\/#primaryimage","url":"http:\/\/www.visit-ulcinj.com\/blog\/wp-content\/uploads\/2009\/03\/dita-3-e-stervitjes-copy.jpg","contentUrl":"http:\/\/www.visit-ulcinj.com\/blog\/wp-content\/uploads\/2009\/03\/dita-3-e-stervitjes-copy.jpg"},{"@type":"WebPage","@id":"https:\/\/www.visit-ulcinj.com\/blog\/2009\/03\/19\/dritani-dita-e-trete-e-stervitjes-ushtarake\/#webpage","url":"https:\/\/www.visit-ulcinj.com\/blog\/2009\/03\/19\/dritani-dita-e-trete-e-stervitjes-ushtarake\/","name":"Dritani : Dita e tret\u00c3\u00ab e st\u00c3\u00abrvitjes ushtarake | Big Brother Albania 2","isPartOf":{"@id":"https:\/\/www.visit-ulcinj.com\/blog\/#website"},"primaryImageOfPage":{"@id":"https:\/\/www.visit-ulcinj.com\/blog\/2009\/03\/19\/dritani-dita-e-trete-e-stervitjes-ushtarake\/#primaryimage"},"datePublished":"2009-03-19T18:16:49+00:00","dateModified":"2009-03-19T18:16:49+00:00","author":{"@id":"https:\/\/www.visit-ulcinj.com\/blog\/#\/schema\/person\/dcab619c614d3038751c63bc2aadc06d"},"description":"Big Brother Albania 2 - Edhe sot, n\u00c3\u00ab dit\u00c3\u00abn e tyre t\u00c3\u00ab tret\u00c3\u00ab t\u00c3\u00ab st\u00c3\u00abrvitjes ushtarake, banor\u00c3\u00abt jan\u00c3\u00ab zgjuar q\u00c3\u00ab her\u00c3\u00abt, por r\u00c3\u00abnia e siren\u00c3\u00abs s\u00c3\u00abrish nuk i ka gjetur gati.","breadcrumb":{"@id":"https:\/\/www.visit-ulcinj.com\/blog\/2009\/03\/19\/dritani-dita-e-trete-e-stervitjes-ushtarake\/#breadcrumb"},"inLanguage":"en-US","potentialAction":[{"@type":"ReadAction","target":["https:\/\/www.visit-ulcinj.com\/blog\/2009\/03\/19\/dritani-dita-e-trete-e-stervitjes-ushtarake\/"]}]},{"@type":"BreadcrumbList","@id":"https:\/\/www.visit-ulcinj.com\/blog\/2009\/03\/19\/dritani-dita-e-trete-e-stervitjes-ushtarake\/#breadcrumb","itemListElement":[{"@type":"ListItem","position":1,"name":"Dritani : Dita e tret\u00eb e st\u00ebrvitjes ushtarake"}]},{"@type":"Person","@id":"https:\/\/www.visit-ulcinj.com\/blog\/#\/schema\/person\/dcab619c614d3038751c63bc2aadc06d","name":"ulqini","sameAs":["http:\/\/www.visit-ulcinj.com"],"url":"https:\/\/www.visit-ulcinj.com\/blog\/author\/admin\/"}]}},"jetpack_featured_media_url":"","jetpack_sharing_enabled":true,"jetpack_shortlink":"https:\/\/wp.me\/pe6lTn-3Qm","_links":{"self":[{"href":"https:\/\/www.visit-ulcinj.com\/blog\/wp-json\/wp\/v2\/posts\/14778"}],"collection":[{"href":"https:\/\/www.visit-ulcinj.com\/blog\/wp-json\/wp\/v2\/posts"}],"about":[{"href":"https:\/\/www.visit-ulcinj.com\/blog\/wp-json\/wp\/v2\/types\/post"}],"author":[{"embeddable":true,"href":"https:\/\/www.visit-ulcinj.com\/blog\/wp-json\/wp\/v2\/users\/1"}],"replies":[{"embeddable":true,"href":"https:\/\/www.visit-ulcinj.com\/blog\/wp-json\/wp\/v2\/comments?post=14778"}],"version-history":[{"count":0,"href":"https:\/\/www.visit-ulcinj.com\/blog\/wp-json\/wp\/v2\/posts\/14778\/revisions"}],"wp:attachment":[{"href":"https:\/\/www.visit-ulcinj.com\/blog\/wp-json\/wp\/v2\/media?parent=14778"}],"wp:term":[{"taxonomy":"category","embeddable":true,"href":"https:\/\/www.visit-ulcinj.com\/blog\/wp-json\/wp\/v2\/categories?post=14778"},{"taxonomy":"post_tag","embeddable":true,"href":"https:\/\/www.visit-ulcinj.com\/blog\/wp-json\/wp\/v2\/tags?post=14778"}],"curies":[{"name":"wp","href":"https:\/\/api.w.org\/{rel}","templated":true}]}}