{"id":14795,"date":"2009-03-19T19:20:53","date_gmt":"2009-03-19T18:20:53","guid":{"rendered":"http:\/\/www.visit-ulcinj.com\/blog\/?p=14795"},"modified":"2009-03-19T19:20:53","modified_gmt":"2009-03-19T18:20:53","slug":"adela-na-induktoi-ndjenjat-qe-mos-ta-ngacmonim","status":"publish","type":"post","link":"https:\/\/www.visit-ulcinj.com\/blog\/2009\/03\/19\/adela-na-induktoi-ndjenjat-qe-mos-ta-ngacmonim\/","title":{"rendered":"Adela na induktoi ndjenjat q\u00eb mos ta ngacmonim"},"content":{"rendered":"<p><em><span class=\"newsdate\"><a href=\"http:\/\/www.visit-ulcinj.com\/blog\/wp-content\/uploads\/2009\/03\/aida-per-adelen.jpg\"><img loading=\"lazy\" class=\"alignleft size-full wp-image-14796\" title=\"aida-per-adelen-big-brother-albania-2\" src=\"http:\/\/www.visit-ulcinj.com\/blog\/wp-content\/uploads\/2009\/03\/aida-per-adelen.jpg\" alt=\"aida-per-adelen-big-brother-albania-2\" width=\"300\" height=\"205\" \/><\/a>18\/03\/09 10:40<\/span><\/em><\/p>\n<p>Aida i tregon Mesid\u00ebs n\u00eb lidhje me bised\u00ebn q\u00eb pati me Adel\u00ebn. Ajo tregon se biseda nisi me Bik\u00ebn n\u00eb lidhje me nominimet dhe n\u00eb momentin q\u00eb u p\u00ebrmend Adelajda, ajo nd\u00ebrhyri. Bika e p\u00ebrcaktoi Adel\u00ebn si nj\u00eb konkurente t\u00eb fort\u00eb dhe se nuk mund ta nominoj\u00eb pasi n\u00eb loj\u00eb vihen edhe ndjenjat q\u00eb krijojn\u00eb p\u00ebr njeri-tjetrin. Bika i kishte th\u00ebn\u00eb se \u00ebsht\u00eb e nj\u00ebjta situat\u00eb si e saja me Lirit\u00ebn por, Aida e kund\u00ebrshton dhe i thot\u00eb se Lirita \u00ebsht\u00eb ndryshe pasi b\u00ebn debate, kur b\u00ebhet nj\u00eb loj\u00eb \u00ebsht\u00eb e gatshme t\u00eb luaj\u00eb, kur ka ambient p\u00ebr t\u2019u arg\u00ebtuar e b\u00ebn, nd\u00ebrsa Adela nuk i duket nj\u00eb personazh produktiv. N\u00eb k\u00ebt\u00eb moment nd\u00ebrhyn Adela pasi po flitej p\u00ebr t\u00eb. Aida i thot\u00eb n\u00eb sy se ajo nuk \u00ebsht\u00eb produktive pasi, q\u00eb n\u00eb momentin q\u00eb hyri, hyri me nj\u00eb flamur mbrojtjeje duke u kapur pas mentalitetit dhe realitetit n\u00eb t\u00eb cilin jetonte dhe nga kjo u induktoi t\u00eb tjer\u00ebve nj\u00eb ndjenj\u00eb p\u00ebr t\u00eb mos e ngacmuar. Ajo i thot\u00eb se realisht asnj\u00eb nuk e ka ngacmuar Adel\u00ebn, pasi ky veprim i saj mund t\u00eb quhet nj\u00eb lloj manipulimi p\u00ebr t\u00eb mos ta ngacmuar asnj\u00ebher\u00eb sepse edhe n\u00ebse ndodh, Adela reagon me t\u00eb qara duke b\u00ebr\u00eb rolin e viktim\u00ebs. Aida i ka th\u00ebn\u00eb se at\u00eb nuk e ka p\u00ebrballur njeri me problemet apo frik\u00ebn e saj, madje n\u00eb fillim ka q\u00ebn\u00eb Aida ajo q\u00eb e ka ngacmuar n\u00eb lidhje me k\u00ebto por, duke q\u00ebn\u00eb se m\u00eb pas kan\u00eb biseduar dhe jan\u00eb b\u00ebr\u00eb mikesha, nuk e ka ngacmuar m\u00eb.<\/p>\n","protected":false},"excerpt":{"rendered":"<p>18\/03\/09 10:40 Aida i tregon Mesid\u00ebs n\u00eb lidhje me bised\u00ebn q\u00eb pati me Adel\u00ebn. Ajo tregon se biseda nisi me Bik\u00ebn n\u00eb lidhje me nominimet dhe n\u00eb momentin q\u00eb u p\u00ebrmend Adelajda, ajo nd\u00ebrhyri. Bika e p\u00ebrcaktoi Adel\u00ebn si nj\u00eb konkurente t\u00eb fort\u00eb dhe se nuk mund ta nominoj\u00eb pasi n\u00eb loj\u00eb vihen edhe ndjenjat [&hellip;]<\/p>\n","protected":false},"author":1,"featured_media":0,"comment_status":"open","ping_status":"closed","sticky":false,"template":"","format":"standard","meta":{"spay_email":"","jetpack_publicize_message":"","jetpack_is_tweetstorm":false,"jetpack_publicize_feature_enabled":true},"categories":[6502],"tags":[6529,6537,6883,6516,6712,6740,6542,7364,262,6891],"jetpack_publicize_connections":[],"yoast_head":"<!-- This site is optimized with the Yoast SEO plugin v19.1 - https:\/\/yoast.com\/wordpress\/plugins\/seo\/ -->\n<title>Adela na induktoi ndjenjat q\u00c3\u00ab mos ta ngacmonim | Big Brother Albania 2<\/title>\n<meta name=\"description\" content=\"Big Brother Albania 2 - Aida i tregon Mesid\u00c3\u00abs n\u00c3\u00ab lidhje me bised\u00c3\u00abn q\u00c3\u00ab pati me Adel\u00c3\u00abn. Ajo tregon se biseda nisi me Bik\u00c3\u00abn n\u00c3\u00ab lidhje me nominimet dhe n\u00c3\u00ab momentin q\u00c3\u00ab u p\u00c3\u00abrmend Adelajda, ajo nd\u00c3\u00abrhyri.\" \/>\n<meta name=\"robots\" content=\"index, follow, max-snippet:-1, max-image-preview:large, max-video-preview:-1\" \/>\n<link rel=\"canonical\" href=\"https:\/\/www.visit-ulcinj.com\/blog\/2009\/03\/19\/adela-na-induktoi-ndjenjat-qe-mos-ta-ngacmonim\/\" \/>\n<meta property=\"og:locale\" content=\"en_US\" \/>\n<meta property=\"og:type\" content=\"article\" \/>\n<meta property=\"og:title\" content=\"Adela na induktoi ndjenjat q\u00c3\u00ab mos ta ngacmonim | Big Brother Albania 2\" \/>\n<meta property=\"og:description\" content=\"Big Brother Albania 2 - Aida i tregon Mesid\u00c3\u00abs n\u00c3\u00ab lidhje me bised\u00c3\u00abn q\u00c3\u00ab pati me Adel\u00c3\u00abn. Ajo tregon se biseda nisi me Bik\u00c3\u00abn n\u00c3\u00ab lidhje me nominimet dhe n\u00c3\u00ab momentin q\u00c3\u00ab u p\u00c3\u00abrmend Adelajda, ajo nd\u00c3\u00abrhyri.\" \/>\n<meta property=\"og:url\" content=\"https:\/\/www.visit-ulcinj.com\/blog\/2009\/03\/19\/adela-na-induktoi-ndjenjat-qe-mos-ta-ngacmonim\/\" \/>\n<meta property=\"og:site_name\" content=\"Lajme nga Ulqini\" \/>\n<meta property=\"article:published_time\" content=\"2009-03-19T18:20:53+00:00\" \/>\n<meta property=\"og:image\" content=\"http:\/\/www.visit-ulcinj.com\/blog\/wp-content\/uploads\/2009\/03\/aida-per-adelen.jpg\" \/>\n<meta name=\"twitter:label1\" content=\"Written by\" \/>\n\t<meta name=\"twitter:data1\" content=\"ulqini\" \/>\n\t<meta name=\"twitter:label2\" content=\"Est. reading time\" \/>\n\t<meta name=\"twitter:data2\" content=\"1 minute\" \/>\n<script type=\"application\/ld+json\" class=\"yoast-schema-graph\">{\"@context\":\"https:\/\/schema.org\",\"@graph\":[{\"@type\":\"WebSite\",\"@id\":\"https:\/\/www.visit-ulcinj.com\/blog\/#website\",\"url\":\"https:\/\/www.visit-ulcinj.com\/blog\/\",\"name\":\"Lajme nga Ulqini\",\"description\":\"Lajme,Vijesti,Ulqini,Ulqin,Crna Gora,Mali i Zi\",\"potentialAction\":[{\"@type\":\"SearchAction\",\"target\":{\"@type\":\"EntryPoint\",\"urlTemplate\":\"https:\/\/www.visit-ulcinj.com\/blog\/?s={search_term_string}\"},\"query-input\":\"required name=search_term_string\"}],\"inLanguage\":\"en-US\"},{\"@type\":\"ImageObject\",\"inLanguage\":\"en-US\",\"@id\":\"https:\/\/www.visit-ulcinj.com\/blog\/2009\/03\/19\/adela-na-induktoi-ndjenjat-qe-mos-ta-ngacmonim\/#primaryimage\",\"url\":\"http:\/\/www.visit-ulcinj.com\/blog\/wp-content\/uploads\/2009\/03\/aida-per-adelen.jpg\",\"contentUrl\":\"http:\/\/www.visit-ulcinj.com\/blog\/wp-content\/uploads\/2009\/03\/aida-per-adelen.jpg\"},{\"@type\":\"WebPage\",\"@id\":\"https:\/\/www.visit-ulcinj.com\/blog\/2009\/03\/19\/adela-na-induktoi-ndjenjat-qe-mos-ta-ngacmonim\/#webpage\",\"url\":\"https:\/\/www.visit-ulcinj.com\/blog\/2009\/03\/19\/adela-na-induktoi-ndjenjat-qe-mos-ta-ngacmonim\/\",\"name\":\"Adela na induktoi ndjenjat q\u00c3\u00ab mos ta ngacmonim | Big Brother Albania 2\",\"isPartOf\":{\"@id\":\"https:\/\/www.visit-ulcinj.com\/blog\/#website\"},\"primaryImageOfPage\":{\"@id\":\"https:\/\/www.visit-ulcinj.com\/blog\/2009\/03\/19\/adela-na-induktoi-ndjenjat-qe-mos-ta-ngacmonim\/#primaryimage\"},\"datePublished\":\"2009-03-19T18:20:53+00:00\",\"dateModified\":\"2009-03-19T18:20:53+00:00\",\"author\":{\"@id\":\"https:\/\/www.visit-ulcinj.com\/blog\/#\/schema\/person\/dcab619c614d3038751c63bc2aadc06d\"},\"description\":\"Big Brother Albania 2 - Aida i tregon Mesid\u00c3\u00abs n\u00c3\u00ab lidhje me bised\u00c3\u00abn q\u00c3\u00ab pati me Adel\u00c3\u00abn. Ajo tregon se biseda nisi me Bik\u00c3\u00abn n\u00c3\u00ab lidhje me nominimet dhe n\u00c3\u00ab momentin q\u00c3\u00ab u p\u00c3\u00abrmend Adelajda, ajo nd\u00c3\u00abrhyri.\",\"breadcrumb\":{\"@id\":\"https:\/\/www.visit-ulcinj.com\/blog\/2009\/03\/19\/adela-na-induktoi-ndjenjat-qe-mos-ta-ngacmonim\/#breadcrumb\"},\"inLanguage\":\"en-US\",\"potentialAction\":[{\"@type\":\"ReadAction\",\"target\":[\"https:\/\/www.visit-ulcinj.com\/blog\/2009\/03\/19\/adela-na-induktoi-ndjenjat-qe-mos-ta-ngacmonim\/\"]}]},{\"@type\":\"BreadcrumbList\",\"@id\":\"https:\/\/www.visit-ulcinj.com\/blog\/2009\/03\/19\/adela-na-induktoi-ndjenjat-qe-mos-ta-ngacmonim\/#breadcrumb\",\"itemListElement\":[{\"@type\":\"ListItem\",\"position\":1,\"name\":\"Adela na induktoi ndjenjat q\u00eb mos ta ngacmonim\"}]},{\"@type\":\"Person\",\"@id\":\"https:\/\/www.visit-ulcinj.com\/blog\/#\/schema\/person\/dcab619c614d3038751c63bc2aadc06d\",\"name\":\"ulqini\",\"sameAs\":[\"http:\/\/www.visit-ulcinj.com\"],\"url\":\"https:\/\/www.visit-ulcinj.com\/blog\/author\/admin\/\"}]}<\/script>\n<!-- \/ Yoast SEO plugin. -->","yoast_head_json":{"title":"Adela na induktoi ndjenjat q\u00c3\u00ab mos ta ngacmonim | Big Brother Albania 2","description":"Big Brother Albania 2 - Aida i tregon Mesid\u00c3\u00abs n\u00c3\u00ab lidhje me bised\u00c3\u00abn q\u00c3\u00ab pati me Adel\u00c3\u00abn. Ajo tregon se biseda nisi me Bik\u00c3\u00abn n\u00c3\u00ab lidhje me nominimet dhe n\u00c3\u00ab momentin q\u00c3\u00ab u p\u00c3\u00abrmend Adelajda, ajo nd\u00c3\u00abrhyri.","robots":{"index":"index","follow":"follow","max-snippet":"max-snippet:-1","max-image-preview":"max-image-preview:large","max-video-preview":"max-video-preview:-1"},"canonical":"https:\/\/www.visit-ulcinj.com\/blog\/2009\/03\/19\/adela-na-induktoi-ndjenjat-qe-mos-ta-ngacmonim\/","og_locale":"en_US","og_type":"article","og_title":"Adela na induktoi ndjenjat q\u00c3\u00ab mos ta ngacmonim | Big Brother Albania 2","og_description":"Big Brother Albania 2 - Aida i tregon Mesid\u00c3\u00abs n\u00c3\u00ab lidhje me bised\u00c3\u00abn q\u00c3\u00ab pati me Adel\u00c3\u00abn. Ajo tregon se biseda nisi me Bik\u00c3\u00abn n\u00c3\u00ab lidhje me nominimet dhe n\u00c3\u00ab momentin q\u00c3\u00ab u p\u00c3\u00abrmend Adelajda, ajo nd\u00c3\u00abrhyri.","og_url":"https:\/\/www.visit-ulcinj.com\/blog\/2009\/03\/19\/adela-na-induktoi-ndjenjat-qe-mos-ta-ngacmonim\/","og_site_name":"Lajme nga Ulqini","article_published_time":"2009-03-19T18:20:53+00:00","og_image":[{"url":"http:\/\/www.visit-ulcinj.com\/blog\/wp-content\/uploads\/2009\/03\/aida-per-adelen.jpg"}],"twitter_misc":{"Written by":"ulqini","Est. reading time":"1 minute"},"schema":{"@context":"https:\/\/schema.org","@graph":[{"@type":"WebSite","@id":"https:\/\/www.visit-ulcinj.com\/blog\/#website","url":"https:\/\/www.visit-ulcinj.com\/blog\/","name":"Lajme nga Ulqini","description":"Lajme,Vijesti,Ulqini,Ulqin,Crna Gora,Mali i Zi","potentialAction":[{"@type":"SearchAction","target":{"@type":"EntryPoint","urlTemplate":"https:\/\/www.visit-ulcinj.com\/blog\/?s={search_term_string}"},"query-input":"required name=search_term_string"}],"inLanguage":"en-US"},{"@type":"ImageObject","inLanguage":"en-US","@id":"https:\/\/www.visit-ulcinj.com\/blog\/2009\/03\/19\/adela-na-induktoi-ndjenjat-qe-mos-ta-ngacmonim\/#primaryimage","url":"http:\/\/www.visit-ulcinj.com\/blog\/wp-content\/uploads\/2009\/03\/aida-per-adelen.jpg","contentUrl":"http:\/\/www.visit-ulcinj.com\/blog\/wp-content\/uploads\/2009\/03\/aida-per-adelen.jpg"},{"@type":"WebPage","@id":"https:\/\/www.visit-ulcinj.com\/blog\/2009\/03\/19\/adela-na-induktoi-ndjenjat-qe-mos-ta-ngacmonim\/#webpage","url":"https:\/\/www.visit-ulcinj.com\/blog\/2009\/03\/19\/adela-na-induktoi-ndjenjat-qe-mos-ta-ngacmonim\/","name":"Adela na induktoi ndjenjat q\u00c3\u00ab mos ta ngacmonim | Big Brother Albania 2","isPartOf":{"@id":"https:\/\/www.visit-ulcinj.com\/blog\/#website"},"primaryImageOfPage":{"@id":"https:\/\/www.visit-ulcinj.com\/blog\/2009\/03\/19\/adela-na-induktoi-ndjenjat-qe-mos-ta-ngacmonim\/#primaryimage"},"datePublished":"2009-03-19T18:20:53+00:00","dateModified":"2009-03-19T18:20:53+00:00","author":{"@id":"https:\/\/www.visit-ulcinj.com\/blog\/#\/schema\/person\/dcab619c614d3038751c63bc2aadc06d"},"description":"Big Brother Albania 2 - Aida i tregon Mesid\u00c3\u00abs n\u00c3\u00ab lidhje me bised\u00c3\u00abn q\u00c3\u00ab pati me Adel\u00c3\u00abn. Ajo tregon se biseda nisi me Bik\u00c3\u00abn n\u00c3\u00ab lidhje me nominimet dhe n\u00c3\u00ab momentin q\u00c3\u00ab u p\u00c3\u00abrmend Adelajda, ajo nd\u00c3\u00abrhyri.","breadcrumb":{"@id":"https:\/\/www.visit-ulcinj.com\/blog\/2009\/03\/19\/adela-na-induktoi-ndjenjat-qe-mos-ta-ngacmonim\/#breadcrumb"},"inLanguage":"en-US","potentialAction":[{"@type":"ReadAction","target":["https:\/\/www.visit-ulcinj.com\/blog\/2009\/03\/19\/adela-na-induktoi-ndjenjat-qe-mos-ta-ngacmonim\/"]}]},{"@type":"BreadcrumbList","@id":"https:\/\/www.visit-ulcinj.com\/blog\/2009\/03\/19\/adela-na-induktoi-ndjenjat-qe-mos-ta-ngacmonim\/#breadcrumb","itemListElement":[{"@type":"ListItem","position":1,"name":"Adela na induktoi ndjenjat q\u00eb mos ta ngacmonim"}]},{"@type":"Person","@id":"https:\/\/www.visit-ulcinj.com\/blog\/#\/schema\/person\/dcab619c614d3038751c63bc2aadc06d","name":"ulqini","sameAs":["http:\/\/www.visit-ulcinj.com"],"url":"https:\/\/www.visit-ulcinj.com\/blog\/author\/admin\/"}]}},"jetpack_featured_media_url":"","jetpack_sharing_enabled":true,"jetpack_shortlink":"https:\/\/wp.me\/pe6lTn-3QD","_links":{"self":[{"href":"https:\/\/www.visit-ulcinj.com\/blog\/wp-json\/wp\/v2\/posts\/14795"}],"collection":[{"href":"https:\/\/www.visit-ulcinj.com\/blog\/wp-json\/wp\/v2\/posts"}],"about":[{"href":"https:\/\/www.visit-ulcinj.com\/blog\/wp-json\/wp\/v2\/types\/post"}],"author":[{"embeddable":true,"href":"https:\/\/www.visit-ulcinj.com\/blog\/wp-json\/wp\/v2\/users\/1"}],"replies":[{"embeddable":true,"href":"https:\/\/www.visit-ulcinj.com\/blog\/wp-json\/wp\/v2\/comments?post=14795"}],"version-history":[{"count":0,"href":"https:\/\/www.visit-ulcinj.com\/blog\/wp-json\/wp\/v2\/posts\/14795\/revisions"}],"wp:attachment":[{"href":"https:\/\/www.visit-ulcinj.com\/blog\/wp-json\/wp\/v2\/media?parent=14795"}],"wp:term":[{"taxonomy":"category","embeddable":true,"href":"https:\/\/www.visit-ulcinj.com\/blog\/wp-json\/wp\/v2\/categories?post=14795"},{"taxonomy":"post_tag","embeddable":true,"href":"https:\/\/www.visit-ulcinj.com\/blog\/wp-json\/wp\/v2\/tags?post=14795"}],"curies":[{"name":"wp","href":"https:\/\/api.w.org\/{rel}","templated":true}]}}