{"id":14799,"date":"2009-03-19T19:23:47","date_gmt":"2009-03-19T18:23:47","guid":{"rendered":"http:\/\/www.visit-ulcinj.com\/blog\/?p=14799"},"modified":"2009-03-19T19:23:47","modified_gmt":"2009-03-19T18:23:47","slug":"adela-aida-eshte-si-pule","status":"publish","type":"post","link":"https:\/\/www.visit-ulcinj.com\/blog\/2009\/03\/19\/adela-aida-eshte-si-pule\/","title":{"rendered":"Adela: Aida \u00ebsht\u00eb si pul\u00eb"},"content":{"rendered":"<p><em><span class=\"newsdate\"><a href=\"http:\/\/www.visit-ulcinj.com\/blog\/wp-content\/uploads\/2009\/03\/aida-per-adelen1.jpg\"><img loading=\"lazy\" class=\"alignleft size-full wp-image-14800\" title=\"aida-per-adelen-big-brother-albania-2\" src=\"http:\/\/www.visit-ulcinj.com\/blog\/wp-content\/uploads\/2009\/03\/aida-per-adelen1.jpg\" alt=\"aida-per-adelen-big-brother-albania-2\" width=\"300\" height=\"205\" \/><\/a>17\/03\/09 16:59<\/span><\/em><\/p>\n<p>Dritani imiton Aid\u00ebn dhe nga kjo merr shkas Adelajda p\u00ebr t\u00eb folur p\u00ebr t\u00eb. Ajo thot\u00eb q\u00eb ajo e krahasoi si \u201ckorb e zez\u00eb\u201d n\u00eb debatin n\u00eb lidhje me Adin. Ajo i thot\u00eb Bjordit dhe Dritanit q\u00eb dhe ajo i kishte b\u00ebr\u00eb nj\u00eb krahisim por q\u00eb nuk e tregonte. Bjordi b\u00ebhet kurioz dhe insiston q\u00eb ta dij\u00eb. Adelajda i thot\u00eb:-\u201cAjo \u00ebsht\u00eb si pulat q\u00eb kakarisin gjith\u00eb dit\u00ebn kot, dhe t\u00eb shtun\u00ebn b\u00ebjn\u00eb vez\u00ebn.\u201d Bjordit nuk i p\u00eblqen si krahasim sepse sipas tij ajo mund t\u00eb gjente dicka edhe m\u00eb t\u00eb bukur. Biseda kalon tek nominimet . Ato jan\u00eb t\u00eb mendimit q\u00eb nuk duhet t\u00eb dalin n\u00eb nominim personat q\u00eb jan\u00eb m\u00eb t\u00eb fort\u00eb, por ato q\u00eb nuk trasmetojn\u00eb asgj\u00eb brenda n\u00eb sht\u00ebpi.<\/p>\n","protected":false},"excerpt":{"rendered":"<p>17\/03\/09 16:59 Dritani imiton Aid\u00ebn dhe nga kjo merr shkas Adelajda p\u00ebr t\u00eb folur p\u00ebr t\u00eb. Ajo thot\u00eb q\u00eb ajo e krahasoi si \u201ckorb e zez\u00eb\u201d n\u00eb debatin n\u00eb lidhje me Adin. Ajo i thot\u00eb Bjordit dhe Dritanit q\u00eb dhe ajo i kishte b\u00ebr\u00eb nj\u00eb krahisim por q\u00eb nuk e tregonte. Bjordi b\u00ebhet kurioz dhe [&hellip;]<\/p>\n","protected":false},"author":1,"featured_media":0,"comment_status":"open","ping_status":"closed","sticky":false,"template":"","format":"standard","meta":{"spay_email":"","jetpack_publicize_message":"","jetpack_is_tweetstorm":false,"jetpack_publicize_feature_enabled":true},"categories":[6502],"tags":[6736,6529,6537,6883,6516,6712,6522,6521,6891],"jetpack_publicize_connections":[],"yoast_head":"<!-- This site is optimized with the Yoast SEO plugin v19.1 - https:\/\/yoast.com\/wordpress\/plugins\/seo\/ -->\n<title>Adela: Aida \u00c3\u00absht\u00c3\u00ab si pul\u00c3\u00ab | Big Brother Albania 2<\/title>\n<meta name=\"description\" content=\"Big Brother Albania 2 - Dritani imiton Aid\u00c3\u00abn dhe nga kjo merr shkas Adelajda p\u00c3\u00abr t\u00c3\u00ab folur p\u00c3\u00abr t\u00c3\u00ab. Ajo thot\u00c3\u00ab q\u00c3\u00ab ajo e krahasoi si \u00e2\u20ac\u0153korb e zez\u00c3\u00ab\u00e2\u20ac\u009d n\u00c3\u00ab debatin n\u00c3\u00ab lidhje me Adin.\" \/>\n<meta name=\"robots\" content=\"index, follow, max-snippet:-1, max-image-preview:large, max-video-preview:-1\" \/>\n<link rel=\"canonical\" href=\"https:\/\/www.visit-ulcinj.com\/blog\/2009\/03\/19\/adela-aida-eshte-si-pule\/\" \/>\n<meta property=\"og:locale\" content=\"en_US\" \/>\n<meta property=\"og:type\" content=\"article\" \/>\n<meta property=\"og:title\" content=\"Adela: Aida \u00c3\u00absht\u00c3\u00ab si pul\u00c3\u00ab | Big Brother Albania 2\" \/>\n<meta property=\"og:description\" content=\"Big Brother Albania 2 - Dritani imiton Aid\u00c3\u00abn dhe nga kjo merr shkas Adelajda p\u00c3\u00abr t\u00c3\u00ab folur p\u00c3\u00abr t\u00c3\u00ab. Ajo thot\u00c3\u00ab q\u00c3\u00ab ajo e krahasoi si \u00e2\u20ac\u0153korb e zez\u00c3\u00ab\u00e2\u20ac\u009d n\u00c3\u00ab debatin n\u00c3\u00ab lidhje me Adin.\" \/>\n<meta property=\"og:url\" content=\"https:\/\/www.visit-ulcinj.com\/blog\/2009\/03\/19\/adela-aida-eshte-si-pule\/\" \/>\n<meta property=\"og:site_name\" content=\"Lajme nga Ulqini\" \/>\n<meta property=\"article:published_time\" content=\"2009-03-19T18:23:47+00:00\" \/>\n<meta property=\"og:image\" content=\"http:\/\/www.visit-ulcinj.com\/blog\/wp-content\/uploads\/2009\/03\/aida-per-adelen1.jpg\" \/>\n<meta name=\"twitter:label1\" content=\"Written by\" \/>\n\t<meta name=\"twitter:data1\" content=\"ulqini\" \/>\n\t<meta name=\"twitter:label2\" content=\"Est. reading time\" \/>\n\t<meta name=\"twitter:data2\" content=\"1 minute\" \/>\n<script type=\"application\/ld+json\" class=\"yoast-schema-graph\">{\"@context\":\"https:\/\/schema.org\",\"@graph\":[{\"@type\":\"WebSite\",\"@id\":\"https:\/\/www.visit-ulcinj.com\/blog\/#website\",\"url\":\"https:\/\/www.visit-ulcinj.com\/blog\/\",\"name\":\"Lajme nga Ulqini\",\"description\":\"Lajme,Vijesti,Ulqini,Ulqin,Crna Gora,Mali i Zi\",\"potentialAction\":[{\"@type\":\"SearchAction\",\"target\":{\"@type\":\"EntryPoint\",\"urlTemplate\":\"https:\/\/www.visit-ulcinj.com\/blog\/?s={search_term_string}\"},\"query-input\":\"required name=search_term_string\"}],\"inLanguage\":\"en-US\"},{\"@type\":\"ImageObject\",\"inLanguage\":\"en-US\",\"@id\":\"https:\/\/www.visit-ulcinj.com\/blog\/2009\/03\/19\/adela-aida-eshte-si-pule\/#primaryimage\",\"url\":\"http:\/\/www.visit-ulcinj.com\/blog\/wp-content\/uploads\/2009\/03\/aida-per-adelen1.jpg\",\"contentUrl\":\"http:\/\/www.visit-ulcinj.com\/blog\/wp-content\/uploads\/2009\/03\/aida-per-adelen1.jpg\"},{\"@type\":\"WebPage\",\"@id\":\"https:\/\/www.visit-ulcinj.com\/blog\/2009\/03\/19\/adela-aida-eshte-si-pule\/#webpage\",\"url\":\"https:\/\/www.visit-ulcinj.com\/blog\/2009\/03\/19\/adela-aida-eshte-si-pule\/\",\"name\":\"Adela: Aida \u00c3\u00absht\u00c3\u00ab si pul\u00c3\u00ab | Big Brother Albania 2\",\"isPartOf\":{\"@id\":\"https:\/\/www.visit-ulcinj.com\/blog\/#website\"},\"primaryImageOfPage\":{\"@id\":\"https:\/\/www.visit-ulcinj.com\/blog\/2009\/03\/19\/adela-aida-eshte-si-pule\/#primaryimage\"},\"datePublished\":\"2009-03-19T18:23:47+00:00\",\"dateModified\":\"2009-03-19T18:23:47+00:00\",\"author\":{\"@id\":\"https:\/\/www.visit-ulcinj.com\/blog\/#\/schema\/person\/dcab619c614d3038751c63bc2aadc06d\"},\"description\":\"Big Brother Albania 2 - Dritani imiton Aid\u00c3\u00abn dhe nga kjo merr shkas Adelajda p\u00c3\u00abr t\u00c3\u00ab folur p\u00c3\u00abr t\u00c3\u00ab. Ajo thot\u00c3\u00ab q\u00c3\u00ab ajo e krahasoi si \u00e2\u20ac\u0153korb e zez\u00c3\u00ab\u00e2\u20ac\u009d n\u00c3\u00ab debatin n\u00c3\u00ab lidhje me Adin.\",\"breadcrumb\":{\"@id\":\"https:\/\/www.visit-ulcinj.com\/blog\/2009\/03\/19\/adela-aida-eshte-si-pule\/#breadcrumb\"},\"inLanguage\":\"en-US\",\"potentialAction\":[{\"@type\":\"ReadAction\",\"target\":[\"https:\/\/www.visit-ulcinj.com\/blog\/2009\/03\/19\/adela-aida-eshte-si-pule\/\"]}]},{\"@type\":\"BreadcrumbList\",\"@id\":\"https:\/\/www.visit-ulcinj.com\/blog\/2009\/03\/19\/adela-aida-eshte-si-pule\/#breadcrumb\",\"itemListElement\":[{\"@type\":\"ListItem\",\"position\":1,\"name\":\"Adela: Aida \u00ebsht\u00eb si pul\u00eb\"}]},{\"@type\":\"Person\",\"@id\":\"https:\/\/www.visit-ulcinj.com\/blog\/#\/schema\/person\/dcab619c614d3038751c63bc2aadc06d\",\"name\":\"ulqini\",\"sameAs\":[\"http:\/\/www.visit-ulcinj.com\"],\"url\":\"https:\/\/www.visit-ulcinj.com\/blog\/author\/admin\/\"}]}<\/script>\n<!-- \/ Yoast SEO plugin. -->","yoast_head_json":{"title":"Adela: Aida \u00c3\u00absht\u00c3\u00ab si pul\u00c3\u00ab | Big Brother Albania 2","description":"Big Brother Albania 2 - Dritani imiton Aid\u00c3\u00abn dhe nga kjo merr shkas Adelajda p\u00c3\u00abr t\u00c3\u00ab folur p\u00c3\u00abr t\u00c3\u00ab. Ajo thot\u00c3\u00ab q\u00c3\u00ab ajo e krahasoi si \u00e2\u20ac\u0153korb e zez\u00c3\u00ab\u00e2\u20ac\u009d n\u00c3\u00ab debatin n\u00c3\u00ab lidhje me Adin.","robots":{"index":"index","follow":"follow","max-snippet":"max-snippet:-1","max-image-preview":"max-image-preview:large","max-video-preview":"max-video-preview:-1"},"canonical":"https:\/\/www.visit-ulcinj.com\/blog\/2009\/03\/19\/adela-aida-eshte-si-pule\/","og_locale":"en_US","og_type":"article","og_title":"Adela: Aida \u00c3\u00absht\u00c3\u00ab si pul\u00c3\u00ab | Big Brother Albania 2","og_description":"Big Brother Albania 2 - Dritani imiton Aid\u00c3\u00abn dhe nga kjo merr shkas Adelajda p\u00c3\u00abr t\u00c3\u00ab folur p\u00c3\u00abr t\u00c3\u00ab. Ajo thot\u00c3\u00ab q\u00c3\u00ab ajo e krahasoi si \u00e2\u20ac\u0153korb e zez\u00c3\u00ab\u00e2\u20ac\u009d n\u00c3\u00ab debatin n\u00c3\u00ab lidhje me Adin.","og_url":"https:\/\/www.visit-ulcinj.com\/blog\/2009\/03\/19\/adela-aida-eshte-si-pule\/","og_site_name":"Lajme nga Ulqini","article_published_time":"2009-03-19T18:23:47+00:00","og_image":[{"url":"http:\/\/www.visit-ulcinj.com\/blog\/wp-content\/uploads\/2009\/03\/aida-per-adelen1.jpg"}],"twitter_misc":{"Written by":"ulqini","Est. reading time":"1 minute"},"schema":{"@context":"https:\/\/schema.org","@graph":[{"@type":"WebSite","@id":"https:\/\/www.visit-ulcinj.com\/blog\/#website","url":"https:\/\/www.visit-ulcinj.com\/blog\/","name":"Lajme nga Ulqini","description":"Lajme,Vijesti,Ulqini,Ulqin,Crna Gora,Mali i Zi","potentialAction":[{"@type":"SearchAction","target":{"@type":"EntryPoint","urlTemplate":"https:\/\/www.visit-ulcinj.com\/blog\/?s={search_term_string}"},"query-input":"required name=search_term_string"}],"inLanguage":"en-US"},{"@type":"ImageObject","inLanguage":"en-US","@id":"https:\/\/www.visit-ulcinj.com\/blog\/2009\/03\/19\/adela-aida-eshte-si-pule\/#primaryimage","url":"http:\/\/www.visit-ulcinj.com\/blog\/wp-content\/uploads\/2009\/03\/aida-per-adelen1.jpg","contentUrl":"http:\/\/www.visit-ulcinj.com\/blog\/wp-content\/uploads\/2009\/03\/aida-per-adelen1.jpg"},{"@type":"WebPage","@id":"https:\/\/www.visit-ulcinj.com\/blog\/2009\/03\/19\/adela-aida-eshte-si-pule\/#webpage","url":"https:\/\/www.visit-ulcinj.com\/blog\/2009\/03\/19\/adela-aida-eshte-si-pule\/","name":"Adela: Aida \u00c3\u00absht\u00c3\u00ab si pul\u00c3\u00ab | Big Brother Albania 2","isPartOf":{"@id":"https:\/\/www.visit-ulcinj.com\/blog\/#website"},"primaryImageOfPage":{"@id":"https:\/\/www.visit-ulcinj.com\/blog\/2009\/03\/19\/adela-aida-eshte-si-pule\/#primaryimage"},"datePublished":"2009-03-19T18:23:47+00:00","dateModified":"2009-03-19T18:23:47+00:00","author":{"@id":"https:\/\/www.visit-ulcinj.com\/blog\/#\/schema\/person\/dcab619c614d3038751c63bc2aadc06d"},"description":"Big Brother Albania 2 - Dritani imiton Aid\u00c3\u00abn dhe nga kjo merr shkas Adelajda p\u00c3\u00abr t\u00c3\u00ab folur p\u00c3\u00abr t\u00c3\u00ab. Ajo thot\u00c3\u00ab q\u00c3\u00ab ajo e krahasoi si \u00e2\u20ac\u0153korb e zez\u00c3\u00ab\u00e2\u20ac\u009d n\u00c3\u00ab debatin n\u00c3\u00ab lidhje me Adin.","breadcrumb":{"@id":"https:\/\/www.visit-ulcinj.com\/blog\/2009\/03\/19\/adela-aida-eshte-si-pule\/#breadcrumb"},"inLanguage":"en-US","potentialAction":[{"@type":"ReadAction","target":["https:\/\/www.visit-ulcinj.com\/blog\/2009\/03\/19\/adela-aida-eshte-si-pule\/"]}]},{"@type":"BreadcrumbList","@id":"https:\/\/www.visit-ulcinj.com\/blog\/2009\/03\/19\/adela-aida-eshte-si-pule\/#breadcrumb","itemListElement":[{"@type":"ListItem","position":1,"name":"Adela: Aida \u00ebsht\u00eb si pul\u00eb"}]},{"@type":"Person","@id":"https:\/\/www.visit-ulcinj.com\/blog\/#\/schema\/person\/dcab619c614d3038751c63bc2aadc06d","name":"ulqini","sameAs":["http:\/\/www.visit-ulcinj.com"],"url":"https:\/\/www.visit-ulcinj.com\/blog\/author\/admin\/"}]}},"jetpack_featured_media_url":"","jetpack_sharing_enabled":true,"jetpack_shortlink":"https:\/\/wp.me\/pe6lTn-3QH","_links":{"self":[{"href":"https:\/\/www.visit-ulcinj.com\/blog\/wp-json\/wp\/v2\/posts\/14799"}],"collection":[{"href":"https:\/\/www.visit-ulcinj.com\/blog\/wp-json\/wp\/v2\/posts"}],"about":[{"href":"https:\/\/www.visit-ulcinj.com\/blog\/wp-json\/wp\/v2\/types\/post"}],"author":[{"embeddable":true,"href":"https:\/\/www.visit-ulcinj.com\/blog\/wp-json\/wp\/v2\/users\/1"}],"replies":[{"embeddable":true,"href":"https:\/\/www.visit-ulcinj.com\/blog\/wp-json\/wp\/v2\/comments?post=14799"}],"version-history":[{"count":0,"href":"https:\/\/www.visit-ulcinj.com\/blog\/wp-json\/wp\/v2\/posts\/14799\/revisions"}],"wp:attachment":[{"href":"https:\/\/www.visit-ulcinj.com\/blog\/wp-json\/wp\/v2\/media?parent=14799"}],"wp:term":[{"taxonomy":"category","embeddable":true,"href":"https:\/\/www.visit-ulcinj.com\/blog\/wp-json\/wp\/v2\/categories?post=14799"},{"taxonomy":"post_tag","embeddable":true,"href":"https:\/\/www.visit-ulcinj.com\/blog\/wp-json\/wp\/v2\/tags?post=14799"}],"curies":[{"name":"wp","href":"https:\/\/api.w.org\/{rel}","templated":true}]}}