{"id":148,"date":"2008-01-14T03:43:36","date_gmt":"2008-01-14T08:43:36","guid":{"rendered":"http:\/\/www.visit-ulcinj.com\/blog\/2008\/01\/14\/roman-abramovichs-villa-near-ulcinj-montenegro\/"},"modified":"2008-02-12T18:35:58","modified_gmt":"2008-02-12T23:35:58","slug":"roman-abramovichs-villa-near-ulcinj-montenegro","status":"publish","type":"post","link":"https:\/\/www.visit-ulcinj.com\/blog\/2008\/01\/14\/roman-abramovichs-villa-near-ulcinj-montenegro\/","title":{"rendered":"Roman Abramovich\u2019s Villa near Ulcinj-Montenegro"},"content":{"rendered":"<p><img loading=\"lazy\" src=\"http:\/\/www.visit-ulcinj.com\/blog\/wp-content\/uploads\/2008\/01\/pelorusyachtfront1ep6.jpg\" align=\"left\" height=\"126\" hspace=\"2\" vspace=\"2\" width=\"257\" \/><strong>Article from Serbian daily \u201cBlic\u201d about Roman Abramovich\u2019s Villa near Ulcinj-Montenegro. I could\u2019t find any pictures of it, but I have a picture of his yacht which can be seen in Montenegro every year<\/strong><!--more--><strong>.  <\/strong><\/p>\n<p>Reporter \u201eBlica\u201c u Kru?ama kraj Ulcinja Roman letuje u Crnoj GoriRuski multimilioner Roman Abramovi? svakog leta svojom jahtom obilazi razna mora i ima jednu obaveznu stanicu. Mesta\u0161ce Kru?e. Skrivenu lepotu Crne Gore, u blizini Ulcinja. Velika bela vila na obali mora, na vrhu stene, i mala privatna pla\u017ea skrivaju od pogleda radoznalaca Romana koji svakog leta ovde dolazi na odmor. U ku?i je ina?e naj?e\u0161?e njegov brat, a radnici na imanju Romana tek o?ekuju.<br \/>\nNaseljeni deo ovog malog mesta, koje je ?esto ?ak i bez struje, i ku?e obi?nih smrtnika ne odaju utisak ekskluzivnog mesta gde ?esto navra?a i vlasnik ?elsija. Kada stignete do kraja sela i krenete ka nenaseljenom delu, gde po?inje prava prirodna divljina, sa desne strane nalazi se puti? kroz \u0161umu. Me\u0161tani ga zovu kozja stazica. Upravo tom stazicom dolazi se do prelepe pla\u017ee, \u201eKristalne obale\u201c. Iznad pla\u017ee je ogromna ku?a ?iji je vlasnik brat ruskog tajkuna Romana Abramovi?a.<br \/>\n&#8211; Da, da, to je ku?a brata Romana Abramovi?a &#8211; pri?a jedna vreme\u0161na me\u0161tanka i dodaje: &#8211; Ma idi, oni su ti puni para. Kupili su i tu pla\u017eu, \u201eKristalnu\u201c. Romana sam poslednji put ovde videla pro\u0161le godine. Vi?ala sam ga i prethodnih godina. Uvek do?e svojom jahtom.<br \/>\nOve godine u dvori\u0161tu ku?e videli smo samo radnike, ljude koji odr\u017eavaju ku?u.<br \/>\n&#8211; Roman dolazi ?esto. Lepo mu je ovde. Do?i ?e valjda i ove godine. Sada Abramovi?i nisu tu, pa na pla\u017ei, dole, mo\u017ee slobodno da se kupa. Ina?e, oni to planiraju da srede. Eto, nedavno su iskopali iz vode kristalnu stenu i namestili da im svetli u vodi &#8211; pri?a jedan od radnika koji ne \u017eeli da mu se spominje ime.<br \/>\nA ku?a, velelepna vila, nalazi se na samom vrhu stene, sa terasom koja gleda na more, pu?inu. Do vile se jedino mo\u017ee do?i kolima. I to okolnim putem oko \u0161ume. U blizini imanja Abramovi?a nema drugih ku?a.<br \/>\n&#8211; Oni su hteli da im ku?a bude odvojena od svega &#8211; pri?a jedna \u017eena koja se godinama kupa na \u201eKristalnoj pla\u017ei\u201c i dodaje: &#8211; Ja sve to znam jer letujem ovde ve? dvadeset godina. Vi?ala sam ih tu, gore, ali nikada nisam pri\u0161la ku?i. Imaju jako obezbe?enje. Romana ove godine nisam videla. Ali pro\u0161le i prethodnih jesam. Nikada ga nisam videla da \u0161eta Kru?ama.<\/p>\n<p><!-- \/ message --><\/p>\n","protected":false},"excerpt":{"rendered":"<p><img loading=\"lazy\" src=\"http:\/\/www.visit-ulcinj.com\/blog\/wp-content\/uploads\/2008\/01\/pelorusyachtfront1ep6.jpg\" alt=\"Roman Abramovich  height=\"140\" width=\"140\" \/><\/p>\n","protected":false},"author":1,"featured_media":0,"comment_status":"open","ping_status":"closed","sticky":false,"template":"","format":"standard","meta":{"spay_email":"","jetpack_publicize_message":"","jetpack_is_tweetstorm":false,"jetpack_publicize_feature_enabled":true},"categories":[15],"tags":[1202,469,20,468,79,467,466,19],"jetpack_publicize_connections":[],"yoast_head":"<!-- This site is optimized with the Yoast SEO plugin v19.1 - https:\/\/yoast.com\/wordpress\/plugins\/seo\/ -->\n<title>Roman Abramovich\u2019s Villa near Ulcinj-Montenegro - Lajme nga Ulqini<\/title>\n<meta name=\"robots\" content=\"index, follow, max-snippet:-1, max-image-preview:large, max-video-preview:-1\" \/>\n<link rel=\"canonical\" href=\"https:\/\/www.visit-ulcinj.com\/blog\/2008\/01\/14\/roman-abramovichs-villa-near-ulcinj-montenegro\/\" \/>\n<meta property=\"og:locale\" content=\"en_US\" \/>\n<meta property=\"og:type\" content=\"article\" \/>\n<meta property=\"og:title\" content=\"Roman Abramovich\u2019s Villa near Ulcinj-Montenegro - Lajme nga Ulqini\" \/>\n<meta property=\"og:url\" content=\"https:\/\/www.visit-ulcinj.com\/blog\/2008\/01\/14\/roman-abramovichs-villa-near-ulcinj-montenegro\/\" \/>\n<meta property=\"og:site_name\" content=\"Lajme nga Ulqini\" \/>\n<meta property=\"article:published_time\" content=\"2008-01-14T08:43:36+00:00\" \/>\n<meta property=\"article:modified_time\" content=\"2008-02-12T23:35:58+00:00\" \/>\n<meta property=\"og:image\" content=\"http:\/\/www.visit-ulcinj.com\/blog\/wp-content\/uploads\/2008\/01\/pelorusyachtfront1ep6.jpg\" \/>\n<meta name=\"twitter:label1\" content=\"Written by\" \/>\n\t<meta name=\"twitter:data1\" content=\"ulqini\" \/>\n\t<meta name=\"twitter:label2\" content=\"Est. reading time\" \/>\n\t<meta name=\"twitter:data2\" content=\"2 minutes\" \/>\n<script type=\"application\/ld+json\" class=\"yoast-schema-graph\">{\"@context\":\"https:\/\/schema.org\",\"@graph\":[{\"@type\":\"WebSite\",\"@id\":\"https:\/\/www.visit-ulcinj.com\/blog\/#website\",\"url\":\"https:\/\/www.visit-ulcinj.com\/blog\/\",\"name\":\"Lajme nga Ulqini\",\"description\":\"Lajme,Vijesti,Ulqini,Ulqin,Crna Gora,Mali i Zi\",\"potentialAction\":[{\"@type\":\"SearchAction\",\"target\":{\"@type\":\"EntryPoint\",\"urlTemplate\":\"https:\/\/www.visit-ulcinj.com\/blog\/?s={search_term_string}\"},\"query-input\":\"required name=search_term_string\"}],\"inLanguage\":\"en-US\"},{\"@type\":\"ImageObject\",\"inLanguage\":\"en-US\",\"@id\":\"https:\/\/www.visit-ulcinj.com\/blog\/2008\/01\/14\/roman-abramovichs-villa-near-ulcinj-montenegro\/#primaryimage\",\"url\":\"http:\/\/www.visit-ulcinj.com\/blog\/wp-content\/uploads\/2008\/01\/pelorusyachtfront1ep6.jpg\",\"contentUrl\":\"http:\/\/www.visit-ulcinj.com\/blog\/wp-content\/uploads\/2008\/01\/pelorusyachtfront1ep6.jpg\"},{\"@type\":\"WebPage\",\"@id\":\"https:\/\/www.visit-ulcinj.com\/blog\/2008\/01\/14\/roman-abramovichs-villa-near-ulcinj-montenegro\/#webpage\",\"url\":\"https:\/\/www.visit-ulcinj.com\/blog\/2008\/01\/14\/roman-abramovichs-villa-near-ulcinj-montenegro\/\",\"name\":\"Roman Abramovich\u2019s Villa near Ulcinj-Montenegro - Lajme nga Ulqini\",\"isPartOf\":{\"@id\":\"https:\/\/www.visit-ulcinj.com\/blog\/#website\"},\"primaryImageOfPage\":{\"@id\":\"https:\/\/www.visit-ulcinj.com\/blog\/2008\/01\/14\/roman-abramovichs-villa-near-ulcinj-montenegro\/#primaryimage\"},\"datePublished\":\"2008-01-14T08:43:36+00:00\",\"dateModified\":\"2008-02-12T23:35:58+00:00\",\"author\":{\"@id\":\"https:\/\/www.visit-ulcinj.com\/blog\/#\/schema\/person\/dcab619c614d3038751c63bc2aadc06d\"},\"breadcrumb\":{\"@id\":\"https:\/\/www.visit-ulcinj.com\/blog\/2008\/01\/14\/roman-abramovichs-villa-near-ulcinj-montenegro\/#breadcrumb\"},\"inLanguage\":\"en-US\",\"potentialAction\":[{\"@type\":\"ReadAction\",\"target\":[\"https:\/\/www.visit-ulcinj.com\/blog\/2008\/01\/14\/roman-abramovichs-villa-near-ulcinj-montenegro\/\"]}]},{\"@type\":\"BreadcrumbList\",\"@id\":\"https:\/\/www.visit-ulcinj.com\/blog\/2008\/01\/14\/roman-abramovichs-villa-near-ulcinj-montenegro\/#breadcrumb\",\"itemListElement\":[{\"@type\":\"ListItem\",\"position\":1,\"name\":\"Roman Abramovich\u2019s Villa near Ulcinj-Montenegro\"}]},{\"@type\":\"Person\",\"@id\":\"https:\/\/www.visit-ulcinj.com\/blog\/#\/schema\/person\/dcab619c614d3038751c63bc2aadc06d\",\"name\":\"ulqini\",\"sameAs\":[\"http:\/\/www.visit-ulcinj.com\"],\"url\":\"https:\/\/www.visit-ulcinj.com\/blog\/author\/admin\/\"}]}<\/script>\n<!-- \/ Yoast SEO plugin. -->","yoast_head_json":{"title":"Roman Abramovich\u2019s Villa near Ulcinj-Montenegro - Lajme nga Ulqini","robots":{"index":"index","follow":"follow","max-snippet":"max-snippet:-1","max-image-preview":"max-image-preview:large","max-video-preview":"max-video-preview:-1"},"canonical":"https:\/\/www.visit-ulcinj.com\/blog\/2008\/01\/14\/roman-abramovichs-villa-near-ulcinj-montenegro\/","og_locale":"en_US","og_type":"article","og_title":"Roman Abramovich\u2019s Villa near Ulcinj-Montenegro - Lajme nga Ulqini","og_url":"https:\/\/www.visit-ulcinj.com\/blog\/2008\/01\/14\/roman-abramovichs-villa-near-ulcinj-montenegro\/","og_site_name":"Lajme nga Ulqini","article_published_time":"2008-01-14T08:43:36+00:00","article_modified_time":"2008-02-12T23:35:58+00:00","og_image":[{"url":"http:\/\/www.visit-ulcinj.com\/blog\/wp-content\/uploads\/2008\/01\/pelorusyachtfront1ep6.jpg"}],"twitter_misc":{"Written by":"ulqini","Est. reading time":"2 minutes"},"schema":{"@context":"https:\/\/schema.org","@graph":[{"@type":"WebSite","@id":"https:\/\/www.visit-ulcinj.com\/blog\/#website","url":"https:\/\/www.visit-ulcinj.com\/blog\/","name":"Lajme nga Ulqini","description":"Lajme,Vijesti,Ulqini,Ulqin,Crna Gora,Mali i Zi","potentialAction":[{"@type":"SearchAction","target":{"@type":"EntryPoint","urlTemplate":"https:\/\/www.visit-ulcinj.com\/blog\/?s={search_term_string}"},"query-input":"required name=search_term_string"}],"inLanguage":"en-US"},{"@type":"ImageObject","inLanguage":"en-US","@id":"https:\/\/www.visit-ulcinj.com\/blog\/2008\/01\/14\/roman-abramovichs-villa-near-ulcinj-montenegro\/#primaryimage","url":"http:\/\/www.visit-ulcinj.com\/blog\/wp-content\/uploads\/2008\/01\/pelorusyachtfront1ep6.jpg","contentUrl":"http:\/\/www.visit-ulcinj.com\/blog\/wp-content\/uploads\/2008\/01\/pelorusyachtfront1ep6.jpg"},{"@type":"WebPage","@id":"https:\/\/www.visit-ulcinj.com\/blog\/2008\/01\/14\/roman-abramovichs-villa-near-ulcinj-montenegro\/#webpage","url":"https:\/\/www.visit-ulcinj.com\/blog\/2008\/01\/14\/roman-abramovichs-villa-near-ulcinj-montenegro\/","name":"Roman Abramovich\u2019s Villa near Ulcinj-Montenegro - Lajme nga Ulqini","isPartOf":{"@id":"https:\/\/www.visit-ulcinj.com\/blog\/#website"},"primaryImageOfPage":{"@id":"https:\/\/www.visit-ulcinj.com\/blog\/2008\/01\/14\/roman-abramovichs-villa-near-ulcinj-montenegro\/#primaryimage"},"datePublished":"2008-01-14T08:43:36+00:00","dateModified":"2008-02-12T23:35:58+00:00","author":{"@id":"https:\/\/www.visit-ulcinj.com\/blog\/#\/schema\/person\/dcab619c614d3038751c63bc2aadc06d"},"breadcrumb":{"@id":"https:\/\/www.visit-ulcinj.com\/blog\/2008\/01\/14\/roman-abramovichs-villa-near-ulcinj-montenegro\/#breadcrumb"},"inLanguage":"en-US","potentialAction":[{"@type":"ReadAction","target":["https:\/\/www.visit-ulcinj.com\/blog\/2008\/01\/14\/roman-abramovichs-villa-near-ulcinj-montenegro\/"]}]},{"@type":"BreadcrumbList","@id":"https:\/\/www.visit-ulcinj.com\/blog\/2008\/01\/14\/roman-abramovichs-villa-near-ulcinj-montenegro\/#breadcrumb","itemListElement":[{"@type":"ListItem","position":1,"name":"Roman Abramovich\u2019s Villa near Ulcinj-Montenegro"}]},{"@type":"Person","@id":"https:\/\/www.visit-ulcinj.com\/blog\/#\/schema\/person\/dcab619c614d3038751c63bc2aadc06d","name":"ulqini","sameAs":["http:\/\/www.visit-ulcinj.com"],"url":"https:\/\/www.visit-ulcinj.com\/blog\/author\/admin\/"}]}},"jetpack_featured_media_url":"","jetpack_sharing_enabled":true,"jetpack_shortlink":"https:\/\/wp.me\/pe6lTn-2o","_links":{"self":[{"href":"https:\/\/www.visit-ulcinj.com\/blog\/wp-json\/wp\/v2\/posts\/148"}],"collection":[{"href":"https:\/\/www.visit-ulcinj.com\/blog\/wp-json\/wp\/v2\/posts"}],"about":[{"href":"https:\/\/www.visit-ulcinj.com\/blog\/wp-json\/wp\/v2\/types\/post"}],"author":[{"embeddable":true,"href":"https:\/\/www.visit-ulcinj.com\/blog\/wp-json\/wp\/v2\/users\/1"}],"replies":[{"embeddable":true,"href":"https:\/\/www.visit-ulcinj.com\/blog\/wp-json\/wp\/v2\/comments?post=148"}],"version-history":[{"count":0,"href":"https:\/\/www.visit-ulcinj.com\/blog\/wp-json\/wp\/v2\/posts\/148\/revisions"}],"wp:attachment":[{"href":"https:\/\/www.visit-ulcinj.com\/blog\/wp-json\/wp\/v2\/media?parent=148"}],"wp:term":[{"taxonomy":"category","embeddable":true,"href":"https:\/\/www.visit-ulcinj.com\/blog\/wp-json\/wp\/v2\/categories?post=148"},{"taxonomy":"post_tag","embeddable":true,"href":"https:\/\/www.visit-ulcinj.com\/blog\/wp-json\/wp\/v2\/tags?post=148"}],"curies":[{"name":"wp","href":"https:\/\/api.w.org\/{rel}","templated":true}]}}