{"id":14802,"date":"2009-03-19T19:29:00","date_gmt":"2009-03-19T18:29:00","guid":{"rendered":"http:\/\/www.visit-ulcinj.com\/blog\/?p=14802"},"modified":"2009-03-19T19:29:00","modified_gmt":"2009-03-19T18:29:00","slug":"mesida-dritani-po-luan","status":"publish","type":"post","link":"https:\/\/www.visit-ulcinj.com\/blog\/2009\/03\/19\/mesida-dritani-po-luan\/","title":{"rendered":"Mesida : Dritani po luan"},"content":{"rendered":"<p><em><span class=\"newsdate\"><a href=\"http:\/\/www.visit-ulcinj.com\/blog\/wp-content\/uploads\/2009\/03\/mesida-per-tanin.jpg\"><img loading=\"lazy\" class=\"alignleft size-full wp-image-14803\" title=\"mesida-per-tanin-big-brother-albania-2\" src=\"http:\/\/www.visit-ulcinj.com\/blog\/wp-content\/uploads\/2009\/03\/mesida-per-tanin.jpg\" alt=\"mesida-per-tanin-big-brother-albania-2\" width=\"300\" height=\"205\" \/><\/a>18\/03\/09 10:45<\/span><\/em><\/p>\n<p>Aida tregon se q\u00ebndrimi i Dritanit kundrejt Adelajd\u00ebs, e ka habitur dhe e ka acaruar. Mesida i thot\u00eb se nuk duhet t\u2019i v\u00ebj\u00eb faj, pasi ai k\u00ebtu po b\u00ebn loj\u00ebn dhe sipas mendimit t\u00eb saj, ai do q\u00eb k\u00ebt\u00eb loj\u00eb ta fitoj\u00eb v\u00ebrtet\u00eb. Mesida shton se Dritani nuk e ka qejf Adel\u00ebn por kjo sipas mendimit t\u00eb saj. Ajo mendon se Tani po mban nj\u00eb q\u00ebndrim neutral dhe nuk flet shum\u00eb p\u00ebr t\u00eb tjer\u00ebt por, ato pak fjal\u00eb q\u00eb thot\u00eb, i thot\u00eb me vend dhe t\u00eb tjer\u00ebt duhet ta kuptojn\u00eb.<\/p>\n","protected":false},"excerpt":{"rendered":"<p>18\/03\/09 10:45 Aida tregon se q\u00ebndrimi i Dritanit kundrejt Adelajd\u00ebs, e ka habitur dhe e ka acaruar. Mesida i thot\u00eb se nuk duhet t\u2019i v\u00ebj\u00eb faj, pasi ai k\u00ebtu po b\u00ebn loj\u00ebn dhe sipas mendimit t\u00eb saj, ai do q\u00eb k\u00ebt\u00eb loj\u00eb ta fitoj\u00eb v\u00ebrtet\u00eb. Mesida shton se Dritani nuk e ka qejf Adel\u00ebn por [&hellip;]<\/p>\n","protected":false},"author":1,"featured_media":0,"comment_status":"open","ping_status":"closed","sticky":false,"template":"","format":"standard","meta":{"spay_email":"","jetpack_publicize_message":"","jetpack_is_tweetstorm":false,"jetpack_publicize_feature_enabled":true},"categories":[6502],"tags":[6883,6516,6712,6521,8169,7364,1389,6891],"jetpack_publicize_connections":[],"yoast_head":"<!-- This site is optimized with the Yoast SEO plugin v19.1 - https:\/\/yoast.com\/wordpress\/plugins\/seo\/ -->\n<title>Mesida : Dritani po luan | Big Brother Albania 2<\/title>\n<meta name=\"description\" content=\"Big Brother Albania 2 - Aida tregon se q\u00c3\u00abndrimi i Dritanit kundrejt Adelajd\u00c3\u00abs, e ka habitur dhe e ka acaruar.\" \/>\n<meta name=\"robots\" content=\"index, follow, max-snippet:-1, max-image-preview:large, max-video-preview:-1\" \/>\n<link rel=\"canonical\" href=\"https:\/\/www.visit-ulcinj.com\/blog\/2009\/03\/19\/mesida-dritani-po-luan\/\" \/>\n<meta property=\"og:locale\" content=\"en_US\" \/>\n<meta property=\"og:type\" content=\"article\" \/>\n<meta property=\"og:title\" content=\"Mesida : Dritani po luan | Big Brother Albania 2\" \/>\n<meta property=\"og:description\" content=\"Big Brother Albania 2 - Aida tregon se q\u00c3\u00abndrimi i Dritanit kundrejt Adelajd\u00c3\u00abs, e ka habitur dhe e ka acaruar.\" \/>\n<meta property=\"og:url\" content=\"https:\/\/www.visit-ulcinj.com\/blog\/2009\/03\/19\/mesida-dritani-po-luan\/\" \/>\n<meta property=\"og:site_name\" content=\"Lajme nga Ulqini\" \/>\n<meta property=\"article:published_time\" content=\"2009-03-19T18:29:00+00:00\" \/>\n<meta property=\"og:image\" content=\"http:\/\/www.visit-ulcinj.com\/blog\/wp-content\/uploads\/2009\/03\/mesida-per-tanin.jpg\" \/>\n<meta name=\"twitter:label1\" content=\"Written by\" \/>\n\t<meta name=\"twitter:data1\" content=\"ulqini\" \/>\n\t<meta name=\"twitter:label2\" content=\"Est. reading time\" \/>\n\t<meta name=\"twitter:data2\" content=\"1 minute\" \/>\n<script type=\"application\/ld+json\" class=\"yoast-schema-graph\">{\"@context\":\"https:\/\/schema.org\",\"@graph\":[{\"@type\":\"WebSite\",\"@id\":\"https:\/\/www.visit-ulcinj.com\/blog\/#website\",\"url\":\"https:\/\/www.visit-ulcinj.com\/blog\/\",\"name\":\"Lajme nga Ulqini\",\"description\":\"Lajme,Vijesti,Ulqini,Ulqin,Crna Gora,Mali i Zi\",\"potentialAction\":[{\"@type\":\"SearchAction\",\"target\":{\"@type\":\"EntryPoint\",\"urlTemplate\":\"https:\/\/www.visit-ulcinj.com\/blog\/?s={search_term_string}\"},\"query-input\":\"required name=search_term_string\"}],\"inLanguage\":\"en-US\"},{\"@type\":\"ImageObject\",\"inLanguage\":\"en-US\",\"@id\":\"https:\/\/www.visit-ulcinj.com\/blog\/2009\/03\/19\/mesida-dritani-po-luan\/#primaryimage\",\"url\":\"http:\/\/www.visit-ulcinj.com\/blog\/wp-content\/uploads\/2009\/03\/mesida-per-tanin.jpg\",\"contentUrl\":\"http:\/\/www.visit-ulcinj.com\/blog\/wp-content\/uploads\/2009\/03\/mesida-per-tanin.jpg\"},{\"@type\":\"WebPage\",\"@id\":\"https:\/\/www.visit-ulcinj.com\/blog\/2009\/03\/19\/mesida-dritani-po-luan\/#webpage\",\"url\":\"https:\/\/www.visit-ulcinj.com\/blog\/2009\/03\/19\/mesida-dritani-po-luan\/\",\"name\":\"Mesida : Dritani po luan | Big Brother Albania 2\",\"isPartOf\":{\"@id\":\"https:\/\/www.visit-ulcinj.com\/blog\/#website\"},\"primaryImageOfPage\":{\"@id\":\"https:\/\/www.visit-ulcinj.com\/blog\/2009\/03\/19\/mesida-dritani-po-luan\/#primaryimage\"},\"datePublished\":\"2009-03-19T18:29:00+00:00\",\"dateModified\":\"2009-03-19T18:29:00+00:00\",\"author\":{\"@id\":\"https:\/\/www.visit-ulcinj.com\/blog\/#\/schema\/person\/dcab619c614d3038751c63bc2aadc06d\"},\"description\":\"Big Brother Albania 2 - Aida tregon se q\u00c3\u00abndrimi i Dritanit kundrejt Adelajd\u00c3\u00abs, e ka habitur dhe e ka acaruar.\",\"breadcrumb\":{\"@id\":\"https:\/\/www.visit-ulcinj.com\/blog\/2009\/03\/19\/mesida-dritani-po-luan\/#breadcrumb\"},\"inLanguage\":\"en-US\",\"potentialAction\":[{\"@type\":\"ReadAction\",\"target\":[\"https:\/\/www.visit-ulcinj.com\/blog\/2009\/03\/19\/mesida-dritani-po-luan\/\"]}]},{\"@type\":\"BreadcrumbList\",\"@id\":\"https:\/\/www.visit-ulcinj.com\/blog\/2009\/03\/19\/mesida-dritani-po-luan\/#breadcrumb\",\"itemListElement\":[{\"@type\":\"ListItem\",\"position\":1,\"name\":\"Mesida : Dritani po luan\"}]},{\"@type\":\"Person\",\"@id\":\"https:\/\/www.visit-ulcinj.com\/blog\/#\/schema\/person\/dcab619c614d3038751c63bc2aadc06d\",\"name\":\"ulqini\",\"sameAs\":[\"http:\/\/www.visit-ulcinj.com\"],\"url\":\"https:\/\/www.visit-ulcinj.com\/blog\/author\/admin\/\"}]}<\/script>\n<!-- \/ Yoast SEO plugin. -->","yoast_head_json":{"title":"Mesida : Dritani po luan | Big Brother Albania 2","description":"Big Brother Albania 2 - Aida tregon se q\u00c3\u00abndrimi i Dritanit kundrejt Adelajd\u00c3\u00abs, e ka habitur dhe e ka acaruar.","robots":{"index":"index","follow":"follow","max-snippet":"max-snippet:-1","max-image-preview":"max-image-preview:large","max-video-preview":"max-video-preview:-1"},"canonical":"https:\/\/www.visit-ulcinj.com\/blog\/2009\/03\/19\/mesida-dritani-po-luan\/","og_locale":"en_US","og_type":"article","og_title":"Mesida : Dritani po luan | Big Brother Albania 2","og_description":"Big Brother Albania 2 - Aida tregon se q\u00c3\u00abndrimi i Dritanit kundrejt Adelajd\u00c3\u00abs, e ka habitur dhe e ka acaruar.","og_url":"https:\/\/www.visit-ulcinj.com\/blog\/2009\/03\/19\/mesida-dritani-po-luan\/","og_site_name":"Lajme nga Ulqini","article_published_time":"2009-03-19T18:29:00+00:00","og_image":[{"url":"http:\/\/www.visit-ulcinj.com\/blog\/wp-content\/uploads\/2009\/03\/mesida-per-tanin.jpg"}],"twitter_misc":{"Written by":"ulqini","Est. reading time":"1 minute"},"schema":{"@context":"https:\/\/schema.org","@graph":[{"@type":"WebSite","@id":"https:\/\/www.visit-ulcinj.com\/blog\/#website","url":"https:\/\/www.visit-ulcinj.com\/blog\/","name":"Lajme nga Ulqini","description":"Lajme,Vijesti,Ulqini,Ulqin,Crna Gora,Mali i Zi","potentialAction":[{"@type":"SearchAction","target":{"@type":"EntryPoint","urlTemplate":"https:\/\/www.visit-ulcinj.com\/blog\/?s={search_term_string}"},"query-input":"required name=search_term_string"}],"inLanguage":"en-US"},{"@type":"ImageObject","inLanguage":"en-US","@id":"https:\/\/www.visit-ulcinj.com\/blog\/2009\/03\/19\/mesida-dritani-po-luan\/#primaryimage","url":"http:\/\/www.visit-ulcinj.com\/blog\/wp-content\/uploads\/2009\/03\/mesida-per-tanin.jpg","contentUrl":"http:\/\/www.visit-ulcinj.com\/blog\/wp-content\/uploads\/2009\/03\/mesida-per-tanin.jpg"},{"@type":"WebPage","@id":"https:\/\/www.visit-ulcinj.com\/blog\/2009\/03\/19\/mesida-dritani-po-luan\/#webpage","url":"https:\/\/www.visit-ulcinj.com\/blog\/2009\/03\/19\/mesida-dritani-po-luan\/","name":"Mesida : Dritani po luan | Big Brother Albania 2","isPartOf":{"@id":"https:\/\/www.visit-ulcinj.com\/blog\/#website"},"primaryImageOfPage":{"@id":"https:\/\/www.visit-ulcinj.com\/blog\/2009\/03\/19\/mesida-dritani-po-luan\/#primaryimage"},"datePublished":"2009-03-19T18:29:00+00:00","dateModified":"2009-03-19T18:29:00+00:00","author":{"@id":"https:\/\/www.visit-ulcinj.com\/blog\/#\/schema\/person\/dcab619c614d3038751c63bc2aadc06d"},"description":"Big Brother Albania 2 - Aida tregon se q\u00c3\u00abndrimi i Dritanit kundrejt Adelajd\u00c3\u00abs, e ka habitur dhe e ka acaruar.","breadcrumb":{"@id":"https:\/\/www.visit-ulcinj.com\/blog\/2009\/03\/19\/mesida-dritani-po-luan\/#breadcrumb"},"inLanguage":"en-US","potentialAction":[{"@type":"ReadAction","target":["https:\/\/www.visit-ulcinj.com\/blog\/2009\/03\/19\/mesida-dritani-po-luan\/"]}]},{"@type":"BreadcrumbList","@id":"https:\/\/www.visit-ulcinj.com\/blog\/2009\/03\/19\/mesida-dritani-po-luan\/#breadcrumb","itemListElement":[{"@type":"ListItem","position":1,"name":"Mesida : Dritani po luan"}]},{"@type":"Person","@id":"https:\/\/www.visit-ulcinj.com\/blog\/#\/schema\/person\/dcab619c614d3038751c63bc2aadc06d","name":"ulqini","sameAs":["http:\/\/www.visit-ulcinj.com"],"url":"https:\/\/www.visit-ulcinj.com\/blog\/author\/admin\/"}]}},"jetpack_featured_media_url":"","jetpack_sharing_enabled":true,"jetpack_shortlink":"https:\/\/wp.me\/pe6lTn-3QK","_links":{"self":[{"href":"https:\/\/www.visit-ulcinj.com\/blog\/wp-json\/wp\/v2\/posts\/14802"}],"collection":[{"href":"https:\/\/www.visit-ulcinj.com\/blog\/wp-json\/wp\/v2\/posts"}],"about":[{"href":"https:\/\/www.visit-ulcinj.com\/blog\/wp-json\/wp\/v2\/types\/post"}],"author":[{"embeddable":true,"href":"https:\/\/www.visit-ulcinj.com\/blog\/wp-json\/wp\/v2\/users\/1"}],"replies":[{"embeddable":true,"href":"https:\/\/www.visit-ulcinj.com\/blog\/wp-json\/wp\/v2\/comments?post=14802"}],"version-history":[{"count":0,"href":"https:\/\/www.visit-ulcinj.com\/blog\/wp-json\/wp\/v2\/posts\/14802\/revisions"}],"wp:attachment":[{"href":"https:\/\/www.visit-ulcinj.com\/blog\/wp-json\/wp\/v2\/media?parent=14802"}],"wp:term":[{"taxonomy":"category","embeddable":true,"href":"https:\/\/www.visit-ulcinj.com\/blog\/wp-json\/wp\/v2\/categories?post=14802"},{"taxonomy":"post_tag","embeddable":true,"href":"https:\/\/www.visit-ulcinj.com\/blog\/wp-json\/wp\/v2\/tags?post=14802"}],"curies":[{"name":"wp","href":"https:\/\/api.w.org\/{rel}","templated":true}]}}