{"id":14806,"date":"2009-03-19T20:00:58","date_gmt":"2009-03-19T19:00:58","guid":{"rendered":"http:\/\/www.visit-ulcinj.com\/blog\/?p=14806"},"modified":"2009-03-19T20:00:58","modified_gmt":"2009-03-19T19:00:58","slug":"arjoni-moza-nuk-jep-asgje","status":"publish","type":"post","link":"https:\/\/www.visit-ulcinj.com\/blog\/2009\/03\/19\/arjoni-moza-nuk-jep-asgje\/","title":{"rendered":"Arjoni : Moza nuk jep asgj\u00eb"},"content":{"rendered":"<p><em><span class=\"newsdate\"><a href=\"http:\/\/www.visit-ulcinj.com\/blog\/wp-content\/uploads\/2009\/03\/arjonisori-per-mozen.jpg\"><img loading=\"lazy\" class=\"alignleft size-full wp-image-14807\" title=\"arjonisori-per-mozen-big-brother-albania-2\" src=\"http:\/\/www.visit-ulcinj.com\/blog\/wp-content\/uploads\/2009\/03\/arjonisori-per-mozen.jpg\" alt=\"arjonisori-per-mozen-big-brother-albania-2\" width=\"300\" height=\"205\" \/><\/a>18\/03\/09 11:40<\/span><\/em><\/p>\n<p>Arjoni i thot\u00eb Qetsorit se do ndihej keq n\u00ebse Mesida do zgjidhte Dritanin p\u00ebr t\u00eb kaluar mbr\u00ebmjen bashk\u00eb. Ai thot\u00eb se vajzat ndjehen mir\u00eb me Tanin pasi, ai nuk u duket i rreziksh\u00ebm, por edhe Arjoni nuk sillet keq edhe pse ndonj\u00ebher\u00eb i ngacmon p\u00ebr shaka. Ai i tregon Sorit se mbr\u00ebm\u00eb me Mesid\u00ebn, kan\u00eb kaluar shum\u00eb mir\u00eb dhe kan\u00eb biseduar p\u00ebr tema t\u00eb ndryshme. Sori e pyet n\u00ebse ai do zgjidhte Moz\u00ebn n\u00eb nj\u00eb situat\u00eb t\u00eb till\u00eb por, Arjoni ia kthen se me Moz\u00ebn do b\u00ebnt\u00eb vet\u00ebm monolog, pasi ajo nuk flet fare. Ata diskutojn\u00eb edhe p\u00ebr sjelljen e Moz\u00ebs kundrejt Adit dhe t\u00eb dy e d\u00ebnojn\u00eb sjelljen e saj, pasi Adi gjithmon\u00eb \u00ebsht\u00eb sjell\u00eb mir\u00eb me t\u00eb madje, edhe e ka mbrojtur me aq sa i \u00ebsht\u00eb krijuar mund\u00ebsia. Sori mendon se ata duhet ta ngacmojn\u00eb q\u00eb ajo t\u00eb tregoj\u00eb karakterin e saj, pasi nuk flet fare por tregon vet\u00ebm bukurin\u00eb e saj. Arjoni thot\u00eb se ajo \u00ebsht\u00eb v\u00ebrtet\u00eb e bukur por, asgj\u00eb tjet\u00ebr nuk tregon me sjelljen e saj, madje ai thot\u00eb se ka vajza t\u00eb tjera q\u00eb n\u00eb mosh\u00ebn e saj, jan\u00eb shum\u00eb her\u00eb m\u00eb t\u00eb rritura se ajo.<\/p>\n","protected":false},"excerpt":{"rendered":"<p>18\/03\/09 11:40 Arjoni i thot\u00eb Qetsorit se do ndihej keq n\u00ebse Mesida do zgjidhte Dritanin p\u00ebr t\u00eb kaluar mbr\u00ebmjen bashk\u00eb. Ai thot\u00eb se vajzat ndjehen mir\u00eb me Tanin pasi, ai nuk u duket i rreziksh\u00ebm, por edhe Arjoni nuk sillet keq edhe pse ndonj\u00ebher\u00eb i ngacmon p\u00ebr shaka. Ai i tregon Sorit se mbr\u00ebm\u00eb me [&hellip;]<\/p>\n","protected":false},"author":1,"featured_media":0,"comment_status":"open","ping_status":"closed","sticky":false,"template":"","format":"standard","meta":{"spay_email":"","jetpack_publicize_message":"","jetpack_is_tweetstorm":false,"jetpack_publicize_feature_enabled":true},"categories":[6502],"tags":[6525,6883,6516,6712,7364,6544,6900,6891],"jetpack_publicize_connections":[],"yoast_head":"<!-- This site is optimized with the Yoast SEO plugin v19.1 - https:\/\/yoast.com\/wordpress\/plugins\/seo\/ -->\n<title>Arjoni : Moza nuk jep asgj\u00c3\u00ab | Big Brother Albania 2<\/title>\n<meta name=\"description\" content=\"Big Brother Albania 2 - Arjoni i thot\u00c3\u00ab Qetsorit se do ndihej keq n\u00c3\u00abse Mesida do zgjidhte Dritanin p\u00c3\u00abr t\u00c3\u00ab kaluar mbr\u00c3\u00abmjen bashk\u00c3\u00ab.\" \/>\n<meta name=\"robots\" content=\"index, follow, max-snippet:-1, max-image-preview:large, max-video-preview:-1\" \/>\n<link rel=\"canonical\" href=\"https:\/\/www.visit-ulcinj.com\/blog\/2009\/03\/19\/arjoni-moza-nuk-jep-asgje\/\" \/>\n<meta property=\"og:locale\" content=\"en_US\" \/>\n<meta property=\"og:type\" content=\"article\" \/>\n<meta property=\"og:title\" content=\"Arjoni : Moza nuk jep asgj\u00c3\u00ab | Big Brother Albania 2\" \/>\n<meta property=\"og:description\" content=\"Big Brother Albania 2 - Arjoni i thot\u00c3\u00ab Qetsorit se do ndihej keq n\u00c3\u00abse Mesida do zgjidhte Dritanin p\u00c3\u00abr t\u00c3\u00ab kaluar mbr\u00c3\u00abmjen bashk\u00c3\u00ab.\" \/>\n<meta property=\"og:url\" content=\"https:\/\/www.visit-ulcinj.com\/blog\/2009\/03\/19\/arjoni-moza-nuk-jep-asgje\/\" \/>\n<meta property=\"og:site_name\" content=\"Lajme nga Ulqini\" \/>\n<meta property=\"article:published_time\" content=\"2009-03-19T19:00:58+00:00\" \/>\n<meta property=\"og:image\" content=\"http:\/\/www.visit-ulcinj.com\/blog\/wp-content\/uploads\/2009\/03\/arjonisori-per-mozen.jpg\" \/>\n<meta name=\"twitter:label1\" content=\"Written by\" \/>\n\t<meta name=\"twitter:data1\" content=\"ulqini\" \/>\n\t<meta name=\"twitter:label2\" content=\"Est. reading time\" \/>\n\t<meta name=\"twitter:data2\" content=\"1 minute\" \/>\n<script type=\"application\/ld+json\" class=\"yoast-schema-graph\">{\"@context\":\"https:\/\/schema.org\",\"@graph\":[{\"@type\":\"WebSite\",\"@id\":\"https:\/\/www.visit-ulcinj.com\/blog\/#website\",\"url\":\"https:\/\/www.visit-ulcinj.com\/blog\/\",\"name\":\"Lajme nga Ulqini\",\"description\":\"Lajme,Vijesti,Ulqini,Ulqin,Crna Gora,Mali i Zi\",\"potentialAction\":[{\"@type\":\"SearchAction\",\"target\":{\"@type\":\"EntryPoint\",\"urlTemplate\":\"https:\/\/www.visit-ulcinj.com\/blog\/?s={search_term_string}\"},\"query-input\":\"required name=search_term_string\"}],\"inLanguage\":\"en-US\"},{\"@type\":\"ImageObject\",\"inLanguage\":\"en-US\",\"@id\":\"https:\/\/www.visit-ulcinj.com\/blog\/2009\/03\/19\/arjoni-moza-nuk-jep-asgje\/#primaryimage\",\"url\":\"http:\/\/www.visit-ulcinj.com\/blog\/wp-content\/uploads\/2009\/03\/arjonisori-per-mozen.jpg\",\"contentUrl\":\"http:\/\/www.visit-ulcinj.com\/blog\/wp-content\/uploads\/2009\/03\/arjonisori-per-mozen.jpg\"},{\"@type\":\"WebPage\",\"@id\":\"https:\/\/www.visit-ulcinj.com\/blog\/2009\/03\/19\/arjoni-moza-nuk-jep-asgje\/#webpage\",\"url\":\"https:\/\/www.visit-ulcinj.com\/blog\/2009\/03\/19\/arjoni-moza-nuk-jep-asgje\/\",\"name\":\"Arjoni : Moza nuk jep asgj\u00c3\u00ab | Big Brother Albania 2\",\"isPartOf\":{\"@id\":\"https:\/\/www.visit-ulcinj.com\/blog\/#website\"},\"primaryImageOfPage\":{\"@id\":\"https:\/\/www.visit-ulcinj.com\/blog\/2009\/03\/19\/arjoni-moza-nuk-jep-asgje\/#primaryimage\"},\"datePublished\":\"2009-03-19T19:00:58+00:00\",\"dateModified\":\"2009-03-19T19:00:58+00:00\",\"author\":{\"@id\":\"https:\/\/www.visit-ulcinj.com\/blog\/#\/schema\/person\/dcab619c614d3038751c63bc2aadc06d\"},\"description\":\"Big Brother Albania 2 - Arjoni i thot\u00c3\u00ab Qetsorit se do ndihej keq n\u00c3\u00abse Mesida do zgjidhte Dritanin p\u00c3\u00abr t\u00c3\u00ab kaluar mbr\u00c3\u00abmjen bashk\u00c3\u00ab.\",\"breadcrumb\":{\"@id\":\"https:\/\/www.visit-ulcinj.com\/blog\/2009\/03\/19\/arjoni-moza-nuk-jep-asgje\/#breadcrumb\"},\"inLanguage\":\"en-US\",\"potentialAction\":[{\"@type\":\"ReadAction\",\"target\":[\"https:\/\/www.visit-ulcinj.com\/blog\/2009\/03\/19\/arjoni-moza-nuk-jep-asgje\/\"]}]},{\"@type\":\"BreadcrumbList\",\"@id\":\"https:\/\/www.visit-ulcinj.com\/blog\/2009\/03\/19\/arjoni-moza-nuk-jep-asgje\/#breadcrumb\",\"itemListElement\":[{\"@type\":\"ListItem\",\"position\":1,\"name\":\"Arjoni : Moza nuk jep asgj\u00eb\"}]},{\"@type\":\"Person\",\"@id\":\"https:\/\/www.visit-ulcinj.com\/blog\/#\/schema\/person\/dcab619c614d3038751c63bc2aadc06d\",\"name\":\"ulqini\",\"sameAs\":[\"http:\/\/www.visit-ulcinj.com\"],\"url\":\"https:\/\/www.visit-ulcinj.com\/blog\/author\/admin\/\"}]}<\/script>\n<!-- \/ Yoast SEO plugin. -->","yoast_head_json":{"title":"Arjoni : Moza nuk jep asgj\u00c3\u00ab | Big Brother Albania 2","description":"Big Brother Albania 2 - Arjoni i thot\u00c3\u00ab Qetsorit se do ndihej keq n\u00c3\u00abse Mesida do zgjidhte Dritanin p\u00c3\u00abr t\u00c3\u00ab kaluar mbr\u00c3\u00abmjen bashk\u00c3\u00ab.","robots":{"index":"index","follow":"follow","max-snippet":"max-snippet:-1","max-image-preview":"max-image-preview:large","max-video-preview":"max-video-preview:-1"},"canonical":"https:\/\/www.visit-ulcinj.com\/blog\/2009\/03\/19\/arjoni-moza-nuk-jep-asgje\/","og_locale":"en_US","og_type":"article","og_title":"Arjoni : Moza nuk jep asgj\u00c3\u00ab | Big Brother Albania 2","og_description":"Big Brother Albania 2 - Arjoni i thot\u00c3\u00ab Qetsorit se do ndihej keq n\u00c3\u00abse Mesida do zgjidhte Dritanin p\u00c3\u00abr t\u00c3\u00ab kaluar mbr\u00c3\u00abmjen bashk\u00c3\u00ab.","og_url":"https:\/\/www.visit-ulcinj.com\/blog\/2009\/03\/19\/arjoni-moza-nuk-jep-asgje\/","og_site_name":"Lajme nga Ulqini","article_published_time":"2009-03-19T19:00:58+00:00","og_image":[{"url":"http:\/\/www.visit-ulcinj.com\/blog\/wp-content\/uploads\/2009\/03\/arjonisori-per-mozen.jpg"}],"twitter_misc":{"Written by":"ulqini","Est. reading time":"1 minute"},"schema":{"@context":"https:\/\/schema.org","@graph":[{"@type":"WebSite","@id":"https:\/\/www.visit-ulcinj.com\/blog\/#website","url":"https:\/\/www.visit-ulcinj.com\/blog\/","name":"Lajme nga Ulqini","description":"Lajme,Vijesti,Ulqini,Ulqin,Crna Gora,Mali i Zi","potentialAction":[{"@type":"SearchAction","target":{"@type":"EntryPoint","urlTemplate":"https:\/\/www.visit-ulcinj.com\/blog\/?s={search_term_string}"},"query-input":"required name=search_term_string"}],"inLanguage":"en-US"},{"@type":"ImageObject","inLanguage":"en-US","@id":"https:\/\/www.visit-ulcinj.com\/blog\/2009\/03\/19\/arjoni-moza-nuk-jep-asgje\/#primaryimage","url":"http:\/\/www.visit-ulcinj.com\/blog\/wp-content\/uploads\/2009\/03\/arjonisori-per-mozen.jpg","contentUrl":"http:\/\/www.visit-ulcinj.com\/blog\/wp-content\/uploads\/2009\/03\/arjonisori-per-mozen.jpg"},{"@type":"WebPage","@id":"https:\/\/www.visit-ulcinj.com\/blog\/2009\/03\/19\/arjoni-moza-nuk-jep-asgje\/#webpage","url":"https:\/\/www.visit-ulcinj.com\/blog\/2009\/03\/19\/arjoni-moza-nuk-jep-asgje\/","name":"Arjoni : Moza nuk jep asgj\u00c3\u00ab | Big Brother Albania 2","isPartOf":{"@id":"https:\/\/www.visit-ulcinj.com\/blog\/#website"},"primaryImageOfPage":{"@id":"https:\/\/www.visit-ulcinj.com\/blog\/2009\/03\/19\/arjoni-moza-nuk-jep-asgje\/#primaryimage"},"datePublished":"2009-03-19T19:00:58+00:00","dateModified":"2009-03-19T19:00:58+00:00","author":{"@id":"https:\/\/www.visit-ulcinj.com\/blog\/#\/schema\/person\/dcab619c614d3038751c63bc2aadc06d"},"description":"Big Brother Albania 2 - Arjoni i thot\u00c3\u00ab Qetsorit se do ndihej keq n\u00c3\u00abse Mesida do zgjidhte Dritanin p\u00c3\u00abr t\u00c3\u00ab kaluar mbr\u00c3\u00abmjen bashk\u00c3\u00ab.","breadcrumb":{"@id":"https:\/\/www.visit-ulcinj.com\/blog\/2009\/03\/19\/arjoni-moza-nuk-jep-asgje\/#breadcrumb"},"inLanguage":"en-US","potentialAction":[{"@type":"ReadAction","target":["https:\/\/www.visit-ulcinj.com\/blog\/2009\/03\/19\/arjoni-moza-nuk-jep-asgje\/"]}]},{"@type":"BreadcrumbList","@id":"https:\/\/www.visit-ulcinj.com\/blog\/2009\/03\/19\/arjoni-moza-nuk-jep-asgje\/#breadcrumb","itemListElement":[{"@type":"ListItem","position":1,"name":"Arjoni : Moza nuk jep asgj\u00eb"}]},{"@type":"Person","@id":"https:\/\/www.visit-ulcinj.com\/blog\/#\/schema\/person\/dcab619c614d3038751c63bc2aadc06d","name":"ulqini","sameAs":["http:\/\/www.visit-ulcinj.com"],"url":"https:\/\/www.visit-ulcinj.com\/blog\/author\/admin\/"}]}},"jetpack_featured_media_url":"","jetpack_sharing_enabled":true,"jetpack_shortlink":"https:\/\/wp.me\/pe6lTn-3QO","_links":{"self":[{"href":"https:\/\/www.visit-ulcinj.com\/blog\/wp-json\/wp\/v2\/posts\/14806"}],"collection":[{"href":"https:\/\/www.visit-ulcinj.com\/blog\/wp-json\/wp\/v2\/posts"}],"about":[{"href":"https:\/\/www.visit-ulcinj.com\/blog\/wp-json\/wp\/v2\/types\/post"}],"author":[{"embeddable":true,"href":"https:\/\/www.visit-ulcinj.com\/blog\/wp-json\/wp\/v2\/users\/1"}],"replies":[{"embeddable":true,"href":"https:\/\/www.visit-ulcinj.com\/blog\/wp-json\/wp\/v2\/comments?post=14806"}],"version-history":[{"count":0,"href":"https:\/\/www.visit-ulcinj.com\/blog\/wp-json\/wp\/v2\/posts\/14806\/revisions"}],"wp:attachment":[{"href":"https:\/\/www.visit-ulcinj.com\/blog\/wp-json\/wp\/v2\/media?parent=14806"}],"wp:term":[{"taxonomy":"category","embeddable":true,"href":"https:\/\/www.visit-ulcinj.com\/blog\/wp-json\/wp\/v2\/categories?post=14806"},{"taxonomy":"post_tag","embeddable":true,"href":"https:\/\/www.visit-ulcinj.com\/blog\/wp-json\/wp\/v2\/tags?post=14806"}],"curies":[{"name":"wp","href":"https:\/\/api.w.org\/{rel}","templated":true}]}}