{"id":1481,"date":"2008-05-05T06:12:34","date_gmt":"2008-05-05T11:12:34","guid":{"rendered":"http:\/\/www.visit-ulcinj.com\/blog\/?p=1481"},"modified":"2008-05-05T06:12:34","modified_gmt":"2008-05-05T11:12:34","slug":"partite-joshqiptare-kunder-ferhat-dinoshes","status":"publish","type":"post","link":"https:\/\/www.visit-ulcinj.com\/blog\/2008\/05\/05\/partite-joshqiptare-kunder-ferhat-dinoshes\/","title":{"rendered":"Partit\u00eb joshqiptare kund\u00ebr Ferhat Dinosh\u00ebs"},"content":{"rendered":"<p><a href=\"http:\/\/www.visit-ulcinj.com\/blog\/wp-content\/uploads\/2008\/04\/ferhat-dinosha.jpg\"><img loading=\"lazy\" class=\"alignleft attachment wp-att-1313\" style=\"float: left;\" src=\"http:\/\/www.visit-ulcinj.com\/blog\/wp-content\/uploads\/2008\/04\/ferhat-dinosha.thumbnail.jpg\" alt=\"ferhat dinosha\" width=\"196\" height=\"200\" \/><\/a><strong>Deklarata e kryetarit t\u00eb UDSH-s\u00eb, Ferhat Dinosha se Mali i Zi duhet ta njoh\u00eb pavar\u00ebsin\u00eb e Kosov\u00ebs n\u00eb maj shkakton reagime t\u00eb ndryshme.<\/strong><br \/>\nPodgoric\u00eb &#8211; Partit\u00eb politike n\u00eb Mal t\u00eb Zi jan\u00eb t\u00eb ndara sa i p\u00ebrket \u00e7\u00ebshtjes s\u00eb njohjes s\u00eb pavar\u00ebsis\u00eb s\u00eb Kosov\u00ebs. Kjo v\u00ebrehet qart\u00eb nga reagimi ndaj deklarat\u00ebs s\u00eb kryetarit t\u00eb UDSH-s\u00eb, Ferhat Dinosha se Mali i Zi duhet ta njoh\u00eb pavar\u00ebsin\u00eb e Kosov\u00ebs n\u00eb muajin maj.<br \/>\n&#8220;Mali i Zi duhet ta njoh\u00eb n\u00eb maj pavar\u00ebsin\u00eb e Kosov\u00ebs p\u00ebr shkak t\u00eb simbolik\u00ebs q\u00eb ka ky muaj p\u00ebr shtetin malazez&#8221;, ka deklaruar Dinosha n\u00eb nj\u00eb intervist\u00eb p\u00ebr gazet\u00ebn &#8220;Vijesti&#8221;.<br \/>\nSipas tij, Mali i Zi po definohet shpejt si kandidat serioz p\u00ebr integrime europiane dhe euro-atlantike, nd\u00ebrsa nj\u00ebri prej kushteve q\u00eb t\u00eb arrihet atje shpejt \u00ebsht\u00eb edhe \u00e7\u00ebshtja e raportit ndaj pavar\u00ebsis\u00eb s\u00eb Kosov\u00ebs.<br \/>\nPor deklarata e Dinosh\u00ebs ka hasur n\u00eb kund\u00ebrshtim nga PDS-ja, aleate e UDSH-s\u00eb n\u00eb qeveri.<br \/>\n&#8220;Njohja e pavar\u00ebsis\u00eb s\u00eb Kosov\u00ebs n\u00eb k\u00ebt\u00eb moment nuk \u00ebsht\u00eb prioritet&#8221;, ka th\u00ebn\u00eb Miodrag Vukoviq, funksionar dhe deputet i PDS-s\u00eb n\u00eb Parlament.<img loading=\"lazy\" class=\"alignright\" style=\"float: right;\" src=\"http:\/\/www.danas.co.yu\/20070922\/img\/region1_2.jpg\" alt=\"MIODRAG VUKOVIC-MIODRAG VUKOVIQ\" width=\"244\" height=\"173\" \/><br \/>\nAi ka th\u00ebn\u00eb se Mali i Zi nuk duhet t\u00eb shpejtoj\u00eb me k\u00ebt\u00eb \u00e7\u00ebshtje dhe duhet tzi kushtoj\u00eb kujdes ruajtjes s\u00eb interesave t\u00eb tij, sidomos ambicieve t\u00eb tij europiane dhe euro-atlantike.<br \/>\nDeklarata e kryetarit t\u00eb UDSH-s\u00eb ka hasur n\u00eb kund\u00ebrshtimin edhe t\u00eb Partis\u00eb Liberale. Kryetari i k\u00ebsaj partie, Miodrag Zhivkoviq, ka th\u00ebn\u00eb se &#8220;Mali i Zi duhet t\u00eb pres\u00eb akoma me njohjen e pavar\u00ebsis\u00eb s\u00eb Kosov\u00ebs dhe k\u00ebt\u00eb duhet ta b\u00ebj\u00eb nd\u00ebr t\u00eb fundit&#8221;.<br \/>\nAi ka th\u00ebn\u00eb se nuk pajtohet fare me deklarat\u00ebn e Dinosh\u00ebs dhe se Mali i Zi duhet t\u00eb jet\u00eb shum\u00eb i v\u00ebmendsh\u00ebm sa i p\u00ebrket k\u00ebsaj \u00e7\u00ebshtjeje.<br \/>\n&#8220;Definitivisht nuk duhet t\u00eb shpejtojm\u00eb me njohjen, sepse marr\u00ebdh\u00ebniet e Serbis\u00eb dhe Malit t\u00eb Zi jan\u00eb shum\u00eb <img loading=\"lazy\" class=\"alignleft\" style=\"float: left;\" src=\"http:\/\/www.vlada.cg.yu\/img\/1185808569.jpg\" alt=\"SRBSKA LISTA\" width=\"293\" height=\"218\" \/>komplekse dhe specifike. Duke marr\u00eb parasysh k\u00ebt\u00eb situat\u00eb, Mali i Zi duhet t\u00eb jet\u00eb maksimalisht i v\u00ebmendsh\u00ebm dhe t\u00eb pres\u00eb, duke pasur parasysh q\u00eb me k\u00ebt\u00eb njohje t\u00eb prish\u00eb sa m\u00eb pak marr\u00ebdh\u00ebniet me Serbin\u00eb&#8221;, ka theksuar Zhivkoviq.<br \/>\nNd\u00ebrsa Lista Serbe e ka vler\u00ebsuar deklarat\u00ebn e kryetarit t\u00eb UDSH-s\u00eb si q\u00ebndrim t\u00eb regjimit dhe si provokim t\u00eb popullit serb n\u00eb Mal t\u00eb Zi.<br \/>\n&#8220;Serb\u00ebt e Malit t\u00eb Zi dhe Lista Serbe nuk do ta njohin kurr\u00eb nj\u00eb &#8220;krijes\u00eb t\u00eb till\u00eb&#8221;. Jemi thell\u00ebsisht t\u00eb bindur se njohja eventuale e t\u00eb ashtuquajturit shtet t\u00eb Kosov\u00ebs, nga Podgorica zyrtare, nuk do tzi sjell\u00eb asgj\u00eb t\u00eb mir\u00eb Malit t\u00eb Zi&#8221;, ka deklaruar funksionari i List\u00ebs Serbe, Jovan Vu\u00e7uroviq.<br \/>\n<strong>i.k.<br \/>\nKOHA JAVORE<\/strong><\/p>\n","protected":false},"excerpt":{"rendered":"<p><img loading=\"lazy\" class=\"alignleft attachment wp-att-1313\" style=\"float: left;\" src=\"http:\/\/www.visit-ulcinj.com\/blog\/wp-content\/uploads\/2008\/04\/ferhat-dinosha.thumbnail.jpg\" alt=\"ferhat dinosha\" width=\"140\" height=\"140\" \/><\/p>\n","protected":false},"author":1,"featured_media":0,"comment_status":"open","ping_status":"closed","sticky":false,"template":"","format":"standard","meta":{"spay_email":"","jetpack_publicize_message":"","jetpack_is_tweetstorm":false,"jetpack_publicize_feature_enabled":true},"categories":[6,12],"tags":[97,3033,3034,95,3031,3032,2643,3030],"jetpack_publicize_connections":[],"yoast_head":"<!-- This site is optimized with the Yoast SEO plugin v19.1 - https:\/\/yoast.com\/wordpress\/plugins\/seo\/ -->\n<title>Partit\u00eb joshqiptare kund\u00ebr Ferhat Dinosh\u00ebs - Lajme nga Ulqini<\/title>\n<meta name=\"robots\" content=\"index, follow, max-snippet:-1, max-image-preview:large, max-video-preview:-1\" \/>\n<link rel=\"canonical\" href=\"https:\/\/www.visit-ulcinj.com\/blog\/2008\/05\/05\/partite-joshqiptare-kunder-ferhat-dinoshes\/\" \/>\n<meta property=\"og:locale\" content=\"en_US\" \/>\n<meta property=\"og:type\" content=\"article\" \/>\n<meta property=\"og:title\" content=\"Partit\u00eb joshqiptare kund\u00ebr Ferhat Dinosh\u00ebs - Lajme nga Ulqini\" \/>\n<meta property=\"og:url\" content=\"https:\/\/www.visit-ulcinj.com\/blog\/2008\/05\/05\/partite-joshqiptare-kunder-ferhat-dinoshes\/\" \/>\n<meta property=\"og:site_name\" content=\"Lajme nga Ulqini\" \/>\n<meta property=\"article:published_time\" content=\"2008-05-05T11:12:34+00:00\" \/>\n<meta property=\"og:image\" content=\"http:\/\/www.visit-ulcinj.com\/blog\/wp-content\/uploads\/2008\/04\/ferhat-dinosha.thumbnail.jpg\" \/>\n<meta name=\"twitter:label1\" content=\"Written by\" \/>\n\t<meta name=\"twitter:data1\" content=\"ulqini\" \/>\n\t<meta name=\"twitter:label2\" content=\"Est. reading time\" \/>\n\t<meta name=\"twitter:data2\" content=\"2 minutes\" \/>\n<script type=\"application\/ld+json\" class=\"yoast-schema-graph\">{\"@context\":\"https:\/\/schema.org\",\"@graph\":[{\"@type\":\"WebSite\",\"@id\":\"https:\/\/www.visit-ulcinj.com\/blog\/#website\",\"url\":\"https:\/\/www.visit-ulcinj.com\/blog\/\",\"name\":\"Lajme nga Ulqini\",\"description\":\"Lajme,Vijesti,Ulqini,Ulqin,Crna Gora,Mali i Zi\",\"potentialAction\":[{\"@type\":\"SearchAction\",\"target\":{\"@type\":\"EntryPoint\",\"urlTemplate\":\"https:\/\/www.visit-ulcinj.com\/blog\/?s={search_term_string}\"},\"query-input\":\"required name=search_term_string\"}],\"inLanguage\":\"en-US\"},{\"@type\":\"ImageObject\",\"inLanguage\":\"en-US\",\"@id\":\"https:\/\/www.visit-ulcinj.com\/blog\/2008\/05\/05\/partite-joshqiptare-kunder-ferhat-dinoshes\/#primaryimage\",\"url\":\"http:\/\/www.visit-ulcinj.com\/blog\/wp-content\/uploads\/2008\/04\/ferhat-dinosha.thumbnail.jpg\",\"contentUrl\":\"http:\/\/www.visit-ulcinj.com\/blog\/wp-content\/uploads\/2008\/04\/ferhat-dinosha.thumbnail.jpg\"},{\"@type\":\"WebPage\",\"@id\":\"https:\/\/www.visit-ulcinj.com\/blog\/2008\/05\/05\/partite-joshqiptare-kunder-ferhat-dinoshes\/#webpage\",\"url\":\"https:\/\/www.visit-ulcinj.com\/blog\/2008\/05\/05\/partite-joshqiptare-kunder-ferhat-dinoshes\/\",\"name\":\"Partit\u00eb joshqiptare kund\u00ebr Ferhat Dinosh\u00ebs - Lajme nga Ulqini\",\"isPartOf\":{\"@id\":\"https:\/\/www.visit-ulcinj.com\/blog\/#website\"},\"primaryImageOfPage\":{\"@id\":\"https:\/\/www.visit-ulcinj.com\/blog\/2008\/05\/05\/partite-joshqiptare-kunder-ferhat-dinoshes\/#primaryimage\"},\"datePublished\":\"2008-05-05T11:12:34+00:00\",\"dateModified\":\"2008-05-05T11:12:34+00:00\",\"author\":{\"@id\":\"https:\/\/www.visit-ulcinj.com\/blog\/#\/schema\/person\/dcab619c614d3038751c63bc2aadc06d\"},\"breadcrumb\":{\"@id\":\"https:\/\/www.visit-ulcinj.com\/blog\/2008\/05\/05\/partite-joshqiptare-kunder-ferhat-dinoshes\/#breadcrumb\"},\"inLanguage\":\"en-US\",\"potentialAction\":[{\"@type\":\"ReadAction\",\"target\":[\"https:\/\/www.visit-ulcinj.com\/blog\/2008\/05\/05\/partite-joshqiptare-kunder-ferhat-dinoshes\/\"]}]},{\"@type\":\"BreadcrumbList\",\"@id\":\"https:\/\/www.visit-ulcinj.com\/blog\/2008\/05\/05\/partite-joshqiptare-kunder-ferhat-dinoshes\/#breadcrumb\",\"itemListElement\":[{\"@type\":\"ListItem\",\"position\":1,\"name\":\"Partit\u00eb joshqiptare kund\u00ebr Ferhat Dinosh\u00ebs\"}]},{\"@type\":\"Person\",\"@id\":\"https:\/\/www.visit-ulcinj.com\/blog\/#\/schema\/person\/dcab619c614d3038751c63bc2aadc06d\",\"name\":\"ulqini\",\"sameAs\":[\"http:\/\/www.visit-ulcinj.com\"],\"url\":\"https:\/\/www.visit-ulcinj.com\/blog\/author\/admin\/\"}]}<\/script>\n<!-- \/ Yoast SEO plugin. -->","yoast_head_json":{"title":"Partit\u00eb joshqiptare kund\u00ebr Ferhat Dinosh\u00ebs - Lajme nga Ulqini","robots":{"index":"index","follow":"follow","max-snippet":"max-snippet:-1","max-image-preview":"max-image-preview:large","max-video-preview":"max-video-preview:-1"},"canonical":"https:\/\/www.visit-ulcinj.com\/blog\/2008\/05\/05\/partite-joshqiptare-kunder-ferhat-dinoshes\/","og_locale":"en_US","og_type":"article","og_title":"Partit\u00eb joshqiptare kund\u00ebr Ferhat Dinosh\u00ebs - Lajme nga Ulqini","og_url":"https:\/\/www.visit-ulcinj.com\/blog\/2008\/05\/05\/partite-joshqiptare-kunder-ferhat-dinoshes\/","og_site_name":"Lajme nga Ulqini","article_published_time":"2008-05-05T11:12:34+00:00","og_image":[{"url":"http:\/\/www.visit-ulcinj.com\/blog\/wp-content\/uploads\/2008\/04\/ferhat-dinosha.thumbnail.jpg"}],"twitter_misc":{"Written by":"ulqini","Est. reading time":"2 minutes"},"schema":{"@context":"https:\/\/schema.org","@graph":[{"@type":"WebSite","@id":"https:\/\/www.visit-ulcinj.com\/blog\/#website","url":"https:\/\/www.visit-ulcinj.com\/blog\/","name":"Lajme nga Ulqini","description":"Lajme,Vijesti,Ulqini,Ulqin,Crna Gora,Mali i Zi","potentialAction":[{"@type":"SearchAction","target":{"@type":"EntryPoint","urlTemplate":"https:\/\/www.visit-ulcinj.com\/blog\/?s={search_term_string}"},"query-input":"required name=search_term_string"}],"inLanguage":"en-US"},{"@type":"ImageObject","inLanguage":"en-US","@id":"https:\/\/www.visit-ulcinj.com\/blog\/2008\/05\/05\/partite-joshqiptare-kunder-ferhat-dinoshes\/#primaryimage","url":"http:\/\/www.visit-ulcinj.com\/blog\/wp-content\/uploads\/2008\/04\/ferhat-dinosha.thumbnail.jpg","contentUrl":"http:\/\/www.visit-ulcinj.com\/blog\/wp-content\/uploads\/2008\/04\/ferhat-dinosha.thumbnail.jpg"},{"@type":"WebPage","@id":"https:\/\/www.visit-ulcinj.com\/blog\/2008\/05\/05\/partite-joshqiptare-kunder-ferhat-dinoshes\/#webpage","url":"https:\/\/www.visit-ulcinj.com\/blog\/2008\/05\/05\/partite-joshqiptare-kunder-ferhat-dinoshes\/","name":"Partit\u00eb joshqiptare kund\u00ebr Ferhat Dinosh\u00ebs - Lajme nga Ulqini","isPartOf":{"@id":"https:\/\/www.visit-ulcinj.com\/blog\/#website"},"primaryImageOfPage":{"@id":"https:\/\/www.visit-ulcinj.com\/blog\/2008\/05\/05\/partite-joshqiptare-kunder-ferhat-dinoshes\/#primaryimage"},"datePublished":"2008-05-05T11:12:34+00:00","dateModified":"2008-05-05T11:12:34+00:00","author":{"@id":"https:\/\/www.visit-ulcinj.com\/blog\/#\/schema\/person\/dcab619c614d3038751c63bc2aadc06d"},"breadcrumb":{"@id":"https:\/\/www.visit-ulcinj.com\/blog\/2008\/05\/05\/partite-joshqiptare-kunder-ferhat-dinoshes\/#breadcrumb"},"inLanguage":"en-US","potentialAction":[{"@type":"ReadAction","target":["https:\/\/www.visit-ulcinj.com\/blog\/2008\/05\/05\/partite-joshqiptare-kunder-ferhat-dinoshes\/"]}]},{"@type":"BreadcrumbList","@id":"https:\/\/www.visit-ulcinj.com\/blog\/2008\/05\/05\/partite-joshqiptare-kunder-ferhat-dinoshes\/#breadcrumb","itemListElement":[{"@type":"ListItem","position":1,"name":"Partit\u00eb joshqiptare kund\u00ebr Ferhat Dinosh\u00ebs"}]},{"@type":"Person","@id":"https:\/\/www.visit-ulcinj.com\/blog\/#\/schema\/person\/dcab619c614d3038751c63bc2aadc06d","name":"ulqini","sameAs":["http:\/\/www.visit-ulcinj.com"],"url":"https:\/\/www.visit-ulcinj.com\/blog\/author\/admin\/"}]}},"jetpack_featured_media_url":"","jetpack_sharing_enabled":true,"jetpack_shortlink":"https:\/\/wp.me\/pe6lTn-nT","_links":{"self":[{"href":"https:\/\/www.visit-ulcinj.com\/blog\/wp-json\/wp\/v2\/posts\/1481"}],"collection":[{"href":"https:\/\/www.visit-ulcinj.com\/blog\/wp-json\/wp\/v2\/posts"}],"about":[{"href":"https:\/\/www.visit-ulcinj.com\/blog\/wp-json\/wp\/v2\/types\/post"}],"author":[{"embeddable":true,"href":"https:\/\/www.visit-ulcinj.com\/blog\/wp-json\/wp\/v2\/users\/1"}],"replies":[{"embeddable":true,"href":"https:\/\/www.visit-ulcinj.com\/blog\/wp-json\/wp\/v2\/comments?post=1481"}],"version-history":[{"count":0,"href":"https:\/\/www.visit-ulcinj.com\/blog\/wp-json\/wp\/v2\/posts\/1481\/revisions"}],"wp:attachment":[{"href":"https:\/\/www.visit-ulcinj.com\/blog\/wp-json\/wp\/v2\/media?parent=1481"}],"wp:term":[{"taxonomy":"category","embeddable":true,"href":"https:\/\/www.visit-ulcinj.com\/blog\/wp-json\/wp\/v2\/categories?post=1481"},{"taxonomy":"post_tag","embeddable":true,"href":"https:\/\/www.visit-ulcinj.com\/blog\/wp-json\/wp\/v2\/tags?post=1481"}],"curies":[{"name":"wp","href":"https:\/\/api.w.org\/{rel}","templated":true}]}}