{"id":14810,"date":"2009-03-19T20:05:23","date_gmt":"2009-03-19T19:05:23","guid":{"rendered":"http:\/\/www.visit-ulcinj.com\/blog\/?p=14810"},"modified":"2009-03-19T20:05:23","modified_gmt":"2009-03-19T19:05:23","slug":"aida-dhe-adela-inati-shton-inatin","status":"publish","type":"post","link":"https:\/\/www.visit-ulcinj.com\/blog\/2009\/03\/19\/aida-dhe-adela-inati-shton-inatin\/","title":{"rendered":"Aida dhe Adela : Inati shton inatin"},"content":{"rendered":"<p><em><span class=\"newsdate\"><a href=\"http:\/\/www.visit-ulcinj.com\/blog\/wp-content\/uploads\/2009\/03\/adelaaida-ne-zenka.jpg\"><img loading=\"lazy\" class=\"alignleft size-full wp-image-14811\" title=\"adelaaida-ne-zenka-big-brother-albania-2\" src=\"http:\/\/www.visit-ulcinj.com\/blog\/wp-content\/uploads\/2009\/03\/adelaaida-ne-zenka.jpg\" alt=\"adelaaida-ne-zenka-big-brother-albania-2\" width=\"300\" height=\"205\" \/><\/a>18\/03\/09 11:50<\/span><\/em><\/p>\n<p>Aida dhe Adela p\u00ebrballen s\u00ebrish me njera-tjetr\u00ebn. Ato kan\u00eb nj\u00eb debat lidhur me pun\u00ebt e sht\u00ebpis\u00eb q\u00eb i kan\u00eb ndar\u00eb n\u00eb grupe. Aida i thot\u00eb se meq\u00eb \u00ebsht\u00eb radha e tyre, ata duhet t\u2019i b\u00ebjn\u00eb t\u00eb gjitha pun\u00ebt. Adela ia kthen se ata si grup mund t\u00eb b\u00ebjn\u00eb cfar\u00eb t\u00eb duan, pasi edhe kur ishte radha e grupit tjet\u00ebr b\u00ebn\u00eb vet\u00ebm ato pun\u00eb q\u00eb desh\u00ebn. Tonet e vajzave kan\u00eb nota ironie dhe ato shk\u00ebmbejn\u00eb shum\u00eb fjal\u00eb midis tyre. Debati i tyre edhe pse i shkurt\u00ebr, shtoi m\u00eb shum\u00eb qejf mbetjet dhe inatet mes vajzave dhe la vend q\u00eb t\u00eb diskutohet edhe me banor\u00ebt e tjer\u00eb.<\/p>\n","protected":false},"excerpt":{"rendered":"<p>18\/03\/09 11:50 Aida dhe Adela p\u00ebrballen s\u00ebrish me njera-tjetr\u00ebn. Ato kan\u00eb nj\u00eb debat lidhur me pun\u00ebt e sht\u00ebpis\u00eb q\u00eb i kan\u00eb ndar\u00eb n\u00eb grupe. Aida i thot\u00eb se meq\u00eb \u00ebsht\u00eb radha e tyre, ata duhet t\u2019i b\u00ebjn\u00eb t\u00eb gjitha pun\u00ebt. Adela ia kthen se ata si grup mund t\u00eb b\u00ebjn\u00eb cfar\u00eb t\u00eb duan, pasi edhe [&hellip;]<\/p>\n","protected":false},"author":1,"featured_media":0,"comment_status":"open","ping_status":"closed","sticky":false,"template":"","format":"standard","meta":{"spay_email":"","jetpack_publicize_message":"","jetpack_is_tweetstorm":false,"jetpack_publicize_feature_enabled":true},"categories":[6502],"tags":[6736,8170,6537,6883,6516,6712,8171,6891],"jetpack_publicize_connections":[],"yoast_head":"<!-- This site is optimized with the Yoast SEO plugin v19.1 - https:\/\/yoast.com\/wordpress\/plugins\/seo\/ -->\n<title>Aida dhe Adela : Inati shton inatin | Big Brother Albania 2<\/title>\n<meta name=\"description\" content=\"Big Brother Albania 2 - Aida dhe Adela p\u00c3\u00abrballen s\u00c3\u00abrish me njera-tjetr\u00c3\u00abn.\" \/>\n<meta name=\"robots\" content=\"index, follow, max-snippet:-1, max-image-preview:large, max-video-preview:-1\" \/>\n<link rel=\"canonical\" href=\"https:\/\/www.visit-ulcinj.com\/blog\/2009\/03\/19\/aida-dhe-adela-inati-shton-inatin\/\" \/>\n<meta property=\"og:locale\" content=\"en_US\" \/>\n<meta property=\"og:type\" content=\"article\" \/>\n<meta property=\"og:title\" content=\"Aida dhe Adela : Inati shton inatin | Big Brother Albania 2\" \/>\n<meta property=\"og:description\" content=\"Big Brother Albania 2 - Aida dhe Adela p\u00c3\u00abrballen s\u00c3\u00abrish me njera-tjetr\u00c3\u00abn.\" \/>\n<meta property=\"og:url\" content=\"https:\/\/www.visit-ulcinj.com\/blog\/2009\/03\/19\/aida-dhe-adela-inati-shton-inatin\/\" \/>\n<meta property=\"og:site_name\" content=\"Lajme nga Ulqini\" \/>\n<meta property=\"article:published_time\" content=\"2009-03-19T19:05:23+00:00\" \/>\n<meta property=\"og:image\" content=\"http:\/\/www.visit-ulcinj.com\/blog\/wp-content\/uploads\/2009\/03\/adelaaida-ne-zenka.jpg\" \/>\n<meta name=\"twitter:label1\" content=\"Written by\" \/>\n\t<meta name=\"twitter:data1\" content=\"ulqini\" \/>\n\t<meta name=\"twitter:label2\" content=\"Est. reading time\" \/>\n\t<meta name=\"twitter:data2\" content=\"1 minute\" \/>\n<script type=\"application\/ld+json\" class=\"yoast-schema-graph\">{\"@context\":\"https:\/\/schema.org\",\"@graph\":[{\"@type\":\"WebSite\",\"@id\":\"https:\/\/www.visit-ulcinj.com\/blog\/#website\",\"url\":\"https:\/\/www.visit-ulcinj.com\/blog\/\",\"name\":\"Lajme nga Ulqini\",\"description\":\"Lajme,Vijesti,Ulqini,Ulqin,Crna Gora,Mali i Zi\",\"potentialAction\":[{\"@type\":\"SearchAction\",\"target\":{\"@type\":\"EntryPoint\",\"urlTemplate\":\"https:\/\/www.visit-ulcinj.com\/blog\/?s={search_term_string}\"},\"query-input\":\"required name=search_term_string\"}],\"inLanguage\":\"en-US\"},{\"@type\":\"ImageObject\",\"inLanguage\":\"en-US\",\"@id\":\"https:\/\/www.visit-ulcinj.com\/blog\/2009\/03\/19\/aida-dhe-adela-inati-shton-inatin\/#primaryimage\",\"url\":\"http:\/\/www.visit-ulcinj.com\/blog\/wp-content\/uploads\/2009\/03\/adelaaida-ne-zenka.jpg\",\"contentUrl\":\"http:\/\/www.visit-ulcinj.com\/blog\/wp-content\/uploads\/2009\/03\/adelaaida-ne-zenka.jpg\"},{\"@type\":\"WebPage\",\"@id\":\"https:\/\/www.visit-ulcinj.com\/blog\/2009\/03\/19\/aida-dhe-adela-inati-shton-inatin\/#webpage\",\"url\":\"https:\/\/www.visit-ulcinj.com\/blog\/2009\/03\/19\/aida-dhe-adela-inati-shton-inatin\/\",\"name\":\"Aida dhe Adela : Inati shton inatin | Big Brother Albania 2\",\"isPartOf\":{\"@id\":\"https:\/\/www.visit-ulcinj.com\/blog\/#website\"},\"primaryImageOfPage\":{\"@id\":\"https:\/\/www.visit-ulcinj.com\/blog\/2009\/03\/19\/aida-dhe-adela-inati-shton-inatin\/#primaryimage\"},\"datePublished\":\"2009-03-19T19:05:23+00:00\",\"dateModified\":\"2009-03-19T19:05:23+00:00\",\"author\":{\"@id\":\"https:\/\/www.visit-ulcinj.com\/blog\/#\/schema\/person\/dcab619c614d3038751c63bc2aadc06d\"},\"description\":\"Big Brother Albania 2 - Aida dhe Adela p\u00c3\u00abrballen s\u00c3\u00abrish me njera-tjetr\u00c3\u00abn.\",\"breadcrumb\":{\"@id\":\"https:\/\/www.visit-ulcinj.com\/blog\/2009\/03\/19\/aida-dhe-adela-inati-shton-inatin\/#breadcrumb\"},\"inLanguage\":\"en-US\",\"potentialAction\":[{\"@type\":\"ReadAction\",\"target\":[\"https:\/\/www.visit-ulcinj.com\/blog\/2009\/03\/19\/aida-dhe-adela-inati-shton-inatin\/\"]}]},{\"@type\":\"BreadcrumbList\",\"@id\":\"https:\/\/www.visit-ulcinj.com\/blog\/2009\/03\/19\/aida-dhe-adela-inati-shton-inatin\/#breadcrumb\",\"itemListElement\":[{\"@type\":\"ListItem\",\"position\":1,\"name\":\"Aida dhe Adela : Inati shton inatin\"}]},{\"@type\":\"Person\",\"@id\":\"https:\/\/www.visit-ulcinj.com\/blog\/#\/schema\/person\/dcab619c614d3038751c63bc2aadc06d\",\"name\":\"ulqini\",\"sameAs\":[\"http:\/\/www.visit-ulcinj.com\"],\"url\":\"https:\/\/www.visit-ulcinj.com\/blog\/author\/admin\/\"}]}<\/script>\n<!-- \/ Yoast SEO plugin. -->","yoast_head_json":{"title":"Aida dhe Adela : Inati shton inatin | Big Brother Albania 2","description":"Big Brother Albania 2 - Aida dhe Adela p\u00c3\u00abrballen s\u00c3\u00abrish me njera-tjetr\u00c3\u00abn.","robots":{"index":"index","follow":"follow","max-snippet":"max-snippet:-1","max-image-preview":"max-image-preview:large","max-video-preview":"max-video-preview:-1"},"canonical":"https:\/\/www.visit-ulcinj.com\/blog\/2009\/03\/19\/aida-dhe-adela-inati-shton-inatin\/","og_locale":"en_US","og_type":"article","og_title":"Aida dhe Adela : Inati shton inatin | Big Brother Albania 2","og_description":"Big Brother Albania 2 - Aida dhe Adela p\u00c3\u00abrballen s\u00c3\u00abrish me njera-tjetr\u00c3\u00abn.","og_url":"https:\/\/www.visit-ulcinj.com\/blog\/2009\/03\/19\/aida-dhe-adela-inati-shton-inatin\/","og_site_name":"Lajme nga Ulqini","article_published_time":"2009-03-19T19:05:23+00:00","og_image":[{"url":"http:\/\/www.visit-ulcinj.com\/blog\/wp-content\/uploads\/2009\/03\/adelaaida-ne-zenka.jpg"}],"twitter_misc":{"Written by":"ulqini","Est. reading time":"1 minute"},"schema":{"@context":"https:\/\/schema.org","@graph":[{"@type":"WebSite","@id":"https:\/\/www.visit-ulcinj.com\/blog\/#website","url":"https:\/\/www.visit-ulcinj.com\/blog\/","name":"Lajme nga Ulqini","description":"Lajme,Vijesti,Ulqini,Ulqin,Crna Gora,Mali i Zi","potentialAction":[{"@type":"SearchAction","target":{"@type":"EntryPoint","urlTemplate":"https:\/\/www.visit-ulcinj.com\/blog\/?s={search_term_string}"},"query-input":"required name=search_term_string"}],"inLanguage":"en-US"},{"@type":"ImageObject","inLanguage":"en-US","@id":"https:\/\/www.visit-ulcinj.com\/blog\/2009\/03\/19\/aida-dhe-adela-inati-shton-inatin\/#primaryimage","url":"http:\/\/www.visit-ulcinj.com\/blog\/wp-content\/uploads\/2009\/03\/adelaaida-ne-zenka.jpg","contentUrl":"http:\/\/www.visit-ulcinj.com\/blog\/wp-content\/uploads\/2009\/03\/adelaaida-ne-zenka.jpg"},{"@type":"WebPage","@id":"https:\/\/www.visit-ulcinj.com\/blog\/2009\/03\/19\/aida-dhe-adela-inati-shton-inatin\/#webpage","url":"https:\/\/www.visit-ulcinj.com\/blog\/2009\/03\/19\/aida-dhe-adela-inati-shton-inatin\/","name":"Aida dhe Adela : Inati shton inatin | Big Brother Albania 2","isPartOf":{"@id":"https:\/\/www.visit-ulcinj.com\/blog\/#website"},"primaryImageOfPage":{"@id":"https:\/\/www.visit-ulcinj.com\/blog\/2009\/03\/19\/aida-dhe-adela-inati-shton-inatin\/#primaryimage"},"datePublished":"2009-03-19T19:05:23+00:00","dateModified":"2009-03-19T19:05:23+00:00","author":{"@id":"https:\/\/www.visit-ulcinj.com\/blog\/#\/schema\/person\/dcab619c614d3038751c63bc2aadc06d"},"description":"Big Brother Albania 2 - Aida dhe Adela p\u00c3\u00abrballen s\u00c3\u00abrish me njera-tjetr\u00c3\u00abn.","breadcrumb":{"@id":"https:\/\/www.visit-ulcinj.com\/blog\/2009\/03\/19\/aida-dhe-adela-inati-shton-inatin\/#breadcrumb"},"inLanguage":"en-US","potentialAction":[{"@type":"ReadAction","target":["https:\/\/www.visit-ulcinj.com\/blog\/2009\/03\/19\/aida-dhe-adela-inati-shton-inatin\/"]}]},{"@type":"BreadcrumbList","@id":"https:\/\/www.visit-ulcinj.com\/blog\/2009\/03\/19\/aida-dhe-adela-inati-shton-inatin\/#breadcrumb","itemListElement":[{"@type":"ListItem","position":1,"name":"Aida dhe Adela : Inati shton inatin"}]},{"@type":"Person","@id":"https:\/\/www.visit-ulcinj.com\/blog\/#\/schema\/person\/dcab619c614d3038751c63bc2aadc06d","name":"ulqini","sameAs":["http:\/\/www.visit-ulcinj.com"],"url":"https:\/\/www.visit-ulcinj.com\/blog\/author\/admin\/"}]}},"jetpack_featured_media_url":"","jetpack_sharing_enabled":true,"jetpack_shortlink":"https:\/\/wp.me\/pe6lTn-3QS","_links":{"self":[{"href":"https:\/\/www.visit-ulcinj.com\/blog\/wp-json\/wp\/v2\/posts\/14810"}],"collection":[{"href":"https:\/\/www.visit-ulcinj.com\/blog\/wp-json\/wp\/v2\/posts"}],"about":[{"href":"https:\/\/www.visit-ulcinj.com\/blog\/wp-json\/wp\/v2\/types\/post"}],"author":[{"embeddable":true,"href":"https:\/\/www.visit-ulcinj.com\/blog\/wp-json\/wp\/v2\/users\/1"}],"replies":[{"embeddable":true,"href":"https:\/\/www.visit-ulcinj.com\/blog\/wp-json\/wp\/v2\/comments?post=14810"}],"version-history":[{"count":0,"href":"https:\/\/www.visit-ulcinj.com\/blog\/wp-json\/wp\/v2\/posts\/14810\/revisions"}],"wp:attachment":[{"href":"https:\/\/www.visit-ulcinj.com\/blog\/wp-json\/wp\/v2\/media?parent=14810"}],"wp:term":[{"taxonomy":"category","embeddable":true,"href":"https:\/\/www.visit-ulcinj.com\/blog\/wp-json\/wp\/v2\/categories?post=14810"},{"taxonomy":"post_tag","embeddable":true,"href":"https:\/\/www.visit-ulcinj.com\/blog\/wp-json\/wp\/v2\/tags?post=14810"}],"curies":[{"name":"wp","href":"https:\/\/api.w.org\/{rel}","templated":true}]}}