{"id":14814,"date":"2009-03-19T20:10:17","date_gmt":"2009-03-19T19:10:17","guid":{"rendered":"http:\/\/www.visit-ulcinj.com\/blog\/?p=14814"},"modified":"2009-03-19T20:10:17","modified_gmt":"2009-03-19T19:10:17","slug":"aida-dhe-qetsori-nuk-duhej-te-ngaterroheshit","status":"publish","type":"post","link":"https:\/\/www.visit-ulcinj.com\/blog\/2009\/03\/19\/aida-dhe-qetsori-nuk-duhej-te-ngaterroheshit\/","title":{"rendered":"Aida dhe Qetsori : Nuk duhej t\u00eb ngat\u00ebrroheshit"},"content":{"rendered":"<p><em><span class=\"newsdate\"><a href=\"http:\/\/www.visit-ulcinj.com\/blog\/wp-content\/uploads\/2009\/03\/aidasori.jpg\"><img loading=\"lazy\" class=\"alignleft size-full wp-image-14815\" title=\"aida-sori-big-brother-albania-2\" src=\"http:\/\/www.visit-ulcinj.com\/blog\/wp-content\/uploads\/2009\/03\/aidasori.jpg\" alt=\"aida-sori-big-brother-albania-2\" width=\"300\" height=\"205\" \/><\/a>18\/03\/09 12:50<\/span><\/em><\/p>\n<p>Qetsori i k\u00ebrkon Aid\u00ebs q\u00eb t\u00eb flasin t\u00eb dy n\u00eb lidhje me debatin q\u00eb pati pak dit\u00eb m\u00eb par\u00eb me Adel\u00ebn. Qetsori, si fillim, i thot\u00eb se diskutimi i m\u00ebparsh\u00ebm me Adel\u00ebn nuk duhej t\u00eb kishte ndodhur dhe se Aida doli nga vetja me at\u00eb goditje q\u00eb i dha asaj. Aida thot\u00eb se ishte r\u00ebnie n\u00eb nivelin e Adel\u00ebs, por jo goditje e fort\u00eb. Ajo thot\u00eb se e vetmja gj\u00eb q\u00eb mund ta prek\u00eb Adel\u00ebn \u00ebsht\u00eb jo kthyerja e nj\u00eb p\u00ebrgjigje apo kund\u00ebrv\u00ebnie por, nj\u00eb p\u00ebrgjigje e nivelit t\u00eb saj. Aida i tregon se n\u00eb fillim ka dashur ta sensibilizoj\u00eb Adel\u00ebn q\u00eb t\u00eb sillet ndryshe e mos t\u00eb kapet me vog\u00eblsira por, tani k\u00ebrkon q\u00eb ta luftoj\u00eb. Qetsori e v\u00eb n\u00eb dijeni se ai nuk \u00ebsht\u00eb pozicionuar n\u00eb bised\u00ebn p\u00ebr Adin, pasi nuk ka q\u00ebn\u00eb prezent. Ai e pyet Aid\u00ebn se pse i dukej dicka e keqe ta thoshte n\u00ebse ajo kishte dyshuar n\u00eb veprimin e Adit. Aida thot\u00eb se k\u00ebt\u00eb e tha, por Sori i thot\u00eb se ajo nuk e mbrojti deri n\u00eb fund k\u00ebt\u00eb ide por, u kap p\u00ebr gj\u00ebra t\u00eb tjera me Adel\u00ebn. Aida i tregon se ajo nuk kishte arritur as n\u00eb p\u00ebrfundimin se Adi e kishte b\u00ebr\u00eb at\u00eb veprim me q\u00ebllim dhe as se Adi nuk e kishte b\u00ebr\u00eb me q\u00ebllim. Ajo thot\u00eb se nuk i ka hyr\u00eb k\u00ebsaj bisede aq thell\u00eb sa doli at\u00eb nat\u00eb dhe t\u00eb gjitha jan\u00eb hamend\u00ebsime. Aida mendon se t\u00eb tjer\u00ebt ndryshuan pozicionet n\u00eb k\u00ebt\u00eb bised\u00eb, nd\u00ebrsa ajo po mundohej vet\u00ebm q\u00eb ta b\u00ebnte Adel\u00ebn t\u00eb arsyetonte ndryshe. Sori i thot\u00eb se nuk pse ta b\u00ebj\u00eb k\u00ebt\u00eb gj\u00eb ajo, n\u00ebse do t\u00eb gaboj\u00eb, le ta l\u00ebr\u00eb. Sori i thot\u00eb se Aida mundohet gjithmon\u00eb q\u00eb njer\u00ebzit t\u2019i b\u00ebj\u00eb t\u00eb arsyetojn\u00eb, t\u2019i ndihmoj\u00eb, t\u2019i mbroj\u00eb por kjo mund t\u00eb sjell\u00eb konflikte, sic i kandodhur atyre t\u00eb dyve. Aida i thot\u00eb se kjo \u00ebsht\u00eb e v\u00ebrtet\u00eb por, ajo k\u00ebt\u00eb tip ka dhe sjell nd\u00ebrmend konfliktet q\u00eb ka patur edhe me t\u00eb, me Arjonin apo dhe me Adin q\u00eb nuk jan\u00eb konflikte t\u00eb drejt\u00ebp\u00ebrdrejta me t\u00eb. Ajo shton se Adit i \u00ebsht\u00eb th\u00ebn\u00eb se ajo ka dashur t\u00eb shfryt\u00ebzoj\u00eb k\u00ebt\u00eb bised\u00eb p\u00ebr t\u00eb luajtur m\u00eb fort\u00eb. Sori i tregon asaj p\u00ebr k\u00ebndv\u00ebshtrimin e tij n\u00eb k\u00ebt\u00eb situat\u00eb. Ai i thot\u00eb se fajtorja e vetme e k\u00ebsaj situate \u00ebsht\u00eb Moza q\u00eb e ka diskutuar n\u00eb at\u00eb form\u00eb dhe ka luajtur rolin e viktim\u00ebs. Ai mendon se Moza \u00ebsht\u00eb nj\u00ebsoj si ata dhe n\u00ebse do ndihej keq nuk kishte pse t\u00eb qahej tek t\u00eb tjer\u00ebt por, t\u2019i b\u00ebnt\u00eb ball\u00eb vet\u00eb situat\u00ebs. Sori e p\u00ebrcakton Moz\u00ebn si nj\u00eb lojtare shum\u00eb t\u00eb fort\u00eb, madje m\u00eb t\u00eb fort\u00eb se ai dhe se Aida sepse ajo luan qet\u00eb, e karikon situat\u00ebn dhe m\u00eb pas e shkarkon at\u00eb. Aida i jep t\u00eb drejt\u00eb p\u00ebr k\u00ebt\u00eb mendim. Ai i tregon se edhe q\u00ebndrimi i Lirit\u00ebs nuk i ka p\u00eblqyer, pasi nuk u pozicionua sic duhej. Sori i thot\u00eb se ai nuk po e b\u00ebn k\u00ebt\u00eb bised\u00eb q\u00eb ata t\u00eb krijojn\u00eb aleanc\u00eb mes tyre, pasi gjithmon\u00eb do t\u00eb mbeten kund\u00ebrshtar\u00eb. Aida i thot\u00eb se nuk ndihmon asnj\u00eb p\u00ebr ta patur t\u00eb af\u00ebrt ose aleat dhe se nuk mb\u00ebshtetet tek asnj\u00eb. Sori i thot\u00eb se dhe ai i ka th\u00ebn\u00eb Aid\u00ebs q\u00eb do donte t\u00eb dilte ajo por, asnj\u00ebher\u00eb nuk e kan\u00eb shtyr\u00eb m\u00eb tej pasi \u00ebsht\u00eb thjesht nj\u00eb mendim. Ai i thot\u00eb Aid\u00ebs se b\u00ebri gabim q\u00eb krijoi konflikt me t\u00eb tjer\u00ebt p\u00ebr Lirit\u00ebn, pasi k\u00ebshtu rrezikoi vet\u00eb. Aida i thot\u00eb se kjo b\u00ebn pjes\u00eb n\u00eb karakterin e saj dhe kjo gj\u00eb \u00ebsht\u00eb negative p\u00ebr loj\u00ebn q\u00eb po b\u00ebn, pasi nuk duhet t\u00eb nd\u00ebrtoj\u00eb marr\u00ebdh\u00ebnie me t\u00eb tjer\u00ebt sepse rreziokn duke krijuar armiq n\u00eb favor t\u00eb disa miqve. Sori i thot\u00eb se k\u00ebtu nuk kan\u00eb ardhur p\u00ebr t\u00eb b\u00ebr\u00eb miq, por p\u00ebr t\u00eb luajtur e fituar dhe n\u00ebse ai arrin t\u2019i p\u00ebrcaj\u00eb klanet, at\u00ebher\u00eb mund t\u00eb luaj\u00eb me k\u00ebnaq\u00ebsi. Ai k\u00ebrkon q\u00eb q\u00eb sot t\u00eb luajn\u00eb me letra t\u00eb hapura, si n\u00eb nj\u00eb luft\u00eb t\u00eb v\u00ebrtet\u00eb. Aida i thot\u00eb se \u00ebsht\u00eb vet\u00ebm e nuk ka aleat\u00eb.<\/p>\n","protected":false},"excerpt":{"rendered":"<p>18\/03\/09 12:50 Qetsori i k\u00ebrkon Aid\u00ebs q\u00eb t\u00eb flasin t\u00eb dy n\u00eb lidhje me debatin q\u00eb pati pak dit\u00eb m\u00eb par\u00eb me Adel\u00ebn. Qetsori, si fillim, i thot\u00eb se diskutimi i m\u00ebparsh\u00ebm me Adel\u00ebn nuk duhej t\u00eb kishte ndodhur dhe se Aida doli nga vetja me at\u00eb goditje q\u00eb i dha asaj. Aida thot\u00eb se [&hellip;]<\/p>\n","protected":false},"author":1,"featured_media":0,"comment_status":"open","ping_status":"closed","sticky":false,"template":"","format":"standard","meta":{"spay_email":"","jetpack_publicize_message":"","jetpack_is_tweetstorm":false,"jetpack_publicize_feature_enabled":true},"categories":[6502],"tags":[6529,6537,6883,6516,6712,6900,6891],"jetpack_publicize_connections":[],"yoast_head":"<!-- This site is optimized with the Yoast SEO plugin v19.1 - https:\/\/yoast.com\/wordpress\/plugins\/seo\/ -->\n<title>Aida dhe Qetsori : Nuk duhej t\u00c3\u00ab ngat\u00c3\u00abrroheshit | Big Brother Albania 2<\/title>\n<meta name=\"description\" content=\"Big Brother Albania 2 - Qetsori i k\u00c3\u00abrkon Aid\u00c3\u00abs q\u00c3\u00ab t\u00c3\u00ab flasin t\u00c3\u00ab dy n\u00c3\u00ab lidhje me debatin q\u00c3\u00ab pati pak dit\u00c3\u00ab m\u00c3\u00ab par\u00c3\u00ab me Adel\u00c3\u00abn.\" \/>\n<meta name=\"robots\" content=\"index, follow, max-snippet:-1, max-image-preview:large, max-video-preview:-1\" \/>\n<link rel=\"canonical\" href=\"https:\/\/www.visit-ulcinj.com\/blog\/2009\/03\/19\/aida-dhe-qetsori-nuk-duhej-te-ngaterroheshit\/\" \/>\n<meta property=\"og:locale\" content=\"en_US\" \/>\n<meta property=\"og:type\" content=\"article\" \/>\n<meta property=\"og:title\" content=\"Aida dhe Qetsori : Nuk duhej t\u00c3\u00ab ngat\u00c3\u00abrroheshit | Big Brother Albania 2\" \/>\n<meta property=\"og:description\" content=\"Big Brother Albania 2 - Qetsori i k\u00c3\u00abrkon Aid\u00c3\u00abs q\u00c3\u00ab t\u00c3\u00ab flasin t\u00c3\u00ab dy n\u00c3\u00ab lidhje me debatin q\u00c3\u00ab pati pak dit\u00c3\u00ab m\u00c3\u00ab par\u00c3\u00ab me Adel\u00c3\u00abn.\" \/>\n<meta property=\"og:url\" content=\"https:\/\/www.visit-ulcinj.com\/blog\/2009\/03\/19\/aida-dhe-qetsori-nuk-duhej-te-ngaterroheshit\/\" \/>\n<meta property=\"og:site_name\" content=\"Lajme nga Ulqini\" \/>\n<meta property=\"article:published_time\" content=\"2009-03-19T19:10:17+00:00\" \/>\n<meta property=\"og:image\" content=\"http:\/\/www.visit-ulcinj.com\/blog\/wp-content\/uploads\/2009\/03\/aidasori.jpg\" \/>\n<meta name=\"twitter:label1\" content=\"Written by\" \/>\n\t<meta name=\"twitter:data1\" content=\"ulqini\" \/>\n\t<meta name=\"twitter:label2\" content=\"Est. reading time\" \/>\n\t<meta name=\"twitter:data2\" content=\"4 minutes\" \/>\n<script type=\"application\/ld+json\" class=\"yoast-schema-graph\">{\"@context\":\"https:\/\/schema.org\",\"@graph\":[{\"@type\":\"WebSite\",\"@id\":\"https:\/\/www.visit-ulcinj.com\/blog\/#website\",\"url\":\"https:\/\/www.visit-ulcinj.com\/blog\/\",\"name\":\"Lajme nga Ulqini\",\"description\":\"Lajme,Vijesti,Ulqini,Ulqin,Crna Gora,Mali i Zi\",\"potentialAction\":[{\"@type\":\"SearchAction\",\"target\":{\"@type\":\"EntryPoint\",\"urlTemplate\":\"https:\/\/www.visit-ulcinj.com\/blog\/?s={search_term_string}\"},\"query-input\":\"required name=search_term_string\"}],\"inLanguage\":\"en-US\"},{\"@type\":\"ImageObject\",\"inLanguage\":\"en-US\",\"@id\":\"https:\/\/www.visit-ulcinj.com\/blog\/2009\/03\/19\/aida-dhe-qetsori-nuk-duhej-te-ngaterroheshit\/#primaryimage\",\"url\":\"http:\/\/www.visit-ulcinj.com\/blog\/wp-content\/uploads\/2009\/03\/aidasori.jpg\",\"contentUrl\":\"http:\/\/www.visit-ulcinj.com\/blog\/wp-content\/uploads\/2009\/03\/aidasori.jpg\"},{\"@type\":\"WebPage\",\"@id\":\"https:\/\/www.visit-ulcinj.com\/blog\/2009\/03\/19\/aida-dhe-qetsori-nuk-duhej-te-ngaterroheshit\/#webpage\",\"url\":\"https:\/\/www.visit-ulcinj.com\/blog\/2009\/03\/19\/aida-dhe-qetsori-nuk-duhej-te-ngaterroheshit\/\",\"name\":\"Aida dhe Qetsori : Nuk duhej t\u00c3\u00ab ngat\u00c3\u00abrroheshit | Big Brother Albania 2\",\"isPartOf\":{\"@id\":\"https:\/\/www.visit-ulcinj.com\/blog\/#website\"},\"primaryImageOfPage\":{\"@id\":\"https:\/\/www.visit-ulcinj.com\/blog\/2009\/03\/19\/aida-dhe-qetsori-nuk-duhej-te-ngaterroheshit\/#primaryimage\"},\"datePublished\":\"2009-03-19T19:10:17+00:00\",\"dateModified\":\"2009-03-19T19:10:17+00:00\",\"author\":{\"@id\":\"https:\/\/www.visit-ulcinj.com\/blog\/#\/schema\/person\/dcab619c614d3038751c63bc2aadc06d\"},\"description\":\"Big Brother Albania 2 - Qetsori i k\u00c3\u00abrkon Aid\u00c3\u00abs q\u00c3\u00ab t\u00c3\u00ab flasin t\u00c3\u00ab dy n\u00c3\u00ab lidhje me debatin q\u00c3\u00ab pati pak dit\u00c3\u00ab m\u00c3\u00ab par\u00c3\u00ab me Adel\u00c3\u00abn.\",\"breadcrumb\":{\"@id\":\"https:\/\/www.visit-ulcinj.com\/blog\/2009\/03\/19\/aida-dhe-qetsori-nuk-duhej-te-ngaterroheshit\/#breadcrumb\"},\"inLanguage\":\"en-US\",\"potentialAction\":[{\"@type\":\"ReadAction\",\"target\":[\"https:\/\/www.visit-ulcinj.com\/blog\/2009\/03\/19\/aida-dhe-qetsori-nuk-duhej-te-ngaterroheshit\/\"]}]},{\"@type\":\"BreadcrumbList\",\"@id\":\"https:\/\/www.visit-ulcinj.com\/blog\/2009\/03\/19\/aida-dhe-qetsori-nuk-duhej-te-ngaterroheshit\/#breadcrumb\",\"itemListElement\":[{\"@type\":\"ListItem\",\"position\":1,\"name\":\"Aida dhe Qetsori : Nuk duhej t\u00eb ngat\u00ebrroheshit\"}]},{\"@type\":\"Person\",\"@id\":\"https:\/\/www.visit-ulcinj.com\/blog\/#\/schema\/person\/dcab619c614d3038751c63bc2aadc06d\",\"name\":\"ulqini\",\"sameAs\":[\"http:\/\/www.visit-ulcinj.com\"],\"url\":\"https:\/\/www.visit-ulcinj.com\/blog\/author\/admin\/\"}]}<\/script>\n<!-- \/ Yoast SEO plugin. -->","yoast_head_json":{"title":"Aida dhe Qetsori : Nuk duhej t\u00c3\u00ab ngat\u00c3\u00abrroheshit | Big Brother Albania 2","description":"Big Brother Albania 2 - Qetsori i k\u00c3\u00abrkon Aid\u00c3\u00abs q\u00c3\u00ab t\u00c3\u00ab flasin t\u00c3\u00ab dy n\u00c3\u00ab lidhje me debatin q\u00c3\u00ab pati pak dit\u00c3\u00ab m\u00c3\u00ab par\u00c3\u00ab me Adel\u00c3\u00abn.","robots":{"index":"index","follow":"follow","max-snippet":"max-snippet:-1","max-image-preview":"max-image-preview:large","max-video-preview":"max-video-preview:-1"},"canonical":"https:\/\/www.visit-ulcinj.com\/blog\/2009\/03\/19\/aida-dhe-qetsori-nuk-duhej-te-ngaterroheshit\/","og_locale":"en_US","og_type":"article","og_title":"Aida dhe Qetsori : Nuk duhej t\u00c3\u00ab ngat\u00c3\u00abrroheshit | Big Brother Albania 2","og_description":"Big Brother Albania 2 - Qetsori i k\u00c3\u00abrkon Aid\u00c3\u00abs q\u00c3\u00ab t\u00c3\u00ab flasin t\u00c3\u00ab dy n\u00c3\u00ab lidhje me debatin q\u00c3\u00ab pati pak dit\u00c3\u00ab m\u00c3\u00ab par\u00c3\u00ab me Adel\u00c3\u00abn.","og_url":"https:\/\/www.visit-ulcinj.com\/blog\/2009\/03\/19\/aida-dhe-qetsori-nuk-duhej-te-ngaterroheshit\/","og_site_name":"Lajme nga Ulqini","article_published_time":"2009-03-19T19:10:17+00:00","og_image":[{"url":"http:\/\/www.visit-ulcinj.com\/blog\/wp-content\/uploads\/2009\/03\/aidasori.jpg"}],"twitter_misc":{"Written by":"ulqini","Est. reading time":"4 minutes"},"schema":{"@context":"https:\/\/schema.org","@graph":[{"@type":"WebSite","@id":"https:\/\/www.visit-ulcinj.com\/blog\/#website","url":"https:\/\/www.visit-ulcinj.com\/blog\/","name":"Lajme nga Ulqini","description":"Lajme,Vijesti,Ulqini,Ulqin,Crna Gora,Mali i Zi","potentialAction":[{"@type":"SearchAction","target":{"@type":"EntryPoint","urlTemplate":"https:\/\/www.visit-ulcinj.com\/blog\/?s={search_term_string}"},"query-input":"required name=search_term_string"}],"inLanguage":"en-US"},{"@type":"ImageObject","inLanguage":"en-US","@id":"https:\/\/www.visit-ulcinj.com\/blog\/2009\/03\/19\/aida-dhe-qetsori-nuk-duhej-te-ngaterroheshit\/#primaryimage","url":"http:\/\/www.visit-ulcinj.com\/blog\/wp-content\/uploads\/2009\/03\/aidasori.jpg","contentUrl":"http:\/\/www.visit-ulcinj.com\/blog\/wp-content\/uploads\/2009\/03\/aidasori.jpg"},{"@type":"WebPage","@id":"https:\/\/www.visit-ulcinj.com\/blog\/2009\/03\/19\/aida-dhe-qetsori-nuk-duhej-te-ngaterroheshit\/#webpage","url":"https:\/\/www.visit-ulcinj.com\/blog\/2009\/03\/19\/aida-dhe-qetsori-nuk-duhej-te-ngaterroheshit\/","name":"Aida dhe Qetsori : Nuk duhej t\u00c3\u00ab ngat\u00c3\u00abrroheshit | Big Brother Albania 2","isPartOf":{"@id":"https:\/\/www.visit-ulcinj.com\/blog\/#website"},"primaryImageOfPage":{"@id":"https:\/\/www.visit-ulcinj.com\/blog\/2009\/03\/19\/aida-dhe-qetsori-nuk-duhej-te-ngaterroheshit\/#primaryimage"},"datePublished":"2009-03-19T19:10:17+00:00","dateModified":"2009-03-19T19:10:17+00:00","author":{"@id":"https:\/\/www.visit-ulcinj.com\/blog\/#\/schema\/person\/dcab619c614d3038751c63bc2aadc06d"},"description":"Big Brother Albania 2 - Qetsori i k\u00c3\u00abrkon Aid\u00c3\u00abs q\u00c3\u00ab t\u00c3\u00ab flasin t\u00c3\u00ab dy n\u00c3\u00ab lidhje me debatin q\u00c3\u00ab pati pak dit\u00c3\u00ab m\u00c3\u00ab par\u00c3\u00ab me Adel\u00c3\u00abn.","breadcrumb":{"@id":"https:\/\/www.visit-ulcinj.com\/blog\/2009\/03\/19\/aida-dhe-qetsori-nuk-duhej-te-ngaterroheshit\/#breadcrumb"},"inLanguage":"en-US","potentialAction":[{"@type":"ReadAction","target":["https:\/\/www.visit-ulcinj.com\/blog\/2009\/03\/19\/aida-dhe-qetsori-nuk-duhej-te-ngaterroheshit\/"]}]},{"@type":"BreadcrumbList","@id":"https:\/\/www.visit-ulcinj.com\/blog\/2009\/03\/19\/aida-dhe-qetsori-nuk-duhej-te-ngaterroheshit\/#breadcrumb","itemListElement":[{"@type":"ListItem","position":1,"name":"Aida dhe Qetsori : Nuk duhej t\u00eb ngat\u00ebrroheshit"}]},{"@type":"Person","@id":"https:\/\/www.visit-ulcinj.com\/blog\/#\/schema\/person\/dcab619c614d3038751c63bc2aadc06d","name":"ulqini","sameAs":["http:\/\/www.visit-ulcinj.com"],"url":"https:\/\/www.visit-ulcinj.com\/blog\/author\/admin\/"}]}},"jetpack_featured_media_url":"","jetpack_sharing_enabled":true,"jetpack_shortlink":"https:\/\/wp.me\/pe6lTn-3QW","_links":{"self":[{"href":"https:\/\/www.visit-ulcinj.com\/blog\/wp-json\/wp\/v2\/posts\/14814"}],"collection":[{"href":"https:\/\/www.visit-ulcinj.com\/blog\/wp-json\/wp\/v2\/posts"}],"about":[{"href":"https:\/\/www.visit-ulcinj.com\/blog\/wp-json\/wp\/v2\/types\/post"}],"author":[{"embeddable":true,"href":"https:\/\/www.visit-ulcinj.com\/blog\/wp-json\/wp\/v2\/users\/1"}],"replies":[{"embeddable":true,"href":"https:\/\/www.visit-ulcinj.com\/blog\/wp-json\/wp\/v2\/comments?post=14814"}],"version-history":[{"count":0,"href":"https:\/\/www.visit-ulcinj.com\/blog\/wp-json\/wp\/v2\/posts\/14814\/revisions"}],"wp:attachment":[{"href":"https:\/\/www.visit-ulcinj.com\/blog\/wp-json\/wp\/v2\/media?parent=14814"}],"wp:term":[{"taxonomy":"category","embeddable":true,"href":"https:\/\/www.visit-ulcinj.com\/blog\/wp-json\/wp\/v2\/categories?post=14814"},{"taxonomy":"post_tag","embeddable":true,"href":"https:\/\/www.visit-ulcinj.com\/blog\/wp-json\/wp\/v2\/tags?post=14814"}],"curies":[{"name":"wp","href":"https:\/\/api.w.org\/{rel}","templated":true}]}}