{"id":14817,"date":"2009-03-19T20:16:41","date_gmt":"2009-03-19T19:16:41","guid":{"rendered":"http:\/\/www.visit-ulcinj.com\/blog\/?p=14817"},"modified":"2009-03-19T20:16:41","modified_gmt":"2009-03-19T19:16:41","slug":"aida-dhe-dritani-nuk-kam-pse-te-pozicionohem","status":"publish","type":"post","link":"https:\/\/www.visit-ulcinj.com\/blog\/2009\/03\/19\/aida-dhe-dritani-nuk-kam-pse-te-pozicionohem\/","title":{"rendered":"Aida dhe Dritani : Nuk kam pse t\u00eb pozicionohem"},"content":{"rendered":"<p><em><a href=\"http:\/\/www.visit-ulcinj.com\/blog\/wp-content\/uploads\/2009\/03\/aida-tani.jpg\"><img loading=\"lazy\" class=\"alignleft size-full wp-image-14818\" title=\"aida-tani-big-brother-albania-2\" src=\"http:\/\/www.visit-ulcinj.com\/blog\/wp-content\/uploads\/2009\/03\/aida-tani.jpg\" alt=\"aida-tani-big-brother-albania-2\" width=\"300\" height=\"205\" \/><\/a>18\/03\/09 13:50<\/em><br \/>\nAida ngacmon Dritanin dhe i thot\u00eb se ai nuk ka qejf t\u00eb pozicionohet. Dritani i thot\u00eb se do t\u00eb pozicionohet at\u00ebher\u00eb kur ta shoh\u00eb t\u00eb arsyeshme, por jo se e ka me frik\u00eb. Aida i jep t\u00eb drejt\u00eb por i thot\u00eb se ai ka marr\u00eb disa ngjyra poziconimi. Dritani mendon se n\u00ebse e ka fjal\u00ebn p\u00ebr debatin e saj, ai nuk ka pse t\u00eb pozicionohet pasi nuk i takon. Ai i thot\u00eb se ajo po i duket disi e t\u00ebrhequr. Aida vazhdon t\u2019i thot\u00eb se ajo nuk e keqkupton k\u00ebt\u00eb gj\u00eb por, mund t\u00eb ket\u00eb t\u00eb tjer\u00eb q\u00eb mund ta keqkuptojn\u00eb k\u00ebt\u00eb q\u00ebndrim t\u00eb tij. Dritani thot\u00eb se mendimet e tija i ka shprehur gjithmon\u00eb dhe nuk ka frik\u00eb se kjo mund t\u2019i shkaktoj\u00eb konflikte, por n\u00eb k\u00ebt\u00eb rast nuk e ka par\u00eb t\u00eb arsyeshme.<\/p>\n","protected":false},"excerpt":{"rendered":"<p>18\/03\/09 13:50 Aida ngacmon Dritanin dhe i thot\u00eb se ai nuk ka qejf t\u00eb pozicionohet. Dritani i thot\u00eb se do t\u00eb pozicionohet at\u00ebher\u00eb kur ta shoh\u00eb t\u00eb arsyeshme, por jo se e ka me frik\u00eb. Aida i jep t\u00eb drejt\u00eb por i thot\u00eb se ai ka marr\u00eb disa ngjyra poziconimi. Dritani mendon se n\u00ebse e [&hellip;]<\/p>\n","protected":false},"author":1,"featured_media":0,"comment_status":"open","ping_status":"closed","sticky":false,"template":"","format":"standard","meta":{"spay_email":"","jetpack_publicize_message":"","jetpack_is_tweetstorm":false,"jetpack_publicize_feature_enabled":true},"categories":[6502],"tags":[6537,6883,6516,6712,6521,6891],"jetpack_publicize_connections":[],"yoast_head":"<!-- This site is optimized with the Yoast SEO plugin v19.1 - https:\/\/yoast.com\/wordpress\/plugins\/seo\/ -->\n<title>Aida dhe Dritni : Nuk kam pse t\u00c3\u00ab pozicionohem | Big Brother Albania 2<\/title>\n<meta name=\"description\" content=\"Big Brother Albania 2 - Aida ngacmon Dritanin dhe i thot\u00c3\u00ab se ai nuk ka qejf t\u00c3\u00ab pozicionohet. Dritani i thot\u00c3\u00ab se do t\u00c3\u00ab pozicionohet at\u00c3\u00abher\u00c3\u00ab kur ta shoh\u00c3\u00ab t\u00c3\u00ab arsyeshme, por jo se e ka me frik\u00c3\u00ab.\" \/>\n<meta name=\"robots\" content=\"index, follow, max-snippet:-1, max-image-preview:large, max-video-preview:-1\" \/>\n<link rel=\"canonical\" href=\"https:\/\/www.visit-ulcinj.com\/blog\/2009\/03\/19\/aida-dhe-dritani-nuk-kam-pse-te-pozicionohem\/\" \/>\n<meta property=\"og:locale\" content=\"en_US\" \/>\n<meta property=\"og:type\" content=\"article\" \/>\n<meta property=\"og:title\" content=\"Aida dhe Dritni : Nuk kam pse t\u00c3\u00ab pozicionohem | Big Brother Albania 2\" \/>\n<meta property=\"og:description\" content=\"Big Brother Albania 2 - Aida ngacmon Dritanin dhe i thot\u00c3\u00ab se ai nuk ka qejf t\u00c3\u00ab pozicionohet. Dritani i thot\u00c3\u00ab se do t\u00c3\u00ab pozicionohet at\u00c3\u00abher\u00c3\u00ab kur ta shoh\u00c3\u00ab t\u00c3\u00ab arsyeshme, por jo se e ka me frik\u00c3\u00ab.\" \/>\n<meta property=\"og:url\" content=\"https:\/\/www.visit-ulcinj.com\/blog\/2009\/03\/19\/aida-dhe-dritani-nuk-kam-pse-te-pozicionohem\/\" \/>\n<meta property=\"og:site_name\" content=\"Lajme nga Ulqini\" \/>\n<meta property=\"article:published_time\" content=\"2009-03-19T19:16:41+00:00\" \/>\n<meta property=\"og:image\" content=\"http:\/\/www.visit-ulcinj.com\/blog\/wp-content\/uploads\/2009\/03\/aida-tani.jpg\" \/>\n<meta name=\"twitter:label1\" content=\"Written by\" \/>\n\t<meta name=\"twitter:data1\" content=\"ulqini\" \/>\n\t<meta name=\"twitter:label2\" content=\"Est. reading time\" \/>\n\t<meta name=\"twitter:data2\" content=\"1 minute\" \/>\n<script type=\"application\/ld+json\" class=\"yoast-schema-graph\">{\"@context\":\"https:\/\/schema.org\",\"@graph\":[{\"@type\":\"WebSite\",\"@id\":\"https:\/\/www.visit-ulcinj.com\/blog\/#website\",\"url\":\"https:\/\/www.visit-ulcinj.com\/blog\/\",\"name\":\"Lajme nga Ulqini\",\"description\":\"Lajme,Vijesti,Ulqini,Ulqin,Crna Gora,Mali i Zi\",\"potentialAction\":[{\"@type\":\"SearchAction\",\"target\":{\"@type\":\"EntryPoint\",\"urlTemplate\":\"https:\/\/www.visit-ulcinj.com\/blog\/?s={search_term_string}\"},\"query-input\":\"required name=search_term_string\"}],\"inLanguage\":\"en-US\"},{\"@type\":\"ImageObject\",\"inLanguage\":\"en-US\",\"@id\":\"https:\/\/www.visit-ulcinj.com\/blog\/2009\/03\/19\/aida-dhe-dritani-nuk-kam-pse-te-pozicionohem\/#primaryimage\",\"url\":\"http:\/\/www.visit-ulcinj.com\/blog\/wp-content\/uploads\/2009\/03\/aida-tani.jpg\",\"contentUrl\":\"http:\/\/www.visit-ulcinj.com\/blog\/wp-content\/uploads\/2009\/03\/aida-tani.jpg\"},{\"@type\":\"WebPage\",\"@id\":\"https:\/\/www.visit-ulcinj.com\/blog\/2009\/03\/19\/aida-dhe-dritani-nuk-kam-pse-te-pozicionohem\/#webpage\",\"url\":\"https:\/\/www.visit-ulcinj.com\/blog\/2009\/03\/19\/aida-dhe-dritani-nuk-kam-pse-te-pozicionohem\/\",\"name\":\"Aida dhe Dritni : Nuk kam pse t\u00c3\u00ab pozicionohem | Big Brother Albania 2\",\"isPartOf\":{\"@id\":\"https:\/\/www.visit-ulcinj.com\/blog\/#website\"},\"primaryImageOfPage\":{\"@id\":\"https:\/\/www.visit-ulcinj.com\/blog\/2009\/03\/19\/aida-dhe-dritani-nuk-kam-pse-te-pozicionohem\/#primaryimage\"},\"datePublished\":\"2009-03-19T19:16:41+00:00\",\"dateModified\":\"2009-03-19T19:16:41+00:00\",\"author\":{\"@id\":\"https:\/\/www.visit-ulcinj.com\/blog\/#\/schema\/person\/dcab619c614d3038751c63bc2aadc06d\"},\"description\":\"Big Brother Albania 2 - Aida ngacmon Dritanin dhe i thot\u00c3\u00ab se ai nuk ka qejf t\u00c3\u00ab pozicionohet. Dritani i thot\u00c3\u00ab se do t\u00c3\u00ab pozicionohet at\u00c3\u00abher\u00c3\u00ab kur ta shoh\u00c3\u00ab t\u00c3\u00ab arsyeshme, por jo se e ka me frik\u00c3\u00ab.\",\"breadcrumb\":{\"@id\":\"https:\/\/www.visit-ulcinj.com\/blog\/2009\/03\/19\/aida-dhe-dritani-nuk-kam-pse-te-pozicionohem\/#breadcrumb\"},\"inLanguage\":\"en-US\",\"potentialAction\":[{\"@type\":\"ReadAction\",\"target\":[\"https:\/\/www.visit-ulcinj.com\/blog\/2009\/03\/19\/aida-dhe-dritani-nuk-kam-pse-te-pozicionohem\/\"]}]},{\"@type\":\"BreadcrumbList\",\"@id\":\"https:\/\/www.visit-ulcinj.com\/blog\/2009\/03\/19\/aida-dhe-dritani-nuk-kam-pse-te-pozicionohem\/#breadcrumb\",\"itemListElement\":[{\"@type\":\"ListItem\",\"position\":1,\"name\":\"Aida dhe Dritani : Nuk kam pse t\u00eb pozicionohem\"}]},{\"@type\":\"Person\",\"@id\":\"https:\/\/www.visit-ulcinj.com\/blog\/#\/schema\/person\/dcab619c614d3038751c63bc2aadc06d\",\"name\":\"ulqini\",\"sameAs\":[\"http:\/\/www.visit-ulcinj.com\"],\"url\":\"https:\/\/www.visit-ulcinj.com\/blog\/author\/admin\/\"}]}<\/script>\n<!-- \/ Yoast SEO plugin. -->","yoast_head_json":{"title":"Aida dhe Dritni : Nuk kam pse t\u00c3\u00ab pozicionohem | Big Brother Albania 2","description":"Big Brother Albania 2 - Aida ngacmon Dritanin dhe i thot\u00c3\u00ab se ai nuk ka qejf t\u00c3\u00ab pozicionohet. Dritani i thot\u00c3\u00ab se do t\u00c3\u00ab pozicionohet at\u00c3\u00abher\u00c3\u00ab kur ta shoh\u00c3\u00ab t\u00c3\u00ab arsyeshme, por jo se e ka me frik\u00c3\u00ab.","robots":{"index":"index","follow":"follow","max-snippet":"max-snippet:-1","max-image-preview":"max-image-preview:large","max-video-preview":"max-video-preview:-1"},"canonical":"https:\/\/www.visit-ulcinj.com\/blog\/2009\/03\/19\/aida-dhe-dritani-nuk-kam-pse-te-pozicionohem\/","og_locale":"en_US","og_type":"article","og_title":"Aida dhe Dritni : Nuk kam pse t\u00c3\u00ab pozicionohem | Big Brother Albania 2","og_description":"Big Brother Albania 2 - Aida ngacmon Dritanin dhe i thot\u00c3\u00ab se ai nuk ka qejf t\u00c3\u00ab pozicionohet. Dritani i thot\u00c3\u00ab se do t\u00c3\u00ab pozicionohet at\u00c3\u00abher\u00c3\u00ab kur ta shoh\u00c3\u00ab t\u00c3\u00ab arsyeshme, por jo se e ka me frik\u00c3\u00ab.","og_url":"https:\/\/www.visit-ulcinj.com\/blog\/2009\/03\/19\/aida-dhe-dritani-nuk-kam-pse-te-pozicionohem\/","og_site_name":"Lajme nga Ulqini","article_published_time":"2009-03-19T19:16:41+00:00","og_image":[{"url":"http:\/\/www.visit-ulcinj.com\/blog\/wp-content\/uploads\/2009\/03\/aida-tani.jpg"}],"twitter_misc":{"Written by":"ulqini","Est. reading time":"1 minute"},"schema":{"@context":"https:\/\/schema.org","@graph":[{"@type":"WebSite","@id":"https:\/\/www.visit-ulcinj.com\/blog\/#website","url":"https:\/\/www.visit-ulcinj.com\/blog\/","name":"Lajme nga Ulqini","description":"Lajme,Vijesti,Ulqini,Ulqin,Crna Gora,Mali i Zi","potentialAction":[{"@type":"SearchAction","target":{"@type":"EntryPoint","urlTemplate":"https:\/\/www.visit-ulcinj.com\/blog\/?s={search_term_string}"},"query-input":"required name=search_term_string"}],"inLanguage":"en-US"},{"@type":"ImageObject","inLanguage":"en-US","@id":"https:\/\/www.visit-ulcinj.com\/blog\/2009\/03\/19\/aida-dhe-dritani-nuk-kam-pse-te-pozicionohem\/#primaryimage","url":"http:\/\/www.visit-ulcinj.com\/blog\/wp-content\/uploads\/2009\/03\/aida-tani.jpg","contentUrl":"http:\/\/www.visit-ulcinj.com\/blog\/wp-content\/uploads\/2009\/03\/aida-tani.jpg"},{"@type":"WebPage","@id":"https:\/\/www.visit-ulcinj.com\/blog\/2009\/03\/19\/aida-dhe-dritani-nuk-kam-pse-te-pozicionohem\/#webpage","url":"https:\/\/www.visit-ulcinj.com\/blog\/2009\/03\/19\/aida-dhe-dritani-nuk-kam-pse-te-pozicionohem\/","name":"Aida dhe Dritni : Nuk kam pse t\u00c3\u00ab pozicionohem | Big Brother Albania 2","isPartOf":{"@id":"https:\/\/www.visit-ulcinj.com\/blog\/#website"},"primaryImageOfPage":{"@id":"https:\/\/www.visit-ulcinj.com\/blog\/2009\/03\/19\/aida-dhe-dritani-nuk-kam-pse-te-pozicionohem\/#primaryimage"},"datePublished":"2009-03-19T19:16:41+00:00","dateModified":"2009-03-19T19:16:41+00:00","author":{"@id":"https:\/\/www.visit-ulcinj.com\/blog\/#\/schema\/person\/dcab619c614d3038751c63bc2aadc06d"},"description":"Big Brother Albania 2 - Aida ngacmon Dritanin dhe i thot\u00c3\u00ab se ai nuk ka qejf t\u00c3\u00ab pozicionohet. Dritani i thot\u00c3\u00ab se do t\u00c3\u00ab pozicionohet at\u00c3\u00abher\u00c3\u00ab kur ta shoh\u00c3\u00ab t\u00c3\u00ab arsyeshme, por jo se e ka me frik\u00c3\u00ab.","breadcrumb":{"@id":"https:\/\/www.visit-ulcinj.com\/blog\/2009\/03\/19\/aida-dhe-dritani-nuk-kam-pse-te-pozicionohem\/#breadcrumb"},"inLanguage":"en-US","potentialAction":[{"@type":"ReadAction","target":["https:\/\/www.visit-ulcinj.com\/blog\/2009\/03\/19\/aida-dhe-dritani-nuk-kam-pse-te-pozicionohem\/"]}]},{"@type":"BreadcrumbList","@id":"https:\/\/www.visit-ulcinj.com\/blog\/2009\/03\/19\/aida-dhe-dritani-nuk-kam-pse-te-pozicionohem\/#breadcrumb","itemListElement":[{"@type":"ListItem","position":1,"name":"Aida dhe Dritani : Nuk kam pse t\u00eb pozicionohem"}]},{"@type":"Person","@id":"https:\/\/www.visit-ulcinj.com\/blog\/#\/schema\/person\/dcab619c614d3038751c63bc2aadc06d","name":"ulqini","sameAs":["http:\/\/www.visit-ulcinj.com"],"url":"https:\/\/www.visit-ulcinj.com\/blog\/author\/admin\/"}]}},"jetpack_featured_media_url":"","jetpack_sharing_enabled":true,"jetpack_shortlink":"https:\/\/wp.me\/pe6lTn-3QZ","_links":{"self":[{"href":"https:\/\/www.visit-ulcinj.com\/blog\/wp-json\/wp\/v2\/posts\/14817"}],"collection":[{"href":"https:\/\/www.visit-ulcinj.com\/blog\/wp-json\/wp\/v2\/posts"}],"about":[{"href":"https:\/\/www.visit-ulcinj.com\/blog\/wp-json\/wp\/v2\/types\/post"}],"author":[{"embeddable":true,"href":"https:\/\/www.visit-ulcinj.com\/blog\/wp-json\/wp\/v2\/users\/1"}],"replies":[{"embeddable":true,"href":"https:\/\/www.visit-ulcinj.com\/blog\/wp-json\/wp\/v2\/comments?post=14817"}],"version-history":[{"count":0,"href":"https:\/\/www.visit-ulcinj.com\/blog\/wp-json\/wp\/v2\/posts\/14817\/revisions"}],"wp:attachment":[{"href":"https:\/\/www.visit-ulcinj.com\/blog\/wp-json\/wp\/v2\/media?parent=14817"}],"wp:term":[{"taxonomy":"category","embeddable":true,"href":"https:\/\/www.visit-ulcinj.com\/blog\/wp-json\/wp\/v2\/categories?post=14817"},{"taxonomy":"post_tag","embeddable":true,"href":"https:\/\/www.visit-ulcinj.com\/blog\/wp-json\/wp\/v2\/tags?post=14817"}],"curies":[{"name":"wp","href":"https:\/\/api.w.org\/{rel}","templated":true}]}}