{"id":1482,"date":"2008-05-05T06:28:16","date_gmt":"2008-05-05T11:28:16","guid":{"rendered":"http:\/\/www.visit-ulcinj.com\/blog\/?p=1482"},"modified":"2008-05-05T06:28:16","modified_gmt":"2008-05-05T11:28:16","slug":"amerika-bi-mogla-pritisnuti-crnu-goru-zbog-kosova","status":"publish","type":"post","link":"https:\/\/www.visit-ulcinj.com\/blog\/2008\/05\/05\/amerika-bi-mogla-pritisnuti-crnu-goru-zbog-kosova\/","title":{"rendered":"Amerika bi mogla pritisnuti Crnu Goru zbog Kosova"},"content":{"rendered":"<p><img loading=\"lazy\" class=\"alignleft\" style=\"float: left;\" src=\"http:\/\/www.vijesti.cg.yu\/_slike\/1209854736.jpg\" alt=\"SVETOZAR JOVI?EVI? \" width=\"290\" height=\"190\" \/><strong>Svetozar Jovi?evi? ne o?ekuje da ?e Brisel tjerati Crnu Goru da prizna Kosovo<\/strong><br \/>\nPodgorica (MINA) &#8211; Crna Gora ne bi trebalo da o?ekuje poseban pritisak od Evropske unije po pitanju priznanja kosovske nezavisnosti, a i ako ga bude na njega je lako odgovoriti, ocijenio je profesor Svetozar Jovi?evi?.<br \/>\nJovi?evi? je kazao da EU ne mo\u017ee vr\u0161iti neki naro?iti pritisak, s obzirom na to da unutar nje postoji jasna podijeljenost o kosovskoj nezavisnosti.<br \/>\nJer, ako je dosta zna?ajna podijeljenost unutar same Unije, ako u okviru nje ima zemalja koje su izri?ite da ne?e nikada priznati Kosovo, onda se te\u0161ko mo\u017ee o?ekivati da bi se od takvih struktura vr\u0161io pritisak na Crnu Goru, rekao je on.<br \/>\nJovi?evi? smatra da bi se ja?i pritisak mogao o?ekivati od Sjedinjenih Ameri?kih Dr\u017eava (SAD), koje su se, u tom smislu, eksponirale mnogo vi\u0161e od EU.<br \/>\nVe?i pritisci mogu inicirati SAD, koje su, zapravo, glavni politi?ki faktor koji je odlu?uju?e djelovao na me?unarodna priznanja Kosova. Ipak, i da bude ameri?kih pritisaka po tom pitanju, ne vjerujem da njihova politika ne?e imati razumijevanja za poziciju Crne Gore, kazao je Jovi?evi?.<img loading=\"lazy\" class=\"alignright\" style=\"float: right;\" src=\"http:\/\/www.shkoder.net\/images\/fjala\/2007\/usa_kosova.jpg\" alt=\"Aliansa (SAD-KOSOVA)\" width=\"265\" height=\"197\" \/><br \/>\nPrema njegovim rije?ima, Crna Gora ?e, ipak, morati sama da se izjasni o kosovskoj nezavisnosti.<br \/>\nMislim da ne treba \u017euriti, treba pratiti razvoj doga?anja i odr\u017eavati maksimalno dobre veze sa Srbijom, ali naravno i sa Kosovom, prije svega u ekonomskoj sferi. Onda treba vidjeti kakav ?e biti razvoj doga?anja na balkanskoj i svjetskoj politi?koj sceni po tom pitanju, pojasnio je Jovi?evi?.<br \/>\nOn je naveo da je to problem koji ne?e biti tako brzo razrije\u0161en, niti ?e se o njemu uskoro posti?i neka \u0161ira saglasnost.<br \/>\nPrema tome, Crna Gora ne treba da \u017euri. Kad u regionu i me?unarodnoj zajednici prevlada raspolo\u017eenje u korist kosovske nezavisnosti, onda i mi treba da se po tom pitanju izjasnimo, zaklju?io je Jovi?evi?.<br \/>\n<strong>Izvor (MINA) <\/strong><\/p>\n","protected":false},"excerpt":{"rendered":"<p><img loading=\"lazy\" class=\"alignleft\" style=\"float: left;\" src=\"http:\/\/www.vijesti.cg.yu\/_slike\/1209854736.jpg\" alt=\"SVETOZAR JOVI?EVI? \" width=\"140\" height=\"140\" \/><\/p>\n","protected":false},"author":1,"featured_media":0,"comment_status":"open","ping_status":"closed","sticky":false,"template":"","format":"standard","meta":{"spay_email":"","jetpack_publicize_message":"","jetpack_is_tweetstorm":false,"jetpack_publicize_feature_enabled":true},"categories":[6,12],"tags":[20,2479,3036,2477,3035],"jetpack_publicize_connections":[],"yoast_head":"<!-- This site is optimized with the Yoast SEO plugin v19.1 - https:\/\/yoast.com\/wordpress\/plugins\/seo\/ -->\n<title>Amerika bi mogla pritisnuti Crnu Goru zbog Kosova - Lajme nga Ulqini<\/title>\n<meta name=\"robots\" content=\"index, follow, max-snippet:-1, max-image-preview:large, max-video-preview:-1\" \/>\n<link rel=\"canonical\" href=\"https:\/\/www.visit-ulcinj.com\/blog\/2008\/05\/05\/amerika-bi-mogla-pritisnuti-crnu-goru-zbog-kosova\/\" \/>\n<meta property=\"og:locale\" content=\"en_US\" \/>\n<meta property=\"og:type\" content=\"article\" \/>\n<meta property=\"og:title\" content=\"Amerika bi mogla pritisnuti Crnu Goru zbog Kosova - Lajme nga Ulqini\" \/>\n<meta property=\"og:url\" content=\"https:\/\/www.visit-ulcinj.com\/blog\/2008\/05\/05\/amerika-bi-mogla-pritisnuti-crnu-goru-zbog-kosova\/\" \/>\n<meta property=\"og:site_name\" content=\"Lajme nga Ulqini\" \/>\n<meta property=\"article:published_time\" content=\"2008-05-05T11:28:16+00:00\" \/>\n<meta property=\"og:image\" content=\"http:\/\/www.vijesti.cg.yu\/_slike\/1209854736.jpg\" \/>\n<meta name=\"twitter:label1\" content=\"Written by\" \/>\n\t<meta name=\"twitter:data1\" content=\"ulqini\" \/>\n\t<meta name=\"twitter:label2\" content=\"Est. reading time\" \/>\n\t<meta name=\"twitter:data2\" content=\"2 minutes\" \/>\n<script type=\"application\/ld+json\" class=\"yoast-schema-graph\">{\"@context\":\"https:\/\/schema.org\",\"@graph\":[{\"@type\":\"WebSite\",\"@id\":\"https:\/\/www.visit-ulcinj.com\/blog\/#website\",\"url\":\"https:\/\/www.visit-ulcinj.com\/blog\/\",\"name\":\"Lajme nga Ulqini\",\"description\":\"Lajme,Vijesti,Ulqini,Ulqin,Crna Gora,Mali i Zi\",\"potentialAction\":[{\"@type\":\"SearchAction\",\"target\":{\"@type\":\"EntryPoint\",\"urlTemplate\":\"https:\/\/www.visit-ulcinj.com\/blog\/?s={search_term_string}\"},\"query-input\":\"required name=search_term_string\"}],\"inLanguage\":\"en-US\"},{\"@type\":\"ImageObject\",\"inLanguage\":\"en-US\",\"@id\":\"https:\/\/www.visit-ulcinj.com\/blog\/2008\/05\/05\/amerika-bi-mogla-pritisnuti-crnu-goru-zbog-kosova\/#primaryimage\",\"url\":\"http:\/\/www.vijesti.cg.yu\/_slike\/1209854736.jpg\",\"contentUrl\":\"http:\/\/www.vijesti.cg.yu\/_slike\/1209854736.jpg\"},{\"@type\":\"WebPage\",\"@id\":\"https:\/\/www.visit-ulcinj.com\/blog\/2008\/05\/05\/amerika-bi-mogla-pritisnuti-crnu-goru-zbog-kosova\/#webpage\",\"url\":\"https:\/\/www.visit-ulcinj.com\/blog\/2008\/05\/05\/amerika-bi-mogla-pritisnuti-crnu-goru-zbog-kosova\/\",\"name\":\"Amerika bi mogla pritisnuti Crnu Goru zbog Kosova - Lajme nga Ulqini\",\"isPartOf\":{\"@id\":\"https:\/\/www.visit-ulcinj.com\/blog\/#website\"},\"primaryImageOfPage\":{\"@id\":\"https:\/\/www.visit-ulcinj.com\/blog\/2008\/05\/05\/amerika-bi-mogla-pritisnuti-crnu-goru-zbog-kosova\/#primaryimage\"},\"datePublished\":\"2008-05-05T11:28:16+00:00\",\"dateModified\":\"2008-05-05T11:28:16+00:00\",\"author\":{\"@id\":\"https:\/\/www.visit-ulcinj.com\/blog\/#\/schema\/person\/dcab619c614d3038751c63bc2aadc06d\"},\"breadcrumb\":{\"@id\":\"https:\/\/www.visit-ulcinj.com\/blog\/2008\/05\/05\/amerika-bi-mogla-pritisnuti-crnu-goru-zbog-kosova\/#breadcrumb\"},\"inLanguage\":\"en-US\",\"potentialAction\":[{\"@type\":\"ReadAction\",\"target\":[\"https:\/\/www.visit-ulcinj.com\/blog\/2008\/05\/05\/amerika-bi-mogla-pritisnuti-crnu-goru-zbog-kosova\/\"]}]},{\"@type\":\"BreadcrumbList\",\"@id\":\"https:\/\/www.visit-ulcinj.com\/blog\/2008\/05\/05\/amerika-bi-mogla-pritisnuti-crnu-goru-zbog-kosova\/#breadcrumb\",\"itemListElement\":[{\"@type\":\"ListItem\",\"position\":1,\"name\":\"Amerika bi mogla pritisnuti Crnu Goru zbog Kosova\"}]},{\"@type\":\"Person\",\"@id\":\"https:\/\/www.visit-ulcinj.com\/blog\/#\/schema\/person\/dcab619c614d3038751c63bc2aadc06d\",\"name\":\"ulqini\",\"sameAs\":[\"http:\/\/www.visit-ulcinj.com\"],\"url\":\"https:\/\/www.visit-ulcinj.com\/blog\/author\/admin\/\"}]}<\/script>\n<!-- \/ Yoast SEO plugin. -->","yoast_head_json":{"title":"Amerika bi mogla pritisnuti Crnu Goru zbog Kosova - Lajme nga Ulqini","robots":{"index":"index","follow":"follow","max-snippet":"max-snippet:-1","max-image-preview":"max-image-preview:large","max-video-preview":"max-video-preview:-1"},"canonical":"https:\/\/www.visit-ulcinj.com\/blog\/2008\/05\/05\/amerika-bi-mogla-pritisnuti-crnu-goru-zbog-kosova\/","og_locale":"en_US","og_type":"article","og_title":"Amerika bi mogla pritisnuti Crnu Goru zbog Kosova - Lajme nga Ulqini","og_url":"https:\/\/www.visit-ulcinj.com\/blog\/2008\/05\/05\/amerika-bi-mogla-pritisnuti-crnu-goru-zbog-kosova\/","og_site_name":"Lajme nga Ulqini","article_published_time":"2008-05-05T11:28:16+00:00","og_image":[{"url":"http:\/\/www.vijesti.cg.yu\/_slike\/1209854736.jpg"}],"twitter_misc":{"Written by":"ulqini","Est. reading time":"2 minutes"},"schema":{"@context":"https:\/\/schema.org","@graph":[{"@type":"WebSite","@id":"https:\/\/www.visit-ulcinj.com\/blog\/#website","url":"https:\/\/www.visit-ulcinj.com\/blog\/","name":"Lajme nga Ulqini","description":"Lajme,Vijesti,Ulqini,Ulqin,Crna Gora,Mali i Zi","potentialAction":[{"@type":"SearchAction","target":{"@type":"EntryPoint","urlTemplate":"https:\/\/www.visit-ulcinj.com\/blog\/?s={search_term_string}"},"query-input":"required name=search_term_string"}],"inLanguage":"en-US"},{"@type":"ImageObject","inLanguage":"en-US","@id":"https:\/\/www.visit-ulcinj.com\/blog\/2008\/05\/05\/amerika-bi-mogla-pritisnuti-crnu-goru-zbog-kosova\/#primaryimage","url":"http:\/\/www.vijesti.cg.yu\/_slike\/1209854736.jpg","contentUrl":"http:\/\/www.vijesti.cg.yu\/_slike\/1209854736.jpg"},{"@type":"WebPage","@id":"https:\/\/www.visit-ulcinj.com\/blog\/2008\/05\/05\/amerika-bi-mogla-pritisnuti-crnu-goru-zbog-kosova\/#webpage","url":"https:\/\/www.visit-ulcinj.com\/blog\/2008\/05\/05\/amerika-bi-mogla-pritisnuti-crnu-goru-zbog-kosova\/","name":"Amerika bi mogla pritisnuti Crnu Goru zbog Kosova - Lajme nga Ulqini","isPartOf":{"@id":"https:\/\/www.visit-ulcinj.com\/blog\/#website"},"primaryImageOfPage":{"@id":"https:\/\/www.visit-ulcinj.com\/blog\/2008\/05\/05\/amerika-bi-mogla-pritisnuti-crnu-goru-zbog-kosova\/#primaryimage"},"datePublished":"2008-05-05T11:28:16+00:00","dateModified":"2008-05-05T11:28:16+00:00","author":{"@id":"https:\/\/www.visit-ulcinj.com\/blog\/#\/schema\/person\/dcab619c614d3038751c63bc2aadc06d"},"breadcrumb":{"@id":"https:\/\/www.visit-ulcinj.com\/blog\/2008\/05\/05\/amerika-bi-mogla-pritisnuti-crnu-goru-zbog-kosova\/#breadcrumb"},"inLanguage":"en-US","potentialAction":[{"@type":"ReadAction","target":["https:\/\/www.visit-ulcinj.com\/blog\/2008\/05\/05\/amerika-bi-mogla-pritisnuti-crnu-goru-zbog-kosova\/"]}]},{"@type":"BreadcrumbList","@id":"https:\/\/www.visit-ulcinj.com\/blog\/2008\/05\/05\/amerika-bi-mogla-pritisnuti-crnu-goru-zbog-kosova\/#breadcrumb","itemListElement":[{"@type":"ListItem","position":1,"name":"Amerika bi mogla pritisnuti Crnu Goru zbog Kosova"}]},{"@type":"Person","@id":"https:\/\/www.visit-ulcinj.com\/blog\/#\/schema\/person\/dcab619c614d3038751c63bc2aadc06d","name":"ulqini","sameAs":["http:\/\/www.visit-ulcinj.com"],"url":"https:\/\/www.visit-ulcinj.com\/blog\/author\/admin\/"}]}},"jetpack_featured_media_url":"","jetpack_sharing_enabled":true,"jetpack_shortlink":"https:\/\/wp.me\/pe6lTn-nU","_links":{"self":[{"href":"https:\/\/www.visit-ulcinj.com\/blog\/wp-json\/wp\/v2\/posts\/1482"}],"collection":[{"href":"https:\/\/www.visit-ulcinj.com\/blog\/wp-json\/wp\/v2\/posts"}],"about":[{"href":"https:\/\/www.visit-ulcinj.com\/blog\/wp-json\/wp\/v2\/types\/post"}],"author":[{"embeddable":true,"href":"https:\/\/www.visit-ulcinj.com\/blog\/wp-json\/wp\/v2\/users\/1"}],"replies":[{"embeddable":true,"href":"https:\/\/www.visit-ulcinj.com\/blog\/wp-json\/wp\/v2\/comments?post=1482"}],"version-history":[{"count":0,"href":"https:\/\/www.visit-ulcinj.com\/blog\/wp-json\/wp\/v2\/posts\/1482\/revisions"}],"wp:attachment":[{"href":"https:\/\/www.visit-ulcinj.com\/blog\/wp-json\/wp\/v2\/media?parent=1482"}],"wp:term":[{"taxonomy":"category","embeddable":true,"href":"https:\/\/www.visit-ulcinj.com\/blog\/wp-json\/wp\/v2\/categories?post=1482"},{"taxonomy":"post_tag","embeddable":true,"href":"https:\/\/www.visit-ulcinj.com\/blog\/wp-json\/wp\/v2\/tags?post=1482"}],"curies":[{"name":"wp","href":"https:\/\/api.w.org\/{rel}","templated":true}]}}