{"id":1483,"date":"2008-05-05T07:19:05","date_gmt":"2008-05-05T12:19:05","guid":{"rendered":"http:\/\/www.visit-ulcinj.com\/blog\/?p=1483"},"modified":"2008-05-19T00:18:18","modified_gmt":"2008-05-19T05:18:18","slug":"ulqini-simbioze-e-lindjes-dhe-perendimit","status":"publish","type":"post","link":"https:\/\/www.visit-ulcinj.com\/blog\/2008\/05\/05\/ulqini-simbioze-e-lindjes-dhe-perendimit\/","title":{"rendered":"Ulqini &#8211; simbioz\u00eb e Lindjes dhe Per\u00ebndimit"},"content":{"rendered":"<p><img loading=\"lazy\" class=\"alignleft\" style=\"float: left;\" src=\"http:\/\/www.kohajavore.cg.yu\/slike\/1209973527.jpg\" alt=\"Kalaja e ulqinit\" width=\"280\" height=\"176\" \/><strong>(Mos)Valorizimi I P\u00ebrmendoreve Kulturo-Historike (1)<\/strong><br \/>\nQyteti yn\u00eb ka pasur nj\u00eb simbioz\u00eb t\u00eb Per\u00ebndimit dhe Orientit n\u00eb nj\u00eb pik\u00eb kaq t\u00eb vog\u00ebl, n\u00eb mes t\u00eb Evrop\u00ebs. Jo vet\u00ebm bukurit\u00eb natyrore, por edhe p\u00ebrmendoret e t\u00eb kaluar\u00ebs son\u00eb kan\u00eb qen\u00eb t\u00ebrheq\u00ebse p\u00ebr turist\u00ebt nga bota dhe nga vendi. Dhe p\u00ebr t\u00eb do t\u00eb ishte mir\u00eb nj\u00eb angazhim m\u00eb i madh i shoq\u00ebris\u00eb\u2026<\/p>\n<p>Duke p\u00ebrcjellur shum\u00eb mysafir\u00eb, nga vendi dhe nga bota, q\u00eb dit\u00eb me radh\u00eb e vizitojn\u00eb qytetin ton\u00eb, v\u00ebrejm\u00eb se shum\u00eb prej tyre, m\u00eb s\u00eb tep\u00ebrmi interesohen p\u00ebr p\u00ebrmendoret kulturo-historike. Qyteti yn\u00eb \u00ebsht\u00eb pa dyshim, nj\u00eb nga qytetet m\u00eb t\u00eb vjetra dhe m\u00eb t\u00eb bukura n\u00eb k\u00ebt\u00eb pjes\u00eb t\u00eb Adriatikut. N\u00eb secil\u00ebn p\u00ebll\u00ebmb\u00eb t\u00eb k\u00ebsaj hapsire, kaq t\u00eb pasur me resurse natyrore, ne takohemi edhe me nj\u00eb num\u00ebr t\u00eb madh p\u00ebrmendoresh nga e kaluara jon\u00eb. <img loading=\"lazy\" class=\"alignright\" style=\"float: right;\" src=\"http:\/\/www.nps.gov\/havo\/parkmgmt\/images\/havo_manage_whc_unesco_x200.jpg\" alt=\"UNESCO\" width=\"200\" height=\"200\" \/>K\u00ebto p\u00ebrmendore qysh nga koh\u00ebt m\u00eb t\u00eb lashta e deri tani, flasin p\u00ebr nj\u00eb kultur\u00eb dhe nj\u00eb histori t\u00eb bujshme t\u00eb k\u00ebtij qyteti. Duhet t\u00eb theksohet se shum\u00eb nga k\u00ebto p\u00ebrmendore jsan\u00eb n\u00eb nj\u00eb gjendje jasht\u00ebzakonisht\u00eb t\u00eb dob\u00ebt, t\u00eb l\u00ebna pas dore, dhe p\u00ebr k\u00ebt\u00eb arsye k\u00ebto gjurm\u00eb t\u00eb kultur\u00ebs son\u00eb shpesh her\u00eb edhe jan\u00eb duke u zhdukur. Koha dhe shekujt e kaluar e b\u00ebjn\u00eb t\u00eb vet\u00ebn, por shpesh edhe pakujdesia dhe dora e njeriut modern ndikojn\u00eb n\u00eb zhdukjen e tyre. K\u00ebt\u00eb dua ta quaj &#8211; barbariz\u00ebm t\u00eb papar\u00eb, dhe shum\u00eb shembuj d\u00ebshmojn\u00eb p\u00ebr k\u00ebt\u00eb.<br \/>\nSecili nga ne, por edhe shoq\u00ebria e gjer\u00eb, duhet tzu kushtojm\u00eb v\u00ebmendje m\u00eb t\u00eb madhe p\u00ebrmendoreve kulturo-historike. Restaurimi dhe revitalizimi i tyre duhet t\u00eb sjell\u00eb nj\u00eb valorizim q\u00eb do t\u00eb jet\u00eb nj\u00eb nism\u00eb p\u00ebr nj\u00eb turiz\u00ebm m\u00eb kualitativ. Dhe k\u00ebsaj duhet tzi kushtohet nj\u00eb v\u00ebmendje m\u00eb e madhe, me projekte dhe plane, p\u00ebr p\u00ebrmendoret e s\u00eb kaluar\u00ebs, p\u00ebr nj\u00eb valorizim m\u00eb t\u00eb mir\u00eb, p\u00ebr nj\u00eb ofert\u00eb m\u00eb kualitative.<br \/>\n<img loading=\"lazy\" class=\"alignleft\" style=\"float: left;\" src=\"http:\/\/www.visit-ulcinj.com\/blog\/wp-content\/uploads\/2008\/01\/ismet-karamanaga.thumbnail.jpg\" alt=\"ismet karamanaga\" width=\"128\" height=\"115\" \/>Kjo do t\u00eb jet\u00eb nj\u00eb hap m\u00eb i madh, p\u00ebr rrug\u00ebn ton\u00eb n\u00eb Evrop\u00eb dhe n\u00eb bot\u00ebn e civilizuar. Ky valorizim mund t\u00eb b\u00ebhet, n\u00eb qoft\u00eb se t\u00eb gjith\u00eb ne, me nj\u00eb angazhim m\u00eb t\u00eb madh p\u00ebrmes projekteve t\u00eb ndryshme, e japim kontributin ton\u00eb, duke i ruajtur ato p\u00ebr gjeneratat q\u00eb vijn\u00eb pas nesh. P\u00ebrmendoret e s\u00eb kaluar\u00ebs son\u00eb, nuk jan\u00eb vet\u00ebm magnet p\u00ebr turist\u00ebt nga vendi dhe bota, por ato jan\u00eb edhe identiteti yn\u00eb. Ne q\u00eb jetojm\u00eb n\u00eb k\u00ebt\u00eb hapsir\u00eb kaq t\u00eb bukur duhet t\u00eb krenohemi me k\u00ebt\u00eb pasuri. Ne jemi pjes\u00eb e bot\u00ebs s\u00eb civilizuar dhe duke i ruajtur ato i tregojm\u00eb bot\u00ebs se ku e kemi vendin me t\u00eb v\u00ebrtet\u00eb.<\/p>\n<p>Pa dyshim, tek ne p\u00ebmendorja m\u00eb e r\u00ebnd\u00ebsishme \u00ebsht\u00eb Kalaja 2500 vje\u00e7are. Ajo \u00ebsht\u00eb djepi i kultur\u00ebs son\u00eb, vendi i banimit dhe i l\u00ebvizjes i mij\u00ebra mysafir\u00ebve nga bota dhe nga vendi. Gjurm\u00ebt e civilizimeve t\u00eb ndryshme mund t\u00eb hasen n\u00eb secil\u00ebn p\u00ebll\u00ebmb\u00eb t\u00eb k\u00ebtij monumenti, dhe prandaj mendojm\u00eb se ajo duhet t\u00eb restaurohet dhe t\u00eb revitalizohet dhe m\u00eb n\u00eb fund t\u00eb valorizohet p\u00ebr nj\u00eb turiz\u00ebm t\u00eb shkall\u00ebs s\u00eb lart\u00eb. D\u00ebshiroj tzi p\u00ebrkujtoj lexuesit, se deri te vitet e 90-ta t\u00eb sh. t\u00eb kaluar ne, edhe e kemi patur nj\u00eb turiz\u00ebm t\u00eb till\u00eb. T\u00eb gjith\u00eb ne duhet t\u00eb luftojm\u00eb q\u00eb qytetit ton\u00eb tzia kthejm\u00eb shk\u00eblqimin e dikursh\u00ebm. Dhe prandaj \u00ebsht\u00eb m\u00eb se e nevojshme q\u00eb t\u00eb p\u00ebrkrahet propozimi i Shoqat\u00ebs Miqt\u00eb e Kalas\u00eb q\u00eb Qyteti i Vjet\u00ebr, Kalaja e Ulqinit, t\u00eb radhitet n\u00ebn mbrojtje t\u00eb UNESCO-s, si vler\u00eb universale. Ne si shtet i vog\u00ebl do t\u00eb ishim m\u00eb t\u00eb pasur dhe m\u00eb t\u00eb r\u00ebnd\u00ebsish\u00ebm . E<img loading=\"lazy\" class=\"alignright\" style=\"float: right;\" src=\"http:\/\/www.moe.gov.bw\/unesco\/img\/unesco_logo_200.gif\" alt=\"UNESCO\" width=\"197\" height=\"143\" \/> p\u00ebrkujtoj opinionin se vet\u00ebm Qyteti i Vjet\u00ebr i Kotorit \u00ebsht\u00eb n\u00ebn mbrojtjen e UNESCO-s tek ne. N\u00eb k\u00ebt\u00eb m\u00ebnyr\u00eb do t\u00eb b\u00ebhemi m\u00eb atraktiv\u00eb dhe, si qytet, m\u00eb t\u00ebrheq\u00ebs p\u00ebr mysafir\u00ebt nga vendi dhe nga bota. Ky \u00ebsht\u00eb q\u00ebllimi yn\u00eb fundamental, sepse radhitja e qytetit t\u00eb Ulqinit n\u00eb mbrojtje t\u00eb UNESCO-s do t\u00eb ndikojn\u00eb q\u00eb p\u00ebrs\u00ebri t\u00eb b\u00ebhemi destinacioni i par\u00eb n\u00eb Malin e Zi. Prind\u00ebrit tan\u00eb me nostalgji i kujtojn\u00eb ato koh\u00eb, kur ne, deri n\u00eb vitet z90 kemi pasur nj\u00eb turiz\u00ebm t\u00eb lart\u00eb ashtu si\u00e7 \u00ebsht\u00eb n\u00eb Itali apo n\u00eb Spanj\u00eb. P\u00ebr fat t\u00eb keq, kushtet sot kan\u00eb nd\u00ebrruar dhe ne kemi nj\u00eb stagnim t\u00eb madh, sa i p\u00ebrket kualitetit t\u00eb mysafir\u00ebve. Nj\u00eb qytet kaq i pasur me resurse natyrore, por edhe me p\u00ebrmendore kulturo-historike, q\u00eb jan\u00eb t\u00ebrheq\u00ebs p\u00ebr mysafir\u00ebt, n\u00eb qoft\u00eb se i valorizojm\u00eb ashtu si\u00e7 duhet, mund t\u00eb ndikojn\u00eb shum\u00eb p\u00ebr ngritjen e ofert\u00ebs son\u00eb turistike.<br \/>\n<a href=\"http:\/\/www.visit-ulcinj.com\/blog\/wp-content\/uploads\/2008\/04\/kalaja_e_ulqinit_002.jpg\"><img loading=\"lazy\" class=\"alignleft attachment wp-att-1209\" style=\"float: left;\" src=\"http:\/\/www.visit-ulcinj.com\/blog\/wp-content\/uploads\/2008\/04\/kalaja_e_ulqinit_002-150x150.jpg\" alt=\"kalaja_e_ulqinit_002\" width=\"150\" height=\"150\" \/><\/a>Qyteti yn\u00eb i vjet\u00ebr, si nj\u00eb bastion i kultur\u00ebs dhe t\u00eb kaluar\u00ebs son\u00eb, duhet t\u00eb jet\u00eb magnet p\u00ebr turizmin bot\u00ebror, por me nj\u00eb valorizim t\u00eb kontrolluar. Dhe p\u00ebr t\u00eb \u00ebsht\u00eb m\u00eb se e nevojshme t\u00eb frenohet nd\u00ebrtimi pa kontroll, nd\u00ebrtimi q\u00eb nuk respekton rregullat q\u00eb sundojn\u00eb n\u00eb mjedise si\u00e7 \u00ebsht\u00eb Kalaja jon\u00eb. Duhet t\u00eb p\u00ebrmendet pjesa e sip\u00ebrme e citadell\u00ebs, ku gjendet muzeu dhe kulla e Balshajve, t\u00eb cilat jan\u00eb t\u00eb ruajtura n\u00eb form\u00ebn autentike. Respektimi i k\u00ebshillave dhe rregullave t\u00eb cilat i parasheh Enti Republikan p\u00ebr Mbrojtje t\u00eb P\u00ebrmendoreve Kulturo-Historike nga Cetina, \u00ebsht\u00eb rruga m\u00eb e mir\u00eb p\u00ebr ruajtjen e ambientit dhe Kalas\u00eb son\u00eb, por edhe monumenteve t\u00eb tjera q\u00eb gjenden jasht\u00eb mureve.<br \/>\nP\u00ebr valorizimin e monumenteve kulturo-historike, p\u00ebr nj\u00eb turiz\u00ebm m\u00eb kualitativ, \u00ebsht\u00eb me r\u00ebnd\u00ebsi t\u00eb p\u00ebrmenden posa\u00e7\u00ebrisht disa nga ato q\u00eb gjenden n\u00eb Kala, por edhe jasht\u00eb saj. Muret Ilire, p\u00ebr shembull,<a href=\"http:\/\/www.visit-ulcinj.com\/blog\/wp-content\/uploads\/2008\/03\/kalaja-e-ulqinit1.jpg\"><img loading=\"lazy\" class=\"alignright attachment wp-att-991\" style=\"float: right;\" src=\"http:\/\/www.visit-ulcinj.com\/blog\/wp-content\/uploads\/2008\/03\/kalaja-e-ulqinit1.thumbnail.jpg\" alt=\"kalaja e ulqinit1\" width=\"111\" height=\"200\" \/><\/a> tregojn\u00eb identitetin ton\u00eb, t\u00eb kaluar\u00ebn e bujshme dhe vendin ton\u00eb n\u00eb bot\u00ebn e civilizuar. Plini Plaku thot\u00eb se jan\u00eb mbi 2500 vjet t\u00eb vjet\u00ebr, dhe ende, edhe sot, njeriu mbetet i mahnitur duke i shikuar dhe duke e paramenduar kultur\u00ebn e t\u00eb par\u00ebve tan\u00eb. Dhe p\u00ebr t\u00eb duhet tzi ruajm\u00eb, sepse duke filluar nga k\u00ebto murana fillon pra historia jon\u00eb. Nj\u00eb respekt i posa\u00e7\u00ebm duhet tzi kushtohet akademikut malazias dr. Pavle Mijoviq, q\u00eb mbi 17 vjet t\u00eb jet\u00ebs s\u00eb tij ia ka kushtuar kalas\u00eb son\u00eb, duke i qitur nga terri shum\u00eb p\u00ebrmendore t\u00eb kultur\u00ebs son\u00eb. Ne e fal\u00ebnderojm\u00eb me sinqeritet pun\u00ebn e tij t\u00eb palodhur n\u00eb Kalan\u00eb ton\u00eb. Libri i ti &#8220;Ulcinj 1&#8221;, \u00ebsht\u00eb d\u00ebshmi p\u00ebr k\u00ebto. Dhe p\u00ebr k\u00ebt\u00eb do t\u00eb ishte mir\u00eb q\u00eb t\u00eb respektohen planet dhe projektet e tij, dhe Kalaja t\u00eb restaurohet ashtu si\u00e7 duhet, sepse ato jan\u00eb gjithmon\u00eb aktuale. Jam i mendimit se shoq\u00ebria e gjer\u00eb n\u00eb t\u00ebr\u00ebsi, me nj\u00eb angazhim m\u00eb t\u00eb madh dhe me mjete financiare, duhet tzi p\u00ebrkrah\u00eb k\u00ebto projekte. Me nj\u00eb kontroll n\u00eb nd\u00ebrtimtari, posa\u00e7\u00ebrisht n\u00eb Kala duhet t\u00eb ruhen objektet e kultur\u00ebs son\u00eb dhe t\u00eb revitalizohen, t\u00eb restaurohen ashtu si\u00e7 i kan\u00eb <a href=\"http:\/\/www.visit-ulcinj.com\/blog\/wp-content\/uploads\/2008\/04\/kalaja-e-ulqinit.jpg\"><img loading=\"lazy\" class=\"alignleft attachment wp-att-1279\" style=\"float: left;\" src=\"http:\/\/www.visit-ulcinj.com\/blog\/wp-content\/uploads\/2008\/04\/kalaja-e-ulqinit.thumbnail.jpg\" alt=\"kalaja e ulqini2\" width=\"200\" height=\"150\" \/><\/a>paramenduar dhe hartuar profesionist\u00ebt si\u00e7 \u00ebsht\u00eb Pavle M. dhe t\u00eb tjer\u00ebt q\u00eb kan\u00eb punuar me t\u00eb. Enti nga Cetina duhet t\u00eb jet\u00eb mbik\u00ebqyr\u00ebs dhe pa lejen e tyre nuk mund t\u00eb nd\u00ebrtohet. Fatkeq\u00ebsisht, sot ndodh di\u00e7ka tjet\u00ebr dhe p\u00ebr k\u00ebt\u00eb \u00ebsht\u00eb m\u00ebse i nevojsh\u00ebm kontrolli dhe nd\u00ebrhyrja e shtetit ligjor. Vet\u00ebm k\u00ebshtu mund tzi tregojm\u00eb bot\u00ebs civilizuese se ku e kemi vendin dhe vet\u00ebm k\u00ebshtu mund tzi afrohemi q\u00ebllimit ton\u00eb fundamental, radhitjes n\u00eb UNESCO.<br \/>\nN\u00eb Ulqin ka p\u00ebrmendore kulturo-historike edhe jasht\u00eb murev\u00eb t\u00eb Kalas\u00eb. Vlen t\u00eb p\u00ebrmenden dhe t\u00eb mos i l\u00ebm\u00eb anash ashtu si\u00e7 i kemi l\u00ebn\u00eb anash kur \u00ebsht\u00eb ruajtja dhe mir\u00ebmbajtja e tyre. Shum\u00eb nga k\u00ebto jan\u00eb n\u00eb gjendje t\u00eb mjerueshme ose dh\u00ebmbi i koh\u00ebs dhe pakujdesja i ka zhdukur fare. Shum\u00eb nga ato kan\u00eb mbetur vet\u00ebm n\u00eb kujtes\u00ebn e popullit.<a href=\"http:\/\/www.visit-ulcinj.com\/blog\/wp-content\/uploads\/2008\/04\/sahat-kulla1.jpg\"><img loading=\"lazy\" class=\"alignright attachment wp-att-1115\" style=\"float: right;\" src=\"http:\/\/www.visit-ulcinj.com\/blog\/wp-content\/uploads\/2008\/04\/sahat-kulla1-150x150.jpg\" alt=\"sahat-kulla1\" width=\"150\" height=\"150\" \/><\/a><br \/>\nDua ta p\u00ebrmend Sahatkull\u00ebn q\u00eb \u00ebsht\u00eb revitalizuar pas t\u00ebrmetit t\u00eb vitit 1979, por jo ashtu si\u00e7 e kan\u00eb parapar\u00eb profesionist\u00ebt e Entit Republikan. Sahatkulla \u00ebsht\u00eb e nd\u00ebrtuar n\u00eb vitin 1747 dhe \u00ebsht\u00eb interesant t\u00eb p\u00ebrmendet se vendi ku ka q\u00ebndruar sahati ka qen\u00eb nga guri. Sahatin e kan\u00eb marr\u00eb austriak\u00ebt kur jan\u00eb t\u00ebrhequr nga k\u00ebto vise m\u00eb 1918, dhe nuk dihet se ku i kan\u00eb hupur gjurm\u00ebt e tij. Sahatkull\u00ebs i duhet nj\u00eb or\u00eb e re dhe fryma bashk\u00ebkohore p\u00ebr nj\u00eb valorizim modern p\u00ebr nj\u00eb ofert\u00eb m\u00eb t\u00eb mir\u00eb.<\/p>\n<p>Vlen t\u00eb p\u00ebrmenden edhe shum\u00eb kroje q\u00eb dikur kan\u00eb qen\u00eb stoli e qytetit t\u00eb Ulqinit. Vet\u00ebm n\u00eb qytet, n\u00eb qend\u00ebr kan\u00eb qen\u00eb shtat\u00eb, kurse secili fshat e ka pas t\u00eb vetin. Krojet datojn\u00eb nga koh\u00ebt e lashta por m\u00eb atraktive kan\u00eb qen\u00eb ato nga koha e Mbret\u00ebris\u00eb Otomane 1571 deri 1878-80, pasi dy vjet kan\u00eb zgjatur bisedimet nd\u00ebrmjet fuqive t\u00eb m\u00ebdha dhe Mbret\u00ebris\u00eb Otomane p\u00ebr dhurimin e Ulqinit Malit t\u00eb Zi. Krojet kan\u00eb qen\u00eb t\u00ebrheq\u00ebse dhe atraktive dhe disa nga ato edhe kan\u00eb mbijetuar deri te ai turizmi i art\u00eb nga koha e asaj Jugosllavis\u00eb t\u00eb madhe e t\u00eb bukur. Jo vet\u00ebm p\u00ebr mysafir\u00ebt nga vendi dhe nga bota, por edhe p\u00ebr qytetar\u00ebt e Ulqinit kan\u00eb qen\u00eb t\u00ebrheq\u00ebs. Sot flasim me nostalgji p\u00ebr to, sepse jan\u00eb zhdukur gjurm\u00ebt dhe n\u00eb qytet nuk ka mbetur asnj\u00eb. Nd\u00ebrtimi i eg\u00ebr (informal), pakujdesia e arkitekt\u00ebve modern\u00eb, nj\u00eb barbariz\u00ebm i papar\u00eb, ka zhdukur nj\u00eb pjes\u00eb t\u00eb kultur\u00ebs son\u00eb Kan\u00eb mbetur vet\u00ebm gjurm\u00ebt si ai i kroit te <a href=\"http:\/\/www.visit-ulcinj.com\/blog\/wp-content\/uploads\/2008\/05\/kroni-ne-kala-te-ulqinit.jpg\"><img loading=\"lazy\" class=\"alignleft attachment wp-att-1484\" style=\"float: left;\" src=\"http:\/\/www.visit-ulcinj.com\/blog\/wp-content\/uploads\/2008\/05\/kroni-ne-kala-te-ulqinit.thumbnail.jpg\" alt=\"kroni n\u00eb kala te ulqinit\" width=\"200\" height=\"135\" \/><\/a>, si gjurm\u00eb e nj\u00eb vandalizmit modern. Me nj\u00eb angazhim m\u00eb t\u00eb madh, ne mund t\u00eb ndikojm\u00eb n\u00eb kthimin e revitalizimin e krojeve dhe n\u00eb k\u00ebt\u00eb m\u00ebnyr\u00eb tzi valorizojm\u00eb p\u00ebr nj\u00eb turiz\u00ebm bashk\u00ebkohor dhe modern. Mij\u00ebra mysafir\u00eb nga vendi dhe nga bota deri n\u00eb vitet 90 t\u00eb shekullit t\u00eb kaluar e kan\u00eb vizituar qytetin ton\u00eb, duke u takuar me nj\u00eb kultur\u00eb t\u00eb jasht\u00ebzakonshme. Qyteti yn\u00eb ka pasur nj\u00eb simbioz\u00eb t\u00eb Per\u00ebndimit dhe Orientit n\u00eb nj\u00eb pik\u00eb kaq t\u00eb vog\u00ebl, n\u00eb mes t\u00eb Evrop\u00ebs. Jo vet\u00ebm bukurit\u00eb natyrore, por edhe p\u00ebrmendoret e t\u00eb kaluar\u00ebs son\u00eb kan\u00eb qen\u00eb t\u00ebrheq\u00ebse p\u00ebr turist\u00ebt nga bota dhe nga vendi. Dhe p\u00ebr t\u00eb do t\u00eb ishte mir\u00eb nj\u00eb angazhim m\u00eb i madh i shoq\u00ebris\u00eb p\u00ebr kthimin e krojeve. Bota e civilizuar do tzi p\u00ebrkrahte me projekte t\u00eb ndryshme idet\u00eb e tilla. D\u00ebshiroj t\u00eb theksoj se do t\u00eb ishte mir\u00eb q\u00eb disa, nga t\u00eb cil\u00ebt ka edhe fotografi, t\u00eb publikohen. Dua ti p\u00ebrmend\u00eb disa q\u00eb ende jan\u00eb edhe sot m\u00eb t\u00eb njohura si\u00e7 \u00ebsht\u00eb &#8220;Taphana&#8221; dhe kroi i &#8220;Haxhi Halil Skur\u00ebs&#8221; n\u00eb Kala. Taphana \u00ebsht\u00eb q\u00eb nga koha e<a href=\"http:\/\/www.visit-ulcinj.com\/blog\/wp-content\/uploads\/2008\/05\/kroni-ballos.jpg\"><img loading=\"lazy\" class=\"alignright attachment wp-att-1485\" style=\"float: right;\" src=\"http:\/\/www.visit-ulcinj.com\/blog\/wp-content\/uploads\/2008\/05\/kroni-ballos.thumbnail.jpg\" alt=\"kroni ballos ulqin\" width=\"200\" height=\"150\" \/><\/a> Republik\u00ebs s\u00eb Venedikut, e rinovuar me ardhjen o osman\u00ebve p\u00ebrs\u00ebri m\u00eb 1571, s\u00eb bashku me rezervuarin e saj. Sot ka nevoj\u00eb p\u00ebr nj\u00eb frym\u00eb t\u00eb re dhe mund t\u00eb vihet n\u00eb funksion si dikur. Kroi i &#8220;Haxhi H. Skur\u00ebs&#8221; nga koha e Mbret\u00ebris\u00eb Romake i rinovuar m\u00eb 1737 \u00ebsht\u00eb n\u00eb funksion dhe \u00ebsht\u00eb i ruajtur n\u00eb t\u00ebr\u00ebsi. \u00cbsht\u00eb nj\u00eb simbol, sepse pran\u00eb tij gjendet edhe dybeku dhe guri ku jan\u00eb shitur skllav\u00ebt n\u00eb Pazarin e gjytetit. Jasht\u00eb Kalas\u00eb, duhet me pietet t\u00eb posa\u00e7\u00ebm t\u00eb p\u00ebrmendet Kroi i Ali Pash\u00ebs nga viti 1719. Them me pietet se barbar\u00ebt modern\u00eb i kan\u00eb l\u00ebn\u00eb vet\u00ebm vendin ku ka qen\u00eb, kurse gur\u00ebt e bardh\u00eb<a href=\"http:\/\/www.visit-ulcinj.com\/blog\/wp-content\/uploads\/2008\/05\/kroi-i-zanave-ulqin-2.jpg\"><img loading=\"lazy\" class=\"alignleft attachment wp-att-1486\" style=\"float: left;\" src=\"http:\/\/www.visit-ulcinj.com\/blog\/wp-content\/uploads\/2008\/05\/kroi-i-zanave-ulqin-2.thumbnail.jpg\" alt=\"Kroi i zanave Ulqin\" width=\"200\" height=\"188\" \/><\/a> dhe dybekun ua kan\u00eb dhuruar nj\u00eb familijes private. Dhe kjo e b\u00ebr\u00eb nga arkitekt\u00ebt modern\u00eb, e pakuptueshme, iracionale. P\u00ebr tzi p\u00ebrmendur jan\u00eb edhe Kroi i Hamojve, Me shkalla, ai i Pazarit, i Ballos&#8230; dhe shum\u00eb t\u00eb tjer\u00eb, prej t\u00eb cil\u00ebve na kan\u00eb mbetur kujtimet. Krojet n\u00eb ullisht\u00ebn ton\u00eb, n\u00eb Bazhbylyk, Kroi i Begut dhe ai i Zanave, ende ekzistojn\u00eb, edhe sot , por duhet tzu jepet nj\u00eb frym\u00eb e re, moderne, duhen t\u00eb adaptohen dhe t\u00eb publikohen p\u00ebr nj\u00eb valorizim modern. Nj\u00eb pasuri e till\u00eb duhet t\u00eb ruhet dhe t\u00eb kultivohet. T\u00eb rall\u00eb jan\u00eb qytetet n\u00eb bot\u00eb t\u00eb cil\u00ebve Per\u00ebndija u ka dh\u00ebn\u00eb nj\u00eb pasuri kaq t\u00eb madhe, nj\u00eb simbioz\u00eb t\u00eb kultures dhe resurseve natyrore, pa fund.<br \/>\n<strong>Ismet Karamanaga<br \/>\nKOHA JAVORE<\/strong><\/p>\n<!--YouTube Error: bad URL entered-->\n","protected":false},"excerpt":{"rendered":"<p><img loading=\"lazy\" class=\"alignleft\" style=\"float: left;\" src=\"http:\/\/www.kohajavore.cg.yu\/slike\/1209973527.jpg\" alt=\"Kalaja e ulqinit\" width=\"140\" height=\"140\" \/><\/p>\n","protected":false},"author":1,"featured_media":0,"comment_status":"open","ping_status":"closed","sticky":false,"template":"","format":"standard","meta":{"spay_email":"","jetpack_publicize_message":"","jetpack_is_tweetstorm":false,"jetpack_publicize_feature_enabled":true},"categories":[4,15],"tags":[306,310,95],"jetpack_publicize_connections":[],"yoast_head":"<!-- This site is optimized with the Yoast SEO plugin v19.1 - https:\/\/yoast.com\/wordpress\/plugins\/seo\/ -->\n<title>Ulqini - simbioz\u00eb e Lindjes dhe Per\u00ebndimit - Lajme nga Ulqini<\/title>\n<meta name=\"robots\" content=\"index, follow, max-snippet:-1, max-image-preview:large, max-video-preview:-1\" \/>\n<link rel=\"canonical\" href=\"https:\/\/www.visit-ulcinj.com\/blog\/2008\/05\/05\/ulqini-simbioze-e-lindjes-dhe-perendimit\/\" \/>\n<meta property=\"og:locale\" content=\"en_US\" \/>\n<meta property=\"og:type\" content=\"article\" \/>\n<meta property=\"og:title\" content=\"Ulqini - simbioz\u00eb e Lindjes dhe Per\u00ebndimit - Lajme nga Ulqini\" \/>\n<meta property=\"og:url\" content=\"https:\/\/www.visit-ulcinj.com\/blog\/2008\/05\/05\/ulqini-simbioze-e-lindjes-dhe-perendimit\/\" \/>\n<meta property=\"og:site_name\" content=\"Lajme nga Ulqini\" \/>\n<meta property=\"article:published_time\" content=\"2008-05-05T12:19:05+00:00\" \/>\n<meta property=\"article:modified_time\" content=\"2008-05-19T05:18:18+00:00\" \/>\n<meta property=\"og:image\" content=\"http:\/\/www.kohajavore.cg.yu\/slike\/1209973527.jpg\" \/>\n<meta name=\"twitter:label1\" content=\"Written by\" \/>\n\t<meta name=\"twitter:data1\" content=\"ulqini\" \/>\n\t<meta name=\"twitter:label2\" content=\"Est. reading time\" \/>\n\t<meta name=\"twitter:data2\" content=\"11 minutes\" \/>\n<script type=\"application\/ld+json\" class=\"yoast-schema-graph\">{\"@context\":\"https:\/\/schema.org\",\"@graph\":[{\"@type\":\"WebSite\",\"@id\":\"https:\/\/www.visit-ulcinj.com\/blog\/#website\",\"url\":\"https:\/\/www.visit-ulcinj.com\/blog\/\",\"name\":\"Lajme nga Ulqini\",\"description\":\"Lajme,Vijesti,Ulqini,Ulqin,Crna Gora,Mali i Zi\",\"potentialAction\":[{\"@type\":\"SearchAction\",\"target\":{\"@type\":\"EntryPoint\",\"urlTemplate\":\"https:\/\/www.visit-ulcinj.com\/blog\/?s={search_term_string}\"},\"query-input\":\"required name=search_term_string\"}],\"inLanguage\":\"en-US\"},{\"@type\":\"ImageObject\",\"inLanguage\":\"en-US\",\"@id\":\"https:\/\/www.visit-ulcinj.com\/blog\/2008\/05\/05\/ulqini-simbioze-e-lindjes-dhe-perendimit\/#primaryimage\",\"url\":\"http:\/\/www.kohajavore.cg.yu\/slike\/1209973527.jpg\",\"contentUrl\":\"http:\/\/www.kohajavore.cg.yu\/slike\/1209973527.jpg\"},{\"@type\":\"WebPage\",\"@id\":\"https:\/\/www.visit-ulcinj.com\/blog\/2008\/05\/05\/ulqini-simbioze-e-lindjes-dhe-perendimit\/#webpage\",\"url\":\"https:\/\/www.visit-ulcinj.com\/blog\/2008\/05\/05\/ulqini-simbioze-e-lindjes-dhe-perendimit\/\",\"name\":\"Ulqini - simbioz\u00eb e Lindjes dhe Per\u00ebndimit - Lajme nga Ulqini\",\"isPartOf\":{\"@id\":\"https:\/\/www.visit-ulcinj.com\/blog\/#website\"},\"primaryImageOfPage\":{\"@id\":\"https:\/\/www.visit-ulcinj.com\/blog\/2008\/05\/05\/ulqini-simbioze-e-lindjes-dhe-perendimit\/#primaryimage\"},\"datePublished\":\"2008-05-05T12:19:05+00:00\",\"dateModified\":\"2008-05-19T05:18:18+00:00\",\"author\":{\"@id\":\"https:\/\/www.visit-ulcinj.com\/blog\/#\/schema\/person\/dcab619c614d3038751c63bc2aadc06d\"},\"breadcrumb\":{\"@id\":\"https:\/\/www.visit-ulcinj.com\/blog\/2008\/05\/05\/ulqini-simbioze-e-lindjes-dhe-perendimit\/#breadcrumb\"},\"inLanguage\":\"en-US\",\"potentialAction\":[{\"@type\":\"ReadAction\",\"target\":[\"https:\/\/www.visit-ulcinj.com\/blog\/2008\/05\/05\/ulqini-simbioze-e-lindjes-dhe-perendimit\/\"]}]},{\"@type\":\"BreadcrumbList\",\"@id\":\"https:\/\/www.visit-ulcinj.com\/blog\/2008\/05\/05\/ulqini-simbioze-e-lindjes-dhe-perendimit\/#breadcrumb\",\"itemListElement\":[{\"@type\":\"ListItem\",\"position\":1,\"name\":\"Ulqini &#8211; simbioz\u00eb e Lindjes dhe Per\u00ebndimit\"}]},{\"@type\":\"Person\",\"@id\":\"https:\/\/www.visit-ulcinj.com\/blog\/#\/schema\/person\/dcab619c614d3038751c63bc2aadc06d\",\"name\":\"ulqini\",\"sameAs\":[\"http:\/\/www.visit-ulcinj.com\"],\"url\":\"https:\/\/www.visit-ulcinj.com\/blog\/author\/admin\/\"}]}<\/script>\n<!-- \/ Yoast SEO plugin. -->","yoast_head_json":{"title":"Ulqini - simbioz\u00eb e Lindjes dhe Per\u00ebndimit - Lajme nga Ulqini","robots":{"index":"index","follow":"follow","max-snippet":"max-snippet:-1","max-image-preview":"max-image-preview:large","max-video-preview":"max-video-preview:-1"},"canonical":"https:\/\/www.visit-ulcinj.com\/blog\/2008\/05\/05\/ulqini-simbioze-e-lindjes-dhe-perendimit\/","og_locale":"en_US","og_type":"article","og_title":"Ulqini - simbioz\u00eb e Lindjes dhe Per\u00ebndimit - Lajme nga Ulqini","og_url":"https:\/\/www.visit-ulcinj.com\/blog\/2008\/05\/05\/ulqini-simbioze-e-lindjes-dhe-perendimit\/","og_site_name":"Lajme nga Ulqini","article_published_time":"2008-05-05T12:19:05+00:00","article_modified_time":"2008-05-19T05:18:18+00:00","og_image":[{"url":"http:\/\/www.kohajavore.cg.yu\/slike\/1209973527.jpg"}],"twitter_misc":{"Written by":"ulqini","Est. reading time":"11 minutes"},"schema":{"@context":"https:\/\/schema.org","@graph":[{"@type":"WebSite","@id":"https:\/\/www.visit-ulcinj.com\/blog\/#website","url":"https:\/\/www.visit-ulcinj.com\/blog\/","name":"Lajme nga Ulqini","description":"Lajme,Vijesti,Ulqini,Ulqin,Crna Gora,Mali i Zi","potentialAction":[{"@type":"SearchAction","target":{"@type":"EntryPoint","urlTemplate":"https:\/\/www.visit-ulcinj.com\/blog\/?s={search_term_string}"},"query-input":"required name=search_term_string"}],"inLanguage":"en-US"},{"@type":"ImageObject","inLanguage":"en-US","@id":"https:\/\/www.visit-ulcinj.com\/blog\/2008\/05\/05\/ulqini-simbioze-e-lindjes-dhe-perendimit\/#primaryimage","url":"http:\/\/www.kohajavore.cg.yu\/slike\/1209973527.jpg","contentUrl":"http:\/\/www.kohajavore.cg.yu\/slike\/1209973527.jpg"},{"@type":"WebPage","@id":"https:\/\/www.visit-ulcinj.com\/blog\/2008\/05\/05\/ulqini-simbioze-e-lindjes-dhe-perendimit\/#webpage","url":"https:\/\/www.visit-ulcinj.com\/blog\/2008\/05\/05\/ulqini-simbioze-e-lindjes-dhe-perendimit\/","name":"Ulqini - simbioz\u00eb e Lindjes dhe Per\u00ebndimit - Lajme nga Ulqini","isPartOf":{"@id":"https:\/\/www.visit-ulcinj.com\/blog\/#website"},"primaryImageOfPage":{"@id":"https:\/\/www.visit-ulcinj.com\/blog\/2008\/05\/05\/ulqini-simbioze-e-lindjes-dhe-perendimit\/#primaryimage"},"datePublished":"2008-05-05T12:19:05+00:00","dateModified":"2008-05-19T05:18:18+00:00","author":{"@id":"https:\/\/www.visit-ulcinj.com\/blog\/#\/schema\/person\/dcab619c614d3038751c63bc2aadc06d"},"breadcrumb":{"@id":"https:\/\/www.visit-ulcinj.com\/blog\/2008\/05\/05\/ulqini-simbioze-e-lindjes-dhe-perendimit\/#breadcrumb"},"inLanguage":"en-US","potentialAction":[{"@type":"ReadAction","target":["https:\/\/www.visit-ulcinj.com\/blog\/2008\/05\/05\/ulqini-simbioze-e-lindjes-dhe-perendimit\/"]}]},{"@type":"BreadcrumbList","@id":"https:\/\/www.visit-ulcinj.com\/blog\/2008\/05\/05\/ulqini-simbioze-e-lindjes-dhe-perendimit\/#breadcrumb","itemListElement":[{"@type":"ListItem","position":1,"name":"Ulqini &#8211; simbioz\u00eb e Lindjes dhe Per\u00ebndimit"}]},{"@type":"Person","@id":"https:\/\/www.visit-ulcinj.com\/blog\/#\/schema\/person\/dcab619c614d3038751c63bc2aadc06d","name":"ulqini","sameAs":["http:\/\/www.visit-ulcinj.com"],"url":"https:\/\/www.visit-ulcinj.com\/blog\/author\/admin\/"}]}},"jetpack_featured_media_url":"","jetpack_sharing_enabled":true,"jetpack_shortlink":"https:\/\/wp.me\/pe6lTn-nV","_links":{"self":[{"href":"https:\/\/www.visit-ulcinj.com\/blog\/wp-json\/wp\/v2\/posts\/1483"}],"collection":[{"href":"https:\/\/www.visit-ulcinj.com\/blog\/wp-json\/wp\/v2\/posts"}],"about":[{"href":"https:\/\/www.visit-ulcinj.com\/blog\/wp-json\/wp\/v2\/types\/post"}],"author":[{"embeddable":true,"href":"https:\/\/www.visit-ulcinj.com\/blog\/wp-json\/wp\/v2\/users\/1"}],"replies":[{"embeddable":true,"href":"https:\/\/www.visit-ulcinj.com\/blog\/wp-json\/wp\/v2\/comments?post=1483"}],"version-history":[{"count":0,"href":"https:\/\/www.visit-ulcinj.com\/blog\/wp-json\/wp\/v2\/posts\/1483\/revisions"}],"wp:attachment":[{"href":"https:\/\/www.visit-ulcinj.com\/blog\/wp-json\/wp\/v2\/media?parent=1483"}],"wp:term":[{"taxonomy":"category","embeddable":true,"href":"https:\/\/www.visit-ulcinj.com\/blog\/wp-json\/wp\/v2\/categories?post=1483"},{"taxonomy":"post_tag","embeddable":true,"href":"https:\/\/www.visit-ulcinj.com\/blog\/wp-json\/wp\/v2\/tags?post=1483"}],"curies":[{"name":"wp","href":"https:\/\/api.w.org\/{rel}","templated":true}]}}