{"id":14830,"date":"2009-03-19T20:28:21","date_gmt":"2009-03-19T19:28:21","guid":{"rendered":"http:\/\/www.visit-ulcinj.com\/blog\/?p=14830"},"modified":"2009-03-19T20:28:21","modified_gmt":"2009-03-19T19:28:21","slug":"mesida-dua-te-kem-nje-lidhje","status":"publish","type":"post","link":"https:\/\/www.visit-ulcinj.com\/blog\/2009\/03\/19\/mesida-dua-te-kem-nje-lidhje\/","title":{"rendered":"Mesida: Dua t\u00eb kem nj\u00eb lidhje"},"content":{"rendered":"<p><em><span class=\"newsdate\"><a href=\"http:\/\/www.visit-ulcinj.com\/blog\/wp-content\/uploads\/2009\/03\/mesida3.jpg\"><img loading=\"lazy\" class=\"alignleft size-full wp-image-14831\" title=\"mesida-big-brother-albania-2\" src=\"http:\/\/www.visit-ulcinj.com\/blog\/wp-content\/uploads\/2009\/03\/mesida3.jpg\" alt=\"mesida-big-brother-albania-2\" width=\"300\" height=\"205\" \/><\/a>18\/03\/09 18:22<\/span><\/em><\/p>\n<p>Arjoni dhe Mesida diskutojn\u00eb p\u00ebr jetes\u00ebn brenda n\u00eb Big Brother. Mesida i thot\u00eb q\u00eb p\u00ebr t\u00eb \u00ebsht\u00eb shum\u00eb e v\u00ebshtir\u00eb, pasi ajo ka ndryshuar shum\u00eb q\u00eb kur ka hyr\u00eb n\u00eb sht\u00ebpi. Ajo tregon q\u00eb jasht\u00eb \u00ebsht\u00eb person shum\u00eb i qeshur ,dhe nuk i p\u00eblqen q\u00eb ajo brenda \u00ebsht\u00eb b\u00ebr\u00eb shum\u00eb nervoze. Arjoni fillon diskuton p\u00ebr lidhjet dhe e pyet n\u00ebse ajo do pranonte t\u00eb kishte nj\u00eb flirt me dik\u00eb. Mesida i thot\u00eb:-\u201cKur t\u00eb gjej dik\u00eb ,dua t\u00eb kem nj\u00eb lidhje. Flirti mua nuk m\u00eb hyn n\u00eb xhep!\u201d Ajo vazhdon duke i th\u00ebn\u00eb q\u00eb p\u00ebr t\u00eb nj\u00eb lidhje \u00ebsht\u00eb shum\u00eb e r\u00ebnd\u00ebsishme, pasi ajo d\u00ebshiron q\u00eb personi q\u00eb t\u00eb ket\u00eb n\u00eb krah t\u00eb ndihet mir\u00eb me t\u00eb. Arjoni tregon p\u00ebr lidhjen e tij 10 vjecare dhe i thot\u00eb q\u00eb ndihej mir\u00eb me at\u00eb person, dhe q\u00eb kishte besim tek ajo. Biseda kalon duke diskutar p\u00ebr Sh\u00ebn Valentinin. Arjoni shprehet q\u00eb nuk i p\u00eblqen si fest\u00eb nd\u00ebrsa Mesida thot\u00eb:-\u201cMua m\u00eb p\u00eblqen pasi ka shum\u00eb zemra.Mua m\u00eb p\u00eblqejn\u00eb shum\u00eb zemrat!\u201d<\/p>\n","protected":false},"excerpt":{"rendered":"<p>18\/03\/09 18:22 Arjoni dhe Mesida diskutojn\u00eb p\u00ebr jetes\u00ebn brenda n\u00eb Big Brother. Mesida i thot\u00eb q\u00eb p\u00ebr t\u00eb \u00ebsht\u00eb shum\u00eb e v\u00ebshtir\u00eb, pasi ajo ka ndryshuar shum\u00eb q\u00eb kur ka hyr\u00eb n\u00eb sht\u00ebpi. Ajo tregon q\u00eb jasht\u00eb \u00ebsht\u00eb person shum\u00eb i qeshur ,dhe nuk i p\u00eblqen q\u00eb ajo brenda \u00ebsht\u00eb b\u00ebr\u00eb shum\u00eb nervoze. Arjoni fillon [&hellip;]<\/p>\n","protected":false},"author":1,"featured_media":0,"comment_status":"open","ping_status":"closed","sticky":false,"template":"","format":"standard","meta":{"spay_email":"","jetpack_publicize_message":"","jetpack_is_tweetstorm":false,"jetpack_publicize_feature_enabled":true},"categories":[6502],"tags":[6525,6883,6516,6712,8174,8173,7364,6891],"jetpack_publicize_connections":[],"yoast_head":"<!-- This site is optimized with the Yoast SEO plugin v19.1 - https:\/\/yoast.com\/wordpress\/plugins\/seo\/ -->\n<title>Mesida: Dua t\u00c3\u00ab kem nj\u00c3\u00ab lidhje | Big Brother Albania 2<\/title>\n<meta name=\"description\" content=\"Big Brother Albania 2 - Arjoni dhe Mesida diskutojn\u00c3\u00ab p\u00c3\u00abr jetes\u00c3\u00abn brenda n\u00c3\u00ab Big Brother. Mesida i thot\u00c3\u00ab q\u00c3\u00ab p\u00c3\u00abr t\u00c3\u00ab \u00c3\u00absht\u00c3\u00ab shum\u00c3\u00ab e v\u00c3\u00abshtir\u00c3\u00ab, pasi ajo ka ndryshuar shum\u00c3\u00ab q\u00c3\u00ab kur ka hyr\u00c3\u00ab n\u00c3\u00ab sht\u00c3\u00abpi.\" \/>\n<meta name=\"robots\" content=\"index, follow, max-snippet:-1, max-image-preview:large, max-video-preview:-1\" \/>\n<link rel=\"canonical\" href=\"https:\/\/www.visit-ulcinj.com\/blog\/2009\/03\/19\/mesida-dua-te-kem-nje-lidhje\/\" \/>\n<meta property=\"og:locale\" content=\"en_US\" \/>\n<meta property=\"og:type\" content=\"article\" \/>\n<meta property=\"og:title\" content=\"Mesida: Dua t\u00c3\u00ab kem nj\u00c3\u00ab lidhje | Big Brother Albania 2\" \/>\n<meta property=\"og:description\" content=\"Big Brother Albania 2 - Arjoni dhe Mesida diskutojn\u00c3\u00ab p\u00c3\u00abr jetes\u00c3\u00abn brenda n\u00c3\u00ab Big Brother. Mesida i thot\u00c3\u00ab q\u00c3\u00ab p\u00c3\u00abr t\u00c3\u00ab \u00c3\u00absht\u00c3\u00ab shum\u00c3\u00ab e v\u00c3\u00abshtir\u00c3\u00ab, pasi ajo ka ndryshuar shum\u00c3\u00ab q\u00c3\u00ab kur ka hyr\u00c3\u00ab n\u00c3\u00ab sht\u00c3\u00abpi.\" \/>\n<meta property=\"og:url\" content=\"https:\/\/www.visit-ulcinj.com\/blog\/2009\/03\/19\/mesida-dua-te-kem-nje-lidhje\/\" \/>\n<meta property=\"og:site_name\" content=\"Lajme nga Ulqini\" \/>\n<meta property=\"article:published_time\" content=\"2009-03-19T19:28:21+00:00\" \/>\n<meta property=\"og:image\" content=\"http:\/\/www.visit-ulcinj.com\/blog\/wp-content\/uploads\/2009\/03\/mesida3.jpg\" \/>\n<meta name=\"twitter:label1\" content=\"Written by\" \/>\n\t<meta name=\"twitter:data1\" content=\"ulqini\" \/>\n\t<meta name=\"twitter:label2\" content=\"Est. reading time\" \/>\n\t<meta name=\"twitter:data2\" content=\"1 minute\" \/>\n<script type=\"application\/ld+json\" class=\"yoast-schema-graph\">{\"@context\":\"https:\/\/schema.org\",\"@graph\":[{\"@type\":\"WebSite\",\"@id\":\"https:\/\/www.visit-ulcinj.com\/blog\/#website\",\"url\":\"https:\/\/www.visit-ulcinj.com\/blog\/\",\"name\":\"Lajme nga Ulqini\",\"description\":\"Lajme,Vijesti,Ulqini,Ulqin,Crna Gora,Mali i Zi\",\"potentialAction\":[{\"@type\":\"SearchAction\",\"target\":{\"@type\":\"EntryPoint\",\"urlTemplate\":\"https:\/\/www.visit-ulcinj.com\/blog\/?s={search_term_string}\"},\"query-input\":\"required name=search_term_string\"}],\"inLanguage\":\"en-US\"},{\"@type\":\"ImageObject\",\"inLanguage\":\"en-US\",\"@id\":\"https:\/\/www.visit-ulcinj.com\/blog\/2009\/03\/19\/mesida-dua-te-kem-nje-lidhje\/#primaryimage\",\"url\":\"http:\/\/www.visit-ulcinj.com\/blog\/wp-content\/uploads\/2009\/03\/mesida3.jpg\",\"contentUrl\":\"http:\/\/www.visit-ulcinj.com\/blog\/wp-content\/uploads\/2009\/03\/mesida3.jpg\"},{\"@type\":\"WebPage\",\"@id\":\"https:\/\/www.visit-ulcinj.com\/blog\/2009\/03\/19\/mesida-dua-te-kem-nje-lidhje\/#webpage\",\"url\":\"https:\/\/www.visit-ulcinj.com\/blog\/2009\/03\/19\/mesida-dua-te-kem-nje-lidhje\/\",\"name\":\"Mesida: Dua t\u00c3\u00ab kem nj\u00c3\u00ab lidhje | Big Brother Albania 2\",\"isPartOf\":{\"@id\":\"https:\/\/www.visit-ulcinj.com\/blog\/#website\"},\"primaryImageOfPage\":{\"@id\":\"https:\/\/www.visit-ulcinj.com\/blog\/2009\/03\/19\/mesida-dua-te-kem-nje-lidhje\/#primaryimage\"},\"datePublished\":\"2009-03-19T19:28:21+00:00\",\"dateModified\":\"2009-03-19T19:28:21+00:00\",\"author\":{\"@id\":\"https:\/\/www.visit-ulcinj.com\/blog\/#\/schema\/person\/dcab619c614d3038751c63bc2aadc06d\"},\"description\":\"Big Brother Albania 2 - Arjoni dhe Mesida diskutojn\u00c3\u00ab p\u00c3\u00abr jetes\u00c3\u00abn brenda n\u00c3\u00ab Big Brother. Mesida i thot\u00c3\u00ab q\u00c3\u00ab p\u00c3\u00abr t\u00c3\u00ab \u00c3\u00absht\u00c3\u00ab shum\u00c3\u00ab e v\u00c3\u00abshtir\u00c3\u00ab, pasi ajo ka ndryshuar shum\u00c3\u00ab q\u00c3\u00ab kur ka hyr\u00c3\u00ab n\u00c3\u00ab sht\u00c3\u00abpi.\",\"breadcrumb\":{\"@id\":\"https:\/\/www.visit-ulcinj.com\/blog\/2009\/03\/19\/mesida-dua-te-kem-nje-lidhje\/#breadcrumb\"},\"inLanguage\":\"en-US\",\"potentialAction\":[{\"@type\":\"ReadAction\",\"target\":[\"https:\/\/www.visit-ulcinj.com\/blog\/2009\/03\/19\/mesida-dua-te-kem-nje-lidhje\/\"]}]},{\"@type\":\"BreadcrumbList\",\"@id\":\"https:\/\/www.visit-ulcinj.com\/blog\/2009\/03\/19\/mesida-dua-te-kem-nje-lidhje\/#breadcrumb\",\"itemListElement\":[{\"@type\":\"ListItem\",\"position\":1,\"name\":\"Mesida: Dua t\u00eb kem nj\u00eb lidhje\"}]},{\"@type\":\"Person\",\"@id\":\"https:\/\/www.visit-ulcinj.com\/blog\/#\/schema\/person\/dcab619c614d3038751c63bc2aadc06d\",\"name\":\"ulqini\",\"sameAs\":[\"http:\/\/www.visit-ulcinj.com\"],\"url\":\"https:\/\/www.visit-ulcinj.com\/blog\/author\/admin\/\"}]}<\/script>\n<!-- \/ Yoast SEO plugin. -->","yoast_head_json":{"title":"Mesida: Dua t\u00c3\u00ab kem nj\u00c3\u00ab lidhje | Big Brother Albania 2","description":"Big Brother Albania 2 - Arjoni dhe Mesida diskutojn\u00c3\u00ab p\u00c3\u00abr jetes\u00c3\u00abn brenda n\u00c3\u00ab Big Brother. Mesida i thot\u00c3\u00ab q\u00c3\u00ab p\u00c3\u00abr t\u00c3\u00ab \u00c3\u00absht\u00c3\u00ab shum\u00c3\u00ab e v\u00c3\u00abshtir\u00c3\u00ab, pasi ajo ka ndryshuar shum\u00c3\u00ab q\u00c3\u00ab kur ka hyr\u00c3\u00ab n\u00c3\u00ab sht\u00c3\u00abpi.","robots":{"index":"index","follow":"follow","max-snippet":"max-snippet:-1","max-image-preview":"max-image-preview:large","max-video-preview":"max-video-preview:-1"},"canonical":"https:\/\/www.visit-ulcinj.com\/blog\/2009\/03\/19\/mesida-dua-te-kem-nje-lidhje\/","og_locale":"en_US","og_type":"article","og_title":"Mesida: Dua t\u00c3\u00ab kem nj\u00c3\u00ab lidhje | Big Brother Albania 2","og_description":"Big Brother Albania 2 - Arjoni dhe Mesida diskutojn\u00c3\u00ab p\u00c3\u00abr jetes\u00c3\u00abn brenda n\u00c3\u00ab Big Brother. Mesida i thot\u00c3\u00ab q\u00c3\u00ab p\u00c3\u00abr t\u00c3\u00ab \u00c3\u00absht\u00c3\u00ab shum\u00c3\u00ab e v\u00c3\u00abshtir\u00c3\u00ab, pasi ajo ka ndryshuar shum\u00c3\u00ab q\u00c3\u00ab kur ka hyr\u00c3\u00ab n\u00c3\u00ab sht\u00c3\u00abpi.","og_url":"https:\/\/www.visit-ulcinj.com\/blog\/2009\/03\/19\/mesida-dua-te-kem-nje-lidhje\/","og_site_name":"Lajme nga Ulqini","article_published_time":"2009-03-19T19:28:21+00:00","og_image":[{"url":"http:\/\/www.visit-ulcinj.com\/blog\/wp-content\/uploads\/2009\/03\/mesida3.jpg"}],"twitter_misc":{"Written by":"ulqini","Est. reading time":"1 minute"},"schema":{"@context":"https:\/\/schema.org","@graph":[{"@type":"WebSite","@id":"https:\/\/www.visit-ulcinj.com\/blog\/#website","url":"https:\/\/www.visit-ulcinj.com\/blog\/","name":"Lajme nga Ulqini","description":"Lajme,Vijesti,Ulqini,Ulqin,Crna Gora,Mali i Zi","potentialAction":[{"@type":"SearchAction","target":{"@type":"EntryPoint","urlTemplate":"https:\/\/www.visit-ulcinj.com\/blog\/?s={search_term_string}"},"query-input":"required name=search_term_string"}],"inLanguage":"en-US"},{"@type":"ImageObject","inLanguage":"en-US","@id":"https:\/\/www.visit-ulcinj.com\/blog\/2009\/03\/19\/mesida-dua-te-kem-nje-lidhje\/#primaryimage","url":"http:\/\/www.visit-ulcinj.com\/blog\/wp-content\/uploads\/2009\/03\/mesida3.jpg","contentUrl":"http:\/\/www.visit-ulcinj.com\/blog\/wp-content\/uploads\/2009\/03\/mesida3.jpg"},{"@type":"WebPage","@id":"https:\/\/www.visit-ulcinj.com\/blog\/2009\/03\/19\/mesida-dua-te-kem-nje-lidhje\/#webpage","url":"https:\/\/www.visit-ulcinj.com\/blog\/2009\/03\/19\/mesida-dua-te-kem-nje-lidhje\/","name":"Mesida: Dua t\u00c3\u00ab kem nj\u00c3\u00ab lidhje | Big Brother Albania 2","isPartOf":{"@id":"https:\/\/www.visit-ulcinj.com\/blog\/#website"},"primaryImageOfPage":{"@id":"https:\/\/www.visit-ulcinj.com\/blog\/2009\/03\/19\/mesida-dua-te-kem-nje-lidhje\/#primaryimage"},"datePublished":"2009-03-19T19:28:21+00:00","dateModified":"2009-03-19T19:28:21+00:00","author":{"@id":"https:\/\/www.visit-ulcinj.com\/blog\/#\/schema\/person\/dcab619c614d3038751c63bc2aadc06d"},"description":"Big Brother Albania 2 - Arjoni dhe Mesida diskutojn\u00c3\u00ab p\u00c3\u00abr jetes\u00c3\u00abn brenda n\u00c3\u00ab Big Brother. Mesida i thot\u00c3\u00ab q\u00c3\u00ab p\u00c3\u00abr t\u00c3\u00ab \u00c3\u00absht\u00c3\u00ab shum\u00c3\u00ab e v\u00c3\u00abshtir\u00c3\u00ab, pasi ajo ka ndryshuar shum\u00c3\u00ab q\u00c3\u00ab kur ka hyr\u00c3\u00ab n\u00c3\u00ab sht\u00c3\u00abpi.","breadcrumb":{"@id":"https:\/\/www.visit-ulcinj.com\/blog\/2009\/03\/19\/mesida-dua-te-kem-nje-lidhje\/#breadcrumb"},"inLanguage":"en-US","potentialAction":[{"@type":"ReadAction","target":["https:\/\/www.visit-ulcinj.com\/blog\/2009\/03\/19\/mesida-dua-te-kem-nje-lidhje\/"]}]},{"@type":"BreadcrumbList","@id":"https:\/\/www.visit-ulcinj.com\/blog\/2009\/03\/19\/mesida-dua-te-kem-nje-lidhje\/#breadcrumb","itemListElement":[{"@type":"ListItem","position":1,"name":"Mesida: Dua t\u00eb kem nj\u00eb lidhje"}]},{"@type":"Person","@id":"https:\/\/www.visit-ulcinj.com\/blog\/#\/schema\/person\/dcab619c614d3038751c63bc2aadc06d","name":"ulqini","sameAs":["http:\/\/www.visit-ulcinj.com"],"url":"https:\/\/www.visit-ulcinj.com\/blog\/author\/admin\/"}]}},"jetpack_featured_media_url":"","jetpack_sharing_enabled":true,"jetpack_shortlink":"https:\/\/wp.me\/pe6lTn-3Rc","_links":{"self":[{"href":"https:\/\/www.visit-ulcinj.com\/blog\/wp-json\/wp\/v2\/posts\/14830"}],"collection":[{"href":"https:\/\/www.visit-ulcinj.com\/blog\/wp-json\/wp\/v2\/posts"}],"about":[{"href":"https:\/\/www.visit-ulcinj.com\/blog\/wp-json\/wp\/v2\/types\/post"}],"author":[{"embeddable":true,"href":"https:\/\/www.visit-ulcinj.com\/blog\/wp-json\/wp\/v2\/users\/1"}],"replies":[{"embeddable":true,"href":"https:\/\/www.visit-ulcinj.com\/blog\/wp-json\/wp\/v2\/comments?post=14830"}],"version-history":[{"count":0,"href":"https:\/\/www.visit-ulcinj.com\/blog\/wp-json\/wp\/v2\/posts\/14830\/revisions"}],"wp:attachment":[{"href":"https:\/\/www.visit-ulcinj.com\/blog\/wp-json\/wp\/v2\/media?parent=14830"}],"wp:term":[{"taxonomy":"category","embeddable":true,"href":"https:\/\/www.visit-ulcinj.com\/blog\/wp-json\/wp\/v2\/categories?post=14830"},{"taxonomy":"post_tag","embeddable":true,"href":"https:\/\/www.visit-ulcinj.com\/blog\/wp-json\/wp\/v2\/tags?post=14830"}],"curies":[{"name":"wp","href":"https:\/\/api.w.org\/{rel}","templated":true}]}}