{"id":14842,"date":"2009-03-19T20:42:09","date_gmt":"2009-03-19T19:42:09","guid":{"rendered":"http:\/\/www.visit-ulcinj.com\/blog\/?p=14842"},"modified":"2009-03-19T20:42:09","modified_gmt":"2009-03-19T19:42:09","slug":"bjordi-pse-sillesh-mire-kur-ajo-te-shan","status":"publish","type":"post","link":"https:\/\/www.visit-ulcinj.com\/blog\/2009\/03\/19\/bjordi-pse-sillesh-mire-kur-ajo-te-shan\/","title":{"rendered":"Bjordi: Pse sillesh mir\u00eb, kur ajo t\u00eb shan?"},"content":{"rendered":"<p><em><span class=\"newsdate\"><a href=\"http:\/\/www.visit-ulcinj.com\/blog\/wp-content\/uploads\/2009\/03\/adela-dhe-bjordi.jpg\"><img loading=\"lazy\" class=\"alignleft size-full wp-image-14843\" title=\"adela-dhe-bjordi-big-brother-albania-2\" src=\"http:\/\/www.visit-ulcinj.com\/blog\/wp-content\/uploads\/2009\/03\/adela-dhe-bjordi.jpg\" alt=\"adela-dhe-bjordi-big-brother-albania-2\" width=\"300\" height=\"205\" \/><\/a>18\/03\/09 21:39<\/span><\/em><\/p>\n<p>Pas mbarimit t\u00eb prov\u00ebs banor\u00ebt ndjehen t\u00eb lodhur. Adelajda q\u00ebndron shtrir\u00eb dhe diskuton me Bjordin fjal\u00ebt q\u00eb i kishte th\u00ebn\u00eb Mimoza. Sipas saj Aida dhe Mesida e kishin influencuar, duke i th\u00ebn\u00eb q\u00eb nuk duhet t\u00eb rrinte m\u00eb me t\u00eb. Mimoza i kishte th\u00ebn\u00eb q\u00eb ato rrinin gjith\u00eb dit\u00ebn duke e shar\u00eb Adelajd\u00ebn. Sipas Adelajd\u00ebs Aida ose Mesida duhet t\u00eb largohet nga sht\u00ebpia. Bjordi nuk e kupton sjelljen e Adelajd\u00ebs n\u00eb lidhje me Lirit\u00ebn. Ai i thot\u00eb:-\u201cPse sillesh mir\u00eb me Lirit\u00ebn, kur e di q\u00eb ajo t\u00eb shan ty?\u201d Adelajda mundohet ta justifikoj\u00eb duke th\u00ebn\u00eb q\u00eb sipas mendimit t\u00eb saj ajo nuk flet keq p\u00ebr t\u00eb, por jan\u00eb Aida dhe Mesida ato q\u00eb e shajn\u00eb.<\/p>\n","protected":false},"excerpt":{"rendered":"<p>18\/03\/09 21:39 Pas mbarimit t\u00eb prov\u00ebs banor\u00ebt ndjehen t\u00eb lodhur. Adelajda q\u00ebndron shtrir\u00eb dhe diskuton me Bjordin fjal\u00ebt q\u00eb i kishte th\u00ebn\u00eb Mimoza. Sipas saj Aida dhe Mesida e kishin influencuar, duke i th\u00ebn\u00eb q\u00eb nuk duhet t\u00eb rrinte m\u00eb me t\u00eb. Mimoza i kishte th\u00ebn\u00eb q\u00eb ato rrinin gjith\u00eb dit\u00ebn duke e shar\u00eb Adelajd\u00ebn. [&hellip;]<\/p>\n","protected":false},"author":1,"featured_media":0,"comment_status":"open","ping_status":"closed","sticky":false,"template":"","format":"standard","meta":{"spay_email":"","jetpack_publicize_message":"","jetpack_is_tweetstorm":false,"jetpack_publicize_feature_enabled":true},"categories":[6502],"tags":[6529,6537,6883,6516,6712,6522,6544,6891],"jetpack_publicize_connections":[],"yoast_head":"<!-- This site is optimized with the Yoast SEO plugin v19.1 - https:\/\/yoast.com\/wordpress\/plugins\/seo\/ -->\n<title>Bjordi: Pse sillesh mir\u00c3\u00ab, kur ajo t\u00c3\u00ab shan? | Big Brother Albania 2<\/title>\n<meta name=\"description\" content=\"Big Brother Albania 2 - Pas mbarimit t\u00c3\u00ab prov\u00c3\u00abs banor\u00c3\u00abt ndjehen t\u00c3\u00ab lodhur. Adelajda q\u00c3\u00abndron shtrir\u00c3\u00ab dhe diskuton me Bjordin fjal\u00c3\u00abt q\u00c3\u00ab i kishte th\u00c3\u00abn\u00c3\u00ab Mimoza.\" \/>\n<meta name=\"robots\" content=\"index, follow, max-snippet:-1, max-image-preview:large, max-video-preview:-1\" \/>\n<link rel=\"canonical\" href=\"https:\/\/www.visit-ulcinj.com\/blog\/2009\/03\/19\/bjordi-pse-sillesh-mire-kur-ajo-te-shan\/\" \/>\n<meta property=\"og:locale\" content=\"en_US\" \/>\n<meta property=\"og:type\" content=\"article\" \/>\n<meta property=\"og:title\" content=\"Bjordi: Pse sillesh mir\u00c3\u00ab, kur ajo t\u00c3\u00ab shan? | Big Brother Albania 2\" \/>\n<meta property=\"og:description\" content=\"Big Brother Albania 2 - Pas mbarimit t\u00c3\u00ab prov\u00c3\u00abs banor\u00c3\u00abt ndjehen t\u00c3\u00ab lodhur. Adelajda q\u00c3\u00abndron shtrir\u00c3\u00ab dhe diskuton me Bjordin fjal\u00c3\u00abt q\u00c3\u00ab i kishte th\u00c3\u00abn\u00c3\u00ab Mimoza.\" \/>\n<meta property=\"og:url\" content=\"https:\/\/www.visit-ulcinj.com\/blog\/2009\/03\/19\/bjordi-pse-sillesh-mire-kur-ajo-te-shan\/\" \/>\n<meta property=\"og:site_name\" content=\"Lajme nga Ulqini\" \/>\n<meta property=\"article:published_time\" content=\"2009-03-19T19:42:09+00:00\" \/>\n<meta property=\"og:image\" content=\"http:\/\/www.visit-ulcinj.com\/blog\/wp-content\/uploads\/2009\/03\/adela-dhe-bjordi.jpg\" \/>\n<meta name=\"twitter:label1\" content=\"Written by\" \/>\n\t<meta name=\"twitter:data1\" content=\"ulqini\" \/>\n\t<meta name=\"twitter:label2\" content=\"Est. reading time\" \/>\n\t<meta name=\"twitter:data2\" content=\"1 minute\" \/>\n<script type=\"application\/ld+json\" class=\"yoast-schema-graph\">{\"@context\":\"https:\/\/schema.org\",\"@graph\":[{\"@type\":\"WebSite\",\"@id\":\"https:\/\/www.visit-ulcinj.com\/blog\/#website\",\"url\":\"https:\/\/www.visit-ulcinj.com\/blog\/\",\"name\":\"Lajme nga Ulqini\",\"description\":\"Lajme,Vijesti,Ulqini,Ulqin,Crna Gora,Mali i Zi\",\"potentialAction\":[{\"@type\":\"SearchAction\",\"target\":{\"@type\":\"EntryPoint\",\"urlTemplate\":\"https:\/\/www.visit-ulcinj.com\/blog\/?s={search_term_string}\"},\"query-input\":\"required name=search_term_string\"}],\"inLanguage\":\"en-US\"},{\"@type\":\"ImageObject\",\"inLanguage\":\"en-US\",\"@id\":\"https:\/\/www.visit-ulcinj.com\/blog\/2009\/03\/19\/bjordi-pse-sillesh-mire-kur-ajo-te-shan\/#primaryimage\",\"url\":\"http:\/\/www.visit-ulcinj.com\/blog\/wp-content\/uploads\/2009\/03\/adela-dhe-bjordi.jpg\",\"contentUrl\":\"http:\/\/www.visit-ulcinj.com\/blog\/wp-content\/uploads\/2009\/03\/adela-dhe-bjordi.jpg\"},{\"@type\":\"WebPage\",\"@id\":\"https:\/\/www.visit-ulcinj.com\/blog\/2009\/03\/19\/bjordi-pse-sillesh-mire-kur-ajo-te-shan\/#webpage\",\"url\":\"https:\/\/www.visit-ulcinj.com\/blog\/2009\/03\/19\/bjordi-pse-sillesh-mire-kur-ajo-te-shan\/\",\"name\":\"Bjordi: Pse sillesh mir\u00c3\u00ab, kur ajo t\u00c3\u00ab shan? | Big Brother Albania 2\",\"isPartOf\":{\"@id\":\"https:\/\/www.visit-ulcinj.com\/blog\/#website\"},\"primaryImageOfPage\":{\"@id\":\"https:\/\/www.visit-ulcinj.com\/blog\/2009\/03\/19\/bjordi-pse-sillesh-mire-kur-ajo-te-shan\/#primaryimage\"},\"datePublished\":\"2009-03-19T19:42:09+00:00\",\"dateModified\":\"2009-03-19T19:42:09+00:00\",\"author\":{\"@id\":\"https:\/\/www.visit-ulcinj.com\/blog\/#\/schema\/person\/dcab619c614d3038751c63bc2aadc06d\"},\"description\":\"Big Brother Albania 2 - Pas mbarimit t\u00c3\u00ab prov\u00c3\u00abs banor\u00c3\u00abt ndjehen t\u00c3\u00ab lodhur. Adelajda q\u00c3\u00abndron shtrir\u00c3\u00ab dhe diskuton me Bjordin fjal\u00c3\u00abt q\u00c3\u00ab i kishte th\u00c3\u00abn\u00c3\u00ab Mimoza.\",\"breadcrumb\":{\"@id\":\"https:\/\/www.visit-ulcinj.com\/blog\/2009\/03\/19\/bjordi-pse-sillesh-mire-kur-ajo-te-shan\/#breadcrumb\"},\"inLanguage\":\"en-US\",\"potentialAction\":[{\"@type\":\"ReadAction\",\"target\":[\"https:\/\/www.visit-ulcinj.com\/blog\/2009\/03\/19\/bjordi-pse-sillesh-mire-kur-ajo-te-shan\/\"]}]},{\"@type\":\"BreadcrumbList\",\"@id\":\"https:\/\/www.visit-ulcinj.com\/blog\/2009\/03\/19\/bjordi-pse-sillesh-mire-kur-ajo-te-shan\/#breadcrumb\",\"itemListElement\":[{\"@type\":\"ListItem\",\"position\":1,\"name\":\"Bjordi: Pse sillesh mir\u00eb, kur ajo t\u00eb shan?\"}]},{\"@type\":\"Person\",\"@id\":\"https:\/\/www.visit-ulcinj.com\/blog\/#\/schema\/person\/dcab619c614d3038751c63bc2aadc06d\",\"name\":\"ulqini\",\"sameAs\":[\"http:\/\/www.visit-ulcinj.com\"],\"url\":\"https:\/\/www.visit-ulcinj.com\/blog\/author\/admin\/\"}]}<\/script>\n<!-- \/ Yoast SEO plugin. -->","yoast_head_json":{"title":"Bjordi: Pse sillesh mir\u00c3\u00ab, kur ajo t\u00c3\u00ab shan? | Big Brother Albania 2","description":"Big Brother Albania 2 - Pas mbarimit t\u00c3\u00ab prov\u00c3\u00abs banor\u00c3\u00abt ndjehen t\u00c3\u00ab lodhur. Adelajda q\u00c3\u00abndron shtrir\u00c3\u00ab dhe diskuton me Bjordin fjal\u00c3\u00abt q\u00c3\u00ab i kishte th\u00c3\u00abn\u00c3\u00ab Mimoza.","robots":{"index":"index","follow":"follow","max-snippet":"max-snippet:-1","max-image-preview":"max-image-preview:large","max-video-preview":"max-video-preview:-1"},"canonical":"https:\/\/www.visit-ulcinj.com\/blog\/2009\/03\/19\/bjordi-pse-sillesh-mire-kur-ajo-te-shan\/","og_locale":"en_US","og_type":"article","og_title":"Bjordi: Pse sillesh mir\u00c3\u00ab, kur ajo t\u00c3\u00ab shan? | Big Brother Albania 2","og_description":"Big Brother Albania 2 - Pas mbarimit t\u00c3\u00ab prov\u00c3\u00abs banor\u00c3\u00abt ndjehen t\u00c3\u00ab lodhur. Adelajda q\u00c3\u00abndron shtrir\u00c3\u00ab dhe diskuton me Bjordin fjal\u00c3\u00abt q\u00c3\u00ab i kishte th\u00c3\u00abn\u00c3\u00ab Mimoza.","og_url":"https:\/\/www.visit-ulcinj.com\/blog\/2009\/03\/19\/bjordi-pse-sillesh-mire-kur-ajo-te-shan\/","og_site_name":"Lajme nga Ulqini","article_published_time":"2009-03-19T19:42:09+00:00","og_image":[{"url":"http:\/\/www.visit-ulcinj.com\/blog\/wp-content\/uploads\/2009\/03\/adela-dhe-bjordi.jpg"}],"twitter_misc":{"Written by":"ulqini","Est. reading time":"1 minute"},"schema":{"@context":"https:\/\/schema.org","@graph":[{"@type":"WebSite","@id":"https:\/\/www.visit-ulcinj.com\/blog\/#website","url":"https:\/\/www.visit-ulcinj.com\/blog\/","name":"Lajme nga Ulqini","description":"Lajme,Vijesti,Ulqini,Ulqin,Crna Gora,Mali i Zi","potentialAction":[{"@type":"SearchAction","target":{"@type":"EntryPoint","urlTemplate":"https:\/\/www.visit-ulcinj.com\/blog\/?s={search_term_string}"},"query-input":"required name=search_term_string"}],"inLanguage":"en-US"},{"@type":"ImageObject","inLanguage":"en-US","@id":"https:\/\/www.visit-ulcinj.com\/blog\/2009\/03\/19\/bjordi-pse-sillesh-mire-kur-ajo-te-shan\/#primaryimage","url":"http:\/\/www.visit-ulcinj.com\/blog\/wp-content\/uploads\/2009\/03\/adela-dhe-bjordi.jpg","contentUrl":"http:\/\/www.visit-ulcinj.com\/blog\/wp-content\/uploads\/2009\/03\/adela-dhe-bjordi.jpg"},{"@type":"WebPage","@id":"https:\/\/www.visit-ulcinj.com\/blog\/2009\/03\/19\/bjordi-pse-sillesh-mire-kur-ajo-te-shan\/#webpage","url":"https:\/\/www.visit-ulcinj.com\/blog\/2009\/03\/19\/bjordi-pse-sillesh-mire-kur-ajo-te-shan\/","name":"Bjordi: Pse sillesh mir\u00c3\u00ab, kur ajo t\u00c3\u00ab shan? | Big Brother Albania 2","isPartOf":{"@id":"https:\/\/www.visit-ulcinj.com\/blog\/#website"},"primaryImageOfPage":{"@id":"https:\/\/www.visit-ulcinj.com\/blog\/2009\/03\/19\/bjordi-pse-sillesh-mire-kur-ajo-te-shan\/#primaryimage"},"datePublished":"2009-03-19T19:42:09+00:00","dateModified":"2009-03-19T19:42:09+00:00","author":{"@id":"https:\/\/www.visit-ulcinj.com\/blog\/#\/schema\/person\/dcab619c614d3038751c63bc2aadc06d"},"description":"Big Brother Albania 2 - Pas mbarimit t\u00c3\u00ab prov\u00c3\u00abs banor\u00c3\u00abt ndjehen t\u00c3\u00ab lodhur. Adelajda q\u00c3\u00abndron shtrir\u00c3\u00ab dhe diskuton me Bjordin fjal\u00c3\u00abt q\u00c3\u00ab i kishte th\u00c3\u00abn\u00c3\u00ab Mimoza.","breadcrumb":{"@id":"https:\/\/www.visit-ulcinj.com\/blog\/2009\/03\/19\/bjordi-pse-sillesh-mire-kur-ajo-te-shan\/#breadcrumb"},"inLanguage":"en-US","potentialAction":[{"@type":"ReadAction","target":["https:\/\/www.visit-ulcinj.com\/blog\/2009\/03\/19\/bjordi-pse-sillesh-mire-kur-ajo-te-shan\/"]}]},{"@type":"BreadcrumbList","@id":"https:\/\/www.visit-ulcinj.com\/blog\/2009\/03\/19\/bjordi-pse-sillesh-mire-kur-ajo-te-shan\/#breadcrumb","itemListElement":[{"@type":"ListItem","position":1,"name":"Bjordi: Pse sillesh mir\u00eb, kur ajo t\u00eb shan?"}]},{"@type":"Person","@id":"https:\/\/www.visit-ulcinj.com\/blog\/#\/schema\/person\/dcab619c614d3038751c63bc2aadc06d","name":"ulqini","sameAs":["http:\/\/www.visit-ulcinj.com"],"url":"https:\/\/www.visit-ulcinj.com\/blog\/author\/admin\/"}]}},"jetpack_featured_media_url":"","jetpack_sharing_enabled":true,"jetpack_shortlink":"https:\/\/wp.me\/pe6lTn-3Ro","_links":{"self":[{"href":"https:\/\/www.visit-ulcinj.com\/blog\/wp-json\/wp\/v2\/posts\/14842"}],"collection":[{"href":"https:\/\/www.visit-ulcinj.com\/blog\/wp-json\/wp\/v2\/posts"}],"about":[{"href":"https:\/\/www.visit-ulcinj.com\/blog\/wp-json\/wp\/v2\/types\/post"}],"author":[{"embeddable":true,"href":"https:\/\/www.visit-ulcinj.com\/blog\/wp-json\/wp\/v2\/users\/1"}],"replies":[{"embeddable":true,"href":"https:\/\/www.visit-ulcinj.com\/blog\/wp-json\/wp\/v2\/comments?post=14842"}],"version-history":[{"count":0,"href":"https:\/\/www.visit-ulcinj.com\/blog\/wp-json\/wp\/v2\/posts\/14842\/revisions"}],"wp:attachment":[{"href":"https:\/\/www.visit-ulcinj.com\/blog\/wp-json\/wp\/v2\/media?parent=14842"}],"wp:term":[{"taxonomy":"category","embeddable":true,"href":"https:\/\/www.visit-ulcinj.com\/blog\/wp-json\/wp\/v2\/categories?post=14842"},{"taxonomy":"post_tag","embeddable":true,"href":"https:\/\/www.visit-ulcinj.com\/blog\/wp-json\/wp\/v2\/tags?post=14842"}],"curies":[{"name":"wp","href":"https:\/\/api.w.org\/{rel}","templated":true}]}}