{"id":14845,"date":"2009-03-19T20:44:57","date_gmt":"2009-03-19T19:44:57","guid":{"rendered":"http:\/\/www.visit-ulcinj.com\/blog\/?p=14845"},"modified":"2009-03-19T20:44:57","modified_gmt":"2009-03-19T19:44:57","slug":"qetsori-me-adelen-jetoje-momentin","status":"publish","type":"post","link":"https:\/\/www.visit-ulcinj.com\/blog\/2009\/03\/19\/qetsori-me-adelen-jetoje-momentin\/","title":{"rendered":"Qetsori m\u00eb Adel\u00ebn : Jetoje momentin"},"content":{"rendered":"<p><em><span class=\"newsdate\"><a href=\"http:\/\/www.visit-ulcinj.com\/blog\/wp-content\/uploads\/2009\/03\/qetsoriadela-copy.jpg\"><img loading=\"lazy\" class=\"alignleft size-full wp-image-14846\" title=\"qetsori-adela-big-brother-albania-2\" src=\"http:\/\/www.visit-ulcinj.com\/blog\/wp-content\/uploads\/2009\/03\/qetsoriadela-copy.jpg\" alt=\"qetsori-adela-big-brother-albania-2\" width=\"300\" height=\"205\" \/><\/a>18\/03\/09 23:30<\/span><\/em><\/p>\n<p>Ty t\u00eb p\u00eblqen Bjordi!\u201d \u2013 i ka th\u00ebn\u00eb Qetsori Adelajdes. Ajo e ka pyetur n\u00eb \u00e7\u2019kuptim e thoshte k\u00ebt\u00eb dhe ai \u00ebsht\u00eb shpjeguar se donte t\u00eb thoshte q\u00eb ata, p\u00ebrve\u00e7se jan\u00eb shok\u00eb, kan\u00eb edhe nj\u00eb far\u00eb ndjenje p\u00ebr nj\u00ebri-tjetrin. \u201cBjordin e dua fort, por nuk e dashuroj, nuk m\u00eb p\u00eblqejn\u00eb k\u00ebto tipa!\u201d \u2013 i \u00ebsht\u00eb p\u00ebrgjigjur ajo. Qetsori i ka th\u00ebn\u00eb se \u201cdashuroj\u201d \u00ebsht\u00eb nj\u00eb fjal\u00eb shum\u00eb e madhe, ai e kishte fjal\u00ebn p\u00ebr nj\u00eb ndjenj\u00eb n\u00eb kufijt\u00eb e p\u00eblqimit me t\u00eb dashuris\u00eb, por Adelajda ka kund\u00ebrshtuar duke th\u00ebn\u00eb se ajo dhe Bjordi ishin shum\u00eb larg n\u00eb t\u00eb konceptuarit e gjar\u00ebve. Ajo ka shtuar se Bjordi po p\u00ebrpiqet ta ndryshoj\u00eb, por, n\u00eb k\u00ebt\u00eb mosh\u00eb, v\u00ebshtir\u00eb q\u00eb ajo t\u00eb ndryshohet. Qetsori i ka th\u00ebn\u00eb se ajo vet ka deklaruar se donte ta ndryshonte jet\u00ebn dhe p\u00ebr k\u00ebt\u00eb, momenti i duhur ishte tani.<\/p>\n","protected":false},"excerpt":{"rendered":"<p>18\/03\/09 23:30 Ty t\u00eb p\u00eblqen Bjordi!\u201d \u2013 i ka th\u00ebn\u00eb Qetsori Adelajdes. Ajo e ka pyetur n\u00eb \u00e7\u2019kuptim e thoshte k\u00ebt\u00eb dhe ai \u00ebsht\u00eb shpjeguar se donte t\u00eb thoshte q\u00eb ata, p\u00ebrve\u00e7se jan\u00eb shok\u00eb, kan\u00eb edhe nj\u00eb far\u00eb ndjenje p\u00ebr nj\u00ebri-tjetrin. \u201cBjordin e dua fort, por nuk e dashuroj, nuk m\u00eb p\u00eblqejn\u00eb k\u00ebto tipa!\u201d \u2013 [&hellip;]<\/p>\n","protected":false},"author":1,"featured_media":0,"comment_status":"open","ping_status":"closed","sticky":false,"template":"","format":"standard","meta":{"spay_email":"","jetpack_publicize_message":"","jetpack_is_tweetstorm":false,"jetpack_publicize_feature_enabled":true},"categories":[6502],"tags":[6736,6529,6883,6516,6712,6522,6900,6891],"jetpack_publicize_connections":[],"yoast_head":"<!-- This site is optimized with the Yoast SEO plugin v19.1 - https:\/\/yoast.com\/wordpress\/plugins\/seo\/ -->\n<title>Qetsori m\u00c3\u00ab Adel\u00c3\u00abn : Jetoje momentin | Big Brother Albania 2<\/title>\n<meta name=\"description\" content=\"Big Brother Albania 2 - Ty t\u00c3\u00ab p\u00c3\u00ablqen Bjordi!\u00e2\u20ac\u009d \u00e2\u20ac\u201c i ka th\u00c3\u00abn\u00c3\u00ab Qetsori Adelajdes. Ajo e ka pyetur n\u00c3\u00ab \u00c3\u00a7\u00e2\u20ac\u2122kuptim e thoshte k\u00c3\u00abt\u00c3\u00ab dhe ai \u00c3\u00absht\u00c3\u00ab shpjeguar se donte t\u00c3\u00ab thoshte q\u00c3\u00ab ata, p\u00c3\u00abrve\u00c3\u00a7se jan\u00c3\u00ab shok\u00c3\u00ab, kan\u00c3\u00ab edhe nj\u00c3\u00ab far\u00c3\u00ab ndjenje p\u00c3\u00abr nj\u00c3\u00abri-tjetrin.\" \/>\n<meta name=\"robots\" content=\"index, follow, max-snippet:-1, max-image-preview:large, max-video-preview:-1\" \/>\n<link rel=\"canonical\" href=\"https:\/\/www.visit-ulcinj.com\/blog\/2009\/03\/19\/qetsori-me-adelen-jetoje-momentin\/\" \/>\n<meta property=\"og:locale\" content=\"en_US\" \/>\n<meta property=\"og:type\" content=\"article\" \/>\n<meta property=\"og:title\" content=\"Qetsori m\u00c3\u00ab Adel\u00c3\u00abn : Jetoje momentin | Big Brother Albania 2\" \/>\n<meta property=\"og:description\" content=\"Big Brother Albania 2 - Ty t\u00c3\u00ab p\u00c3\u00ablqen Bjordi!\u00e2\u20ac\u009d \u00e2\u20ac\u201c i ka th\u00c3\u00abn\u00c3\u00ab Qetsori Adelajdes. Ajo e ka pyetur n\u00c3\u00ab \u00c3\u00a7\u00e2\u20ac\u2122kuptim e thoshte k\u00c3\u00abt\u00c3\u00ab dhe ai \u00c3\u00absht\u00c3\u00ab shpjeguar se donte t\u00c3\u00ab thoshte q\u00c3\u00ab ata, p\u00c3\u00abrve\u00c3\u00a7se jan\u00c3\u00ab shok\u00c3\u00ab, kan\u00c3\u00ab edhe nj\u00c3\u00ab far\u00c3\u00ab ndjenje p\u00c3\u00abr nj\u00c3\u00abri-tjetrin.\" \/>\n<meta property=\"og:url\" content=\"https:\/\/www.visit-ulcinj.com\/blog\/2009\/03\/19\/qetsori-me-adelen-jetoje-momentin\/\" \/>\n<meta property=\"og:site_name\" content=\"Lajme nga Ulqini\" \/>\n<meta property=\"article:published_time\" content=\"2009-03-19T19:44:57+00:00\" \/>\n<meta property=\"og:image\" content=\"http:\/\/www.visit-ulcinj.com\/blog\/wp-content\/uploads\/2009\/03\/qetsoriadela-copy.jpg\" \/>\n<meta name=\"twitter:label1\" content=\"Written by\" \/>\n\t<meta name=\"twitter:data1\" content=\"ulqini\" \/>\n\t<meta name=\"twitter:label2\" content=\"Est. reading time\" \/>\n\t<meta name=\"twitter:data2\" content=\"1 minute\" \/>\n<script type=\"application\/ld+json\" class=\"yoast-schema-graph\">{\"@context\":\"https:\/\/schema.org\",\"@graph\":[{\"@type\":\"WebSite\",\"@id\":\"https:\/\/www.visit-ulcinj.com\/blog\/#website\",\"url\":\"https:\/\/www.visit-ulcinj.com\/blog\/\",\"name\":\"Lajme nga Ulqini\",\"description\":\"Lajme,Vijesti,Ulqini,Ulqin,Crna Gora,Mali i Zi\",\"potentialAction\":[{\"@type\":\"SearchAction\",\"target\":{\"@type\":\"EntryPoint\",\"urlTemplate\":\"https:\/\/www.visit-ulcinj.com\/blog\/?s={search_term_string}\"},\"query-input\":\"required name=search_term_string\"}],\"inLanguage\":\"en-US\"},{\"@type\":\"ImageObject\",\"inLanguage\":\"en-US\",\"@id\":\"https:\/\/www.visit-ulcinj.com\/blog\/2009\/03\/19\/qetsori-me-adelen-jetoje-momentin\/#primaryimage\",\"url\":\"http:\/\/www.visit-ulcinj.com\/blog\/wp-content\/uploads\/2009\/03\/qetsoriadela-copy.jpg\",\"contentUrl\":\"http:\/\/www.visit-ulcinj.com\/blog\/wp-content\/uploads\/2009\/03\/qetsoriadela-copy.jpg\"},{\"@type\":\"WebPage\",\"@id\":\"https:\/\/www.visit-ulcinj.com\/blog\/2009\/03\/19\/qetsori-me-adelen-jetoje-momentin\/#webpage\",\"url\":\"https:\/\/www.visit-ulcinj.com\/blog\/2009\/03\/19\/qetsori-me-adelen-jetoje-momentin\/\",\"name\":\"Qetsori m\u00c3\u00ab Adel\u00c3\u00abn : Jetoje momentin | Big Brother Albania 2\",\"isPartOf\":{\"@id\":\"https:\/\/www.visit-ulcinj.com\/blog\/#website\"},\"primaryImageOfPage\":{\"@id\":\"https:\/\/www.visit-ulcinj.com\/blog\/2009\/03\/19\/qetsori-me-adelen-jetoje-momentin\/#primaryimage\"},\"datePublished\":\"2009-03-19T19:44:57+00:00\",\"dateModified\":\"2009-03-19T19:44:57+00:00\",\"author\":{\"@id\":\"https:\/\/www.visit-ulcinj.com\/blog\/#\/schema\/person\/dcab619c614d3038751c63bc2aadc06d\"},\"description\":\"Big Brother Albania 2 - Ty t\u00c3\u00ab p\u00c3\u00ablqen Bjordi!\u00e2\u20ac\u009d \u00e2\u20ac\u201c i ka th\u00c3\u00abn\u00c3\u00ab Qetsori Adelajdes. Ajo e ka pyetur n\u00c3\u00ab \u00c3\u00a7\u00e2\u20ac\u2122kuptim e thoshte k\u00c3\u00abt\u00c3\u00ab dhe ai \u00c3\u00absht\u00c3\u00ab shpjeguar se donte t\u00c3\u00ab thoshte q\u00c3\u00ab ata, p\u00c3\u00abrve\u00c3\u00a7se jan\u00c3\u00ab shok\u00c3\u00ab, kan\u00c3\u00ab edhe nj\u00c3\u00ab far\u00c3\u00ab ndjenje p\u00c3\u00abr nj\u00c3\u00abri-tjetrin.\",\"breadcrumb\":{\"@id\":\"https:\/\/www.visit-ulcinj.com\/blog\/2009\/03\/19\/qetsori-me-adelen-jetoje-momentin\/#breadcrumb\"},\"inLanguage\":\"en-US\",\"potentialAction\":[{\"@type\":\"ReadAction\",\"target\":[\"https:\/\/www.visit-ulcinj.com\/blog\/2009\/03\/19\/qetsori-me-adelen-jetoje-momentin\/\"]}]},{\"@type\":\"BreadcrumbList\",\"@id\":\"https:\/\/www.visit-ulcinj.com\/blog\/2009\/03\/19\/qetsori-me-adelen-jetoje-momentin\/#breadcrumb\",\"itemListElement\":[{\"@type\":\"ListItem\",\"position\":1,\"name\":\"Qetsori m\u00eb Adel\u00ebn : Jetoje momentin\"}]},{\"@type\":\"Person\",\"@id\":\"https:\/\/www.visit-ulcinj.com\/blog\/#\/schema\/person\/dcab619c614d3038751c63bc2aadc06d\",\"name\":\"ulqini\",\"sameAs\":[\"http:\/\/www.visit-ulcinj.com\"],\"url\":\"https:\/\/www.visit-ulcinj.com\/blog\/author\/admin\/\"}]}<\/script>\n<!-- \/ Yoast SEO plugin. -->","yoast_head_json":{"title":"Qetsori m\u00c3\u00ab Adel\u00c3\u00abn : Jetoje momentin | Big Brother Albania 2","description":"Big Brother Albania 2 - Ty t\u00c3\u00ab p\u00c3\u00ablqen Bjordi!\u00e2\u20ac\u009d \u00e2\u20ac\u201c i ka th\u00c3\u00abn\u00c3\u00ab Qetsori Adelajdes. Ajo e ka pyetur n\u00c3\u00ab \u00c3\u00a7\u00e2\u20ac\u2122kuptim e thoshte k\u00c3\u00abt\u00c3\u00ab dhe ai \u00c3\u00absht\u00c3\u00ab shpjeguar se donte t\u00c3\u00ab thoshte q\u00c3\u00ab ata, p\u00c3\u00abrve\u00c3\u00a7se jan\u00c3\u00ab shok\u00c3\u00ab, kan\u00c3\u00ab edhe nj\u00c3\u00ab far\u00c3\u00ab ndjenje p\u00c3\u00abr nj\u00c3\u00abri-tjetrin.","robots":{"index":"index","follow":"follow","max-snippet":"max-snippet:-1","max-image-preview":"max-image-preview:large","max-video-preview":"max-video-preview:-1"},"canonical":"https:\/\/www.visit-ulcinj.com\/blog\/2009\/03\/19\/qetsori-me-adelen-jetoje-momentin\/","og_locale":"en_US","og_type":"article","og_title":"Qetsori m\u00c3\u00ab Adel\u00c3\u00abn : Jetoje momentin | Big Brother Albania 2","og_description":"Big Brother Albania 2 - Ty t\u00c3\u00ab p\u00c3\u00ablqen Bjordi!\u00e2\u20ac\u009d \u00e2\u20ac\u201c i ka th\u00c3\u00abn\u00c3\u00ab Qetsori Adelajdes. Ajo e ka pyetur n\u00c3\u00ab \u00c3\u00a7\u00e2\u20ac\u2122kuptim e thoshte k\u00c3\u00abt\u00c3\u00ab dhe ai \u00c3\u00absht\u00c3\u00ab shpjeguar se donte t\u00c3\u00ab thoshte q\u00c3\u00ab ata, p\u00c3\u00abrve\u00c3\u00a7se jan\u00c3\u00ab shok\u00c3\u00ab, kan\u00c3\u00ab edhe nj\u00c3\u00ab far\u00c3\u00ab ndjenje p\u00c3\u00abr nj\u00c3\u00abri-tjetrin.","og_url":"https:\/\/www.visit-ulcinj.com\/blog\/2009\/03\/19\/qetsori-me-adelen-jetoje-momentin\/","og_site_name":"Lajme nga Ulqini","article_published_time":"2009-03-19T19:44:57+00:00","og_image":[{"url":"http:\/\/www.visit-ulcinj.com\/blog\/wp-content\/uploads\/2009\/03\/qetsoriadela-copy.jpg"}],"twitter_misc":{"Written by":"ulqini","Est. reading time":"1 minute"},"schema":{"@context":"https:\/\/schema.org","@graph":[{"@type":"WebSite","@id":"https:\/\/www.visit-ulcinj.com\/blog\/#website","url":"https:\/\/www.visit-ulcinj.com\/blog\/","name":"Lajme nga Ulqini","description":"Lajme,Vijesti,Ulqini,Ulqin,Crna Gora,Mali i Zi","potentialAction":[{"@type":"SearchAction","target":{"@type":"EntryPoint","urlTemplate":"https:\/\/www.visit-ulcinj.com\/blog\/?s={search_term_string}"},"query-input":"required name=search_term_string"}],"inLanguage":"en-US"},{"@type":"ImageObject","inLanguage":"en-US","@id":"https:\/\/www.visit-ulcinj.com\/blog\/2009\/03\/19\/qetsori-me-adelen-jetoje-momentin\/#primaryimage","url":"http:\/\/www.visit-ulcinj.com\/blog\/wp-content\/uploads\/2009\/03\/qetsoriadela-copy.jpg","contentUrl":"http:\/\/www.visit-ulcinj.com\/blog\/wp-content\/uploads\/2009\/03\/qetsoriadela-copy.jpg"},{"@type":"WebPage","@id":"https:\/\/www.visit-ulcinj.com\/blog\/2009\/03\/19\/qetsori-me-adelen-jetoje-momentin\/#webpage","url":"https:\/\/www.visit-ulcinj.com\/blog\/2009\/03\/19\/qetsori-me-adelen-jetoje-momentin\/","name":"Qetsori m\u00c3\u00ab Adel\u00c3\u00abn : Jetoje momentin | Big Brother Albania 2","isPartOf":{"@id":"https:\/\/www.visit-ulcinj.com\/blog\/#website"},"primaryImageOfPage":{"@id":"https:\/\/www.visit-ulcinj.com\/blog\/2009\/03\/19\/qetsori-me-adelen-jetoje-momentin\/#primaryimage"},"datePublished":"2009-03-19T19:44:57+00:00","dateModified":"2009-03-19T19:44:57+00:00","author":{"@id":"https:\/\/www.visit-ulcinj.com\/blog\/#\/schema\/person\/dcab619c614d3038751c63bc2aadc06d"},"description":"Big Brother Albania 2 - Ty t\u00c3\u00ab p\u00c3\u00ablqen Bjordi!\u00e2\u20ac\u009d \u00e2\u20ac\u201c i ka th\u00c3\u00abn\u00c3\u00ab Qetsori Adelajdes. Ajo e ka pyetur n\u00c3\u00ab \u00c3\u00a7\u00e2\u20ac\u2122kuptim e thoshte k\u00c3\u00abt\u00c3\u00ab dhe ai \u00c3\u00absht\u00c3\u00ab shpjeguar se donte t\u00c3\u00ab thoshte q\u00c3\u00ab ata, p\u00c3\u00abrve\u00c3\u00a7se jan\u00c3\u00ab shok\u00c3\u00ab, kan\u00c3\u00ab edhe nj\u00c3\u00ab far\u00c3\u00ab ndjenje p\u00c3\u00abr nj\u00c3\u00abri-tjetrin.","breadcrumb":{"@id":"https:\/\/www.visit-ulcinj.com\/blog\/2009\/03\/19\/qetsori-me-adelen-jetoje-momentin\/#breadcrumb"},"inLanguage":"en-US","potentialAction":[{"@type":"ReadAction","target":["https:\/\/www.visit-ulcinj.com\/blog\/2009\/03\/19\/qetsori-me-adelen-jetoje-momentin\/"]}]},{"@type":"BreadcrumbList","@id":"https:\/\/www.visit-ulcinj.com\/blog\/2009\/03\/19\/qetsori-me-adelen-jetoje-momentin\/#breadcrumb","itemListElement":[{"@type":"ListItem","position":1,"name":"Qetsori m\u00eb Adel\u00ebn : Jetoje momentin"}]},{"@type":"Person","@id":"https:\/\/www.visit-ulcinj.com\/blog\/#\/schema\/person\/dcab619c614d3038751c63bc2aadc06d","name":"ulqini","sameAs":["http:\/\/www.visit-ulcinj.com"],"url":"https:\/\/www.visit-ulcinj.com\/blog\/author\/admin\/"}]}},"jetpack_featured_media_url":"","jetpack_sharing_enabled":true,"jetpack_shortlink":"https:\/\/wp.me\/pe6lTn-3Rr","_links":{"self":[{"href":"https:\/\/www.visit-ulcinj.com\/blog\/wp-json\/wp\/v2\/posts\/14845"}],"collection":[{"href":"https:\/\/www.visit-ulcinj.com\/blog\/wp-json\/wp\/v2\/posts"}],"about":[{"href":"https:\/\/www.visit-ulcinj.com\/blog\/wp-json\/wp\/v2\/types\/post"}],"author":[{"embeddable":true,"href":"https:\/\/www.visit-ulcinj.com\/blog\/wp-json\/wp\/v2\/users\/1"}],"replies":[{"embeddable":true,"href":"https:\/\/www.visit-ulcinj.com\/blog\/wp-json\/wp\/v2\/comments?post=14845"}],"version-history":[{"count":0,"href":"https:\/\/www.visit-ulcinj.com\/blog\/wp-json\/wp\/v2\/posts\/14845\/revisions"}],"wp:attachment":[{"href":"https:\/\/www.visit-ulcinj.com\/blog\/wp-json\/wp\/v2\/media?parent=14845"}],"wp:term":[{"taxonomy":"category","embeddable":true,"href":"https:\/\/www.visit-ulcinj.com\/blog\/wp-json\/wp\/v2\/categories?post=14845"},{"taxonomy":"post_tag","embeddable":true,"href":"https:\/\/www.visit-ulcinj.com\/blog\/wp-json\/wp\/v2\/tags?post=14845"}],"curies":[{"name":"wp","href":"https:\/\/api.w.org\/{rel}","templated":true}]}}