{"id":14848,"date":"2009-03-19T20:50:40","date_gmt":"2009-03-19T19:50:40","guid":{"rendered":"http:\/\/www.visit-ulcinj.com\/blog\/?p=14848"},"modified":"2009-03-19T20:50:40","modified_gmt":"2009-03-19T19:50:40","slug":"adelajda-kesaj-jave-jam-ne-nominim","status":"publish","type":"post","link":"https:\/\/www.visit-ulcinj.com\/blog\/2009\/03\/19\/adelajda-kesaj-jave-jam-ne-nominim\/","title":{"rendered":"Adelajda : K\u00ebsaj jave jam n\u00eb nominim"},"content":{"rendered":"<p><em><span class=\"newsdate\"><a href=\"http:\/\/www.visit-ulcinj.com\/blog\/wp-content\/uploads\/2009\/03\/adela-per-nominimin.jpg\"><img loading=\"lazy\" class=\"alignleft size-full wp-image-14849\" title=\"adela-per-nominimin-big-brother-albania-2\" src=\"http:\/\/www.visit-ulcinj.com\/blog\/wp-content\/uploads\/2009\/03\/adela-per-nominimin.jpg\" alt=\"adela-per-nominimin-big-brother-albania-2\" width=\"300\" height=\"205\" \/><\/a>19\/03\/09 00:30<\/span><\/em><\/p>\n<p>\u201cK\u00ebsaj jave jam n\u00eb nominim!\u201d- i ka th\u00ebn\u00eb Adelajda Republik\u00ebs. Sipas Republik\u00ebs ajo nuk duhet t\u00eb ishte aq e sigurt\u00eb, sepse asgj\u00ebje nuk i dihej, madje, mund t\u00eb ishte ajo e nominuara e k\u00ebsaj jave dhe jo Adela. Adela i ka th\u00ebn\u00eb se p\u00ebr mendimin e saj, Bika nuk ishte shum\u00eb e rrezikuar, nd\u00ebrsa ajo po. Duke qeshur, Republika i ka th\u00ebn\u00eb: \u201cM\u00eb duket se do t\u00eb v\u00ebm\u00eb edhe ne baste si Sori!\u201d<\/p>\n","protected":false},"excerpt":{"rendered":"<p>19\/03\/09 00:30 \u201cK\u00ebsaj jave jam n\u00eb nominim!\u201d- i ka th\u00ebn\u00eb Adelajda Republik\u00ebs. Sipas Republik\u00ebs ajo nuk duhet t\u00eb ishte aq e sigurt\u00eb, sepse asgj\u00ebje nuk i dihej, madje, mund t\u00eb ishte ajo e nominuara e k\u00ebsaj jave dhe jo Adela. Adela i ka th\u00ebn\u00eb se p\u00ebr mendimin e saj, Bika nuk ishte shum\u00eb e rrezikuar, [&hellip;]<\/p>\n","protected":false},"author":1,"featured_media":0,"comment_status":"open","ping_status":"closed","sticky":false,"template":"","format":"standard","meta":{"spay_email":"","jetpack_publicize_message":"","jetpack_is_tweetstorm":false,"jetpack_publicize_feature_enabled":true},"categories":[6502],"tags":[6562,6529,6883,6516,6712,6740,7199,6900,262,8177,6891],"jetpack_publicize_connections":[],"yoast_head":"<!-- This site is optimized with the Yoast SEO plugin v19.1 - https:\/\/yoast.com\/wordpress\/plugins\/seo\/ -->\n<title>Adelajda : K\u00c3\u00absaj jave jam n\u00c3\u00ab nominim | Big Brother Albania 2<\/title>\n<meta name=\"description\" content=\"Big Brother Albania 2 - \u00e2\u20ac\u0153K\u00c3\u00absaj jave jam n\u00c3\u00ab nominim!\u00e2\u20ac\u009d- i ka th\u00c3\u00abn\u00c3\u00ab Adelajda Republik\u00c3\u00abs.\" \/>\n<meta name=\"robots\" content=\"index, follow, max-snippet:-1, max-image-preview:large, max-video-preview:-1\" \/>\n<link rel=\"canonical\" href=\"https:\/\/www.visit-ulcinj.com\/blog\/2009\/03\/19\/adelajda-kesaj-jave-jam-ne-nominim\/\" \/>\n<meta property=\"og:locale\" content=\"en_US\" \/>\n<meta property=\"og:type\" content=\"article\" \/>\n<meta property=\"og:title\" content=\"Adelajda : K\u00c3\u00absaj jave jam n\u00c3\u00ab nominim | Big Brother Albania 2\" \/>\n<meta property=\"og:description\" content=\"Big Brother Albania 2 - \u00e2\u20ac\u0153K\u00c3\u00absaj jave jam n\u00c3\u00ab nominim!\u00e2\u20ac\u009d- i ka th\u00c3\u00abn\u00c3\u00ab Adelajda Republik\u00c3\u00abs.\" \/>\n<meta property=\"og:url\" content=\"https:\/\/www.visit-ulcinj.com\/blog\/2009\/03\/19\/adelajda-kesaj-jave-jam-ne-nominim\/\" \/>\n<meta property=\"og:site_name\" content=\"Lajme nga Ulqini\" \/>\n<meta property=\"article:published_time\" content=\"2009-03-19T19:50:40+00:00\" \/>\n<meta property=\"og:image\" content=\"http:\/\/www.visit-ulcinj.com\/blog\/wp-content\/uploads\/2009\/03\/adela-per-nominimin.jpg\" \/>\n<meta name=\"twitter:label1\" content=\"Written by\" \/>\n\t<meta name=\"twitter:data1\" content=\"ulqini\" \/>\n<script type=\"application\/ld+json\" class=\"yoast-schema-graph\">{\"@context\":\"https:\/\/schema.org\",\"@graph\":[{\"@type\":\"WebSite\",\"@id\":\"https:\/\/www.visit-ulcinj.com\/blog\/#website\",\"url\":\"https:\/\/www.visit-ulcinj.com\/blog\/\",\"name\":\"Lajme nga Ulqini\",\"description\":\"Lajme,Vijesti,Ulqini,Ulqin,Crna Gora,Mali i Zi\",\"potentialAction\":[{\"@type\":\"SearchAction\",\"target\":{\"@type\":\"EntryPoint\",\"urlTemplate\":\"https:\/\/www.visit-ulcinj.com\/blog\/?s={search_term_string}\"},\"query-input\":\"required name=search_term_string\"}],\"inLanguage\":\"en-US\"},{\"@type\":\"ImageObject\",\"inLanguage\":\"en-US\",\"@id\":\"https:\/\/www.visit-ulcinj.com\/blog\/2009\/03\/19\/adelajda-kesaj-jave-jam-ne-nominim\/#primaryimage\",\"url\":\"http:\/\/www.visit-ulcinj.com\/blog\/wp-content\/uploads\/2009\/03\/adela-per-nominimin.jpg\",\"contentUrl\":\"http:\/\/www.visit-ulcinj.com\/blog\/wp-content\/uploads\/2009\/03\/adela-per-nominimin.jpg\"},{\"@type\":\"WebPage\",\"@id\":\"https:\/\/www.visit-ulcinj.com\/blog\/2009\/03\/19\/adelajda-kesaj-jave-jam-ne-nominim\/#webpage\",\"url\":\"https:\/\/www.visit-ulcinj.com\/blog\/2009\/03\/19\/adelajda-kesaj-jave-jam-ne-nominim\/\",\"name\":\"Adelajda : K\u00c3\u00absaj jave jam n\u00c3\u00ab nominim | Big Brother Albania 2\",\"isPartOf\":{\"@id\":\"https:\/\/www.visit-ulcinj.com\/blog\/#website\"},\"primaryImageOfPage\":{\"@id\":\"https:\/\/www.visit-ulcinj.com\/blog\/2009\/03\/19\/adelajda-kesaj-jave-jam-ne-nominim\/#primaryimage\"},\"datePublished\":\"2009-03-19T19:50:40+00:00\",\"dateModified\":\"2009-03-19T19:50:40+00:00\",\"author\":{\"@id\":\"https:\/\/www.visit-ulcinj.com\/blog\/#\/schema\/person\/dcab619c614d3038751c63bc2aadc06d\"},\"description\":\"Big Brother Albania 2 - \u00e2\u20ac\u0153K\u00c3\u00absaj jave jam n\u00c3\u00ab nominim!\u00e2\u20ac\u009d- i ka th\u00c3\u00abn\u00c3\u00ab Adelajda Republik\u00c3\u00abs.\",\"breadcrumb\":{\"@id\":\"https:\/\/www.visit-ulcinj.com\/blog\/2009\/03\/19\/adelajda-kesaj-jave-jam-ne-nominim\/#breadcrumb\"},\"inLanguage\":\"en-US\",\"potentialAction\":[{\"@type\":\"ReadAction\",\"target\":[\"https:\/\/www.visit-ulcinj.com\/blog\/2009\/03\/19\/adelajda-kesaj-jave-jam-ne-nominim\/\"]}]},{\"@type\":\"BreadcrumbList\",\"@id\":\"https:\/\/www.visit-ulcinj.com\/blog\/2009\/03\/19\/adelajda-kesaj-jave-jam-ne-nominim\/#breadcrumb\",\"itemListElement\":[{\"@type\":\"ListItem\",\"position\":1,\"name\":\"Adelajda : K\u00ebsaj jave jam n\u00eb nominim\"}]},{\"@type\":\"Person\",\"@id\":\"https:\/\/www.visit-ulcinj.com\/blog\/#\/schema\/person\/dcab619c614d3038751c63bc2aadc06d\",\"name\":\"ulqini\",\"sameAs\":[\"http:\/\/www.visit-ulcinj.com\"],\"url\":\"https:\/\/www.visit-ulcinj.com\/blog\/author\/admin\/\"}]}<\/script>\n<!-- \/ Yoast SEO plugin. -->","yoast_head_json":{"title":"Adelajda : K\u00c3\u00absaj jave jam n\u00c3\u00ab nominim | Big Brother Albania 2","description":"Big Brother Albania 2 - \u00e2\u20ac\u0153K\u00c3\u00absaj jave jam n\u00c3\u00ab nominim!\u00e2\u20ac\u009d- i ka th\u00c3\u00abn\u00c3\u00ab Adelajda Republik\u00c3\u00abs.","robots":{"index":"index","follow":"follow","max-snippet":"max-snippet:-1","max-image-preview":"max-image-preview:large","max-video-preview":"max-video-preview:-1"},"canonical":"https:\/\/www.visit-ulcinj.com\/blog\/2009\/03\/19\/adelajda-kesaj-jave-jam-ne-nominim\/","og_locale":"en_US","og_type":"article","og_title":"Adelajda : K\u00c3\u00absaj jave jam n\u00c3\u00ab nominim | Big Brother Albania 2","og_description":"Big Brother Albania 2 - \u00e2\u20ac\u0153K\u00c3\u00absaj jave jam n\u00c3\u00ab nominim!\u00e2\u20ac\u009d- i ka th\u00c3\u00abn\u00c3\u00ab Adelajda Republik\u00c3\u00abs.","og_url":"https:\/\/www.visit-ulcinj.com\/blog\/2009\/03\/19\/adelajda-kesaj-jave-jam-ne-nominim\/","og_site_name":"Lajme nga Ulqini","article_published_time":"2009-03-19T19:50:40+00:00","og_image":[{"url":"http:\/\/www.visit-ulcinj.com\/blog\/wp-content\/uploads\/2009\/03\/adela-per-nominimin.jpg"}],"twitter_misc":{"Written by":"ulqini"},"schema":{"@context":"https:\/\/schema.org","@graph":[{"@type":"WebSite","@id":"https:\/\/www.visit-ulcinj.com\/blog\/#website","url":"https:\/\/www.visit-ulcinj.com\/blog\/","name":"Lajme nga Ulqini","description":"Lajme,Vijesti,Ulqini,Ulqin,Crna Gora,Mali i Zi","potentialAction":[{"@type":"SearchAction","target":{"@type":"EntryPoint","urlTemplate":"https:\/\/www.visit-ulcinj.com\/blog\/?s={search_term_string}"},"query-input":"required name=search_term_string"}],"inLanguage":"en-US"},{"@type":"ImageObject","inLanguage":"en-US","@id":"https:\/\/www.visit-ulcinj.com\/blog\/2009\/03\/19\/adelajda-kesaj-jave-jam-ne-nominim\/#primaryimage","url":"http:\/\/www.visit-ulcinj.com\/blog\/wp-content\/uploads\/2009\/03\/adela-per-nominimin.jpg","contentUrl":"http:\/\/www.visit-ulcinj.com\/blog\/wp-content\/uploads\/2009\/03\/adela-per-nominimin.jpg"},{"@type":"WebPage","@id":"https:\/\/www.visit-ulcinj.com\/blog\/2009\/03\/19\/adelajda-kesaj-jave-jam-ne-nominim\/#webpage","url":"https:\/\/www.visit-ulcinj.com\/blog\/2009\/03\/19\/adelajda-kesaj-jave-jam-ne-nominim\/","name":"Adelajda : K\u00c3\u00absaj jave jam n\u00c3\u00ab nominim | Big Brother Albania 2","isPartOf":{"@id":"https:\/\/www.visit-ulcinj.com\/blog\/#website"},"primaryImageOfPage":{"@id":"https:\/\/www.visit-ulcinj.com\/blog\/2009\/03\/19\/adelajda-kesaj-jave-jam-ne-nominim\/#primaryimage"},"datePublished":"2009-03-19T19:50:40+00:00","dateModified":"2009-03-19T19:50:40+00:00","author":{"@id":"https:\/\/www.visit-ulcinj.com\/blog\/#\/schema\/person\/dcab619c614d3038751c63bc2aadc06d"},"description":"Big Brother Albania 2 - \u00e2\u20ac\u0153K\u00c3\u00absaj jave jam n\u00c3\u00ab nominim!\u00e2\u20ac\u009d- i ka th\u00c3\u00abn\u00c3\u00ab Adelajda Republik\u00c3\u00abs.","breadcrumb":{"@id":"https:\/\/www.visit-ulcinj.com\/blog\/2009\/03\/19\/adelajda-kesaj-jave-jam-ne-nominim\/#breadcrumb"},"inLanguage":"en-US","potentialAction":[{"@type":"ReadAction","target":["https:\/\/www.visit-ulcinj.com\/blog\/2009\/03\/19\/adelajda-kesaj-jave-jam-ne-nominim\/"]}]},{"@type":"BreadcrumbList","@id":"https:\/\/www.visit-ulcinj.com\/blog\/2009\/03\/19\/adelajda-kesaj-jave-jam-ne-nominim\/#breadcrumb","itemListElement":[{"@type":"ListItem","position":1,"name":"Adelajda : K\u00ebsaj jave jam n\u00eb nominim"}]},{"@type":"Person","@id":"https:\/\/www.visit-ulcinj.com\/blog\/#\/schema\/person\/dcab619c614d3038751c63bc2aadc06d","name":"ulqini","sameAs":["http:\/\/www.visit-ulcinj.com"],"url":"https:\/\/www.visit-ulcinj.com\/blog\/author\/admin\/"}]}},"jetpack_featured_media_url":"","jetpack_sharing_enabled":true,"jetpack_shortlink":"https:\/\/wp.me\/pe6lTn-3Ru","_links":{"self":[{"href":"https:\/\/www.visit-ulcinj.com\/blog\/wp-json\/wp\/v2\/posts\/14848"}],"collection":[{"href":"https:\/\/www.visit-ulcinj.com\/blog\/wp-json\/wp\/v2\/posts"}],"about":[{"href":"https:\/\/www.visit-ulcinj.com\/blog\/wp-json\/wp\/v2\/types\/post"}],"author":[{"embeddable":true,"href":"https:\/\/www.visit-ulcinj.com\/blog\/wp-json\/wp\/v2\/users\/1"}],"replies":[{"embeddable":true,"href":"https:\/\/www.visit-ulcinj.com\/blog\/wp-json\/wp\/v2\/comments?post=14848"}],"version-history":[{"count":0,"href":"https:\/\/www.visit-ulcinj.com\/blog\/wp-json\/wp\/v2\/posts\/14848\/revisions"}],"wp:attachment":[{"href":"https:\/\/www.visit-ulcinj.com\/blog\/wp-json\/wp\/v2\/media?parent=14848"}],"wp:term":[{"taxonomy":"category","embeddable":true,"href":"https:\/\/www.visit-ulcinj.com\/blog\/wp-json\/wp\/v2\/categories?post=14848"},{"taxonomy":"post_tag","embeddable":true,"href":"https:\/\/www.visit-ulcinj.com\/blog\/wp-json\/wp\/v2\/tags?post=14848"}],"curies":[{"name":"wp","href":"https:\/\/api.w.org\/{rel}","templated":true}]}}