{"id":14865,"date":"2009-03-19T21:09:26","date_gmt":"2009-03-19T20:09:26","guid":{"rendered":"http:\/\/www.visit-ulcinj.com\/blog\/?p=14865"},"modified":"2009-03-19T21:09:26","modified_gmt":"2009-03-19T20:09:26","slug":"sori-per-aiden-ka-taktike-te-poshter","status":"publish","type":"post","link":"https:\/\/www.visit-ulcinj.com\/blog\/2009\/03\/19\/sori-per-aiden-ka-taktike-te-poshter\/","title":{"rendered":"Sori p\u00ebr Aid\u00ebn : ka taktik\u00eb t\u00eb posht\u00ebr"},"content":{"rendered":"<p><em><span class=\"newsdate\"><a href=\"http:\/\/www.visit-ulcinj.com\/blog\/wp-content\/uploads\/2009\/03\/liritaaidamesida.jpg\"><img loading=\"lazy\" class=\"alignleft size-full wp-image-14868\" title=\"liritaaidamesida-big-brother-albania-2\" src=\"http:\/\/www.visit-ulcinj.com\/blog\/wp-content\/uploads\/2009\/03\/liritaaidamesida.jpg\" alt=\"liritaaidamesida-big-brother-albania-2\" width=\"300\" height=\"205\" \/><\/a>19\/03\/09 10:35<\/span><\/em><\/p>\n<p>Aida ka th\u00ebn\u00eb se kur sheh dik\u00eb q\u00eb sulmohet nga nj\u00eb banor tjet\u00ebr, instiktivisht mundohet q\u00eb ta mbroj\u00eb. Marrja n\u00eb mbrojtje e t\u00eb sulmuarve \u00ebsht\u00eb sipas saj, arsyeja q\u00eb e kan\u00eb nominuar sepse kan\u00eb dashur t\u00eb heqin qafe nj\u00eb person q\u00eb mbron ata t\u00eb cil\u00ebt t\u00eb tjer\u00ebt, duan t\u2019i sulmojn\u00eb. Ajo ka shprehur frik\u00ebn se k\u00ebt\u00eb jave do t\u00eb dal\u00eb por, sipas Mesid\u00ebs dhe Lirit\u00ebs, kjo nuk do t\u00eb ndodh\u00eb. \u201cTi je tep\u00ebr e fuqishme dhe n\u00ebse dikush duhet n\u00eb loj\u00eb, ai \u00ebsht\u00eb nj\u00eb person i fuqish\u00ebm\u201d \u2013 i ka th\u00ebn\u00eb Mesida. \u201cKa kush del n\u00eb vend t\u00ebnd!\u201d- i ka th\u00ebn\u00eb Lirita. M\u00eb pas Aida, Lirita dhe Mesida kan\u00eb diskutuar n\u00eb lidhje me Qetsorin dhe taktikat e tij. Lirita ka th\u00ebn\u00eb se taktika e tij ishte e ndyr\u00eb, e posht\u00ebr. Po ashtu ka th\u00ebn\u00eb edhe Aida madje, sipas saj, ai po e \u00e7onte loj\u00ebn n\u00eb nj\u00eb nivel shum\u00eb t\u00eb ul\u00ebt, nd\u00ebrsa Mesida ka th\u00ebn\u00eb se publikut mund t\u2019i p\u00eblqej\u00eb kjo gj\u00eb.<\/p>\n","protected":false},"excerpt":{"rendered":"<p>19\/03\/09 10:35 Aida ka th\u00ebn\u00eb se kur sheh dik\u00eb q\u00eb sulmohet nga nj\u00eb banor tjet\u00ebr, instiktivisht mundohet q\u00eb ta mbroj\u00eb. Marrja n\u00eb mbrojtje e t\u00eb sulmuarve \u00ebsht\u00eb sipas saj, arsyeja q\u00eb e kan\u00eb nominuar sepse kan\u00eb dashur t\u00eb heqin qafe nj\u00eb person q\u00eb mbron ata t\u00eb cil\u00ebt t\u00eb tjer\u00ebt, duan t\u2019i sulmojn\u00eb. Ajo ka shprehur [&hellip;]<\/p>\n","protected":false},"author":1,"featured_media":0,"comment_status":"open","ping_status":"closed","sticky":false,"template":"","format":"standard","meta":{"spay_email":"","jetpack_publicize_message":"","jetpack_is_tweetstorm":false,"jetpack_publicize_feature_enabled":true},"categories":[6502],"tags":[6537,6883,6516,6712,6521,6542,7364,6900,6891],"jetpack_publicize_connections":[],"yoast_head":"<!-- This site is optimized with the Yoast SEO plugin v19.1 - https:\/\/yoast.com\/wordpress\/plugins\/seo\/ -->\n<title>Sori p\u00c3\u00abr Aid\u00c3\u00abn : ka taktik\u00c3\u00ab t\u00c3\u00ab posht\u00c3\u00abr | Big Brother Albania 2<\/title>\n<meta name=\"description\" content=\"Big Brother Albania 2 - Aida ka th\u00c3\u00abn\u00c3\u00ab se kur sheh dik\u00c3\u00ab q\u00c3\u00ab sulmohet nga nj\u00c3\u00ab banor tjet\u00c3\u00abr, instiktivisht mundohet q\u00c3\u00ab ta mbroj\u00c3\u00ab.\" \/>\n<meta name=\"robots\" content=\"index, follow, max-snippet:-1, max-image-preview:large, max-video-preview:-1\" \/>\n<link rel=\"canonical\" href=\"https:\/\/www.visit-ulcinj.com\/blog\/2009\/03\/19\/sori-per-aiden-ka-taktike-te-poshter\/\" \/>\n<meta property=\"og:locale\" content=\"en_US\" \/>\n<meta property=\"og:type\" content=\"article\" \/>\n<meta property=\"og:title\" content=\"Sori p\u00c3\u00abr Aid\u00c3\u00abn : ka taktik\u00c3\u00ab t\u00c3\u00ab posht\u00c3\u00abr | Big Brother Albania 2\" \/>\n<meta property=\"og:description\" content=\"Big Brother Albania 2 - Aida ka th\u00c3\u00abn\u00c3\u00ab se kur sheh dik\u00c3\u00ab q\u00c3\u00ab sulmohet nga nj\u00c3\u00ab banor tjet\u00c3\u00abr, instiktivisht mundohet q\u00c3\u00ab ta mbroj\u00c3\u00ab.\" \/>\n<meta property=\"og:url\" content=\"https:\/\/www.visit-ulcinj.com\/blog\/2009\/03\/19\/sori-per-aiden-ka-taktike-te-poshter\/\" \/>\n<meta property=\"og:site_name\" content=\"Lajme nga Ulqini\" \/>\n<meta property=\"article:published_time\" content=\"2009-03-19T20:09:26+00:00\" \/>\n<meta property=\"og:image\" content=\"http:\/\/www.visit-ulcinj.com\/blog\/wp-content\/uploads\/2009\/03\/liritaaidamesida.jpg\" \/>\n<meta name=\"twitter:label1\" content=\"Written by\" \/>\n\t<meta name=\"twitter:data1\" content=\"ulqini\" \/>\n\t<meta name=\"twitter:label2\" content=\"Est. reading time\" \/>\n\t<meta name=\"twitter:data2\" content=\"1 minute\" \/>\n<script type=\"application\/ld+json\" class=\"yoast-schema-graph\">{\"@context\":\"https:\/\/schema.org\",\"@graph\":[{\"@type\":\"WebSite\",\"@id\":\"https:\/\/www.visit-ulcinj.com\/blog\/#website\",\"url\":\"https:\/\/www.visit-ulcinj.com\/blog\/\",\"name\":\"Lajme nga Ulqini\",\"description\":\"Lajme,Vijesti,Ulqini,Ulqin,Crna Gora,Mali i Zi\",\"potentialAction\":[{\"@type\":\"SearchAction\",\"target\":{\"@type\":\"EntryPoint\",\"urlTemplate\":\"https:\/\/www.visit-ulcinj.com\/blog\/?s={search_term_string}\"},\"query-input\":\"required name=search_term_string\"}],\"inLanguage\":\"en-US\"},{\"@type\":\"ImageObject\",\"inLanguage\":\"en-US\",\"@id\":\"https:\/\/www.visit-ulcinj.com\/blog\/2009\/03\/19\/sori-per-aiden-ka-taktike-te-poshter\/#primaryimage\",\"url\":\"http:\/\/www.visit-ulcinj.com\/blog\/wp-content\/uploads\/2009\/03\/liritaaidamesida.jpg\",\"contentUrl\":\"http:\/\/www.visit-ulcinj.com\/blog\/wp-content\/uploads\/2009\/03\/liritaaidamesida.jpg\"},{\"@type\":\"WebPage\",\"@id\":\"https:\/\/www.visit-ulcinj.com\/blog\/2009\/03\/19\/sori-per-aiden-ka-taktike-te-poshter\/#webpage\",\"url\":\"https:\/\/www.visit-ulcinj.com\/blog\/2009\/03\/19\/sori-per-aiden-ka-taktike-te-poshter\/\",\"name\":\"Sori p\u00c3\u00abr Aid\u00c3\u00abn : ka taktik\u00c3\u00ab t\u00c3\u00ab posht\u00c3\u00abr | Big Brother Albania 2\",\"isPartOf\":{\"@id\":\"https:\/\/www.visit-ulcinj.com\/blog\/#website\"},\"primaryImageOfPage\":{\"@id\":\"https:\/\/www.visit-ulcinj.com\/blog\/2009\/03\/19\/sori-per-aiden-ka-taktike-te-poshter\/#primaryimage\"},\"datePublished\":\"2009-03-19T20:09:26+00:00\",\"dateModified\":\"2009-03-19T20:09:26+00:00\",\"author\":{\"@id\":\"https:\/\/www.visit-ulcinj.com\/blog\/#\/schema\/person\/dcab619c614d3038751c63bc2aadc06d\"},\"description\":\"Big Brother Albania 2 - Aida ka th\u00c3\u00abn\u00c3\u00ab se kur sheh dik\u00c3\u00ab q\u00c3\u00ab sulmohet nga nj\u00c3\u00ab banor tjet\u00c3\u00abr, instiktivisht mundohet q\u00c3\u00ab ta mbroj\u00c3\u00ab.\",\"breadcrumb\":{\"@id\":\"https:\/\/www.visit-ulcinj.com\/blog\/2009\/03\/19\/sori-per-aiden-ka-taktike-te-poshter\/#breadcrumb\"},\"inLanguage\":\"en-US\",\"potentialAction\":[{\"@type\":\"ReadAction\",\"target\":[\"https:\/\/www.visit-ulcinj.com\/blog\/2009\/03\/19\/sori-per-aiden-ka-taktike-te-poshter\/\"]}]},{\"@type\":\"BreadcrumbList\",\"@id\":\"https:\/\/www.visit-ulcinj.com\/blog\/2009\/03\/19\/sori-per-aiden-ka-taktike-te-poshter\/#breadcrumb\",\"itemListElement\":[{\"@type\":\"ListItem\",\"position\":1,\"name\":\"Sori p\u00ebr Aid\u00ebn : ka taktik\u00eb t\u00eb posht\u00ebr\"}]},{\"@type\":\"Person\",\"@id\":\"https:\/\/www.visit-ulcinj.com\/blog\/#\/schema\/person\/dcab619c614d3038751c63bc2aadc06d\",\"name\":\"ulqini\",\"sameAs\":[\"http:\/\/www.visit-ulcinj.com\"],\"url\":\"https:\/\/www.visit-ulcinj.com\/blog\/author\/admin\/\"}]}<\/script>\n<!-- \/ Yoast SEO plugin. -->","yoast_head_json":{"title":"Sori p\u00c3\u00abr Aid\u00c3\u00abn : ka taktik\u00c3\u00ab t\u00c3\u00ab posht\u00c3\u00abr | Big Brother Albania 2","description":"Big Brother Albania 2 - Aida ka th\u00c3\u00abn\u00c3\u00ab se kur sheh dik\u00c3\u00ab q\u00c3\u00ab sulmohet nga nj\u00c3\u00ab banor tjet\u00c3\u00abr, instiktivisht mundohet q\u00c3\u00ab ta mbroj\u00c3\u00ab.","robots":{"index":"index","follow":"follow","max-snippet":"max-snippet:-1","max-image-preview":"max-image-preview:large","max-video-preview":"max-video-preview:-1"},"canonical":"https:\/\/www.visit-ulcinj.com\/blog\/2009\/03\/19\/sori-per-aiden-ka-taktike-te-poshter\/","og_locale":"en_US","og_type":"article","og_title":"Sori p\u00c3\u00abr Aid\u00c3\u00abn : ka taktik\u00c3\u00ab t\u00c3\u00ab posht\u00c3\u00abr | Big Brother Albania 2","og_description":"Big Brother Albania 2 - Aida ka th\u00c3\u00abn\u00c3\u00ab se kur sheh dik\u00c3\u00ab q\u00c3\u00ab sulmohet nga nj\u00c3\u00ab banor tjet\u00c3\u00abr, instiktivisht mundohet q\u00c3\u00ab ta mbroj\u00c3\u00ab.","og_url":"https:\/\/www.visit-ulcinj.com\/blog\/2009\/03\/19\/sori-per-aiden-ka-taktike-te-poshter\/","og_site_name":"Lajme nga Ulqini","article_published_time":"2009-03-19T20:09:26+00:00","og_image":[{"url":"http:\/\/www.visit-ulcinj.com\/blog\/wp-content\/uploads\/2009\/03\/liritaaidamesida.jpg"}],"twitter_misc":{"Written by":"ulqini","Est. reading time":"1 minute"},"schema":{"@context":"https:\/\/schema.org","@graph":[{"@type":"WebSite","@id":"https:\/\/www.visit-ulcinj.com\/blog\/#website","url":"https:\/\/www.visit-ulcinj.com\/blog\/","name":"Lajme nga Ulqini","description":"Lajme,Vijesti,Ulqini,Ulqin,Crna Gora,Mali i Zi","potentialAction":[{"@type":"SearchAction","target":{"@type":"EntryPoint","urlTemplate":"https:\/\/www.visit-ulcinj.com\/blog\/?s={search_term_string}"},"query-input":"required name=search_term_string"}],"inLanguage":"en-US"},{"@type":"ImageObject","inLanguage":"en-US","@id":"https:\/\/www.visit-ulcinj.com\/blog\/2009\/03\/19\/sori-per-aiden-ka-taktike-te-poshter\/#primaryimage","url":"http:\/\/www.visit-ulcinj.com\/blog\/wp-content\/uploads\/2009\/03\/liritaaidamesida.jpg","contentUrl":"http:\/\/www.visit-ulcinj.com\/blog\/wp-content\/uploads\/2009\/03\/liritaaidamesida.jpg"},{"@type":"WebPage","@id":"https:\/\/www.visit-ulcinj.com\/blog\/2009\/03\/19\/sori-per-aiden-ka-taktike-te-poshter\/#webpage","url":"https:\/\/www.visit-ulcinj.com\/blog\/2009\/03\/19\/sori-per-aiden-ka-taktike-te-poshter\/","name":"Sori p\u00c3\u00abr Aid\u00c3\u00abn : ka taktik\u00c3\u00ab t\u00c3\u00ab posht\u00c3\u00abr | Big Brother Albania 2","isPartOf":{"@id":"https:\/\/www.visit-ulcinj.com\/blog\/#website"},"primaryImageOfPage":{"@id":"https:\/\/www.visit-ulcinj.com\/blog\/2009\/03\/19\/sori-per-aiden-ka-taktike-te-poshter\/#primaryimage"},"datePublished":"2009-03-19T20:09:26+00:00","dateModified":"2009-03-19T20:09:26+00:00","author":{"@id":"https:\/\/www.visit-ulcinj.com\/blog\/#\/schema\/person\/dcab619c614d3038751c63bc2aadc06d"},"description":"Big Brother Albania 2 - Aida ka th\u00c3\u00abn\u00c3\u00ab se kur sheh dik\u00c3\u00ab q\u00c3\u00ab sulmohet nga nj\u00c3\u00ab banor tjet\u00c3\u00abr, instiktivisht mundohet q\u00c3\u00ab ta mbroj\u00c3\u00ab.","breadcrumb":{"@id":"https:\/\/www.visit-ulcinj.com\/blog\/2009\/03\/19\/sori-per-aiden-ka-taktike-te-poshter\/#breadcrumb"},"inLanguage":"en-US","potentialAction":[{"@type":"ReadAction","target":["https:\/\/www.visit-ulcinj.com\/blog\/2009\/03\/19\/sori-per-aiden-ka-taktike-te-poshter\/"]}]},{"@type":"BreadcrumbList","@id":"https:\/\/www.visit-ulcinj.com\/blog\/2009\/03\/19\/sori-per-aiden-ka-taktike-te-poshter\/#breadcrumb","itemListElement":[{"@type":"ListItem","position":1,"name":"Sori p\u00ebr Aid\u00ebn : ka taktik\u00eb t\u00eb posht\u00ebr"}]},{"@type":"Person","@id":"https:\/\/www.visit-ulcinj.com\/blog\/#\/schema\/person\/dcab619c614d3038751c63bc2aadc06d","name":"ulqini","sameAs":["http:\/\/www.visit-ulcinj.com"],"url":"https:\/\/www.visit-ulcinj.com\/blog\/author\/admin\/"}]}},"jetpack_featured_media_url":"","jetpack_sharing_enabled":true,"jetpack_shortlink":"https:\/\/wp.me\/pe6lTn-3RL","_links":{"self":[{"href":"https:\/\/www.visit-ulcinj.com\/blog\/wp-json\/wp\/v2\/posts\/14865"}],"collection":[{"href":"https:\/\/www.visit-ulcinj.com\/blog\/wp-json\/wp\/v2\/posts"}],"about":[{"href":"https:\/\/www.visit-ulcinj.com\/blog\/wp-json\/wp\/v2\/types\/post"}],"author":[{"embeddable":true,"href":"https:\/\/www.visit-ulcinj.com\/blog\/wp-json\/wp\/v2\/users\/1"}],"replies":[{"embeddable":true,"href":"https:\/\/www.visit-ulcinj.com\/blog\/wp-json\/wp\/v2\/comments?post=14865"}],"version-history":[{"count":0,"href":"https:\/\/www.visit-ulcinj.com\/blog\/wp-json\/wp\/v2\/posts\/14865\/revisions"}],"wp:attachment":[{"href":"https:\/\/www.visit-ulcinj.com\/blog\/wp-json\/wp\/v2\/media?parent=14865"}],"wp:term":[{"taxonomy":"category","embeddable":true,"href":"https:\/\/www.visit-ulcinj.com\/blog\/wp-json\/wp\/v2\/categories?post=14865"},{"taxonomy":"post_tag","embeddable":true,"href":"https:\/\/www.visit-ulcinj.com\/blog\/wp-json\/wp\/v2\/tags?post=14865"}],"curies":[{"name":"wp","href":"https:\/\/api.w.org\/{rel}","templated":true}]}}