{"id":1487,"date":"2008-05-05T07:59:38","date_gmt":"2008-05-05T12:59:38","guid":{"rendered":"http:\/\/www.visit-ulcinj.com\/blog\/?p=1487"},"modified":"2008-05-05T08:00:37","modified_gmt":"2008-05-05T13:00:37","slug":"suradnja-sad-a-i-crne-gore","status":"publish","type":"post","link":"https:\/\/www.visit-ulcinj.com\/blog\/2008\/05\/05\/suradnja-sad-a-i-crne-gore\/","title":{"rendered":"Suradnja SAD-a i Crne Gore"},"content":{"rendered":"<p><img loading=\"lazy\" class=\"alignleft\" style=\"float: left;\" src=\"http:\/\/www.vlada.cg.yu\/img\/1206628652.jpg\" alt=\"Branimir Gvozdenovi?\" width=\"262\" height=\"174\" \/>Delegacija Ministarstva za ekonomski razvoj, koju predvodi ministar Branimir Gvozdenovi?, boravi od nedjelje u \u0161estodnevnom posjetu SAD-u na kojem ?e predstaviti investicijske mogu?nosti u Crnu Goru.<br \/>\nKako je priop?eno iz Ministarstva, cilj posjeta je \u0161irenje ekonomske suradnje izme?u dvije dr\u017eave i uspostavljanje kontakata sa investitorima, investicijskim fondovima, udrugama ameri?kih tvrtki koje su zainteresirane za detaljnije informacije o Crnoj Gori, odnosno njenom poslovnom ambijentu i potencijalima za investiranje.<br \/>\nGlavna tema razgovora ?e biti nastavak ekonomskih odnosa izme?u dvije zemlje i ja?anje ekonomske suradnje Crne Gore i SAD-a u svim podru?jima.<br \/>\nDelegacija Ministarstva za ekonomski razvoj, koju ?e predvoditi ministar Branimir Gvozdenovi? boravi?e u radnoj posjeti Sjedinjenim Ameri?kim Dr\u017eavama od 4. do 10. maja.Posjeta ima za cilj \u0161irenje ekonomske saradnje izme?u dvije dr\u017eave, kao i uspostavljanje kontakata sa investitorima &#8211; kompanijama, investicionim fondovima, asocijacijama ameri?kih kompanija koje su zainteresovane za detaljnije informacije o Crnoj Gori, poslovnom ambijentu i potencijalima za investiranje.<br \/>\nPrvog dana posjete ministar Gvozdenovi? ?e se susresti sa Rozmari DiKarlo, zamjenicom pomo?nika Dr\u017eavnog sekretara SAD-a i Jay Burgessom zamjenikom pomo?nika sekretara u Ministarstvu trgovine SAD-a , sa kojima ?e razgovarati o nastavku ekonomskih odnosa izme?u dvije zemlje i ja?anju ekonomske saradnje Crne Gore i SAD-a u svim oblastima.<br \/>\nPredstavnici Ministarstva za ekonomski razvoj ?e prezentirati poslovni ambijent i investicione mogu?nosti Crne Gore u Va\u0161ingtonu, Baltimoru, Hjustonu i Njujorku.<br \/>\nPotencijalnim investitorima ?e biti predstavljeni projekti iz oblasti energetike koji su definisani Strategijom razvoja energetike: izgradnja hidro elektrana, termoelektrane, kapaciteta koji koriste obnovljive izvore energije, rekonstrukcija postoje?ih elektrana, kao i mogu?nost realizacije brojnih projekata u oblasti pobolj\u0161anja energtske efikasnosti. Tako?e, bi?e rije?i i o mogu?nostima ulaganja u projekte iz oblasti nafte i gasa: nastavak istra\u017enih radova nafte i gasa u podmorju , izgradnja terminala nafte i gasa&#8230;<br \/>\nPoseban akcenat bi?e stavljen na prezentaciju projekata iz oblasti turizma, sa naglaskom na projekat valorizacije Velike pla\u017ee.<a href=\"http:\/\/www.visit-ulcinj.com\/blog\/wp-content\/uploads\/2008\/04\/velika-plaza1.jpg\"><img loading=\"lazy\" class=\"alignright attachment wp-att-1342\" style=\"float: right;\" src=\"http:\/\/www.visit-ulcinj.com\/blog\/wp-content\/uploads\/2008\/04\/velika-plaza1.thumbnail.jpg\" alt=\"velika plaza1\" width=\"200\" height=\"134\" \/><\/a><br \/>\nTako?e, tokom posjete, bi?e prezentirana i mogu?nost ulaganja u informaciono \u2013 komunikacione tehnologije i tehnolo\u0161ke i industrijske parkove.<br \/>\nTokom posjete Americi ministar Gvozdenovi? ?e imati niz bilateralnih sastanaka sa zvanicnicima dr\u017eave Merilend, asocijacijama privrednika, a odr\u017ea?e i sastanak sa predstavnicima crnogorske dijaspore u Americi.<\/p>\n<p><strong>Izvor:.vlada.cg.yu<\/strong><\/p>\n<!-- vimeo error: not a vimeo video -->\n","protected":false},"excerpt":{"rendered":"<p><img loading=\"lazy\" class=\"alignleft\" style=\"float: left;\" src=\"http:\/\/www.vlada.cg.yu\/img\/1206628652.jpg\" alt=\"Branimir Gvozdenovi?\" width=\"140\" height=\"140\" \/><\/p>\n","protected":false},"author":1,"featured_media":0,"comment_status":"open","ping_status":"closed","sticky":false,"template":"","format":"standard","meta":{"spay_email":"","jetpack_publicize_message":"","jetpack_is_tweetstorm":false,"jetpack_publicize_feature_enabled":true},"categories":[12,15],"tags":[3041,3040,3039,3042,3037,3038,3043],"jetpack_publicize_connections":[],"yoast_head":"<!-- This site is optimized with the Yoast SEO plugin v19.1 - https:\/\/yoast.com\/wordpress\/plugins\/seo\/ -->\n<title>Suradnja SAD-a i Crne Gore - Lajme nga Ulqini<\/title>\n<meta name=\"robots\" content=\"index, follow, max-snippet:-1, max-image-preview:large, max-video-preview:-1\" \/>\n<link rel=\"canonical\" href=\"https:\/\/www.visit-ulcinj.com\/blog\/2008\/05\/05\/suradnja-sad-a-i-crne-gore\/\" \/>\n<meta property=\"og:locale\" content=\"en_US\" \/>\n<meta property=\"og:type\" content=\"article\" \/>\n<meta property=\"og:title\" content=\"Suradnja SAD-a i Crne Gore - Lajme nga Ulqini\" \/>\n<meta property=\"og:url\" content=\"https:\/\/www.visit-ulcinj.com\/blog\/2008\/05\/05\/suradnja-sad-a-i-crne-gore\/\" \/>\n<meta property=\"og:site_name\" content=\"Lajme nga Ulqini\" \/>\n<meta property=\"article:published_time\" content=\"2008-05-05T12:59:38+00:00\" \/>\n<meta property=\"article:modified_time\" content=\"2008-05-05T13:00:37+00:00\" \/>\n<meta property=\"og:image\" content=\"http:\/\/www.vlada.cg.yu\/img\/1206628652.jpg\" \/>\n<meta name=\"twitter:label1\" content=\"Written by\" \/>\n\t<meta name=\"twitter:data1\" content=\"ulqini\" \/>\n\t<meta name=\"twitter:label2\" content=\"Est. reading time\" \/>\n\t<meta name=\"twitter:data2\" content=\"2 minutes\" \/>\n<script type=\"application\/ld+json\" class=\"yoast-schema-graph\">{\"@context\":\"https:\/\/schema.org\",\"@graph\":[{\"@type\":\"WebSite\",\"@id\":\"https:\/\/www.visit-ulcinj.com\/blog\/#website\",\"url\":\"https:\/\/www.visit-ulcinj.com\/blog\/\",\"name\":\"Lajme nga Ulqini\",\"description\":\"Lajme,Vijesti,Ulqini,Ulqin,Crna Gora,Mali i Zi\",\"potentialAction\":[{\"@type\":\"SearchAction\",\"target\":{\"@type\":\"EntryPoint\",\"urlTemplate\":\"https:\/\/www.visit-ulcinj.com\/blog\/?s={search_term_string}\"},\"query-input\":\"required name=search_term_string\"}],\"inLanguage\":\"en-US\"},{\"@type\":\"ImageObject\",\"inLanguage\":\"en-US\",\"@id\":\"https:\/\/www.visit-ulcinj.com\/blog\/2008\/05\/05\/suradnja-sad-a-i-crne-gore\/#primaryimage\",\"url\":\"http:\/\/www.vlada.cg.yu\/img\/1206628652.jpg\",\"contentUrl\":\"http:\/\/www.vlada.cg.yu\/img\/1206628652.jpg\"},{\"@type\":\"WebPage\",\"@id\":\"https:\/\/www.visit-ulcinj.com\/blog\/2008\/05\/05\/suradnja-sad-a-i-crne-gore\/#webpage\",\"url\":\"https:\/\/www.visit-ulcinj.com\/blog\/2008\/05\/05\/suradnja-sad-a-i-crne-gore\/\",\"name\":\"Suradnja SAD-a i Crne Gore - Lajme nga Ulqini\",\"isPartOf\":{\"@id\":\"https:\/\/www.visit-ulcinj.com\/blog\/#website\"},\"primaryImageOfPage\":{\"@id\":\"https:\/\/www.visit-ulcinj.com\/blog\/2008\/05\/05\/suradnja-sad-a-i-crne-gore\/#primaryimage\"},\"datePublished\":\"2008-05-05T12:59:38+00:00\",\"dateModified\":\"2008-05-05T13:00:37+00:00\",\"author\":{\"@id\":\"https:\/\/www.visit-ulcinj.com\/blog\/#\/schema\/person\/dcab619c614d3038751c63bc2aadc06d\"},\"breadcrumb\":{\"@id\":\"https:\/\/www.visit-ulcinj.com\/blog\/2008\/05\/05\/suradnja-sad-a-i-crne-gore\/#breadcrumb\"},\"inLanguage\":\"en-US\",\"potentialAction\":[{\"@type\":\"ReadAction\",\"target\":[\"https:\/\/www.visit-ulcinj.com\/blog\/2008\/05\/05\/suradnja-sad-a-i-crne-gore\/\"]}]},{\"@type\":\"BreadcrumbList\",\"@id\":\"https:\/\/www.visit-ulcinj.com\/blog\/2008\/05\/05\/suradnja-sad-a-i-crne-gore\/#breadcrumb\",\"itemListElement\":[{\"@type\":\"ListItem\",\"position\":1,\"name\":\"Suradnja SAD-a i Crne Gore\"}]},{\"@type\":\"Person\",\"@id\":\"https:\/\/www.visit-ulcinj.com\/blog\/#\/schema\/person\/dcab619c614d3038751c63bc2aadc06d\",\"name\":\"ulqini\",\"sameAs\":[\"http:\/\/www.visit-ulcinj.com\"],\"url\":\"https:\/\/www.visit-ulcinj.com\/blog\/author\/admin\/\"}]}<\/script>\n<!-- \/ Yoast SEO plugin. -->","yoast_head_json":{"title":"Suradnja SAD-a i Crne Gore - Lajme nga Ulqini","robots":{"index":"index","follow":"follow","max-snippet":"max-snippet:-1","max-image-preview":"max-image-preview:large","max-video-preview":"max-video-preview:-1"},"canonical":"https:\/\/www.visit-ulcinj.com\/blog\/2008\/05\/05\/suradnja-sad-a-i-crne-gore\/","og_locale":"en_US","og_type":"article","og_title":"Suradnja SAD-a i Crne Gore - Lajme nga Ulqini","og_url":"https:\/\/www.visit-ulcinj.com\/blog\/2008\/05\/05\/suradnja-sad-a-i-crne-gore\/","og_site_name":"Lajme nga Ulqini","article_published_time":"2008-05-05T12:59:38+00:00","article_modified_time":"2008-05-05T13:00:37+00:00","og_image":[{"url":"http:\/\/www.vlada.cg.yu\/img\/1206628652.jpg"}],"twitter_misc":{"Written by":"ulqini","Est. reading time":"2 minutes"},"schema":{"@context":"https:\/\/schema.org","@graph":[{"@type":"WebSite","@id":"https:\/\/www.visit-ulcinj.com\/blog\/#website","url":"https:\/\/www.visit-ulcinj.com\/blog\/","name":"Lajme nga Ulqini","description":"Lajme,Vijesti,Ulqini,Ulqin,Crna Gora,Mali i Zi","potentialAction":[{"@type":"SearchAction","target":{"@type":"EntryPoint","urlTemplate":"https:\/\/www.visit-ulcinj.com\/blog\/?s={search_term_string}"},"query-input":"required name=search_term_string"}],"inLanguage":"en-US"},{"@type":"ImageObject","inLanguage":"en-US","@id":"https:\/\/www.visit-ulcinj.com\/blog\/2008\/05\/05\/suradnja-sad-a-i-crne-gore\/#primaryimage","url":"http:\/\/www.vlada.cg.yu\/img\/1206628652.jpg","contentUrl":"http:\/\/www.vlada.cg.yu\/img\/1206628652.jpg"},{"@type":"WebPage","@id":"https:\/\/www.visit-ulcinj.com\/blog\/2008\/05\/05\/suradnja-sad-a-i-crne-gore\/#webpage","url":"https:\/\/www.visit-ulcinj.com\/blog\/2008\/05\/05\/suradnja-sad-a-i-crne-gore\/","name":"Suradnja SAD-a i Crne Gore - Lajme nga Ulqini","isPartOf":{"@id":"https:\/\/www.visit-ulcinj.com\/blog\/#website"},"primaryImageOfPage":{"@id":"https:\/\/www.visit-ulcinj.com\/blog\/2008\/05\/05\/suradnja-sad-a-i-crne-gore\/#primaryimage"},"datePublished":"2008-05-05T12:59:38+00:00","dateModified":"2008-05-05T13:00:37+00:00","author":{"@id":"https:\/\/www.visit-ulcinj.com\/blog\/#\/schema\/person\/dcab619c614d3038751c63bc2aadc06d"},"breadcrumb":{"@id":"https:\/\/www.visit-ulcinj.com\/blog\/2008\/05\/05\/suradnja-sad-a-i-crne-gore\/#breadcrumb"},"inLanguage":"en-US","potentialAction":[{"@type":"ReadAction","target":["https:\/\/www.visit-ulcinj.com\/blog\/2008\/05\/05\/suradnja-sad-a-i-crne-gore\/"]}]},{"@type":"BreadcrumbList","@id":"https:\/\/www.visit-ulcinj.com\/blog\/2008\/05\/05\/suradnja-sad-a-i-crne-gore\/#breadcrumb","itemListElement":[{"@type":"ListItem","position":1,"name":"Suradnja SAD-a i Crne Gore"}]},{"@type":"Person","@id":"https:\/\/www.visit-ulcinj.com\/blog\/#\/schema\/person\/dcab619c614d3038751c63bc2aadc06d","name":"ulqini","sameAs":["http:\/\/www.visit-ulcinj.com"],"url":"https:\/\/www.visit-ulcinj.com\/blog\/author\/admin\/"}]}},"jetpack_featured_media_url":"","jetpack_sharing_enabled":true,"jetpack_shortlink":"https:\/\/wp.me\/pe6lTn-nZ","_links":{"self":[{"href":"https:\/\/www.visit-ulcinj.com\/blog\/wp-json\/wp\/v2\/posts\/1487"}],"collection":[{"href":"https:\/\/www.visit-ulcinj.com\/blog\/wp-json\/wp\/v2\/posts"}],"about":[{"href":"https:\/\/www.visit-ulcinj.com\/blog\/wp-json\/wp\/v2\/types\/post"}],"author":[{"embeddable":true,"href":"https:\/\/www.visit-ulcinj.com\/blog\/wp-json\/wp\/v2\/users\/1"}],"replies":[{"embeddable":true,"href":"https:\/\/www.visit-ulcinj.com\/blog\/wp-json\/wp\/v2\/comments?post=1487"}],"version-history":[{"count":0,"href":"https:\/\/www.visit-ulcinj.com\/blog\/wp-json\/wp\/v2\/posts\/1487\/revisions"}],"wp:attachment":[{"href":"https:\/\/www.visit-ulcinj.com\/blog\/wp-json\/wp\/v2\/media?parent=1487"}],"wp:term":[{"taxonomy":"category","embeddable":true,"href":"https:\/\/www.visit-ulcinj.com\/blog\/wp-json\/wp\/v2\/categories?post=1487"},{"taxonomy":"post_tag","embeddable":true,"href":"https:\/\/www.visit-ulcinj.com\/blog\/wp-json\/wp\/v2\/tags?post=1487"}],"curies":[{"name":"wp","href":"https:\/\/api.w.org\/{rel}","templated":true}]}}