{"id":14870,"date":"2009-03-19T21:12:16","date_gmt":"2009-03-19T20:12:16","guid":{"rendered":"http:\/\/www.visit-ulcinj.com\/blog\/?p=14870"},"modified":"2009-03-19T21:12:16","modified_gmt":"2009-03-19T20:12:16","slug":"bjordi-eshte-shprehur-gabim","status":"publish","type":"post","link":"https:\/\/www.visit-ulcinj.com\/blog\/2009\/03\/19\/bjordi-eshte-shprehur-gabim\/","title":{"rendered":"Bjordi \u00ebsht\u00eb shprehur gabim"},"content":{"rendered":"<p><em><span class=\"newsdate\"><a href=\"http:\/\/www.visit-ulcinj.com\/blog\/wp-content\/uploads\/2009\/03\/per-bjordin1.jpg\"><img loading=\"lazy\" class=\"alignleft size-full wp-image-14871\" title=\"per-bjordin-big-brother-albania-2\" src=\"http:\/\/www.visit-ulcinj.com\/blog\/wp-content\/uploads\/2009\/03\/per-bjordin1.jpg\" alt=\"per-bjordin-big-brother-albania-2\" width=\"300\" height=\"205\" \/><\/a>19\/03\/09 10:40<\/span><\/em><\/p>\n<p>Arjoni i tregon Sorit dhe Dritanit se Bjordi ishte shprehur se askush nuk mund ta nominoj\u00eb pasi ka njer\u00ebz lart. Djemt\u00eb habiten me k\u00ebt\u00eb shprehje dhe Dritani thot\u00eb se b\u00ebjn\u00eb mir\u00eb q\u00eb ti sulen nj\u00ebher\u00eb Bjordit e t\u00eb shohin reagimin e tij. Arjoni, i prekur nga k\u00ebto fjal\u00eb, mendon se \u00ebsht\u00eb e kot\u00eb q\u00eb t\u00eb vazhdoj\u00eb t\u00eb q\u00ebndroj\u00eb n\u00eb sht\u00ebpi. Sori mendon se \u00ebsht\u00eb vet\u00ebm nj\u00eb mendim i shprehur gabim e me nxitim sepse nuk mund t\u00eb jet\u00eb e v\u00ebrtet\u00eb kjo gj\u00eb. Ai thot\u00eb se me Bjordin veproi nj\u00ebher\u00eb gabim dhe ja ku gjendet n\u00eb k\u00ebt\u00eb situat\u00eb dhe e k\u00ebshillon Arjonin q\u00eb t\u00eb mos i marri k\u00ebto fjal\u00eb si t\u00eb mirq\u00ebna. Arjoni tregon se Mesida i kishte th\u00ebn\u00eb Bjordit se me k\u00ebt\u00eb shprehje po d\u00ebnonte veten, nd\u00ebrsa Dritani shton se Bjordit vec i ka hyr\u00eb vetja n\u00eb qejf.<\/p>\n","protected":false},"excerpt":{"rendered":"<p>19\/03\/09 10:40 Arjoni i tregon Sorit dhe Dritanit se Bjordi ishte shprehur se askush nuk mund ta nominoj\u00eb pasi ka njer\u00ebz lart. Djemt\u00eb habiten me k\u00ebt\u00eb shprehje dhe Dritani thot\u00eb se b\u00ebjn\u00eb mir\u00eb q\u00eb ti sulen nj\u00ebher\u00eb Bjordit e t\u00eb shohin reagimin e tij. Arjoni, i prekur nga k\u00ebto fjal\u00eb, mendon se \u00ebsht\u00eb e kot\u00eb [&hellip;]<\/p>\n","protected":false},"author":1,"featured_media":0,"comment_status":"open","ping_status":"closed","sticky":false,"template":"","format":"standard","meta":{"spay_email":"","jetpack_publicize_message":"","jetpack_is_tweetstorm":false,"jetpack_publicize_feature_enabled":true},"categories":[6502],"tags":[6525,6883,6516,6712,6522,6521,6905,6900,8179,7304,6891],"jetpack_publicize_connections":[],"yoast_head":"<!-- This site is optimized with the Yoast SEO plugin v19.1 - https:\/\/yoast.com\/wordpress\/plugins\/seo\/ -->\n<title>Bjordi \u00c3\u00absht\u00c3\u00ab shprehur gabim | Big Brother Albania 2<\/title>\n<meta name=\"description\" content=\"Big Brother Albania 2 - Arjoni i tregon Sorit dhe Ditanit se Bjordi ishte shprehur se askush nuk mund ta nominoj\u00c3\u00ab pasi ka njer\u00c3\u00abz lart.\" \/>\n<meta name=\"robots\" content=\"index, follow, max-snippet:-1, max-image-preview:large, max-video-preview:-1\" \/>\n<link rel=\"canonical\" href=\"https:\/\/www.visit-ulcinj.com\/blog\/2009\/03\/19\/bjordi-eshte-shprehur-gabim\/\" \/>\n<meta property=\"og:locale\" content=\"en_US\" \/>\n<meta property=\"og:type\" content=\"article\" \/>\n<meta property=\"og:title\" content=\"Bjordi \u00c3\u00absht\u00c3\u00ab shprehur gabim | Big Brother Albania 2\" \/>\n<meta property=\"og:description\" content=\"Big Brother Albania 2 - Arjoni i tregon Sorit dhe Ditanit se Bjordi ishte shprehur se askush nuk mund ta nominoj\u00c3\u00ab pasi ka njer\u00c3\u00abz lart.\" \/>\n<meta property=\"og:url\" content=\"https:\/\/www.visit-ulcinj.com\/blog\/2009\/03\/19\/bjordi-eshte-shprehur-gabim\/\" \/>\n<meta property=\"og:site_name\" content=\"Lajme nga Ulqini\" \/>\n<meta property=\"article:published_time\" content=\"2009-03-19T20:12:16+00:00\" \/>\n<meta property=\"og:image\" content=\"http:\/\/www.visit-ulcinj.com\/blog\/wp-content\/uploads\/2009\/03\/per-bjordin1.jpg\" \/>\n<meta name=\"twitter:label1\" content=\"Written by\" \/>\n\t<meta name=\"twitter:data1\" content=\"ulqini\" \/>\n\t<meta name=\"twitter:label2\" content=\"Est. reading time\" \/>\n\t<meta name=\"twitter:data2\" content=\"1 minute\" \/>\n<script type=\"application\/ld+json\" class=\"yoast-schema-graph\">{\"@context\":\"https:\/\/schema.org\",\"@graph\":[{\"@type\":\"WebSite\",\"@id\":\"https:\/\/www.visit-ulcinj.com\/blog\/#website\",\"url\":\"https:\/\/www.visit-ulcinj.com\/blog\/\",\"name\":\"Lajme nga Ulqini\",\"description\":\"Lajme,Vijesti,Ulqini,Ulqin,Crna Gora,Mali i Zi\",\"potentialAction\":[{\"@type\":\"SearchAction\",\"target\":{\"@type\":\"EntryPoint\",\"urlTemplate\":\"https:\/\/www.visit-ulcinj.com\/blog\/?s={search_term_string}\"},\"query-input\":\"required name=search_term_string\"}],\"inLanguage\":\"en-US\"},{\"@type\":\"ImageObject\",\"inLanguage\":\"en-US\",\"@id\":\"https:\/\/www.visit-ulcinj.com\/blog\/2009\/03\/19\/bjordi-eshte-shprehur-gabim\/#primaryimage\",\"url\":\"http:\/\/www.visit-ulcinj.com\/blog\/wp-content\/uploads\/2009\/03\/per-bjordin1.jpg\",\"contentUrl\":\"http:\/\/www.visit-ulcinj.com\/blog\/wp-content\/uploads\/2009\/03\/per-bjordin1.jpg\"},{\"@type\":\"WebPage\",\"@id\":\"https:\/\/www.visit-ulcinj.com\/blog\/2009\/03\/19\/bjordi-eshte-shprehur-gabim\/#webpage\",\"url\":\"https:\/\/www.visit-ulcinj.com\/blog\/2009\/03\/19\/bjordi-eshte-shprehur-gabim\/\",\"name\":\"Bjordi \u00c3\u00absht\u00c3\u00ab shprehur gabim | Big Brother Albania 2\",\"isPartOf\":{\"@id\":\"https:\/\/www.visit-ulcinj.com\/blog\/#website\"},\"primaryImageOfPage\":{\"@id\":\"https:\/\/www.visit-ulcinj.com\/blog\/2009\/03\/19\/bjordi-eshte-shprehur-gabim\/#primaryimage\"},\"datePublished\":\"2009-03-19T20:12:16+00:00\",\"dateModified\":\"2009-03-19T20:12:16+00:00\",\"author\":{\"@id\":\"https:\/\/www.visit-ulcinj.com\/blog\/#\/schema\/person\/dcab619c614d3038751c63bc2aadc06d\"},\"description\":\"Big Brother Albania 2 - Arjoni i tregon Sorit dhe Ditanit se Bjordi ishte shprehur se askush nuk mund ta nominoj\u00c3\u00ab pasi ka njer\u00c3\u00abz lart.\",\"breadcrumb\":{\"@id\":\"https:\/\/www.visit-ulcinj.com\/blog\/2009\/03\/19\/bjordi-eshte-shprehur-gabim\/#breadcrumb\"},\"inLanguage\":\"en-US\",\"potentialAction\":[{\"@type\":\"ReadAction\",\"target\":[\"https:\/\/www.visit-ulcinj.com\/blog\/2009\/03\/19\/bjordi-eshte-shprehur-gabim\/\"]}]},{\"@type\":\"BreadcrumbList\",\"@id\":\"https:\/\/www.visit-ulcinj.com\/blog\/2009\/03\/19\/bjordi-eshte-shprehur-gabim\/#breadcrumb\",\"itemListElement\":[{\"@type\":\"ListItem\",\"position\":1,\"name\":\"Bjordi \u00ebsht\u00eb shprehur gabim\"}]},{\"@type\":\"Person\",\"@id\":\"https:\/\/www.visit-ulcinj.com\/blog\/#\/schema\/person\/dcab619c614d3038751c63bc2aadc06d\",\"name\":\"ulqini\",\"sameAs\":[\"http:\/\/www.visit-ulcinj.com\"],\"url\":\"https:\/\/www.visit-ulcinj.com\/blog\/author\/admin\/\"}]}<\/script>\n<!-- \/ Yoast SEO plugin. -->","yoast_head_json":{"title":"Bjordi \u00c3\u00absht\u00c3\u00ab shprehur gabim | Big Brother Albania 2","description":"Big Brother Albania 2 - Arjoni i tregon Sorit dhe Ditanit se Bjordi ishte shprehur se askush nuk mund ta nominoj\u00c3\u00ab pasi ka njer\u00c3\u00abz lart.","robots":{"index":"index","follow":"follow","max-snippet":"max-snippet:-1","max-image-preview":"max-image-preview:large","max-video-preview":"max-video-preview:-1"},"canonical":"https:\/\/www.visit-ulcinj.com\/blog\/2009\/03\/19\/bjordi-eshte-shprehur-gabim\/","og_locale":"en_US","og_type":"article","og_title":"Bjordi \u00c3\u00absht\u00c3\u00ab shprehur gabim | Big Brother Albania 2","og_description":"Big Brother Albania 2 - Arjoni i tregon Sorit dhe Ditanit se Bjordi ishte shprehur se askush nuk mund ta nominoj\u00c3\u00ab pasi ka njer\u00c3\u00abz lart.","og_url":"https:\/\/www.visit-ulcinj.com\/blog\/2009\/03\/19\/bjordi-eshte-shprehur-gabim\/","og_site_name":"Lajme nga Ulqini","article_published_time":"2009-03-19T20:12:16+00:00","og_image":[{"url":"http:\/\/www.visit-ulcinj.com\/blog\/wp-content\/uploads\/2009\/03\/per-bjordin1.jpg"}],"twitter_misc":{"Written by":"ulqini","Est. reading time":"1 minute"},"schema":{"@context":"https:\/\/schema.org","@graph":[{"@type":"WebSite","@id":"https:\/\/www.visit-ulcinj.com\/blog\/#website","url":"https:\/\/www.visit-ulcinj.com\/blog\/","name":"Lajme nga Ulqini","description":"Lajme,Vijesti,Ulqini,Ulqin,Crna Gora,Mali i Zi","potentialAction":[{"@type":"SearchAction","target":{"@type":"EntryPoint","urlTemplate":"https:\/\/www.visit-ulcinj.com\/blog\/?s={search_term_string}"},"query-input":"required name=search_term_string"}],"inLanguage":"en-US"},{"@type":"ImageObject","inLanguage":"en-US","@id":"https:\/\/www.visit-ulcinj.com\/blog\/2009\/03\/19\/bjordi-eshte-shprehur-gabim\/#primaryimage","url":"http:\/\/www.visit-ulcinj.com\/blog\/wp-content\/uploads\/2009\/03\/per-bjordin1.jpg","contentUrl":"http:\/\/www.visit-ulcinj.com\/blog\/wp-content\/uploads\/2009\/03\/per-bjordin1.jpg"},{"@type":"WebPage","@id":"https:\/\/www.visit-ulcinj.com\/blog\/2009\/03\/19\/bjordi-eshte-shprehur-gabim\/#webpage","url":"https:\/\/www.visit-ulcinj.com\/blog\/2009\/03\/19\/bjordi-eshte-shprehur-gabim\/","name":"Bjordi \u00c3\u00absht\u00c3\u00ab shprehur gabim | Big Brother Albania 2","isPartOf":{"@id":"https:\/\/www.visit-ulcinj.com\/blog\/#website"},"primaryImageOfPage":{"@id":"https:\/\/www.visit-ulcinj.com\/blog\/2009\/03\/19\/bjordi-eshte-shprehur-gabim\/#primaryimage"},"datePublished":"2009-03-19T20:12:16+00:00","dateModified":"2009-03-19T20:12:16+00:00","author":{"@id":"https:\/\/www.visit-ulcinj.com\/blog\/#\/schema\/person\/dcab619c614d3038751c63bc2aadc06d"},"description":"Big Brother Albania 2 - Arjoni i tregon Sorit dhe Ditanit se Bjordi ishte shprehur se askush nuk mund ta nominoj\u00c3\u00ab pasi ka njer\u00c3\u00abz lart.","breadcrumb":{"@id":"https:\/\/www.visit-ulcinj.com\/blog\/2009\/03\/19\/bjordi-eshte-shprehur-gabim\/#breadcrumb"},"inLanguage":"en-US","potentialAction":[{"@type":"ReadAction","target":["https:\/\/www.visit-ulcinj.com\/blog\/2009\/03\/19\/bjordi-eshte-shprehur-gabim\/"]}]},{"@type":"BreadcrumbList","@id":"https:\/\/www.visit-ulcinj.com\/blog\/2009\/03\/19\/bjordi-eshte-shprehur-gabim\/#breadcrumb","itemListElement":[{"@type":"ListItem","position":1,"name":"Bjordi \u00ebsht\u00eb shprehur gabim"}]},{"@type":"Person","@id":"https:\/\/www.visit-ulcinj.com\/blog\/#\/schema\/person\/dcab619c614d3038751c63bc2aadc06d","name":"ulqini","sameAs":["http:\/\/www.visit-ulcinj.com"],"url":"https:\/\/www.visit-ulcinj.com\/blog\/author\/admin\/"}]}},"jetpack_featured_media_url":"","jetpack_sharing_enabled":true,"jetpack_shortlink":"https:\/\/wp.me\/pe6lTn-3RQ","_links":{"self":[{"href":"https:\/\/www.visit-ulcinj.com\/blog\/wp-json\/wp\/v2\/posts\/14870"}],"collection":[{"href":"https:\/\/www.visit-ulcinj.com\/blog\/wp-json\/wp\/v2\/posts"}],"about":[{"href":"https:\/\/www.visit-ulcinj.com\/blog\/wp-json\/wp\/v2\/types\/post"}],"author":[{"embeddable":true,"href":"https:\/\/www.visit-ulcinj.com\/blog\/wp-json\/wp\/v2\/users\/1"}],"replies":[{"embeddable":true,"href":"https:\/\/www.visit-ulcinj.com\/blog\/wp-json\/wp\/v2\/comments?post=14870"}],"version-history":[{"count":0,"href":"https:\/\/www.visit-ulcinj.com\/blog\/wp-json\/wp\/v2\/posts\/14870\/revisions"}],"wp:attachment":[{"href":"https:\/\/www.visit-ulcinj.com\/blog\/wp-json\/wp\/v2\/media?parent=14870"}],"wp:term":[{"taxonomy":"category","embeddable":true,"href":"https:\/\/www.visit-ulcinj.com\/blog\/wp-json\/wp\/v2\/categories?post=14870"},{"taxonomy":"post_tag","embeddable":true,"href":"https:\/\/www.visit-ulcinj.com\/blog\/wp-json\/wp\/v2\/tags?post=14870"}],"curies":[{"name":"wp","href":"https:\/\/api.w.org\/{rel}","templated":true}]}}