{"id":14873,"date":"2009-03-19T21:14:38","date_gmt":"2009-03-19T20:14:38","guid":{"rendered":"http:\/\/www.visit-ulcinj.com\/blog\/?p=14873"},"modified":"2009-03-19T21:14:38","modified_gmt":"2009-03-19T20:14:38","slug":"prova-shendeti-eshte-i-pari","status":"publish","type":"post","link":"https:\/\/www.visit-ulcinj.com\/blog\/2009\/03\/19\/prova-shendeti-eshte-i-pari\/","title":{"rendered":"Prova : Sh\u00ebndeti \u00ebsht\u00eb i pari"},"content":{"rendered":"<p><em><span class=\"newsdate\"><a href=\"http:\/\/www.visit-ulcinj.com\/blog\/wp-content\/uploads\/2009\/03\/per-proven.jpg\"><img loading=\"lazy\" class=\"alignleft size-full wp-image-14874\" title=\"per-proven-big-brother-albania-2\" src=\"http:\/\/www.visit-ulcinj.com\/blog\/wp-content\/uploads\/2009\/03\/per-proven.jpg\" alt=\"per-proven-big-brother-albania-2\" width=\"300\" height=\"205\" \/><\/a>19\/03\/09 12:10<\/span><\/em><\/p>\n<p>Arjoni bisedon p\u00ebr prov\u00ebn e k\u00ebsaj jave q\u00eb i duket pak e v\u00ebshtir\u00eb p\u00ebr t\u2019u realizuar. Ai, duke par\u00eb Mesid\u00ebn q\u00eb nuk ndjehet aspak mir\u00eb, thot\u00eb se nuk duhet t\u00eb sforcohen kaq shum\u00eb, pasi po v\u00ebn\u00eb n\u00eb rrezik sh\u00ebndetin e tyre. Edhe Aida \u00ebsht\u00eb dakord me k\u00ebt\u00eb ide, por thot\u00eb se n\u00ebse t\u00ebrhiqen, t\u00eb tjer\u00ebt mund t\u00eb fillojn\u00eb t\u00eb flasin ose t\u2019i v\u00ebn\u00eb para p\u00ebrgjegj\u00ebsis\u00eb p\u00ebr humbjen e prov\u00ebs. Arjoni mendon se nuk duhet v\u00ebn\u00eb n\u00eb loj\u00eb sedra, kur nuk mundesh duhet t\u00eb t\u00ebrhiqesh sepse duhet menduar p\u00ebr sh\u00ebndetin n\u00eb radh\u00eb t\u00eb par\u00eb.<\/p>\n","protected":false},"excerpt":{"rendered":"<p>19\/03\/09 12:10 Arjoni bisedon p\u00ebr prov\u00ebn e k\u00ebsaj jave q\u00eb i duket pak e v\u00ebshtir\u00eb p\u00ebr t\u2019u realizuar. Ai, duke par\u00eb Mesid\u00ebn q\u00eb nuk ndjehet aspak mir\u00eb, thot\u00eb se nuk duhet t\u00eb sforcohen kaq shum\u00eb, pasi po v\u00ebn\u00eb n\u00eb rrezik sh\u00ebndetin e tyre. Edhe Aida \u00ebsht\u00eb dakord me k\u00ebt\u00eb ide, por thot\u00eb se n\u00ebse t\u00ebrhiqen, [&hellip;]<\/p>\n","protected":false},"author":1,"featured_media":0,"comment_status":"open","ping_status":"closed","sticky":false,"template":"","format":"standard","meta":{"spay_email":"","jetpack_publicize_message":"","jetpack_is_tweetstorm":false,"jetpack_publicize_feature_enabled":true},"categories":[6502],"tags":[6537,6525,6883,6516,6712,7364,6970,6891],"jetpack_publicize_connections":[],"yoast_head":"<!-- This site is optimized with the Yoast SEO plugin v19.1 - https:\/\/yoast.com\/wordpress\/plugins\/seo\/ -->\n<title>Prova : Sh\u00c3\u00abndeti \u00c3\u00absht\u00c3\u00ab i pari | Big Brother Albania 2<\/title>\n<meta name=\"description\" content=\"Big Brother Albania 2 - Arjoni bisedon p\u00c3\u00abr prov\u00c3\u00abn e k\u00c3\u00absaj jave q\u00c3\u00ab i duket pak e v\u00c3\u00abshtir\u00c3\u00ab p\u00c3\u00abr t\u00e2\u20ac\u2122u realizuar.\" \/>\n<meta name=\"robots\" content=\"index, follow, max-snippet:-1, max-image-preview:large, max-video-preview:-1\" \/>\n<link rel=\"canonical\" href=\"https:\/\/www.visit-ulcinj.com\/blog\/2009\/03\/19\/prova-shendeti-eshte-i-pari\/\" \/>\n<meta property=\"og:locale\" content=\"en_US\" \/>\n<meta property=\"og:type\" content=\"article\" \/>\n<meta property=\"og:title\" content=\"Prova : Sh\u00c3\u00abndeti \u00c3\u00absht\u00c3\u00ab i pari | Big Brother Albania 2\" \/>\n<meta property=\"og:description\" content=\"Big Brother Albania 2 - Arjoni bisedon p\u00c3\u00abr prov\u00c3\u00abn e k\u00c3\u00absaj jave q\u00c3\u00ab i duket pak e v\u00c3\u00abshtir\u00c3\u00ab p\u00c3\u00abr t\u00e2\u20ac\u2122u realizuar.\" \/>\n<meta property=\"og:url\" content=\"https:\/\/www.visit-ulcinj.com\/blog\/2009\/03\/19\/prova-shendeti-eshte-i-pari\/\" \/>\n<meta property=\"og:site_name\" content=\"Lajme nga Ulqini\" \/>\n<meta property=\"article:published_time\" content=\"2009-03-19T20:14:38+00:00\" \/>\n<meta property=\"og:image\" content=\"http:\/\/www.visit-ulcinj.com\/blog\/wp-content\/uploads\/2009\/03\/per-proven.jpg\" \/>\n<meta name=\"twitter:label1\" content=\"Written by\" \/>\n\t<meta name=\"twitter:data1\" content=\"ulqini\" \/>\n\t<meta name=\"twitter:label2\" content=\"Est. reading time\" \/>\n\t<meta name=\"twitter:data2\" content=\"1 minute\" \/>\n<script type=\"application\/ld+json\" class=\"yoast-schema-graph\">{\"@context\":\"https:\/\/schema.org\",\"@graph\":[{\"@type\":\"WebSite\",\"@id\":\"https:\/\/www.visit-ulcinj.com\/blog\/#website\",\"url\":\"https:\/\/www.visit-ulcinj.com\/blog\/\",\"name\":\"Lajme nga Ulqini\",\"description\":\"Lajme,Vijesti,Ulqini,Ulqin,Crna Gora,Mali i Zi\",\"potentialAction\":[{\"@type\":\"SearchAction\",\"target\":{\"@type\":\"EntryPoint\",\"urlTemplate\":\"https:\/\/www.visit-ulcinj.com\/blog\/?s={search_term_string}\"},\"query-input\":\"required name=search_term_string\"}],\"inLanguage\":\"en-US\"},{\"@type\":\"ImageObject\",\"inLanguage\":\"en-US\",\"@id\":\"https:\/\/www.visit-ulcinj.com\/blog\/2009\/03\/19\/prova-shendeti-eshte-i-pari\/#primaryimage\",\"url\":\"http:\/\/www.visit-ulcinj.com\/blog\/wp-content\/uploads\/2009\/03\/per-proven.jpg\",\"contentUrl\":\"http:\/\/www.visit-ulcinj.com\/blog\/wp-content\/uploads\/2009\/03\/per-proven.jpg\"},{\"@type\":\"WebPage\",\"@id\":\"https:\/\/www.visit-ulcinj.com\/blog\/2009\/03\/19\/prova-shendeti-eshte-i-pari\/#webpage\",\"url\":\"https:\/\/www.visit-ulcinj.com\/blog\/2009\/03\/19\/prova-shendeti-eshte-i-pari\/\",\"name\":\"Prova : Sh\u00c3\u00abndeti \u00c3\u00absht\u00c3\u00ab i pari | Big Brother Albania 2\",\"isPartOf\":{\"@id\":\"https:\/\/www.visit-ulcinj.com\/blog\/#website\"},\"primaryImageOfPage\":{\"@id\":\"https:\/\/www.visit-ulcinj.com\/blog\/2009\/03\/19\/prova-shendeti-eshte-i-pari\/#primaryimage\"},\"datePublished\":\"2009-03-19T20:14:38+00:00\",\"dateModified\":\"2009-03-19T20:14:38+00:00\",\"author\":{\"@id\":\"https:\/\/www.visit-ulcinj.com\/blog\/#\/schema\/person\/dcab619c614d3038751c63bc2aadc06d\"},\"description\":\"Big Brother Albania 2 - Arjoni bisedon p\u00c3\u00abr prov\u00c3\u00abn e k\u00c3\u00absaj jave q\u00c3\u00ab i duket pak e v\u00c3\u00abshtir\u00c3\u00ab p\u00c3\u00abr t\u00e2\u20ac\u2122u realizuar.\",\"breadcrumb\":{\"@id\":\"https:\/\/www.visit-ulcinj.com\/blog\/2009\/03\/19\/prova-shendeti-eshte-i-pari\/#breadcrumb\"},\"inLanguage\":\"en-US\",\"potentialAction\":[{\"@type\":\"ReadAction\",\"target\":[\"https:\/\/www.visit-ulcinj.com\/blog\/2009\/03\/19\/prova-shendeti-eshte-i-pari\/\"]}]},{\"@type\":\"BreadcrumbList\",\"@id\":\"https:\/\/www.visit-ulcinj.com\/blog\/2009\/03\/19\/prova-shendeti-eshte-i-pari\/#breadcrumb\",\"itemListElement\":[{\"@type\":\"ListItem\",\"position\":1,\"name\":\"Prova : Sh\u00ebndeti \u00ebsht\u00eb i pari\"}]},{\"@type\":\"Person\",\"@id\":\"https:\/\/www.visit-ulcinj.com\/blog\/#\/schema\/person\/dcab619c614d3038751c63bc2aadc06d\",\"name\":\"ulqini\",\"sameAs\":[\"http:\/\/www.visit-ulcinj.com\"],\"url\":\"https:\/\/www.visit-ulcinj.com\/blog\/author\/admin\/\"}]}<\/script>\n<!-- \/ Yoast SEO plugin. -->","yoast_head_json":{"title":"Prova : Sh\u00c3\u00abndeti \u00c3\u00absht\u00c3\u00ab i pari | Big Brother Albania 2","description":"Big Brother Albania 2 - Arjoni bisedon p\u00c3\u00abr prov\u00c3\u00abn e k\u00c3\u00absaj jave q\u00c3\u00ab i duket pak e v\u00c3\u00abshtir\u00c3\u00ab p\u00c3\u00abr t\u00e2\u20ac\u2122u realizuar.","robots":{"index":"index","follow":"follow","max-snippet":"max-snippet:-1","max-image-preview":"max-image-preview:large","max-video-preview":"max-video-preview:-1"},"canonical":"https:\/\/www.visit-ulcinj.com\/blog\/2009\/03\/19\/prova-shendeti-eshte-i-pari\/","og_locale":"en_US","og_type":"article","og_title":"Prova : Sh\u00c3\u00abndeti \u00c3\u00absht\u00c3\u00ab i pari | Big Brother Albania 2","og_description":"Big Brother Albania 2 - Arjoni bisedon p\u00c3\u00abr prov\u00c3\u00abn e k\u00c3\u00absaj jave q\u00c3\u00ab i duket pak e v\u00c3\u00abshtir\u00c3\u00ab p\u00c3\u00abr t\u00e2\u20ac\u2122u realizuar.","og_url":"https:\/\/www.visit-ulcinj.com\/blog\/2009\/03\/19\/prova-shendeti-eshte-i-pari\/","og_site_name":"Lajme nga Ulqini","article_published_time":"2009-03-19T20:14:38+00:00","og_image":[{"url":"http:\/\/www.visit-ulcinj.com\/blog\/wp-content\/uploads\/2009\/03\/per-proven.jpg"}],"twitter_misc":{"Written by":"ulqini","Est. reading time":"1 minute"},"schema":{"@context":"https:\/\/schema.org","@graph":[{"@type":"WebSite","@id":"https:\/\/www.visit-ulcinj.com\/blog\/#website","url":"https:\/\/www.visit-ulcinj.com\/blog\/","name":"Lajme nga Ulqini","description":"Lajme,Vijesti,Ulqini,Ulqin,Crna Gora,Mali i Zi","potentialAction":[{"@type":"SearchAction","target":{"@type":"EntryPoint","urlTemplate":"https:\/\/www.visit-ulcinj.com\/blog\/?s={search_term_string}"},"query-input":"required name=search_term_string"}],"inLanguage":"en-US"},{"@type":"ImageObject","inLanguage":"en-US","@id":"https:\/\/www.visit-ulcinj.com\/blog\/2009\/03\/19\/prova-shendeti-eshte-i-pari\/#primaryimage","url":"http:\/\/www.visit-ulcinj.com\/blog\/wp-content\/uploads\/2009\/03\/per-proven.jpg","contentUrl":"http:\/\/www.visit-ulcinj.com\/blog\/wp-content\/uploads\/2009\/03\/per-proven.jpg"},{"@type":"WebPage","@id":"https:\/\/www.visit-ulcinj.com\/blog\/2009\/03\/19\/prova-shendeti-eshte-i-pari\/#webpage","url":"https:\/\/www.visit-ulcinj.com\/blog\/2009\/03\/19\/prova-shendeti-eshte-i-pari\/","name":"Prova : Sh\u00c3\u00abndeti \u00c3\u00absht\u00c3\u00ab i pari | Big Brother Albania 2","isPartOf":{"@id":"https:\/\/www.visit-ulcinj.com\/blog\/#website"},"primaryImageOfPage":{"@id":"https:\/\/www.visit-ulcinj.com\/blog\/2009\/03\/19\/prova-shendeti-eshte-i-pari\/#primaryimage"},"datePublished":"2009-03-19T20:14:38+00:00","dateModified":"2009-03-19T20:14:38+00:00","author":{"@id":"https:\/\/www.visit-ulcinj.com\/blog\/#\/schema\/person\/dcab619c614d3038751c63bc2aadc06d"},"description":"Big Brother Albania 2 - Arjoni bisedon p\u00c3\u00abr prov\u00c3\u00abn e k\u00c3\u00absaj jave q\u00c3\u00ab i duket pak e v\u00c3\u00abshtir\u00c3\u00ab p\u00c3\u00abr t\u00e2\u20ac\u2122u realizuar.","breadcrumb":{"@id":"https:\/\/www.visit-ulcinj.com\/blog\/2009\/03\/19\/prova-shendeti-eshte-i-pari\/#breadcrumb"},"inLanguage":"en-US","potentialAction":[{"@type":"ReadAction","target":["https:\/\/www.visit-ulcinj.com\/blog\/2009\/03\/19\/prova-shendeti-eshte-i-pari\/"]}]},{"@type":"BreadcrumbList","@id":"https:\/\/www.visit-ulcinj.com\/blog\/2009\/03\/19\/prova-shendeti-eshte-i-pari\/#breadcrumb","itemListElement":[{"@type":"ListItem","position":1,"name":"Prova : Sh\u00ebndeti \u00ebsht\u00eb i pari"}]},{"@type":"Person","@id":"https:\/\/www.visit-ulcinj.com\/blog\/#\/schema\/person\/dcab619c614d3038751c63bc2aadc06d","name":"ulqini","sameAs":["http:\/\/www.visit-ulcinj.com"],"url":"https:\/\/www.visit-ulcinj.com\/blog\/author\/admin\/"}]}},"jetpack_featured_media_url":"","jetpack_sharing_enabled":true,"jetpack_shortlink":"https:\/\/wp.me\/pe6lTn-3RT","_links":{"self":[{"href":"https:\/\/www.visit-ulcinj.com\/blog\/wp-json\/wp\/v2\/posts\/14873"}],"collection":[{"href":"https:\/\/www.visit-ulcinj.com\/blog\/wp-json\/wp\/v2\/posts"}],"about":[{"href":"https:\/\/www.visit-ulcinj.com\/blog\/wp-json\/wp\/v2\/types\/post"}],"author":[{"embeddable":true,"href":"https:\/\/www.visit-ulcinj.com\/blog\/wp-json\/wp\/v2\/users\/1"}],"replies":[{"embeddable":true,"href":"https:\/\/www.visit-ulcinj.com\/blog\/wp-json\/wp\/v2\/comments?post=14873"}],"version-history":[{"count":0,"href":"https:\/\/www.visit-ulcinj.com\/blog\/wp-json\/wp\/v2\/posts\/14873\/revisions"}],"wp:attachment":[{"href":"https:\/\/www.visit-ulcinj.com\/blog\/wp-json\/wp\/v2\/media?parent=14873"}],"wp:term":[{"taxonomy":"category","embeddable":true,"href":"https:\/\/www.visit-ulcinj.com\/blog\/wp-json\/wp\/v2\/categories?post=14873"},{"taxonomy":"post_tag","embeddable":true,"href":"https:\/\/www.visit-ulcinj.com\/blog\/wp-json\/wp\/v2\/tags?post=14873"}],"curies":[{"name":"wp","href":"https:\/\/api.w.org\/{rel}","templated":true}]}}