{"id":1488,"date":"2008-05-05T08:22:25","date_gmt":"2008-05-05T13:22:25","guid":{"rendered":"http:\/\/www.visit-ulcinj.com\/blog\/?p=1488"},"modified":"2008-05-05T08:22:25","modified_gmt":"2008-05-05T13:22:25","slug":"nuk-moren-pjese-perfaqesuesit-e-udsh-se-dhe-pds-se","status":"publish","type":"post","link":"https:\/\/www.visit-ulcinj.com\/blog\/2008\/05\/05\/nuk-moren-pjese-perfaqesuesit-e-udsh-se-dhe-pds-se\/","title":{"rendered":"Nuk mor\u00ebn pjes\u00eb p\u00ebrfaq\u00ebsuesit e UDSH-s\u00eb dhe PDS-s\u00eb"},"content":{"rendered":"<p><img loading=\"lazy\" class=\"alignleft\" style=\"float: left;\" src=\"http:\/\/www.kohajavore.cg.yu\/slike\/1161674131.jpg\" alt=\"Ferhat Dinosha\" width=\"300\" height=\"225\" \/><strong>T\u00eb shtun\u00ebn n\u00eb ulqin u b\u00eb konstituimi i k\u00ebshillit nacional shqiptar<\/strong><br \/>\nUlqin &#8211; T\u00eb shtun\u00ebn n\u00eb Ulqin u b\u00eb konstituimi i K\u00ebshillit Nacional Shqiptar. N\u00eb mbledhjen konstituive mor\u00ebn pjes\u00eb 26 nga 35 an\u00ebtar\u00eb sa ka K\u00ebshilli Nacional Shqiptar. N\u00eb mbledhjen konstitutive nuk mor\u00ebn pjes\u00eb p\u00ebrfaq\u00ebsuesit e UDSH-s\u00eb t\u00eb zgjedhur sipas parimit t\u00eb funksionit, me p\u00ebrjashtim t\u00eb ministrit p\u00ebr Mbrotjen e t\u00eb Drejtave t\u00eb Njeriut dhe Pakicave, Fuad Nimani, si dhe deputet\u00ebt e PDS-s\u00eb, Luigj Shkreli dhe Omer Axhoviq.<br \/>\nKryetari i UDSH-s\u00eb, Ferhat Dinosha, ka th\u00ebn\u00eb se p\u00ebrfaq\u00ebsuesit e k\u00ebsaj partie nuk kan\u00eb marr\u00eb pjes\u00eb n\u00eb mbledhjen konstitutive t\u00eb K\u00ebshillit Nacional Shqiptar sepse konstituimi ka qen\u00eb loj\u00eb politike dhe nuk \u00ebsht\u00eb b\u00ebr\u00eb n\u00eb baz\u00eb ligjore dhe legjitime.<br \/>\n&#8220;\u00c7dokush q\u00eb merret me politik\u00eb dhe njeh sadopak normat demokratike t\u00eb fush\u00ebs s\u00eb pakicave duhet ta ket\u00eb t\u00eb qart\u00eb se K\u00ebshilli Nacional i Pakicave formohet p\u00ebr t`i l\u00ebn\u00eb hap\u00ebsir\u00eb edhe sektorit civil dhe intelektual\u00ebve t\u00eb mir\u00ebfillt\u00eb&#8221;, thot\u00eb ai, gj\u00eb q\u00eb sipas tij nuk ka ndodhur n\u00eb rastin e K\u00ebshillit Nacional t\u00eb Shqiptar\u00ebve.<br \/>\nDinosha kritikon Ministrin\u00eb p\u00ebr Mbrojtjen e t\u00eb Drejtave t\u00eb Njeriut dhe Pakicave p\u00ebr situat\u00ebn e krijuar n\u00eb rastin e krijimit t\u00eb K\u00ebshillit Nacional Shqiptar.<br \/>\n&#8220;N\u00eb krijimin e situat\u00ebs s\u00eb till\u00eb ka ndikuar edhe pagjeturia e vet\u00eb ekipit t\u00eb Ministris\u00eb s\u00eb Pakicave, i cili nuk i ka precizuar si duhet Rregullat p\u00ebr Formimin e K\u00ebshillit Nacional q\u00eb \u00ebsht\u00eb dashur t\u00eb nxirren nga Ligji p\u00ebr Lirit\u00eb dhe t\u00eb Drejtat e Pakicave&#8221;, ka th\u00ebn\u00eb ai.<img loading=\"lazy\" class=\"alignright\" style=\"float: right;\" src=\"http:\/\/www.kohajavore.cg.yu\/slike\/1164613936.jpg\" alt=\"kuvendi i ulqinit\" width=\"250\" height=\"188\" \/><br \/>\nPor kritikat e kryetarit t\u00eb UDSH-s\u00eb jan\u00eb hedhur posht\u00eb nga Ministria p\u00ebr Mbrojtjen e t\u00eb Drejtave t\u00eb Njeriut dhe Pakicave.<br \/>\n&#8220;Do t\u00eb doja t\u00eb d\u00ebgjoj se cili nen i Ligjit \u00ebsht\u00eb shkelur. \u00c7do gj\u00eb \u00ebsht\u00eb b\u00ebr\u00eb n\u00eb pajtim me Ligjin. Askujt nuk i shkruan n\u00eb ball\u00eb se nga cila parti vjen. Ministria nuk mund t\u00eb ket\u00eb qasje n\u00eb at\u00eb se kush p\u00ebr k\u00eb voton dhe an\u00ebtar i cil\u00ebs parti \u00ebsht\u00eb, as q\u00eb kjo na intereson&#8221;, ka th\u00ebn\u00eb p\u00ebr gazet\u00ebn \u201cVijesti\u201d ndihm\u00ebsministri p\u00ebr Mbrojtjen e t\u00eb Drejtave t\u00eb Njeriut dhe Pakicave, Sabahudin Deliq.<br \/>\nKryetari i UDSH-s\u00eb e ka cil\u00ebsuar jolegjitim Kuvendin e Elektor\u00ebve p\u00ebr zgjedhjen e an\u00ebtar\u00ebve t\u00eb K\u00ebshillit Nacional t\u00eb Shqiptar\u00ebve, t\u00eb mbajtur m\u00eb 19 prill, dhe ka paralajm\u00ebruar se kjo parti &#8220;do t\u00eb b\u00ebj\u00eb \u00e7`\u00ebsht\u00eb e mundur p\u00ebr t\u00eb anuluar vendimet e prodhuara nga ky kuvend&#8221;, sepse sipas tij, &#8220;n\u00eb t\u00eb kan\u00eb marr\u00eb pjes\u00eb kryesisht p\u00ebrfaq\u00ebsues t\u00eb partive politike t\u00eb cil\u00ebt nuk e kan\u00eb pasur vendin aty&#8221;.<br \/>\nSipas Dinosh\u00ebs, n\u00eb nenin 33 t\u00eb Ligjit p\u00ebr t\u00eb Drejtat dhe Lirit\u00eb e Pakicave p\u00ebrkufizohet qart\u00eb se p\u00ebrfaq\u00ebsuesit e partive politike hyjn\u00eb n\u00eb K\u00ebshillin Nacional me automatiz\u00ebm dhe kjo n\u00ebnkupton q\u00eb Kuvendin e Elektor\u00ebve \u00ebsht\u00eb dashur ta p\u00ebrb\u00ebnin p\u00ebrfaq\u00ebsuesit e organizatave joqeveritare, intelektual\u00eb t\u00eb pavarur dhe mund\u00ebsisht brenda tyre femra.<br \/>\n<img loading=\"lazy\" class=\"alignleft\" style=\"float: left;\" src=\"http:\/\/www.kohajavore.cg.yu\/slike\/1161674660.jpg\" alt=\"\" width=\"240\" height=\"180\" \/>Dinosha konteston edhe zgjedhjen e gazetar\u00ebve n\u00eb K\u00ebshillin Nacional t\u00eb Shqiptar\u00ebve.<br \/>\n&#8220;Gazetar\u00ebt nuk e kan\u00eb kurrsesi vendin n\u00eb K\u00ebshill sepse gazetaria \u00ebsht\u00eb profesion i ve\u00e7ant\u00eb, nd\u00ebrsa gazetari ka detyra t\u00eb tjera, q\u00eb t\u00eb p\u00ebrcjell\u00eb pun\u00ebn e k\u00ebtyre trupave e jo t\u00eb marr\u00eb pjes\u00eb n\u00eb t\u00eb&#8221;, thot\u00eb ai.<br \/>\nDinosha shpreson se &#8220;intelektual\u00ebt e mir\u00ebfillt\u00eb dhe p\u00ebrfaq\u00ebsuesit e partive shqiptare do ta kuptojn\u00eb se prodhimi i dal\u00eb nga Kuvendi i Elektor\u00ebve n\u00eb Ulqin \u00ebsht\u00eb i d\u00ebmsh\u00ebm dhe se s\u00eb bashku do t\u00eb b\u00ebjn\u00eb p\u00ebrpjekje p\u00ebr t\u00eb ndryshuar k\u00ebt\u00eb situat\u00eb&#8221;.<br \/>\n&#8220;M\u00eb s\u00eb miri do t\u00eb ishte sikur t\u00eb kuptohej se v\u00ebrtet\u00eb \u00ebsht\u00eb b\u00ebr\u00eb d\u00ebm, q\u00eb subjektet politike konkurruese t\u00eb heqin dor\u00eb nga Kuvendi i Elektor\u00ebve n\u00eb m\u00ebnyr\u00eb q\u00eb n\u00eb t\u00eb, t\u00eb zgjidhen p\u00ebrfaq\u00ebsuesit e sektorit civil ose intelektual, kurse politika t\u00eb hyj\u00eb n\u00eb K\u00ebshill me kuot\u00eb s\u00eb siguruar&#8221;, thot\u00eb Dinosha.<br \/>\nAi thekson se UDSH do t`u drejtohet t\u00eb gjitha instancave relevante q\u00eb mund t\u00eb japin p\u00ebrgjigje t\u00eb plot\u00eb, qoft\u00eb n\u00eb vend apo jasht\u00eb.<br \/>\nN\u00eb mbledhjen e ardhshme t\u00eb K\u00ebshillit Nacional Shqiptar pritet t\u00eb b\u00ebhet zgjedhja e kryetarit t\u00eb tij.<br \/>\n<strong>I.Kallaba<br \/>\nKOHA JAVORE<\/strong><\/p>\n","protected":false},"excerpt":{"rendered":"<p><img loading=\"lazy\" class=\"alignleft\" style=\"float: left;\" src=\"http:\/\/www.kohajavore.cg.yu\/slike\/1161674131.jpg\" alt=\"Ferhat Dinosha\" width=\"140\" height=\"140\" \/><\/p>\n","protected":false},"author":1,"featured_media":0,"comment_status":"open","ping_status":"closed","sticky":false,"template":"","format":"standard","meta":{"spay_email":"","jetpack_publicize_message":"","jetpack_is_tweetstorm":false,"jetpack_publicize_feature_enabled":true},"categories":[6,12],"tags":[97,106,3044,3046,729,3047,3045,2643,1649,200],"jetpack_publicize_connections":[],"yoast_head":"<!-- This site is optimized with the Yoast SEO plugin v19.1 - https:\/\/yoast.com\/wordpress\/plugins\/seo\/ -->\n<title>Nuk mor\u00ebn pjes\u00eb p\u00ebrfaq\u00ebsuesit e UDSH-s\u00eb dhe PDS-s\u00eb - Lajme nga Ulqini<\/title>\n<meta name=\"robots\" content=\"index, follow, max-snippet:-1, max-image-preview:large, max-video-preview:-1\" \/>\n<link rel=\"canonical\" href=\"https:\/\/www.visit-ulcinj.com\/blog\/2008\/05\/05\/nuk-moren-pjese-perfaqesuesit-e-udsh-se-dhe-pds-se\/\" \/>\n<meta property=\"og:locale\" content=\"en_US\" \/>\n<meta property=\"og:type\" content=\"article\" \/>\n<meta property=\"og:title\" content=\"Nuk mor\u00ebn pjes\u00eb p\u00ebrfaq\u00ebsuesit e UDSH-s\u00eb dhe PDS-s\u00eb - Lajme nga Ulqini\" \/>\n<meta property=\"og:url\" content=\"https:\/\/www.visit-ulcinj.com\/blog\/2008\/05\/05\/nuk-moren-pjese-perfaqesuesit-e-udsh-se-dhe-pds-se\/\" \/>\n<meta property=\"og:site_name\" content=\"Lajme nga Ulqini\" \/>\n<meta property=\"article:published_time\" content=\"2008-05-05T13:22:25+00:00\" \/>\n<meta property=\"og:image\" content=\"http:\/\/www.kohajavore.cg.yu\/slike\/1161674131.jpg\" \/>\n<meta name=\"twitter:label1\" content=\"Written by\" \/>\n\t<meta name=\"twitter:data1\" content=\"ulqini\" \/>\n\t<meta name=\"twitter:label2\" content=\"Est. reading time\" \/>\n\t<meta name=\"twitter:data2\" content=\"4 minutes\" \/>\n<script type=\"application\/ld+json\" class=\"yoast-schema-graph\">{\"@context\":\"https:\/\/schema.org\",\"@graph\":[{\"@type\":\"WebSite\",\"@id\":\"https:\/\/www.visit-ulcinj.com\/blog\/#website\",\"url\":\"https:\/\/www.visit-ulcinj.com\/blog\/\",\"name\":\"Lajme nga Ulqini\",\"description\":\"Lajme,Vijesti,Ulqini,Ulqin,Crna Gora,Mali i Zi\",\"potentialAction\":[{\"@type\":\"SearchAction\",\"target\":{\"@type\":\"EntryPoint\",\"urlTemplate\":\"https:\/\/www.visit-ulcinj.com\/blog\/?s={search_term_string}\"},\"query-input\":\"required name=search_term_string\"}],\"inLanguage\":\"en-US\"},{\"@type\":\"ImageObject\",\"inLanguage\":\"en-US\",\"@id\":\"https:\/\/www.visit-ulcinj.com\/blog\/2008\/05\/05\/nuk-moren-pjese-perfaqesuesit-e-udsh-se-dhe-pds-se\/#primaryimage\",\"url\":\"http:\/\/www.kohajavore.cg.yu\/slike\/1161674131.jpg\",\"contentUrl\":\"http:\/\/www.kohajavore.cg.yu\/slike\/1161674131.jpg\"},{\"@type\":\"WebPage\",\"@id\":\"https:\/\/www.visit-ulcinj.com\/blog\/2008\/05\/05\/nuk-moren-pjese-perfaqesuesit-e-udsh-se-dhe-pds-se\/#webpage\",\"url\":\"https:\/\/www.visit-ulcinj.com\/blog\/2008\/05\/05\/nuk-moren-pjese-perfaqesuesit-e-udsh-se-dhe-pds-se\/\",\"name\":\"Nuk mor\u00ebn pjes\u00eb p\u00ebrfaq\u00ebsuesit e UDSH-s\u00eb dhe PDS-s\u00eb - Lajme nga Ulqini\",\"isPartOf\":{\"@id\":\"https:\/\/www.visit-ulcinj.com\/blog\/#website\"},\"primaryImageOfPage\":{\"@id\":\"https:\/\/www.visit-ulcinj.com\/blog\/2008\/05\/05\/nuk-moren-pjese-perfaqesuesit-e-udsh-se-dhe-pds-se\/#primaryimage\"},\"datePublished\":\"2008-05-05T13:22:25+00:00\",\"dateModified\":\"2008-05-05T13:22:25+00:00\",\"author\":{\"@id\":\"https:\/\/www.visit-ulcinj.com\/blog\/#\/schema\/person\/dcab619c614d3038751c63bc2aadc06d\"},\"breadcrumb\":{\"@id\":\"https:\/\/www.visit-ulcinj.com\/blog\/2008\/05\/05\/nuk-moren-pjese-perfaqesuesit-e-udsh-se-dhe-pds-se\/#breadcrumb\"},\"inLanguage\":\"en-US\",\"potentialAction\":[{\"@type\":\"ReadAction\",\"target\":[\"https:\/\/www.visit-ulcinj.com\/blog\/2008\/05\/05\/nuk-moren-pjese-perfaqesuesit-e-udsh-se-dhe-pds-se\/\"]}]},{\"@type\":\"BreadcrumbList\",\"@id\":\"https:\/\/www.visit-ulcinj.com\/blog\/2008\/05\/05\/nuk-moren-pjese-perfaqesuesit-e-udsh-se-dhe-pds-se\/#breadcrumb\",\"itemListElement\":[{\"@type\":\"ListItem\",\"position\":1,\"name\":\"Nuk mor\u00ebn pjes\u00eb p\u00ebrfaq\u00ebsuesit e UDSH-s\u00eb dhe PDS-s\u00eb\"}]},{\"@type\":\"Person\",\"@id\":\"https:\/\/www.visit-ulcinj.com\/blog\/#\/schema\/person\/dcab619c614d3038751c63bc2aadc06d\",\"name\":\"ulqini\",\"sameAs\":[\"http:\/\/www.visit-ulcinj.com\"],\"url\":\"https:\/\/www.visit-ulcinj.com\/blog\/author\/admin\/\"}]}<\/script>\n<!-- \/ Yoast SEO plugin. -->","yoast_head_json":{"title":"Nuk mor\u00ebn pjes\u00eb p\u00ebrfaq\u00ebsuesit e UDSH-s\u00eb dhe PDS-s\u00eb - Lajme nga Ulqini","robots":{"index":"index","follow":"follow","max-snippet":"max-snippet:-1","max-image-preview":"max-image-preview:large","max-video-preview":"max-video-preview:-1"},"canonical":"https:\/\/www.visit-ulcinj.com\/blog\/2008\/05\/05\/nuk-moren-pjese-perfaqesuesit-e-udsh-se-dhe-pds-se\/","og_locale":"en_US","og_type":"article","og_title":"Nuk mor\u00ebn pjes\u00eb p\u00ebrfaq\u00ebsuesit e UDSH-s\u00eb dhe PDS-s\u00eb - Lajme nga Ulqini","og_url":"https:\/\/www.visit-ulcinj.com\/blog\/2008\/05\/05\/nuk-moren-pjese-perfaqesuesit-e-udsh-se-dhe-pds-se\/","og_site_name":"Lajme nga Ulqini","article_published_time":"2008-05-05T13:22:25+00:00","og_image":[{"url":"http:\/\/www.kohajavore.cg.yu\/slike\/1161674131.jpg"}],"twitter_misc":{"Written by":"ulqini","Est. reading time":"4 minutes"},"schema":{"@context":"https:\/\/schema.org","@graph":[{"@type":"WebSite","@id":"https:\/\/www.visit-ulcinj.com\/blog\/#website","url":"https:\/\/www.visit-ulcinj.com\/blog\/","name":"Lajme nga Ulqini","description":"Lajme,Vijesti,Ulqini,Ulqin,Crna Gora,Mali i Zi","potentialAction":[{"@type":"SearchAction","target":{"@type":"EntryPoint","urlTemplate":"https:\/\/www.visit-ulcinj.com\/blog\/?s={search_term_string}"},"query-input":"required name=search_term_string"}],"inLanguage":"en-US"},{"@type":"ImageObject","inLanguage":"en-US","@id":"https:\/\/www.visit-ulcinj.com\/blog\/2008\/05\/05\/nuk-moren-pjese-perfaqesuesit-e-udsh-se-dhe-pds-se\/#primaryimage","url":"http:\/\/www.kohajavore.cg.yu\/slike\/1161674131.jpg","contentUrl":"http:\/\/www.kohajavore.cg.yu\/slike\/1161674131.jpg"},{"@type":"WebPage","@id":"https:\/\/www.visit-ulcinj.com\/blog\/2008\/05\/05\/nuk-moren-pjese-perfaqesuesit-e-udsh-se-dhe-pds-se\/#webpage","url":"https:\/\/www.visit-ulcinj.com\/blog\/2008\/05\/05\/nuk-moren-pjese-perfaqesuesit-e-udsh-se-dhe-pds-se\/","name":"Nuk mor\u00ebn pjes\u00eb p\u00ebrfaq\u00ebsuesit e UDSH-s\u00eb dhe PDS-s\u00eb - Lajme nga Ulqini","isPartOf":{"@id":"https:\/\/www.visit-ulcinj.com\/blog\/#website"},"primaryImageOfPage":{"@id":"https:\/\/www.visit-ulcinj.com\/blog\/2008\/05\/05\/nuk-moren-pjese-perfaqesuesit-e-udsh-se-dhe-pds-se\/#primaryimage"},"datePublished":"2008-05-05T13:22:25+00:00","dateModified":"2008-05-05T13:22:25+00:00","author":{"@id":"https:\/\/www.visit-ulcinj.com\/blog\/#\/schema\/person\/dcab619c614d3038751c63bc2aadc06d"},"breadcrumb":{"@id":"https:\/\/www.visit-ulcinj.com\/blog\/2008\/05\/05\/nuk-moren-pjese-perfaqesuesit-e-udsh-se-dhe-pds-se\/#breadcrumb"},"inLanguage":"en-US","potentialAction":[{"@type":"ReadAction","target":["https:\/\/www.visit-ulcinj.com\/blog\/2008\/05\/05\/nuk-moren-pjese-perfaqesuesit-e-udsh-se-dhe-pds-se\/"]}]},{"@type":"BreadcrumbList","@id":"https:\/\/www.visit-ulcinj.com\/blog\/2008\/05\/05\/nuk-moren-pjese-perfaqesuesit-e-udsh-se-dhe-pds-se\/#breadcrumb","itemListElement":[{"@type":"ListItem","position":1,"name":"Nuk mor\u00ebn pjes\u00eb p\u00ebrfaq\u00ebsuesit e UDSH-s\u00eb dhe PDS-s\u00eb"}]},{"@type":"Person","@id":"https:\/\/www.visit-ulcinj.com\/blog\/#\/schema\/person\/dcab619c614d3038751c63bc2aadc06d","name":"ulqini","sameAs":["http:\/\/www.visit-ulcinj.com"],"url":"https:\/\/www.visit-ulcinj.com\/blog\/author\/admin\/"}]}},"jetpack_featured_media_url":"","jetpack_sharing_enabled":true,"jetpack_shortlink":"https:\/\/wp.me\/pe6lTn-o0","_links":{"self":[{"href":"https:\/\/www.visit-ulcinj.com\/blog\/wp-json\/wp\/v2\/posts\/1488"}],"collection":[{"href":"https:\/\/www.visit-ulcinj.com\/blog\/wp-json\/wp\/v2\/posts"}],"about":[{"href":"https:\/\/www.visit-ulcinj.com\/blog\/wp-json\/wp\/v2\/types\/post"}],"author":[{"embeddable":true,"href":"https:\/\/www.visit-ulcinj.com\/blog\/wp-json\/wp\/v2\/users\/1"}],"replies":[{"embeddable":true,"href":"https:\/\/www.visit-ulcinj.com\/blog\/wp-json\/wp\/v2\/comments?post=1488"}],"version-history":[{"count":0,"href":"https:\/\/www.visit-ulcinj.com\/blog\/wp-json\/wp\/v2\/posts\/1488\/revisions"}],"wp:attachment":[{"href":"https:\/\/www.visit-ulcinj.com\/blog\/wp-json\/wp\/v2\/media?parent=1488"}],"wp:term":[{"taxonomy":"category","embeddable":true,"href":"https:\/\/www.visit-ulcinj.com\/blog\/wp-json\/wp\/v2\/categories?post=1488"},{"taxonomy":"post_tag","embeddable":true,"href":"https:\/\/www.visit-ulcinj.com\/blog\/wp-json\/wp\/v2\/tags?post=1488"}],"curies":[{"name":"wp","href":"https:\/\/api.w.org\/{rel}","templated":true}]}}