{"id":14885,"date":"2009-03-19T21:32:50","date_gmt":"2009-03-19T20:32:50","guid":{"rendered":"http:\/\/www.visit-ulcinj.com\/blog\/?p=14885"},"modified":"2009-03-19T21:32:50","modified_gmt":"2009-03-19T20:32:50","slug":"mesida-jam-krenare-per-personin-qe-jam","status":"publish","type":"post","link":"https:\/\/www.visit-ulcinj.com\/blog\/2009\/03\/19\/mesida-jam-krenare-per-personin-qe-jam\/","title":{"rendered":"Mesida : Jam krenare p\u00ebr personin q\u00eb jam"},"content":{"rendered":"<p><em><span class=\"newsdate\"><a href=\"http:\/\/www.visit-ulcinj.com\/blog\/wp-content\/uploads\/2009\/03\/arjonmesida.jpg\"><img loading=\"lazy\" class=\"alignleft size-full wp-image-14886\" title=\"arjonmesida-big-brother-albania-2\" src=\"http:\/\/www.visit-ulcinj.com\/blog\/wp-content\/uploads\/2009\/03\/arjonmesida.jpg\" alt=\"arjonmesida-big-brother-albania-2\" width=\"300\" height=\"205\" \/><\/a>19\/03\/09 13:05<\/span><\/em><\/p>\n<p>Mesida flet me Arjonin p\u00ebr karakterin q\u00eb ka krijuar dhe k\u00ebt\u00eb ia dedikon babait t\u00eb saj, pasi nga ai ka marr\u00eb shum\u00eb. Ajo tregon se me babain e saj ka ca koh\u00eb q\u00eb nuk flet p\u00ebr arsye se kan\u00eb patur shum\u00eb keqkuptime dhe se shpesh fajtorja ka q\u00ebn\u00eb ajo. Arjoni mendon se mund t\u00eb jet\u00eb sedra ajo q\u00eb nuk e lejon q\u00eb t\u2019i flas\u00eb. Mesida thot\u00eb se p\u00ebr t\u00eb atin ndjen shum\u00eb dashuri dhe respekt dhe se ndjehet krenare p\u00ebr karakterin q\u00eb ka marr\u00eb nga ai. Arjoni i thot\u00eb se historia e saj \u00ebsht\u00eb e kund\u00ebrta e asaj t\u00eb Bjordit por, gjithsesi ai vet\u00ebm mund t\u2019i imagjinoj\u00eb k\u00ebto lloj raportesh sepse nuk \u00ebsht\u00eb p\u00ebrballur ndonj\u00ebher\u00eb me k\u00ebto situata.<\/p>\n","protected":false},"excerpt":{"rendered":"<p>19\/03\/09 13:05 Mesida flet me Arjonin p\u00ebr karakterin q\u00eb ka krijuar dhe k\u00ebt\u00eb ia dedikon babait t\u00eb saj, pasi nga ai ka marr\u00eb shum\u00eb. Ajo tregon se me babain e saj ka ca koh\u00eb q\u00eb nuk flet p\u00ebr arsye se kan\u00eb patur shum\u00eb keqkuptime dhe se shpesh fajtorja ka q\u00ebn\u00eb ajo. Arjoni mendon se mund [&hellip;]<\/p>\n","protected":false},"author":1,"featured_media":0,"comment_status":"open","ping_status":"closed","sticky":false,"template":"","format":"standard","meta":{"spay_email":"","jetpack_publicize_message":"","jetpack_is_tweetstorm":false,"jetpack_publicize_feature_enabled":true},"categories":[6502],"tags":[6525,6883,6516,6712,7364,6891],"jetpack_publicize_connections":[],"yoast_head":"<!-- This site is optimized with the Yoast SEO plugin v19.1 - https:\/\/yoast.com\/wordpress\/plugins\/seo\/ -->\n<title>Mesida : Jam krenare p\u00c3\u00abr personin q\u00c3\u00ab jam | Big Brother Albania 2<\/title>\n<meta name=\"description\" content=\"Big Brother Albania 2 - Mesida flet me Arjonin p\u00c3\u00abr karakterin q\u00c3\u00ab ka krijuar dhe k\u00c3\u00abt\u00c3\u00ab ia dedikon babait t\u00c3\u00ab saj, pasi nga ai ka marr\u00c3\u00ab shum\u00c3\u00ab.\" \/>\n<meta name=\"robots\" content=\"index, follow, max-snippet:-1, max-image-preview:large, max-video-preview:-1\" \/>\n<link rel=\"canonical\" href=\"https:\/\/www.visit-ulcinj.com\/blog\/2009\/03\/19\/mesida-jam-krenare-per-personin-qe-jam\/\" \/>\n<meta property=\"og:locale\" content=\"en_US\" \/>\n<meta property=\"og:type\" content=\"article\" \/>\n<meta property=\"og:title\" content=\"Mesida : Jam krenare p\u00c3\u00abr personin q\u00c3\u00ab jam | Big Brother Albania 2\" \/>\n<meta property=\"og:description\" content=\"Big Brother Albania 2 - Mesida flet me Arjonin p\u00c3\u00abr karakterin q\u00c3\u00ab ka krijuar dhe k\u00c3\u00abt\u00c3\u00ab ia dedikon babait t\u00c3\u00ab saj, pasi nga ai ka marr\u00c3\u00ab shum\u00c3\u00ab.\" \/>\n<meta property=\"og:url\" content=\"https:\/\/www.visit-ulcinj.com\/blog\/2009\/03\/19\/mesida-jam-krenare-per-personin-qe-jam\/\" \/>\n<meta property=\"og:site_name\" content=\"Lajme nga Ulqini\" \/>\n<meta property=\"article:published_time\" content=\"2009-03-19T20:32:50+00:00\" \/>\n<meta property=\"og:image\" content=\"http:\/\/www.visit-ulcinj.com\/blog\/wp-content\/uploads\/2009\/03\/arjonmesida.jpg\" \/>\n<meta name=\"twitter:label1\" content=\"Written by\" \/>\n\t<meta name=\"twitter:data1\" content=\"ulqini\" \/>\n\t<meta name=\"twitter:label2\" content=\"Est. reading time\" \/>\n\t<meta name=\"twitter:data2\" content=\"1 minute\" \/>\n<script type=\"application\/ld+json\" class=\"yoast-schema-graph\">{\"@context\":\"https:\/\/schema.org\",\"@graph\":[{\"@type\":\"WebSite\",\"@id\":\"https:\/\/www.visit-ulcinj.com\/blog\/#website\",\"url\":\"https:\/\/www.visit-ulcinj.com\/blog\/\",\"name\":\"Lajme nga Ulqini\",\"description\":\"Lajme,Vijesti,Ulqini,Ulqin,Crna Gora,Mali i Zi\",\"potentialAction\":[{\"@type\":\"SearchAction\",\"target\":{\"@type\":\"EntryPoint\",\"urlTemplate\":\"https:\/\/www.visit-ulcinj.com\/blog\/?s={search_term_string}\"},\"query-input\":\"required name=search_term_string\"}],\"inLanguage\":\"en-US\"},{\"@type\":\"ImageObject\",\"inLanguage\":\"en-US\",\"@id\":\"https:\/\/www.visit-ulcinj.com\/blog\/2009\/03\/19\/mesida-jam-krenare-per-personin-qe-jam\/#primaryimage\",\"url\":\"http:\/\/www.visit-ulcinj.com\/blog\/wp-content\/uploads\/2009\/03\/arjonmesida.jpg\",\"contentUrl\":\"http:\/\/www.visit-ulcinj.com\/blog\/wp-content\/uploads\/2009\/03\/arjonmesida.jpg\"},{\"@type\":\"WebPage\",\"@id\":\"https:\/\/www.visit-ulcinj.com\/blog\/2009\/03\/19\/mesida-jam-krenare-per-personin-qe-jam\/#webpage\",\"url\":\"https:\/\/www.visit-ulcinj.com\/blog\/2009\/03\/19\/mesida-jam-krenare-per-personin-qe-jam\/\",\"name\":\"Mesida : Jam krenare p\u00c3\u00abr personin q\u00c3\u00ab jam | Big Brother Albania 2\",\"isPartOf\":{\"@id\":\"https:\/\/www.visit-ulcinj.com\/blog\/#website\"},\"primaryImageOfPage\":{\"@id\":\"https:\/\/www.visit-ulcinj.com\/blog\/2009\/03\/19\/mesida-jam-krenare-per-personin-qe-jam\/#primaryimage\"},\"datePublished\":\"2009-03-19T20:32:50+00:00\",\"dateModified\":\"2009-03-19T20:32:50+00:00\",\"author\":{\"@id\":\"https:\/\/www.visit-ulcinj.com\/blog\/#\/schema\/person\/dcab619c614d3038751c63bc2aadc06d\"},\"description\":\"Big Brother Albania 2 - Mesida flet me Arjonin p\u00c3\u00abr karakterin q\u00c3\u00ab ka krijuar dhe k\u00c3\u00abt\u00c3\u00ab ia dedikon babait t\u00c3\u00ab saj, pasi nga ai ka marr\u00c3\u00ab shum\u00c3\u00ab.\",\"breadcrumb\":{\"@id\":\"https:\/\/www.visit-ulcinj.com\/blog\/2009\/03\/19\/mesida-jam-krenare-per-personin-qe-jam\/#breadcrumb\"},\"inLanguage\":\"en-US\",\"potentialAction\":[{\"@type\":\"ReadAction\",\"target\":[\"https:\/\/www.visit-ulcinj.com\/blog\/2009\/03\/19\/mesida-jam-krenare-per-personin-qe-jam\/\"]}]},{\"@type\":\"BreadcrumbList\",\"@id\":\"https:\/\/www.visit-ulcinj.com\/blog\/2009\/03\/19\/mesida-jam-krenare-per-personin-qe-jam\/#breadcrumb\",\"itemListElement\":[{\"@type\":\"ListItem\",\"position\":1,\"name\":\"Mesida : Jam krenare p\u00ebr personin q\u00eb jam\"}]},{\"@type\":\"Person\",\"@id\":\"https:\/\/www.visit-ulcinj.com\/blog\/#\/schema\/person\/dcab619c614d3038751c63bc2aadc06d\",\"name\":\"ulqini\",\"sameAs\":[\"http:\/\/www.visit-ulcinj.com\"],\"url\":\"https:\/\/www.visit-ulcinj.com\/blog\/author\/admin\/\"}]}<\/script>\n<!-- \/ Yoast SEO plugin. -->","yoast_head_json":{"title":"Mesida : Jam krenare p\u00c3\u00abr personin q\u00c3\u00ab jam | Big Brother Albania 2","description":"Big Brother Albania 2 - Mesida flet me Arjonin p\u00c3\u00abr karakterin q\u00c3\u00ab ka krijuar dhe k\u00c3\u00abt\u00c3\u00ab ia dedikon babait t\u00c3\u00ab saj, pasi nga ai ka marr\u00c3\u00ab shum\u00c3\u00ab.","robots":{"index":"index","follow":"follow","max-snippet":"max-snippet:-1","max-image-preview":"max-image-preview:large","max-video-preview":"max-video-preview:-1"},"canonical":"https:\/\/www.visit-ulcinj.com\/blog\/2009\/03\/19\/mesida-jam-krenare-per-personin-qe-jam\/","og_locale":"en_US","og_type":"article","og_title":"Mesida : Jam krenare p\u00c3\u00abr personin q\u00c3\u00ab jam | Big Brother Albania 2","og_description":"Big Brother Albania 2 - Mesida flet me Arjonin p\u00c3\u00abr karakterin q\u00c3\u00ab ka krijuar dhe k\u00c3\u00abt\u00c3\u00ab ia dedikon babait t\u00c3\u00ab saj, pasi nga ai ka marr\u00c3\u00ab shum\u00c3\u00ab.","og_url":"https:\/\/www.visit-ulcinj.com\/blog\/2009\/03\/19\/mesida-jam-krenare-per-personin-qe-jam\/","og_site_name":"Lajme nga Ulqini","article_published_time":"2009-03-19T20:32:50+00:00","og_image":[{"url":"http:\/\/www.visit-ulcinj.com\/blog\/wp-content\/uploads\/2009\/03\/arjonmesida.jpg"}],"twitter_misc":{"Written by":"ulqini","Est. reading time":"1 minute"},"schema":{"@context":"https:\/\/schema.org","@graph":[{"@type":"WebSite","@id":"https:\/\/www.visit-ulcinj.com\/blog\/#website","url":"https:\/\/www.visit-ulcinj.com\/blog\/","name":"Lajme nga Ulqini","description":"Lajme,Vijesti,Ulqini,Ulqin,Crna Gora,Mali i Zi","potentialAction":[{"@type":"SearchAction","target":{"@type":"EntryPoint","urlTemplate":"https:\/\/www.visit-ulcinj.com\/blog\/?s={search_term_string}"},"query-input":"required name=search_term_string"}],"inLanguage":"en-US"},{"@type":"ImageObject","inLanguage":"en-US","@id":"https:\/\/www.visit-ulcinj.com\/blog\/2009\/03\/19\/mesida-jam-krenare-per-personin-qe-jam\/#primaryimage","url":"http:\/\/www.visit-ulcinj.com\/blog\/wp-content\/uploads\/2009\/03\/arjonmesida.jpg","contentUrl":"http:\/\/www.visit-ulcinj.com\/blog\/wp-content\/uploads\/2009\/03\/arjonmesida.jpg"},{"@type":"WebPage","@id":"https:\/\/www.visit-ulcinj.com\/blog\/2009\/03\/19\/mesida-jam-krenare-per-personin-qe-jam\/#webpage","url":"https:\/\/www.visit-ulcinj.com\/blog\/2009\/03\/19\/mesida-jam-krenare-per-personin-qe-jam\/","name":"Mesida : Jam krenare p\u00c3\u00abr personin q\u00c3\u00ab jam | Big Brother Albania 2","isPartOf":{"@id":"https:\/\/www.visit-ulcinj.com\/blog\/#website"},"primaryImageOfPage":{"@id":"https:\/\/www.visit-ulcinj.com\/blog\/2009\/03\/19\/mesida-jam-krenare-per-personin-qe-jam\/#primaryimage"},"datePublished":"2009-03-19T20:32:50+00:00","dateModified":"2009-03-19T20:32:50+00:00","author":{"@id":"https:\/\/www.visit-ulcinj.com\/blog\/#\/schema\/person\/dcab619c614d3038751c63bc2aadc06d"},"description":"Big Brother Albania 2 - Mesida flet me Arjonin p\u00c3\u00abr karakterin q\u00c3\u00ab ka krijuar dhe k\u00c3\u00abt\u00c3\u00ab ia dedikon babait t\u00c3\u00ab saj, pasi nga ai ka marr\u00c3\u00ab shum\u00c3\u00ab.","breadcrumb":{"@id":"https:\/\/www.visit-ulcinj.com\/blog\/2009\/03\/19\/mesida-jam-krenare-per-personin-qe-jam\/#breadcrumb"},"inLanguage":"en-US","potentialAction":[{"@type":"ReadAction","target":["https:\/\/www.visit-ulcinj.com\/blog\/2009\/03\/19\/mesida-jam-krenare-per-personin-qe-jam\/"]}]},{"@type":"BreadcrumbList","@id":"https:\/\/www.visit-ulcinj.com\/blog\/2009\/03\/19\/mesida-jam-krenare-per-personin-qe-jam\/#breadcrumb","itemListElement":[{"@type":"ListItem","position":1,"name":"Mesida : Jam krenare p\u00ebr personin q\u00eb jam"}]},{"@type":"Person","@id":"https:\/\/www.visit-ulcinj.com\/blog\/#\/schema\/person\/dcab619c614d3038751c63bc2aadc06d","name":"ulqini","sameAs":["http:\/\/www.visit-ulcinj.com"],"url":"https:\/\/www.visit-ulcinj.com\/blog\/author\/admin\/"}]}},"jetpack_featured_media_url":"","jetpack_sharing_enabled":true,"jetpack_shortlink":"https:\/\/wp.me\/pe6lTn-3S5","_links":{"self":[{"href":"https:\/\/www.visit-ulcinj.com\/blog\/wp-json\/wp\/v2\/posts\/14885"}],"collection":[{"href":"https:\/\/www.visit-ulcinj.com\/blog\/wp-json\/wp\/v2\/posts"}],"about":[{"href":"https:\/\/www.visit-ulcinj.com\/blog\/wp-json\/wp\/v2\/types\/post"}],"author":[{"embeddable":true,"href":"https:\/\/www.visit-ulcinj.com\/blog\/wp-json\/wp\/v2\/users\/1"}],"replies":[{"embeddable":true,"href":"https:\/\/www.visit-ulcinj.com\/blog\/wp-json\/wp\/v2\/comments?post=14885"}],"version-history":[{"count":0,"href":"https:\/\/www.visit-ulcinj.com\/blog\/wp-json\/wp\/v2\/posts\/14885\/revisions"}],"wp:attachment":[{"href":"https:\/\/www.visit-ulcinj.com\/blog\/wp-json\/wp\/v2\/media?parent=14885"}],"wp:term":[{"taxonomy":"category","embeddable":true,"href":"https:\/\/www.visit-ulcinj.com\/blog\/wp-json\/wp\/v2\/categories?post=14885"},{"taxonomy":"post_tag","embeddable":true,"href":"https:\/\/www.visit-ulcinj.com\/blog\/wp-json\/wp\/v2\/tags?post=14885"}],"curies":[{"name":"wp","href":"https:\/\/api.w.org\/{rel}","templated":true}]}}