{"id":14888,"date":"2009-03-19T21:38:35","date_gmt":"2009-03-19T20:38:35","guid":{"rendered":"http:\/\/www.visit-ulcinj.com\/blog\/?p=14888"},"modified":"2009-03-19T21:38:35","modified_gmt":"2009-03-19T20:38:35","slug":"aida-mund-te-nominohet-moza","status":"publish","type":"post","link":"https:\/\/www.visit-ulcinj.com\/blog\/2009\/03\/19\/aida-mund-te-nominohet-moza\/","title":{"rendered":"Aida : Mund t\u00eb nominohet Moza"},"content":{"rendered":"<p><em><span class=\"newsdate\"><a href=\"http:\/\/www.visit-ulcinj.com\/blog\/wp-content\/uploads\/2009\/03\/per-nominimet4.jpg\"><img loading=\"lazy\" class=\"alignleft size-full wp-image-14889\" title=\"per-nominimet-big-brother-albania-2\" src=\"http:\/\/www.visit-ulcinj.com\/blog\/wp-content\/uploads\/2009\/03\/per-nominimet4.jpg\" alt=\"per-nominimet-big-brother-albania-2\" width=\"300\" height=\"205\" \/><\/a>19\/03\/09 13:50<\/span><\/em><\/p>\n<p>Aida pyet se cil\u00ebt do t\u00eb jen\u00eb n\u00eb nominim k\u00ebt\u00eb her\u00eb. Qetsori thot\u00eb se ka pyetur n\u00eb sht\u00ebpi t\u00eb tjer\u00ebt dhe i rezulton se Moza mund t\u00eb jet\u00eb. Ai shton se mir\u00eb do jet\u00eb q\u00eb t\u00eb dal\u00eb n\u00eb nominim q\u00eb t\u00eb shohin reagimet e saja edhe n\u00eb k\u00ebt\u00eb aspekt. Aida mendon se ajo nuk ka p\u00ebr t\u00eb dal\u00eb edhe pse ka patur debatin me Adin, nd\u00ebrsa p\u00ebr veten e saj ka frik\u00eb. Si Bika edhe Sori mendojn\u00eb t\u00eb kund\u00ebrt\u00ebn madje Sori shton se edhe k\u00ebt\u00eb jav\u00eb nuk e priste Aid\u00ebn n\u00eb nominim. Aida komenton se n\u00ebse e ka nominuar Adela, at\u00ebher\u00eb dhe ata q\u00eb rrin\u00eb me t\u00eb, i jan\u00eb bashkuar k\u00ebtij vendimi. Sori dhe Bika nuk mendojn\u00eb se duhet t\u00eb nisen nga k\u00ebto arsye p\u00ebr t\u00eb nominuar dik\u00eb. P\u00ebr Sorin, \u00ebsht\u00eb mir\u00eb kur jan\u00eb n\u00eb nominim me dy ose tre banor\u00eb t\u00eb tjer\u00eb sepse mendon se ka kush t\u00eb dal\u00eb, por kur jan\u00eb vet\u00ebm me nj\u00eb, \u00ebsht\u00eb shum\u00eb e sikletshme sepse rreziku \u00ebsht\u00eb m\u00eb i madh.<\/p>\n","protected":false},"excerpt":{"rendered":"<p>19\/03\/09 13:50 Aida pyet se cil\u00ebt do t\u00eb jen\u00eb n\u00eb nominim k\u00ebt\u00eb her\u00eb. Qetsori thot\u00eb se ka pyetur n\u00eb sht\u00ebpi t\u00eb tjer\u00ebt dhe i rezulton se Moza mund t\u00eb jet\u00eb. Ai shton se mir\u00eb do jet\u00eb q\u00eb t\u00eb dal\u00eb n\u00eb nominim q\u00eb t\u00eb shohin reagimet e saja edhe n\u00eb k\u00ebt\u00eb aspekt. Aida mendon se ajo [&hellip;]<\/p>\n","protected":false},"author":1,"featured_media":0,"comment_status":"open","ping_status":"closed","sticky":false,"template":"","format":"standard","meta":{"spay_email":"","jetpack_publicize_message":"","jetpack_is_tweetstorm":false,"jetpack_publicize_feature_enabled":true},"categories":[6502],"tags":[1414,6537,6883,6516,6712,6544,6900,7304,6891],"jetpack_publicize_connections":[],"yoast_head":"<!-- This site is optimized with the Yoast SEO plugin v19.1 - https:\/\/yoast.com\/wordpress\/plugins\/seo\/ -->\n<title>Aida : Mund t\u00c3\u00ab nominohet Moza | Big Brother Albania 2<\/title>\n<meta name=\"description\" content=\"Big Brother Albania 2 - Aida pyet se cil\u00c3\u00abt do t\u00c3\u00ab jen\u00c3\u00ab n\u00c3\u00ab nominim k\u00c3\u00abt\u00c3\u00ab her\u00c3\u00ab. Qetsori thot\u00c3\u00ab se ka pyetur n\u00c3\u00ab sht\u00c3\u00abpi t\u00c3\u00ab tjer\u00c3\u00abt dhe i rezulton se Moza mund t\u00c3\u00ab jet\u00c3\u00ab\" \/>\n<meta name=\"robots\" content=\"index, follow, max-snippet:-1, max-image-preview:large, max-video-preview:-1\" \/>\n<link rel=\"canonical\" href=\"https:\/\/www.visit-ulcinj.com\/blog\/2009\/03\/19\/aida-mund-te-nominohet-moza\/\" \/>\n<meta property=\"og:locale\" content=\"en_US\" \/>\n<meta property=\"og:type\" content=\"article\" \/>\n<meta property=\"og:title\" content=\"Aida : Mund t\u00c3\u00ab nominohet Moza | Big Brother Albania 2\" \/>\n<meta property=\"og:description\" content=\"Big Brother Albania 2 - Aida pyet se cil\u00c3\u00abt do t\u00c3\u00ab jen\u00c3\u00ab n\u00c3\u00ab nominim k\u00c3\u00abt\u00c3\u00ab her\u00c3\u00ab. Qetsori thot\u00c3\u00ab se ka pyetur n\u00c3\u00ab sht\u00c3\u00abpi t\u00c3\u00ab tjer\u00c3\u00abt dhe i rezulton se Moza mund t\u00c3\u00ab jet\u00c3\u00ab\" \/>\n<meta property=\"og:url\" content=\"https:\/\/www.visit-ulcinj.com\/blog\/2009\/03\/19\/aida-mund-te-nominohet-moza\/\" \/>\n<meta property=\"og:site_name\" content=\"Lajme nga Ulqini\" \/>\n<meta property=\"article:published_time\" content=\"2009-03-19T20:38:35+00:00\" \/>\n<meta property=\"og:image\" content=\"http:\/\/www.visit-ulcinj.com\/blog\/wp-content\/uploads\/2009\/03\/per-nominimet4.jpg\" \/>\n<meta name=\"twitter:label1\" content=\"Written by\" \/>\n\t<meta name=\"twitter:data1\" content=\"ulqini\" \/>\n\t<meta name=\"twitter:label2\" content=\"Est. reading time\" \/>\n\t<meta name=\"twitter:data2\" content=\"1 minute\" \/>\n<script type=\"application\/ld+json\" class=\"yoast-schema-graph\">{\"@context\":\"https:\/\/schema.org\",\"@graph\":[{\"@type\":\"WebSite\",\"@id\":\"https:\/\/www.visit-ulcinj.com\/blog\/#website\",\"url\":\"https:\/\/www.visit-ulcinj.com\/blog\/\",\"name\":\"Lajme nga Ulqini\",\"description\":\"Lajme,Vijesti,Ulqini,Ulqin,Crna Gora,Mali i Zi\",\"potentialAction\":[{\"@type\":\"SearchAction\",\"target\":{\"@type\":\"EntryPoint\",\"urlTemplate\":\"https:\/\/www.visit-ulcinj.com\/blog\/?s={search_term_string}\"},\"query-input\":\"required name=search_term_string\"}],\"inLanguage\":\"en-US\"},{\"@type\":\"ImageObject\",\"inLanguage\":\"en-US\",\"@id\":\"https:\/\/www.visit-ulcinj.com\/blog\/2009\/03\/19\/aida-mund-te-nominohet-moza\/#primaryimage\",\"url\":\"http:\/\/www.visit-ulcinj.com\/blog\/wp-content\/uploads\/2009\/03\/per-nominimet4.jpg\",\"contentUrl\":\"http:\/\/www.visit-ulcinj.com\/blog\/wp-content\/uploads\/2009\/03\/per-nominimet4.jpg\"},{\"@type\":\"WebPage\",\"@id\":\"https:\/\/www.visit-ulcinj.com\/blog\/2009\/03\/19\/aida-mund-te-nominohet-moza\/#webpage\",\"url\":\"https:\/\/www.visit-ulcinj.com\/blog\/2009\/03\/19\/aida-mund-te-nominohet-moza\/\",\"name\":\"Aida : Mund t\u00c3\u00ab nominohet Moza | Big Brother Albania 2\",\"isPartOf\":{\"@id\":\"https:\/\/www.visit-ulcinj.com\/blog\/#website\"},\"primaryImageOfPage\":{\"@id\":\"https:\/\/www.visit-ulcinj.com\/blog\/2009\/03\/19\/aida-mund-te-nominohet-moza\/#primaryimage\"},\"datePublished\":\"2009-03-19T20:38:35+00:00\",\"dateModified\":\"2009-03-19T20:38:35+00:00\",\"author\":{\"@id\":\"https:\/\/www.visit-ulcinj.com\/blog\/#\/schema\/person\/dcab619c614d3038751c63bc2aadc06d\"},\"description\":\"Big Brother Albania 2 - Aida pyet se cil\u00c3\u00abt do t\u00c3\u00ab jen\u00c3\u00ab n\u00c3\u00ab nominim k\u00c3\u00abt\u00c3\u00ab her\u00c3\u00ab. Qetsori thot\u00c3\u00ab se ka pyetur n\u00c3\u00ab sht\u00c3\u00abpi t\u00c3\u00ab tjer\u00c3\u00abt dhe i rezulton se Moza mund t\u00c3\u00ab jet\u00c3\u00ab\",\"breadcrumb\":{\"@id\":\"https:\/\/www.visit-ulcinj.com\/blog\/2009\/03\/19\/aida-mund-te-nominohet-moza\/#breadcrumb\"},\"inLanguage\":\"en-US\",\"potentialAction\":[{\"@type\":\"ReadAction\",\"target\":[\"https:\/\/www.visit-ulcinj.com\/blog\/2009\/03\/19\/aida-mund-te-nominohet-moza\/\"]}]},{\"@type\":\"BreadcrumbList\",\"@id\":\"https:\/\/www.visit-ulcinj.com\/blog\/2009\/03\/19\/aida-mund-te-nominohet-moza\/#breadcrumb\",\"itemListElement\":[{\"@type\":\"ListItem\",\"position\":1,\"name\":\"Aida : Mund t\u00eb nominohet Moza\"}]},{\"@type\":\"Person\",\"@id\":\"https:\/\/www.visit-ulcinj.com\/blog\/#\/schema\/person\/dcab619c614d3038751c63bc2aadc06d\",\"name\":\"ulqini\",\"sameAs\":[\"http:\/\/www.visit-ulcinj.com\"],\"url\":\"https:\/\/www.visit-ulcinj.com\/blog\/author\/admin\/\"}]}<\/script>\n<!-- \/ Yoast SEO plugin. -->","yoast_head_json":{"title":"Aida : Mund t\u00c3\u00ab nominohet Moza | Big Brother Albania 2","description":"Big Brother Albania 2 - Aida pyet se cil\u00c3\u00abt do t\u00c3\u00ab jen\u00c3\u00ab n\u00c3\u00ab nominim k\u00c3\u00abt\u00c3\u00ab her\u00c3\u00ab. Qetsori thot\u00c3\u00ab se ka pyetur n\u00c3\u00ab sht\u00c3\u00abpi t\u00c3\u00ab tjer\u00c3\u00abt dhe i rezulton se Moza mund t\u00c3\u00ab jet\u00c3\u00ab","robots":{"index":"index","follow":"follow","max-snippet":"max-snippet:-1","max-image-preview":"max-image-preview:large","max-video-preview":"max-video-preview:-1"},"canonical":"https:\/\/www.visit-ulcinj.com\/blog\/2009\/03\/19\/aida-mund-te-nominohet-moza\/","og_locale":"en_US","og_type":"article","og_title":"Aida : Mund t\u00c3\u00ab nominohet Moza | Big Brother Albania 2","og_description":"Big Brother Albania 2 - Aida pyet se cil\u00c3\u00abt do t\u00c3\u00ab jen\u00c3\u00ab n\u00c3\u00ab nominim k\u00c3\u00abt\u00c3\u00ab her\u00c3\u00ab. Qetsori thot\u00c3\u00ab se ka pyetur n\u00c3\u00ab sht\u00c3\u00abpi t\u00c3\u00ab tjer\u00c3\u00abt dhe i rezulton se Moza mund t\u00c3\u00ab jet\u00c3\u00ab","og_url":"https:\/\/www.visit-ulcinj.com\/blog\/2009\/03\/19\/aida-mund-te-nominohet-moza\/","og_site_name":"Lajme nga Ulqini","article_published_time":"2009-03-19T20:38:35+00:00","og_image":[{"url":"http:\/\/www.visit-ulcinj.com\/blog\/wp-content\/uploads\/2009\/03\/per-nominimet4.jpg"}],"twitter_misc":{"Written by":"ulqini","Est. reading time":"1 minute"},"schema":{"@context":"https:\/\/schema.org","@graph":[{"@type":"WebSite","@id":"https:\/\/www.visit-ulcinj.com\/blog\/#website","url":"https:\/\/www.visit-ulcinj.com\/blog\/","name":"Lajme nga Ulqini","description":"Lajme,Vijesti,Ulqini,Ulqin,Crna Gora,Mali i Zi","potentialAction":[{"@type":"SearchAction","target":{"@type":"EntryPoint","urlTemplate":"https:\/\/www.visit-ulcinj.com\/blog\/?s={search_term_string}"},"query-input":"required name=search_term_string"}],"inLanguage":"en-US"},{"@type":"ImageObject","inLanguage":"en-US","@id":"https:\/\/www.visit-ulcinj.com\/blog\/2009\/03\/19\/aida-mund-te-nominohet-moza\/#primaryimage","url":"http:\/\/www.visit-ulcinj.com\/blog\/wp-content\/uploads\/2009\/03\/per-nominimet4.jpg","contentUrl":"http:\/\/www.visit-ulcinj.com\/blog\/wp-content\/uploads\/2009\/03\/per-nominimet4.jpg"},{"@type":"WebPage","@id":"https:\/\/www.visit-ulcinj.com\/blog\/2009\/03\/19\/aida-mund-te-nominohet-moza\/#webpage","url":"https:\/\/www.visit-ulcinj.com\/blog\/2009\/03\/19\/aida-mund-te-nominohet-moza\/","name":"Aida : Mund t\u00c3\u00ab nominohet Moza | Big Brother Albania 2","isPartOf":{"@id":"https:\/\/www.visit-ulcinj.com\/blog\/#website"},"primaryImageOfPage":{"@id":"https:\/\/www.visit-ulcinj.com\/blog\/2009\/03\/19\/aida-mund-te-nominohet-moza\/#primaryimage"},"datePublished":"2009-03-19T20:38:35+00:00","dateModified":"2009-03-19T20:38:35+00:00","author":{"@id":"https:\/\/www.visit-ulcinj.com\/blog\/#\/schema\/person\/dcab619c614d3038751c63bc2aadc06d"},"description":"Big Brother Albania 2 - Aida pyet se cil\u00c3\u00abt do t\u00c3\u00ab jen\u00c3\u00ab n\u00c3\u00ab nominim k\u00c3\u00abt\u00c3\u00ab her\u00c3\u00ab. Qetsori thot\u00c3\u00ab se ka pyetur n\u00c3\u00ab sht\u00c3\u00abpi t\u00c3\u00ab tjer\u00c3\u00abt dhe i rezulton se Moza mund t\u00c3\u00ab jet\u00c3\u00ab","breadcrumb":{"@id":"https:\/\/www.visit-ulcinj.com\/blog\/2009\/03\/19\/aida-mund-te-nominohet-moza\/#breadcrumb"},"inLanguage":"en-US","potentialAction":[{"@type":"ReadAction","target":["https:\/\/www.visit-ulcinj.com\/blog\/2009\/03\/19\/aida-mund-te-nominohet-moza\/"]}]},{"@type":"BreadcrumbList","@id":"https:\/\/www.visit-ulcinj.com\/blog\/2009\/03\/19\/aida-mund-te-nominohet-moza\/#breadcrumb","itemListElement":[{"@type":"ListItem","position":1,"name":"Aida : Mund t\u00eb nominohet Moza"}]},{"@type":"Person","@id":"https:\/\/www.visit-ulcinj.com\/blog\/#\/schema\/person\/dcab619c614d3038751c63bc2aadc06d","name":"ulqini","sameAs":["http:\/\/www.visit-ulcinj.com"],"url":"https:\/\/www.visit-ulcinj.com\/blog\/author\/admin\/"}]}},"jetpack_featured_media_url":"","jetpack_sharing_enabled":true,"jetpack_shortlink":"https:\/\/wp.me\/pe6lTn-3S8","_links":{"self":[{"href":"https:\/\/www.visit-ulcinj.com\/blog\/wp-json\/wp\/v2\/posts\/14888"}],"collection":[{"href":"https:\/\/www.visit-ulcinj.com\/blog\/wp-json\/wp\/v2\/posts"}],"about":[{"href":"https:\/\/www.visit-ulcinj.com\/blog\/wp-json\/wp\/v2\/types\/post"}],"author":[{"embeddable":true,"href":"https:\/\/www.visit-ulcinj.com\/blog\/wp-json\/wp\/v2\/users\/1"}],"replies":[{"embeddable":true,"href":"https:\/\/www.visit-ulcinj.com\/blog\/wp-json\/wp\/v2\/comments?post=14888"}],"version-history":[{"count":0,"href":"https:\/\/www.visit-ulcinj.com\/blog\/wp-json\/wp\/v2\/posts\/14888\/revisions"}],"wp:attachment":[{"href":"https:\/\/www.visit-ulcinj.com\/blog\/wp-json\/wp\/v2\/media?parent=14888"}],"wp:term":[{"taxonomy":"category","embeddable":true,"href":"https:\/\/www.visit-ulcinj.com\/blog\/wp-json\/wp\/v2\/categories?post=14888"},{"taxonomy":"post_tag","embeddable":true,"href":"https:\/\/www.visit-ulcinj.com\/blog\/wp-json\/wp\/v2\/tags?post=14888"}],"curies":[{"name":"wp","href":"https:\/\/api.w.org\/{rel}","templated":true}]}}