{"id":14891,"date":"2009-03-19T21:42:11","date_gmt":"2009-03-19T20:42:11","guid":{"rendered":"http:\/\/www.visit-ulcinj.com\/blog\/?p=14891"},"modified":"2009-03-19T21:42:11","modified_gmt":"2009-03-19T20:42:11","slug":"plane-per-nominimet-big-brother-albania-2","status":"publish","type":"post","link":"https:\/\/www.visit-ulcinj.com\/blog\/2009\/03\/19\/plane-per-nominimet-big-brother-albania-2\/","title":{"rendered":"Plane p\u00ebr nominimet &#8211; Big Brother Albania 2"},"content":{"rendered":"<p><em><span class=\"newsdate\"><a href=\"http:\/\/www.visit-ulcinj.com\/blog\/wp-content\/uploads\/2009\/03\/planet.jpg\"><img loading=\"lazy\" class=\"alignleft size-full wp-image-14892\" title=\"planet-big-brother-albania-2\" src=\"http:\/\/www.visit-ulcinj.com\/blog\/wp-content\/uploads\/2009\/03\/planet.jpg\" alt=\"planet-big-brother-albania-2\" width=\"300\" height=\"205\" \/><\/a>19\/03\/09 14:15<\/span><\/em><\/p>\n<p>Adi thot\u00eb me shaka se n\u00ebse e shohin q\u00eb \u00ebsht\u00eb duke b\u00ebr\u00eb bised\u00eb me nj\u00eb person, me siguri \u00ebsht\u00eb duke b\u00ebr\u00eb thashetheme ose duke folur p\u00ebr t\u00eb shtun\u00ebn. Bika tregon se kur sheh dy persona vet\u00ebm p\u00ebr vet\u00ebm duke biseduar, mendimi i par\u00eb q\u00eb i shkon nd\u00ebrmend \u00ebsht\u00eb ai se po thurin plane p\u00ebr loj\u00ebn. Sori i thot\u00eb me shaka se kjo paska q\u00ebn\u00eb nj\u00eb th\u00ebnie me kunj posac\u00ebrisht p\u00ebr t\u00eb. Ai thot\u00eb me seriozitet se do arrijn\u00eb aty ku secili nga ta, do b\u00ebj\u00eb biseda vet\u00ebm p\u00ebr vet\u00ebm me ndonj\u00eb tjet\u00ebr dhe se kjo gj\u00eb nuk duhet par\u00eb si e rrezikshme.<\/p>\n","protected":false},"excerpt":{"rendered":"<p>19\/03\/09 14:15 Adi thot\u00eb me shaka se n\u00ebse e shohin q\u00eb \u00ebsht\u00eb duke b\u00ebr\u00eb bised\u00eb me nj\u00eb person, me siguri \u00ebsht\u00eb duke b\u00ebr\u00eb thashetheme ose duke folur p\u00ebr t\u00eb shtun\u00ebn. Bika tregon se kur sheh dy persona vet\u00ebm p\u00ebr vet\u00ebm duke biseduar, mendimi i par\u00eb q\u00eb i shkon nd\u00ebrmend \u00ebsht\u00eb ai se po thurin plane [&hellip;]<\/p>\n","protected":false},"author":1,"featured_media":0,"comment_status":"open","ping_status":"closed","sticky":false,"template":"","format":"standard","meta":{"spay_email":"","jetpack_publicize_message":"","jetpack_is_tweetstorm":false,"jetpack_publicize_feature_enabled":true},"categories":[6502],"tags":[1414,6883,6516,6712,6740,6521,6900,262,6891],"jetpack_publicize_connections":[],"yoast_head":"<!-- This site is optimized with the Yoast SEO plugin v19.1 - https:\/\/yoast.com\/wordpress\/plugins\/seo\/ -->\n<title>Plane p\u00c3\u00abr nominimet - Big Brother Albania 2<\/title>\n<meta name=\"description\" content=\"Big Brother Albania 2 - Adi thot\u00c3\u00ab me shaka se n\u00c3\u00abse e shohin q\u00c3\u00ab \u00c3\u00absht\u00c3\u00ab duke b\u00c3\u00abr\u00c3\u00ab bised\u00c3\u00ab me nj\u00c3\u00ab person, me siguri \u00c3\u00absht\u00c3\u00ab duke b\u00c3\u00abr\u00c3\u00ab thashetheme ose duke folur p\u00c3\u00abr t\u00c3\u00ab shtun\u00c3\u00abn\" \/>\n<meta name=\"robots\" content=\"index, follow, max-snippet:-1, max-image-preview:large, max-video-preview:-1\" \/>\n<link rel=\"canonical\" href=\"https:\/\/www.visit-ulcinj.com\/blog\/2009\/03\/19\/plane-per-nominimet-big-brother-albania-2\/\" \/>\n<meta property=\"og:locale\" content=\"en_US\" \/>\n<meta property=\"og:type\" content=\"article\" \/>\n<meta property=\"og:title\" content=\"Plane p\u00c3\u00abr nominimet - Big Brother Albania 2\" \/>\n<meta property=\"og:description\" content=\"Big Brother Albania 2 - Adi thot\u00c3\u00ab me shaka se n\u00c3\u00abse e shohin q\u00c3\u00ab \u00c3\u00absht\u00c3\u00ab duke b\u00c3\u00abr\u00c3\u00ab bised\u00c3\u00ab me nj\u00c3\u00ab person, me siguri \u00c3\u00absht\u00c3\u00ab duke b\u00c3\u00abr\u00c3\u00ab thashetheme ose duke folur p\u00c3\u00abr t\u00c3\u00ab shtun\u00c3\u00abn\" \/>\n<meta property=\"og:url\" content=\"https:\/\/www.visit-ulcinj.com\/blog\/2009\/03\/19\/plane-per-nominimet-big-brother-albania-2\/\" \/>\n<meta property=\"og:site_name\" content=\"Lajme nga Ulqini\" \/>\n<meta property=\"article:published_time\" content=\"2009-03-19T20:42:11+00:00\" \/>\n<meta property=\"og:image\" content=\"http:\/\/www.visit-ulcinj.com\/blog\/wp-content\/uploads\/2009\/03\/planet.jpg\" \/>\n<meta name=\"twitter:label1\" content=\"Written by\" \/>\n\t<meta name=\"twitter:data1\" content=\"ulqini\" \/>\n\t<meta name=\"twitter:label2\" content=\"Est. reading time\" \/>\n\t<meta name=\"twitter:data2\" content=\"1 minute\" \/>\n<script type=\"application\/ld+json\" class=\"yoast-schema-graph\">{\"@context\":\"https:\/\/schema.org\",\"@graph\":[{\"@type\":\"WebSite\",\"@id\":\"https:\/\/www.visit-ulcinj.com\/blog\/#website\",\"url\":\"https:\/\/www.visit-ulcinj.com\/blog\/\",\"name\":\"Lajme nga Ulqini\",\"description\":\"Lajme,Vijesti,Ulqini,Ulqin,Crna Gora,Mali i Zi\",\"potentialAction\":[{\"@type\":\"SearchAction\",\"target\":{\"@type\":\"EntryPoint\",\"urlTemplate\":\"https:\/\/www.visit-ulcinj.com\/blog\/?s={search_term_string}\"},\"query-input\":\"required name=search_term_string\"}],\"inLanguage\":\"en-US\"},{\"@type\":\"ImageObject\",\"inLanguage\":\"en-US\",\"@id\":\"https:\/\/www.visit-ulcinj.com\/blog\/2009\/03\/19\/plane-per-nominimet-big-brother-albania-2\/#primaryimage\",\"url\":\"http:\/\/www.visit-ulcinj.com\/blog\/wp-content\/uploads\/2009\/03\/planet.jpg\",\"contentUrl\":\"http:\/\/www.visit-ulcinj.com\/blog\/wp-content\/uploads\/2009\/03\/planet.jpg\"},{\"@type\":\"WebPage\",\"@id\":\"https:\/\/www.visit-ulcinj.com\/blog\/2009\/03\/19\/plane-per-nominimet-big-brother-albania-2\/#webpage\",\"url\":\"https:\/\/www.visit-ulcinj.com\/blog\/2009\/03\/19\/plane-per-nominimet-big-brother-albania-2\/\",\"name\":\"Plane p\u00c3\u00abr nominimet - Big Brother Albania 2\",\"isPartOf\":{\"@id\":\"https:\/\/www.visit-ulcinj.com\/blog\/#website\"},\"primaryImageOfPage\":{\"@id\":\"https:\/\/www.visit-ulcinj.com\/blog\/2009\/03\/19\/plane-per-nominimet-big-brother-albania-2\/#primaryimage\"},\"datePublished\":\"2009-03-19T20:42:11+00:00\",\"dateModified\":\"2009-03-19T20:42:11+00:00\",\"author\":{\"@id\":\"https:\/\/www.visit-ulcinj.com\/blog\/#\/schema\/person\/dcab619c614d3038751c63bc2aadc06d\"},\"description\":\"Big Brother Albania 2 - Adi thot\u00c3\u00ab me shaka se n\u00c3\u00abse e shohin q\u00c3\u00ab \u00c3\u00absht\u00c3\u00ab duke b\u00c3\u00abr\u00c3\u00ab bised\u00c3\u00ab me nj\u00c3\u00ab person, me siguri \u00c3\u00absht\u00c3\u00ab duke b\u00c3\u00abr\u00c3\u00ab thashetheme ose duke folur p\u00c3\u00abr t\u00c3\u00ab shtun\u00c3\u00abn\",\"breadcrumb\":{\"@id\":\"https:\/\/www.visit-ulcinj.com\/blog\/2009\/03\/19\/plane-per-nominimet-big-brother-albania-2\/#breadcrumb\"},\"inLanguage\":\"en-US\",\"potentialAction\":[{\"@type\":\"ReadAction\",\"target\":[\"https:\/\/www.visit-ulcinj.com\/blog\/2009\/03\/19\/plane-per-nominimet-big-brother-albania-2\/\"]}]},{\"@type\":\"BreadcrumbList\",\"@id\":\"https:\/\/www.visit-ulcinj.com\/blog\/2009\/03\/19\/plane-per-nominimet-big-brother-albania-2\/#breadcrumb\",\"itemListElement\":[{\"@type\":\"ListItem\",\"position\":1,\"name\":\"Plane p\u00ebr nominimet &#8211; Big Brother Albania 2\"}]},{\"@type\":\"Person\",\"@id\":\"https:\/\/www.visit-ulcinj.com\/blog\/#\/schema\/person\/dcab619c614d3038751c63bc2aadc06d\",\"name\":\"ulqini\",\"sameAs\":[\"http:\/\/www.visit-ulcinj.com\"],\"url\":\"https:\/\/www.visit-ulcinj.com\/blog\/author\/admin\/\"}]}<\/script>\n<!-- \/ Yoast SEO plugin. -->","yoast_head_json":{"title":"Plane p\u00c3\u00abr nominimet - Big Brother Albania 2","description":"Big Brother Albania 2 - Adi thot\u00c3\u00ab me shaka se n\u00c3\u00abse e shohin q\u00c3\u00ab \u00c3\u00absht\u00c3\u00ab duke b\u00c3\u00abr\u00c3\u00ab bised\u00c3\u00ab me nj\u00c3\u00ab person, me siguri \u00c3\u00absht\u00c3\u00ab duke b\u00c3\u00abr\u00c3\u00ab thashetheme ose duke folur p\u00c3\u00abr t\u00c3\u00ab shtun\u00c3\u00abn","robots":{"index":"index","follow":"follow","max-snippet":"max-snippet:-1","max-image-preview":"max-image-preview:large","max-video-preview":"max-video-preview:-1"},"canonical":"https:\/\/www.visit-ulcinj.com\/blog\/2009\/03\/19\/plane-per-nominimet-big-brother-albania-2\/","og_locale":"en_US","og_type":"article","og_title":"Plane p\u00c3\u00abr nominimet - Big Brother Albania 2","og_description":"Big Brother Albania 2 - Adi thot\u00c3\u00ab me shaka se n\u00c3\u00abse e shohin q\u00c3\u00ab \u00c3\u00absht\u00c3\u00ab duke b\u00c3\u00abr\u00c3\u00ab bised\u00c3\u00ab me nj\u00c3\u00ab person, me siguri \u00c3\u00absht\u00c3\u00ab duke b\u00c3\u00abr\u00c3\u00ab thashetheme ose duke folur p\u00c3\u00abr t\u00c3\u00ab shtun\u00c3\u00abn","og_url":"https:\/\/www.visit-ulcinj.com\/blog\/2009\/03\/19\/plane-per-nominimet-big-brother-albania-2\/","og_site_name":"Lajme nga Ulqini","article_published_time":"2009-03-19T20:42:11+00:00","og_image":[{"url":"http:\/\/www.visit-ulcinj.com\/blog\/wp-content\/uploads\/2009\/03\/planet.jpg"}],"twitter_misc":{"Written by":"ulqini","Est. reading time":"1 minute"},"schema":{"@context":"https:\/\/schema.org","@graph":[{"@type":"WebSite","@id":"https:\/\/www.visit-ulcinj.com\/blog\/#website","url":"https:\/\/www.visit-ulcinj.com\/blog\/","name":"Lajme nga Ulqini","description":"Lajme,Vijesti,Ulqini,Ulqin,Crna Gora,Mali i Zi","potentialAction":[{"@type":"SearchAction","target":{"@type":"EntryPoint","urlTemplate":"https:\/\/www.visit-ulcinj.com\/blog\/?s={search_term_string}"},"query-input":"required name=search_term_string"}],"inLanguage":"en-US"},{"@type":"ImageObject","inLanguage":"en-US","@id":"https:\/\/www.visit-ulcinj.com\/blog\/2009\/03\/19\/plane-per-nominimet-big-brother-albania-2\/#primaryimage","url":"http:\/\/www.visit-ulcinj.com\/blog\/wp-content\/uploads\/2009\/03\/planet.jpg","contentUrl":"http:\/\/www.visit-ulcinj.com\/blog\/wp-content\/uploads\/2009\/03\/planet.jpg"},{"@type":"WebPage","@id":"https:\/\/www.visit-ulcinj.com\/blog\/2009\/03\/19\/plane-per-nominimet-big-brother-albania-2\/#webpage","url":"https:\/\/www.visit-ulcinj.com\/blog\/2009\/03\/19\/plane-per-nominimet-big-brother-albania-2\/","name":"Plane p\u00c3\u00abr nominimet - Big Brother Albania 2","isPartOf":{"@id":"https:\/\/www.visit-ulcinj.com\/blog\/#website"},"primaryImageOfPage":{"@id":"https:\/\/www.visit-ulcinj.com\/blog\/2009\/03\/19\/plane-per-nominimet-big-brother-albania-2\/#primaryimage"},"datePublished":"2009-03-19T20:42:11+00:00","dateModified":"2009-03-19T20:42:11+00:00","author":{"@id":"https:\/\/www.visit-ulcinj.com\/blog\/#\/schema\/person\/dcab619c614d3038751c63bc2aadc06d"},"description":"Big Brother Albania 2 - Adi thot\u00c3\u00ab me shaka se n\u00c3\u00abse e shohin q\u00c3\u00ab \u00c3\u00absht\u00c3\u00ab duke b\u00c3\u00abr\u00c3\u00ab bised\u00c3\u00ab me nj\u00c3\u00ab person, me siguri \u00c3\u00absht\u00c3\u00ab duke b\u00c3\u00abr\u00c3\u00ab thashetheme ose duke folur p\u00c3\u00abr t\u00c3\u00ab shtun\u00c3\u00abn","breadcrumb":{"@id":"https:\/\/www.visit-ulcinj.com\/blog\/2009\/03\/19\/plane-per-nominimet-big-brother-albania-2\/#breadcrumb"},"inLanguage":"en-US","potentialAction":[{"@type":"ReadAction","target":["https:\/\/www.visit-ulcinj.com\/blog\/2009\/03\/19\/plane-per-nominimet-big-brother-albania-2\/"]}]},{"@type":"BreadcrumbList","@id":"https:\/\/www.visit-ulcinj.com\/blog\/2009\/03\/19\/plane-per-nominimet-big-brother-albania-2\/#breadcrumb","itemListElement":[{"@type":"ListItem","position":1,"name":"Plane p\u00ebr nominimet &#8211; Big Brother Albania 2"}]},{"@type":"Person","@id":"https:\/\/www.visit-ulcinj.com\/blog\/#\/schema\/person\/dcab619c614d3038751c63bc2aadc06d","name":"ulqini","sameAs":["http:\/\/www.visit-ulcinj.com"],"url":"https:\/\/www.visit-ulcinj.com\/blog\/author\/admin\/"}]}},"jetpack_featured_media_url":"","jetpack_sharing_enabled":true,"jetpack_shortlink":"https:\/\/wp.me\/pe6lTn-3Sb","_links":{"self":[{"href":"https:\/\/www.visit-ulcinj.com\/blog\/wp-json\/wp\/v2\/posts\/14891"}],"collection":[{"href":"https:\/\/www.visit-ulcinj.com\/blog\/wp-json\/wp\/v2\/posts"}],"about":[{"href":"https:\/\/www.visit-ulcinj.com\/blog\/wp-json\/wp\/v2\/types\/post"}],"author":[{"embeddable":true,"href":"https:\/\/www.visit-ulcinj.com\/blog\/wp-json\/wp\/v2\/users\/1"}],"replies":[{"embeddable":true,"href":"https:\/\/www.visit-ulcinj.com\/blog\/wp-json\/wp\/v2\/comments?post=14891"}],"version-history":[{"count":0,"href":"https:\/\/www.visit-ulcinj.com\/blog\/wp-json\/wp\/v2\/posts\/14891\/revisions"}],"wp:attachment":[{"href":"https:\/\/www.visit-ulcinj.com\/blog\/wp-json\/wp\/v2\/media?parent=14891"}],"wp:term":[{"taxonomy":"category","embeddable":true,"href":"https:\/\/www.visit-ulcinj.com\/blog\/wp-json\/wp\/v2\/categories?post=14891"},{"taxonomy":"post_tag","embeddable":true,"href":"https:\/\/www.visit-ulcinj.com\/blog\/wp-json\/wp\/v2\/tags?post=14891"}],"curies":[{"name":"wp","href":"https:\/\/api.w.org\/{rel}","templated":true}]}}