{"id":14895,"date":"2009-03-19T21:53:21","date_gmt":"2009-03-19T20:53:21","guid":{"rendered":"http:\/\/www.visit-ulcinj.com\/blog\/?p=14895"},"modified":"2009-03-19T21:53:21","modified_gmt":"2009-03-19T20:53:21","slug":"mesida-duhet-te-dish-te-sillesh-dhe-me-armiqte","status":"publish","type":"post","link":"https:\/\/www.visit-ulcinj.com\/blog\/2009\/03\/19\/mesida-duhet-te-dish-te-sillesh-dhe-me-armiqte\/","title":{"rendered":"Mesida : Duhet t\u00eb dish t\u00eb sillesh dhe me armiqt\u00eb"},"content":{"rendered":"<p><em><span class=\"newsdate\"><a href=\"http:\/\/www.visit-ulcinj.com\/blog\/wp-content\/uploads\/2009\/03\/te-kandiduarit-bisede.jpg\"><img loading=\"lazy\" class=\"alignleft size-full wp-image-14896\" title=\"te-kandiduarit-bisede-big-brother-albania-2\" src=\"http:\/\/www.visit-ulcinj.com\/blog\/wp-content\/uploads\/2009\/03\/te-kandiduarit-bisede.jpg\" alt=\"te-kandiduarit-bisede-big-brother-albania-2\" width=\"300\" height=\"205\" \/><\/a>19\/03\/09 16:51<\/span><\/em><\/p>\n<p>Mesida i shpreh Aid\u00ebs antipatin\u00eb q\u00eb ka krijuar p\u00ebr Adelajd\u00ebn. Ajo thot\u00eb q\u00eb nuk duron dot mimik\u00ebn e saj dhe thot\u00eb:-\u201cNjeriu duhet t\u00eb dij\u00eb t\u00eb sillet dhe me armiqt\u00eb!\u201d, dhe shton,-\u201cAi person nuk ka vler\u00eb p\u00ebr mua!\u201d Aida dhe Mesida bashkohen n\u00eb kuzhin\u00eb me Qetsorin dhe Arjonin. Meq\u00eb jan\u00eb kater personat e kandiduar p\u00ebr t\u00eb dal\u00eb nga sht\u00ebpia, ata fillojn\u00eb diskutojn\u00eb se kush do jet\u00eb personi i par\u00eb q\u00eb do shp\u00ebtoj. Sipas Mesid\u00ebs do jet\u00eb Aida dhe i thot\u00eb Qetsorit q\u00eb ka mund\u00ebsi q\u00eb rivaliti do ngelet midis tyre. T\u00eb kandiduarit fillojn\u00eb b\u00ebjn\u00eb strategji se k\u00eb do nominojn\u00eb nat\u00ebn e spetaklit. Qetsori thot\u00eb q\u00eb ai do nominoj\u00eb ato persona q\u00eb nuk japin asgj\u00eb n\u00eb sht\u00ebpi. Mesida dhe Aida jan\u00eb t\u00eb mendimit q\u00eb k\u00ebt\u00eb her\u00eb duhet t\u00eb dalin Adelajda dhe Bjordi n\u00eb nominim, pasi loja do b\u00ebhet m\u00eb e bukur. Sipas tyre sa m\u00eb shum\u00eb t\u00eb rrin\u00eb ,aq m\u00eb shum\u00eb forcohen pozitat brenda n\u00eb sht\u00ebpi. Aida thot\u00eb q\u00eb \u00ebsht\u00eb kund\u00ebr atyre personave q\u00eb prishin loj\u00ebn e p\u00ebrgjithshme. Qetsori thot\u00eb:-\u201cK\u00ebtu brenda nuk ka miq!\u201d Ato dikutojn\u00eb p\u00ebr aleancat e krijuara brenda n\u00eb sht\u00ebpi. Arjoni thot\u00eb:-\u201cMund ta mbash nj\u00eb aleanc\u00eb deri n\u00eb fund,por m\u00eb pas do mendosh vet\u00ebm p\u00ebr vete!\u201d<\/p>\n","protected":false},"excerpt":{"rendered":"<p>19\/03\/09 16:51 Mesida i shpreh Aid\u00ebs antipatin\u00eb q\u00eb ka krijuar p\u00ebr Adelajd\u00ebn. Ajo thot\u00eb q\u00eb nuk duron dot mimik\u00ebn e saj dhe thot\u00eb:-\u201cNjeriu duhet t\u00eb dij\u00eb t\u00eb sillet dhe me armiqt\u00eb!\u201d, dhe shton,-\u201cAi person nuk ka vler\u00eb p\u00ebr mua!\u201d Aida dhe Mesida bashkohen n\u00eb kuzhin\u00eb me Qetsorin dhe Arjonin. Meq\u00eb jan\u00eb kater personat e kandiduar [&hellip;]<\/p>\n","protected":false},"author":1,"featured_media":0,"comment_status":"open","ping_status":"closed","sticky":false,"template":"","format":"standard","meta":{"spay_email":"","jetpack_publicize_message":"","jetpack_is_tweetstorm":false,"jetpack_publicize_feature_enabled":true},"categories":[6502],"tags":[6537,6883,6516,6712,7364,6900,6891],"jetpack_publicize_connections":[],"yoast_head":"<!-- This site is optimized with the Yoast SEO plugin v19.1 - https:\/\/yoast.com\/wordpress\/plugins\/seo\/ -->\n<title>Mesida : Duhet t\u00c3\u00ab dish t\u00c3\u00ab sillesh dhe me armiqt\u00c3\u00ab | Big Brother Albania 2<\/title>\n<meta name=\"description\" content=\"Big Brother Albania 2 - Mesida i shpreh Aid\u00c3\u00abs antipatin\u00c3\u00ab q\u00c3\u00ab ka krijuar p\u00c3\u00abr Adelajd\u00c3\u00abn. Ajo thot\u00c3\u00ab q\u00c3\u00ab nuk duron dot mimik\u00c3\u00abn e saj dhe thot\u00c3\u00ab:-\u00e2\u20ac\u0153Njeriu duhet t\u00c3\u00ab dij\u00c3\u00ab t\u00c3\u00ab sillet dhe me armiqt\u00c3\u00ab!\" \/>\n<meta name=\"robots\" content=\"index, follow, max-snippet:-1, max-image-preview:large, max-video-preview:-1\" \/>\n<link rel=\"canonical\" href=\"https:\/\/www.visit-ulcinj.com\/blog\/2009\/03\/19\/mesida-duhet-te-dish-te-sillesh-dhe-me-armiqte\/\" \/>\n<meta property=\"og:locale\" content=\"en_US\" \/>\n<meta property=\"og:type\" content=\"article\" \/>\n<meta property=\"og:title\" content=\"Mesida : Duhet t\u00c3\u00ab dish t\u00c3\u00ab sillesh dhe me armiqt\u00c3\u00ab | Big Brother Albania 2\" \/>\n<meta property=\"og:description\" content=\"Big Brother Albania 2 - Mesida i shpreh Aid\u00c3\u00abs antipatin\u00c3\u00ab q\u00c3\u00ab ka krijuar p\u00c3\u00abr Adelajd\u00c3\u00abn. Ajo thot\u00c3\u00ab q\u00c3\u00ab nuk duron dot mimik\u00c3\u00abn e saj dhe thot\u00c3\u00ab:-\u00e2\u20ac\u0153Njeriu duhet t\u00c3\u00ab dij\u00c3\u00ab t\u00c3\u00ab sillet dhe me armiqt\u00c3\u00ab!\" \/>\n<meta property=\"og:url\" content=\"https:\/\/www.visit-ulcinj.com\/blog\/2009\/03\/19\/mesida-duhet-te-dish-te-sillesh-dhe-me-armiqte\/\" \/>\n<meta property=\"og:site_name\" content=\"Lajme nga Ulqini\" \/>\n<meta property=\"article:published_time\" content=\"2009-03-19T20:53:21+00:00\" \/>\n<meta property=\"og:image\" content=\"http:\/\/www.visit-ulcinj.com\/blog\/wp-content\/uploads\/2009\/03\/te-kandiduarit-bisede.jpg\" \/>\n<meta name=\"twitter:label1\" content=\"Written by\" \/>\n\t<meta name=\"twitter:data1\" content=\"ulqini\" \/>\n\t<meta name=\"twitter:label2\" content=\"Est. reading time\" \/>\n\t<meta name=\"twitter:data2\" content=\"1 minute\" \/>\n<script type=\"application\/ld+json\" class=\"yoast-schema-graph\">{\"@context\":\"https:\/\/schema.org\",\"@graph\":[{\"@type\":\"WebSite\",\"@id\":\"https:\/\/www.visit-ulcinj.com\/blog\/#website\",\"url\":\"https:\/\/www.visit-ulcinj.com\/blog\/\",\"name\":\"Lajme nga Ulqini\",\"description\":\"Lajme,Vijesti,Ulqini,Ulqin,Crna Gora,Mali i Zi\",\"potentialAction\":[{\"@type\":\"SearchAction\",\"target\":{\"@type\":\"EntryPoint\",\"urlTemplate\":\"https:\/\/www.visit-ulcinj.com\/blog\/?s={search_term_string}\"},\"query-input\":\"required name=search_term_string\"}],\"inLanguage\":\"en-US\"},{\"@type\":\"ImageObject\",\"inLanguage\":\"en-US\",\"@id\":\"https:\/\/www.visit-ulcinj.com\/blog\/2009\/03\/19\/mesida-duhet-te-dish-te-sillesh-dhe-me-armiqte\/#primaryimage\",\"url\":\"http:\/\/www.visit-ulcinj.com\/blog\/wp-content\/uploads\/2009\/03\/te-kandiduarit-bisede.jpg\",\"contentUrl\":\"http:\/\/www.visit-ulcinj.com\/blog\/wp-content\/uploads\/2009\/03\/te-kandiduarit-bisede.jpg\"},{\"@type\":\"WebPage\",\"@id\":\"https:\/\/www.visit-ulcinj.com\/blog\/2009\/03\/19\/mesida-duhet-te-dish-te-sillesh-dhe-me-armiqte\/#webpage\",\"url\":\"https:\/\/www.visit-ulcinj.com\/blog\/2009\/03\/19\/mesida-duhet-te-dish-te-sillesh-dhe-me-armiqte\/\",\"name\":\"Mesida : Duhet t\u00c3\u00ab dish t\u00c3\u00ab sillesh dhe me armiqt\u00c3\u00ab | Big Brother Albania 2\",\"isPartOf\":{\"@id\":\"https:\/\/www.visit-ulcinj.com\/blog\/#website\"},\"primaryImageOfPage\":{\"@id\":\"https:\/\/www.visit-ulcinj.com\/blog\/2009\/03\/19\/mesida-duhet-te-dish-te-sillesh-dhe-me-armiqte\/#primaryimage\"},\"datePublished\":\"2009-03-19T20:53:21+00:00\",\"dateModified\":\"2009-03-19T20:53:21+00:00\",\"author\":{\"@id\":\"https:\/\/www.visit-ulcinj.com\/blog\/#\/schema\/person\/dcab619c614d3038751c63bc2aadc06d\"},\"description\":\"Big Brother Albania 2 - Mesida i shpreh Aid\u00c3\u00abs antipatin\u00c3\u00ab q\u00c3\u00ab ka krijuar p\u00c3\u00abr Adelajd\u00c3\u00abn. Ajo thot\u00c3\u00ab q\u00c3\u00ab nuk duron dot mimik\u00c3\u00abn e saj dhe thot\u00c3\u00ab:-\u00e2\u20ac\u0153Njeriu duhet t\u00c3\u00ab dij\u00c3\u00ab t\u00c3\u00ab sillet dhe me armiqt\u00c3\u00ab!\",\"breadcrumb\":{\"@id\":\"https:\/\/www.visit-ulcinj.com\/blog\/2009\/03\/19\/mesida-duhet-te-dish-te-sillesh-dhe-me-armiqte\/#breadcrumb\"},\"inLanguage\":\"en-US\",\"potentialAction\":[{\"@type\":\"ReadAction\",\"target\":[\"https:\/\/www.visit-ulcinj.com\/blog\/2009\/03\/19\/mesida-duhet-te-dish-te-sillesh-dhe-me-armiqte\/\"]}]},{\"@type\":\"BreadcrumbList\",\"@id\":\"https:\/\/www.visit-ulcinj.com\/blog\/2009\/03\/19\/mesida-duhet-te-dish-te-sillesh-dhe-me-armiqte\/#breadcrumb\",\"itemListElement\":[{\"@type\":\"ListItem\",\"position\":1,\"name\":\"Mesida : Duhet t\u00eb dish t\u00eb sillesh dhe me armiqt\u00eb\"}]},{\"@type\":\"Person\",\"@id\":\"https:\/\/www.visit-ulcinj.com\/blog\/#\/schema\/person\/dcab619c614d3038751c63bc2aadc06d\",\"name\":\"ulqini\",\"sameAs\":[\"http:\/\/www.visit-ulcinj.com\"],\"url\":\"https:\/\/www.visit-ulcinj.com\/blog\/author\/admin\/\"}]}<\/script>\n<!-- \/ Yoast SEO plugin. -->","yoast_head_json":{"title":"Mesida : Duhet t\u00c3\u00ab dish t\u00c3\u00ab sillesh dhe me armiqt\u00c3\u00ab | Big Brother Albania 2","description":"Big Brother Albania 2 - Mesida i shpreh Aid\u00c3\u00abs antipatin\u00c3\u00ab q\u00c3\u00ab ka krijuar p\u00c3\u00abr Adelajd\u00c3\u00abn. Ajo thot\u00c3\u00ab q\u00c3\u00ab nuk duron dot mimik\u00c3\u00abn e saj dhe thot\u00c3\u00ab:-\u00e2\u20ac\u0153Njeriu duhet t\u00c3\u00ab dij\u00c3\u00ab t\u00c3\u00ab sillet dhe me armiqt\u00c3\u00ab!","robots":{"index":"index","follow":"follow","max-snippet":"max-snippet:-1","max-image-preview":"max-image-preview:large","max-video-preview":"max-video-preview:-1"},"canonical":"https:\/\/www.visit-ulcinj.com\/blog\/2009\/03\/19\/mesida-duhet-te-dish-te-sillesh-dhe-me-armiqte\/","og_locale":"en_US","og_type":"article","og_title":"Mesida : Duhet t\u00c3\u00ab dish t\u00c3\u00ab sillesh dhe me armiqt\u00c3\u00ab | Big Brother Albania 2","og_description":"Big Brother Albania 2 - Mesida i shpreh Aid\u00c3\u00abs antipatin\u00c3\u00ab q\u00c3\u00ab ka krijuar p\u00c3\u00abr Adelajd\u00c3\u00abn. Ajo thot\u00c3\u00ab q\u00c3\u00ab nuk duron dot mimik\u00c3\u00abn e saj dhe thot\u00c3\u00ab:-\u00e2\u20ac\u0153Njeriu duhet t\u00c3\u00ab dij\u00c3\u00ab t\u00c3\u00ab sillet dhe me armiqt\u00c3\u00ab!","og_url":"https:\/\/www.visit-ulcinj.com\/blog\/2009\/03\/19\/mesida-duhet-te-dish-te-sillesh-dhe-me-armiqte\/","og_site_name":"Lajme nga Ulqini","article_published_time":"2009-03-19T20:53:21+00:00","og_image":[{"url":"http:\/\/www.visit-ulcinj.com\/blog\/wp-content\/uploads\/2009\/03\/te-kandiduarit-bisede.jpg"}],"twitter_misc":{"Written by":"ulqini","Est. reading time":"1 minute"},"schema":{"@context":"https:\/\/schema.org","@graph":[{"@type":"WebSite","@id":"https:\/\/www.visit-ulcinj.com\/blog\/#website","url":"https:\/\/www.visit-ulcinj.com\/blog\/","name":"Lajme nga Ulqini","description":"Lajme,Vijesti,Ulqini,Ulqin,Crna Gora,Mali i Zi","potentialAction":[{"@type":"SearchAction","target":{"@type":"EntryPoint","urlTemplate":"https:\/\/www.visit-ulcinj.com\/blog\/?s={search_term_string}"},"query-input":"required name=search_term_string"}],"inLanguage":"en-US"},{"@type":"ImageObject","inLanguage":"en-US","@id":"https:\/\/www.visit-ulcinj.com\/blog\/2009\/03\/19\/mesida-duhet-te-dish-te-sillesh-dhe-me-armiqte\/#primaryimage","url":"http:\/\/www.visit-ulcinj.com\/blog\/wp-content\/uploads\/2009\/03\/te-kandiduarit-bisede.jpg","contentUrl":"http:\/\/www.visit-ulcinj.com\/blog\/wp-content\/uploads\/2009\/03\/te-kandiduarit-bisede.jpg"},{"@type":"WebPage","@id":"https:\/\/www.visit-ulcinj.com\/blog\/2009\/03\/19\/mesida-duhet-te-dish-te-sillesh-dhe-me-armiqte\/#webpage","url":"https:\/\/www.visit-ulcinj.com\/blog\/2009\/03\/19\/mesida-duhet-te-dish-te-sillesh-dhe-me-armiqte\/","name":"Mesida : Duhet t\u00c3\u00ab dish t\u00c3\u00ab sillesh dhe me armiqt\u00c3\u00ab | Big Brother Albania 2","isPartOf":{"@id":"https:\/\/www.visit-ulcinj.com\/blog\/#website"},"primaryImageOfPage":{"@id":"https:\/\/www.visit-ulcinj.com\/blog\/2009\/03\/19\/mesida-duhet-te-dish-te-sillesh-dhe-me-armiqte\/#primaryimage"},"datePublished":"2009-03-19T20:53:21+00:00","dateModified":"2009-03-19T20:53:21+00:00","author":{"@id":"https:\/\/www.visit-ulcinj.com\/blog\/#\/schema\/person\/dcab619c614d3038751c63bc2aadc06d"},"description":"Big Brother Albania 2 - Mesida i shpreh Aid\u00c3\u00abs antipatin\u00c3\u00ab q\u00c3\u00ab ka krijuar p\u00c3\u00abr Adelajd\u00c3\u00abn. Ajo thot\u00c3\u00ab q\u00c3\u00ab nuk duron dot mimik\u00c3\u00abn e saj dhe thot\u00c3\u00ab:-\u00e2\u20ac\u0153Njeriu duhet t\u00c3\u00ab dij\u00c3\u00ab t\u00c3\u00ab sillet dhe me armiqt\u00c3\u00ab!","breadcrumb":{"@id":"https:\/\/www.visit-ulcinj.com\/blog\/2009\/03\/19\/mesida-duhet-te-dish-te-sillesh-dhe-me-armiqte\/#breadcrumb"},"inLanguage":"en-US","potentialAction":[{"@type":"ReadAction","target":["https:\/\/www.visit-ulcinj.com\/blog\/2009\/03\/19\/mesida-duhet-te-dish-te-sillesh-dhe-me-armiqte\/"]}]},{"@type":"BreadcrumbList","@id":"https:\/\/www.visit-ulcinj.com\/blog\/2009\/03\/19\/mesida-duhet-te-dish-te-sillesh-dhe-me-armiqte\/#breadcrumb","itemListElement":[{"@type":"ListItem","position":1,"name":"Mesida : Duhet t\u00eb dish t\u00eb sillesh dhe me armiqt\u00eb"}]},{"@type":"Person","@id":"https:\/\/www.visit-ulcinj.com\/blog\/#\/schema\/person\/dcab619c614d3038751c63bc2aadc06d","name":"ulqini","sameAs":["http:\/\/www.visit-ulcinj.com"],"url":"https:\/\/www.visit-ulcinj.com\/blog\/author\/admin\/"}]}},"jetpack_featured_media_url":"","jetpack_sharing_enabled":true,"jetpack_shortlink":"https:\/\/wp.me\/pe6lTn-3Sf","_links":{"self":[{"href":"https:\/\/www.visit-ulcinj.com\/blog\/wp-json\/wp\/v2\/posts\/14895"}],"collection":[{"href":"https:\/\/www.visit-ulcinj.com\/blog\/wp-json\/wp\/v2\/posts"}],"about":[{"href":"https:\/\/www.visit-ulcinj.com\/blog\/wp-json\/wp\/v2\/types\/post"}],"author":[{"embeddable":true,"href":"https:\/\/www.visit-ulcinj.com\/blog\/wp-json\/wp\/v2\/users\/1"}],"replies":[{"embeddable":true,"href":"https:\/\/www.visit-ulcinj.com\/blog\/wp-json\/wp\/v2\/comments?post=14895"}],"version-history":[{"count":0,"href":"https:\/\/www.visit-ulcinj.com\/blog\/wp-json\/wp\/v2\/posts\/14895\/revisions"}],"wp:attachment":[{"href":"https:\/\/www.visit-ulcinj.com\/blog\/wp-json\/wp\/v2\/media?parent=14895"}],"wp:term":[{"taxonomy":"category","embeddable":true,"href":"https:\/\/www.visit-ulcinj.com\/blog\/wp-json\/wp\/v2\/categories?post=14895"},{"taxonomy":"post_tag","embeddable":true,"href":"https:\/\/www.visit-ulcinj.com\/blog\/wp-json\/wp\/v2\/tags?post=14895"}],"curies":[{"name":"wp","href":"https:\/\/api.w.org\/{rel}","templated":true}]}}