{"id":1490,"date":"2008-05-06T08:49:33","date_gmt":"2008-05-06T13:49:33","guid":{"rendered":"http:\/\/www.visit-ulcinj.com\/blog\/?p=1490"},"modified":"2008-05-06T08:49:33","modified_gmt":"2008-05-06T13:49:33","slug":"ferhat-dinoshanuk-kam-percjelle-kuvendet-e-pakicave-tjera","status":"publish","type":"post","link":"https:\/\/www.visit-ulcinj.com\/blog\/2008\/05\/06\/ferhat-dinoshanuk-kam-percjelle-kuvendet-e-pakicave-tjera\/","title":{"rendered":"Ferhat Dinosha:Nuk kam p\u00ebrcjell\u00eb Kuvendet e pakicave tjera"},"content":{"rendered":"<p><img loading=\"lazy\" class=\"alignleft\" style=\"float: left;\" src=\"http:\/\/i46.photobucket.com\/albums\/f103\/Grudjane\/Gruda\/f_0428022551840_m.jpg\" alt=\"Ferhat Dinosha\" width=\"149\" height=\"128\" \/>N\u00eb v\u00ebrejtjen se edhe n\u00eb rastin e Kuvendit t\u00eb elektor\u00ebve p\u00ebr zgjedhjen e an\u00ebtar\u00ebve t\u00eb k\u00ebshillave nacionale t\u00eb pakicave t\u00eb tjera n\u00eb Mal t\u00eb Zi jan\u00eb zgjedhur p\u00ebrfaq\u00ebsues nga politika, Dinosha thot\u00eb se gjendjen e ka hetuar n\u00eb rastin e Kuvendit t\u00eb Elektor\u00ebve shqiptar\u00eb duke qen\u00eb se i njeh m\u00eb mir\u00eb personat q\u00eb jan\u00eb zgjedhur. &#8220;N\u00eb rastet e tjera nuk i njoh mir\u00eb personat dhe as q\u00eb kam p\u00ebrcjell\u00eb k\u00ebt\u00eb rrjedh\u00eb pasi q\u00eb ka qen\u00eb detyr\u00eb e dikujt tjet\u00ebr ta b\u00ebnte k\u00ebt\u00eb. K\u00ebt\u00eb \u00ebsht\u00eb dashur ta ket\u00eb parasysh qart\u00eb ekipi i Ministris\u00eb s\u00eb Pakicave dhe t\u00eb reagonte me koh\u00eb&#8221;, thot\u00eb Dinosha.<br \/>\n<strong>KOHA JAVORE<\/strong><\/p>\n","protected":false},"excerpt":{"rendered":"<p><img loading=\"lazy\" class=\"alignleft\" style=\"float: left;\" src=\"http:\/\/i46.photobucket.com\/albums\/f103\/Grudjane\/Gruda\/f_0428022551840_m.jpg\" alt=\"Ferhat Dinosha\" width=\"140\" height=\"140\" \/><\/p>\n","protected":false},"author":1,"featured_media":0,"comment_status":"open","ping_status":"closed","sticky":false,"template":"","format":"standard","meta":{"spay_email":"","jetpack_publicize_message":"","jetpack_is_tweetstorm":false,"jetpack_publicize_feature_enabled":true},"categories":[1,6],"tags":[3050,97],"jetpack_publicize_connections":[],"yoast_head":"<!-- This site is optimized with the Yoast SEO plugin v19.1 - https:\/\/yoast.com\/wordpress\/plugins\/seo\/ -->\n<title>Ferhat Dinosha:Nuk kam p\u00ebrcjell\u00eb Kuvendet e pakicave tjera - Lajme nga Ulqini<\/title>\n<meta name=\"robots\" content=\"index, follow, max-snippet:-1, max-image-preview:large, max-video-preview:-1\" \/>\n<link rel=\"canonical\" href=\"https:\/\/www.visit-ulcinj.com\/blog\/2008\/05\/06\/ferhat-dinoshanuk-kam-percjelle-kuvendet-e-pakicave-tjera\/\" \/>\n<meta property=\"og:locale\" content=\"en_US\" \/>\n<meta property=\"og:type\" content=\"article\" \/>\n<meta property=\"og:title\" content=\"Ferhat Dinosha:Nuk kam p\u00ebrcjell\u00eb Kuvendet e pakicave tjera - Lajme nga Ulqini\" \/>\n<meta property=\"og:url\" content=\"https:\/\/www.visit-ulcinj.com\/blog\/2008\/05\/06\/ferhat-dinoshanuk-kam-percjelle-kuvendet-e-pakicave-tjera\/\" \/>\n<meta property=\"og:site_name\" content=\"Lajme nga Ulqini\" \/>\n<meta property=\"article:published_time\" content=\"2008-05-06T13:49:33+00:00\" \/>\n<meta property=\"og:image\" content=\"http:\/\/i46.photobucket.com\/albums\/f103\/Grudjane\/Gruda\/f_0428022551840_m.jpg\" \/>\n<meta name=\"twitter:label1\" content=\"Written by\" \/>\n\t<meta name=\"twitter:data1\" content=\"ulqini\" \/>\n\t<meta name=\"twitter:label2\" content=\"Est. reading time\" \/>\n\t<meta name=\"twitter:data2\" content=\"1 minute\" \/>\n<script type=\"application\/ld+json\" class=\"yoast-schema-graph\">{\"@context\":\"https:\/\/schema.org\",\"@graph\":[{\"@type\":\"WebSite\",\"@id\":\"https:\/\/www.visit-ulcinj.com\/blog\/#website\",\"url\":\"https:\/\/www.visit-ulcinj.com\/blog\/\",\"name\":\"Lajme nga Ulqini\",\"description\":\"Lajme,Vijesti,Ulqini,Ulqin,Crna Gora,Mali i Zi\",\"potentialAction\":[{\"@type\":\"SearchAction\",\"target\":{\"@type\":\"EntryPoint\",\"urlTemplate\":\"https:\/\/www.visit-ulcinj.com\/blog\/?s={search_term_string}\"},\"query-input\":\"required name=search_term_string\"}],\"inLanguage\":\"en-US\"},{\"@type\":\"ImageObject\",\"inLanguage\":\"en-US\",\"@id\":\"https:\/\/www.visit-ulcinj.com\/blog\/2008\/05\/06\/ferhat-dinoshanuk-kam-percjelle-kuvendet-e-pakicave-tjera\/#primaryimage\",\"url\":\"http:\/\/i46.photobucket.com\/albums\/f103\/Grudjane\/Gruda\/f_0428022551840_m.jpg\",\"contentUrl\":\"http:\/\/i46.photobucket.com\/albums\/f103\/Grudjane\/Gruda\/f_0428022551840_m.jpg\"},{\"@type\":\"WebPage\",\"@id\":\"https:\/\/www.visit-ulcinj.com\/blog\/2008\/05\/06\/ferhat-dinoshanuk-kam-percjelle-kuvendet-e-pakicave-tjera\/#webpage\",\"url\":\"https:\/\/www.visit-ulcinj.com\/blog\/2008\/05\/06\/ferhat-dinoshanuk-kam-percjelle-kuvendet-e-pakicave-tjera\/\",\"name\":\"Ferhat Dinosha:Nuk kam p\u00ebrcjell\u00eb Kuvendet e pakicave tjera - Lajme nga Ulqini\",\"isPartOf\":{\"@id\":\"https:\/\/www.visit-ulcinj.com\/blog\/#website\"},\"primaryImageOfPage\":{\"@id\":\"https:\/\/www.visit-ulcinj.com\/blog\/2008\/05\/06\/ferhat-dinoshanuk-kam-percjelle-kuvendet-e-pakicave-tjera\/#primaryimage\"},\"datePublished\":\"2008-05-06T13:49:33+00:00\",\"dateModified\":\"2008-05-06T13:49:33+00:00\",\"author\":{\"@id\":\"https:\/\/www.visit-ulcinj.com\/blog\/#\/schema\/person\/dcab619c614d3038751c63bc2aadc06d\"},\"breadcrumb\":{\"@id\":\"https:\/\/www.visit-ulcinj.com\/blog\/2008\/05\/06\/ferhat-dinoshanuk-kam-percjelle-kuvendet-e-pakicave-tjera\/#breadcrumb\"},\"inLanguage\":\"en-US\",\"potentialAction\":[{\"@type\":\"ReadAction\",\"target\":[\"https:\/\/www.visit-ulcinj.com\/blog\/2008\/05\/06\/ferhat-dinoshanuk-kam-percjelle-kuvendet-e-pakicave-tjera\/\"]}]},{\"@type\":\"BreadcrumbList\",\"@id\":\"https:\/\/www.visit-ulcinj.com\/blog\/2008\/05\/06\/ferhat-dinoshanuk-kam-percjelle-kuvendet-e-pakicave-tjera\/#breadcrumb\",\"itemListElement\":[{\"@type\":\"ListItem\",\"position\":1,\"name\":\"Ferhat Dinosha:Nuk kam p\u00ebrcjell\u00eb Kuvendet e pakicave tjera\"}]},{\"@type\":\"Person\",\"@id\":\"https:\/\/www.visit-ulcinj.com\/blog\/#\/schema\/person\/dcab619c614d3038751c63bc2aadc06d\",\"name\":\"ulqini\",\"sameAs\":[\"http:\/\/www.visit-ulcinj.com\"],\"url\":\"https:\/\/www.visit-ulcinj.com\/blog\/author\/admin\/\"}]}<\/script>\n<!-- \/ Yoast SEO plugin. -->","yoast_head_json":{"title":"Ferhat Dinosha:Nuk kam p\u00ebrcjell\u00eb Kuvendet e pakicave tjera - Lajme nga Ulqini","robots":{"index":"index","follow":"follow","max-snippet":"max-snippet:-1","max-image-preview":"max-image-preview:large","max-video-preview":"max-video-preview:-1"},"canonical":"https:\/\/www.visit-ulcinj.com\/blog\/2008\/05\/06\/ferhat-dinoshanuk-kam-percjelle-kuvendet-e-pakicave-tjera\/","og_locale":"en_US","og_type":"article","og_title":"Ferhat Dinosha:Nuk kam p\u00ebrcjell\u00eb Kuvendet e pakicave tjera - Lajme nga Ulqini","og_url":"https:\/\/www.visit-ulcinj.com\/blog\/2008\/05\/06\/ferhat-dinoshanuk-kam-percjelle-kuvendet-e-pakicave-tjera\/","og_site_name":"Lajme nga Ulqini","article_published_time":"2008-05-06T13:49:33+00:00","og_image":[{"url":"http:\/\/i46.photobucket.com\/albums\/f103\/Grudjane\/Gruda\/f_0428022551840_m.jpg"}],"twitter_misc":{"Written by":"ulqini","Est. reading time":"1 minute"},"schema":{"@context":"https:\/\/schema.org","@graph":[{"@type":"WebSite","@id":"https:\/\/www.visit-ulcinj.com\/blog\/#website","url":"https:\/\/www.visit-ulcinj.com\/blog\/","name":"Lajme nga Ulqini","description":"Lajme,Vijesti,Ulqini,Ulqin,Crna Gora,Mali i Zi","potentialAction":[{"@type":"SearchAction","target":{"@type":"EntryPoint","urlTemplate":"https:\/\/www.visit-ulcinj.com\/blog\/?s={search_term_string}"},"query-input":"required name=search_term_string"}],"inLanguage":"en-US"},{"@type":"ImageObject","inLanguage":"en-US","@id":"https:\/\/www.visit-ulcinj.com\/blog\/2008\/05\/06\/ferhat-dinoshanuk-kam-percjelle-kuvendet-e-pakicave-tjera\/#primaryimage","url":"http:\/\/i46.photobucket.com\/albums\/f103\/Grudjane\/Gruda\/f_0428022551840_m.jpg","contentUrl":"http:\/\/i46.photobucket.com\/albums\/f103\/Grudjane\/Gruda\/f_0428022551840_m.jpg"},{"@type":"WebPage","@id":"https:\/\/www.visit-ulcinj.com\/blog\/2008\/05\/06\/ferhat-dinoshanuk-kam-percjelle-kuvendet-e-pakicave-tjera\/#webpage","url":"https:\/\/www.visit-ulcinj.com\/blog\/2008\/05\/06\/ferhat-dinoshanuk-kam-percjelle-kuvendet-e-pakicave-tjera\/","name":"Ferhat Dinosha:Nuk kam p\u00ebrcjell\u00eb Kuvendet e pakicave tjera - Lajme nga Ulqini","isPartOf":{"@id":"https:\/\/www.visit-ulcinj.com\/blog\/#website"},"primaryImageOfPage":{"@id":"https:\/\/www.visit-ulcinj.com\/blog\/2008\/05\/06\/ferhat-dinoshanuk-kam-percjelle-kuvendet-e-pakicave-tjera\/#primaryimage"},"datePublished":"2008-05-06T13:49:33+00:00","dateModified":"2008-05-06T13:49:33+00:00","author":{"@id":"https:\/\/www.visit-ulcinj.com\/blog\/#\/schema\/person\/dcab619c614d3038751c63bc2aadc06d"},"breadcrumb":{"@id":"https:\/\/www.visit-ulcinj.com\/blog\/2008\/05\/06\/ferhat-dinoshanuk-kam-percjelle-kuvendet-e-pakicave-tjera\/#breadcrumb"},"inLanguage":"en-US","potentialAction":[{"@type":"ReadAction","target":["https:\/\/www.visit-ulcinj.com\/blog\/2008\/05\/06\/ferhat-dinoshanuk-kam-percjelle-kuvendet-e-pakicave-tjera\/"]}]},{"@type":"BreadcrumbList","@id":"https:\/\/www.visit-ulcinj.com\/blog\/2008\/05\/06\/ferhat-dinoshanuk-kam-percjelle-kuvendet-e-pakicave-tjera\/#breadcrumb","itemListElement":[{"@type":"ListItem","position":1,"name":"Ferhat Dinosha:Nuk kam p\u00ebrcjell\u00eb Kuvendet e pakicave tjera"}]},{"@type":"Person","@id":"https:\/\/www.visit-ulcinj.com\/blog\/#\/schema\/person\/dcab619c614d3038751c63bc2aadc06d","name":"ulqini","sameAs":["http:\/\/www.visit-ulcinj.com"],"url":"https:\/\/www.visit-ulcinj.com\/blog\/author\/admin\/"}]}},"jetpack_featured_media_url":"","jetpack_sharing_enabled":true,"jetpack_shortlink":"https:\/\/wp.me\/pe6lTn-o2","_links":{"self":[{"href":"https:\/\/www.visit-ulcinj.com\/blog\/wp-json\/wp\/v2\/posts\/1490"}],"collection":[{"href":"https:\/\/www.visit-ulcinj.com\/blog\/wp-json\/wp\/v2\/posts"}],"about":[{"href":"https:\/\/www.visit-ulcinj.com\/blog\/wp-json\/wp\/v2\/types\/post"}],"author":[{"embeddable":true,"href":"https:\/\/www.visit-ulcinj.com\/blog\/wp-json\/wp\/v2\/users\/1"}],"replies":[{"embeddable":true,"href":"https:\/\/www.visit-ulcinj.com\/blog\/wp-json\/wp\/v2\/comments?post=1490"}],"version-history":[{"count":0,"href":"https:\/\/www.visit-ulcinj.com\/blog\/wp-json\/wp\/v2\/posts\/1490\/revisions"}],"wp:attachment":[{"href":"https:\/\/www.visit-ulcinj.com\/blog\/wp-json\/wp\/v2\/media?parent=1490"}],"wp:term":[{"taxonomy":"category","embeddable":true,"href":"https:\/\/www.visit-ulcinj.com\/blog\/wp-json\/wp\/v2\/categories?post=1490"},{"taxonomy":"post_tag","embeddable":true,"href":"https:\/\/www.visit-ulcinj.com\/blog\/wp-json\/wp\/v2\/tags?post=1490"}],"curies":[{"name":"wp","href":"https:\/\/api.w.org\/{rel}","templated":true}]}}