{"id":14902,"date":"2009-03-19T22:15:34","date_gmt":"2009-03-19T21:15:34","guid":{"rendered":"http:\/\/www.visit-ulcinj.com\/blog\/?p=14902"},"modified":"2009-03-19T22:15:34","modified_gmt":"2009-03-19T21:15:34","slug":"bjordi-eshte-nje-lufte-pa-vlere","status":"publish","type":"post","link":"https:\/\/www.visit-ulcinj.com\/blog\/2009\/03\/19\/bjordi-eshte-nje-lufte-pa-vlere\/","title":{"rendered":"Bjordi: \u00cbsht\u00eb nj\u00eb luft\u00eb pa vler\u00eb!"},"content":{"rendered":"<p><em><span class=\"newsdate\"><a href=\"http:\/\/www.visit-ulcinj.com\/blog\/wp-content\/uploads\/2009\/03\/bjordi-dhe-tani.jpg\"><img loading=\"lazy\" class=\"alignleft size-full wp-image-14903\" title=\"bjordi-dhe-tani-big-brother-albania-2\" src=\"http:\/\/www.visit-ulcinj.com\/blog\/wp-content\/uploads\/2009\/03\/bjordi-dhe-tani.jpg\" alt=\"bjordi-dhe-tani-big-brother-albania-2\" width=\"300\" height=\"205\" \/><\/a>19\/03\/09 17:42<\/span><\/em><\/p>\n<p>Dritani \u00ebsht\u00eb kurioz t\u00eb dij\u00eb m\u00eb shum\u00eb p\u00ebr debatin e Bjordit . Ai e pyet n\u00ebse e krijoi vet\u00eb at\u00eb debat. Bjordi i thot\u00eb q\u00eb nuk e kishte si q\u00ebllim ta hapte, por meq\u00eb u nis, e vazhdoi. Dritani e komplimenton p\u00ebr m\u00ebnyr\u00ebn se si e kishte p\u00ebrballuar debatin. Bjordi nuk e kupton se si Dritani mban mardh\u00ebnie t\u00eb mira me Aid\u00ebn. Dritani i thot\u00eb q\u00eb ai ja thot\u00eb gj\u00ebrat n\u00eb sy. Bjordi i thot\u00eb q\u00eb ai \u00ebsht\u00eb natyra e personit q\u00eb i anashkalon debatet, pasi \u00ebsht\u00eb shum\u00eb i qet\u00eb. Dritani e pyet se cfar\u00eb donte Bjordi t\u00eb tregonte me at\u00eb debat. Bjordi i thot\u00eb:-\u201cDoja t\u00eb tregoja q\u00eb un\u00eb i p\u00ebrk\u00ebdheluri di t\u00eb jem dhe ndryshe.\u201d Ai vazhdon duke th\u00ebn\u00eb q\u00eb debatin p\u00ebr en\u00ebt e p\u00ebrballoi pasi banor\u00ebt u kap\u00ebn p\u00ebr dicka pa vler\u00eb. \u201cK\u00ebtu kap\u00ebn p\u00ebr gj\u00ebra koti!\u201d-shton ai. Sipas Dritanit kjo gj\u00eb ndodh p\u00ebr faktin q\u00eb jan\u00eb 24 or\u00eb bashk\u00eb dhe gj\u00ebrat q\u00eb d\u00ebgjojn\u00eb secili i interpreton sipas m\u00ebnyr\u00ebs s\u00eb tij,dhe p\u00ebr faktin q\u00eb b\u00ebjn\u00eb loj\u00ebn duke b\u00ebr\u00eb q\u00eb personat e tjer\u00eb t\u00eb duken keq. Bjordi i\u00a0thot\u00eb q\u00eb ai ka frik\u00eb t\u00eb b\u00ebj nj\u00eb bised\u00eb brenda sht\u00ebpis\u00eb, pasi fjal\u00ebt e tij keqinterpretohen. Ai thot\u00eb:-\u201cP\u00ebr mua \u00ebsht\u00eb nj\u00eb luft\u00eb pa vler\u00eb!\u201d Dritani \u00ebsht\u00eb i mendimit q\u00eb brenda n\u00eb sht\u00ebpi ka persona q\u00eb do b\u00ebnin cdo gj\u00eb p\u00ebr t\u00eb fituar 70mij\u00eb eurot. Bjordi thot\u00eb:-\u201cUn\u00eb n\u00eb fund do qesh kur ta kuptojn\u00eb q\u00eb un\u00eb nuk jam armik p\u00ebr t`u luftuar,pasi nuk kam q\u00ebllimet e tyre!\u201d<\/p>\n","protected":false},"excerpt":{"rendered":"<p>19\/03\/09 17:42 Dritani \u00ebsht\u00eb kurioz t\u00eb dij\u00eb m\u00eb shum\u00eb p\u00ebr debatin e Bjordit . Ai e pyet n\u00ebse e krijoi vet\u00eb at\u00eb debat. Bjordi i thot\u00eb q\u00eb nuk e kishte si q\u00ebllim ta hapte, por meq\u00eb u nis, e vazhdoi. Dritani e komplimenton p\u00ebr m\u00ebnyr\u00ebn se si e kishte p\u00ebrballuar debatin. Bjordi nuk e kupton [&hellip;]<\/p>\n","protected":false},"author":1,"featured_media":0,"comment_status":"open","ping_status":"closed","sticky":false,"template":"","format":"standard","meta":{"spay_email":"","jetpack_publicize_message":"","jetpack_is_tweetstorm":false,"jetpack_publicize_feature_enabled":true},"categories":[6502],"tags":[6883,6516,6712,6522,8180,6521,6891],"jetpack_publicize_connections":[],"yoast_head":"<!-- This site is optimized with the Yoast SEO plugin v19.1 - https:\/\/yoast.com\/wordpress\/plugins\/seo\/ -->\n<title>Bjordi: \u00c3\u2039sht\u00c3\u00ab nj\u00c3\u00ab luft\u00c3\u00ab pa vler\u00c3\u00ab! | Big Brother Albania 2<\/title>\n<meta name=\"description\" content=\"Big Brother Albania 2 - Dritani \u00c3\u00absht\u00c3\u00ab kurioz t\u00c3\u00ab dij\u00c3\u00ab m\u00c3\u00ab shum\u00c3\u00ab p\u00c3\u00abr debatin e Bjordit . Ai e pyet n\u00c3\u00abse e krijoi vet\u00c3\u00ab at\u00c3\u00ab debat. Bjordi i thot\u00c3\u00ab q\u00c3\u00ab nuk e kishte si q\u00c3\u00abllim ta hapte\" \/>\n<meta name=\"robots\" content=\"index, follow, max-snippet:-1, max-image-preview:large, max-video-preview:-1\" \/>\n<link rel=\"canonical\" href=\"https:\/\/www.visit-ulcinj.com\/blog\/2009\/03\/19\/bjordi-eshte-nje-lufte-pa-vlere\/\" \/>\n<meta property=\"og:locale\" content=\"en_US\" \/>\n<meta property=\"og:type\" content=\"article\" \/>\n<meta property=\"og:title\" content=\"Bjordi: \u00c3\u2039sht\u00c3\u00ab nj\u00c3\u00ab luft\u00c3\u00ab pa vler\u00c3\u00ab! | Big Brother Albania 2\" \/>\n<meta property=\"og:description\" content=\"Big Brother Albania 2 - Dritani \u00c3\u00absht\u00c3\u00ab kurioz t\u00c3\u00ab dij\u00c3\u00ab m\u00c3\u00ab shum\u00c3\u00ab p\u00c3\u00abr debatin e Bjordit . Ai e pyet n\u00c3\u00abse e krijoi vet\u00c3\u00ab at\u00c3\u00ab debat. Bjordi i thot\u00c3\u00ab q\u00c3\u00ab nuk e kishte si q\u00c3\u00abllim ta hapte\" \/>\n<meta property=\"og:url\" content=\"https:\/\/www.visit-ulcinj.com\/blog\/2009\/03\/19\/bjordi-eshte-nje-lufte-pa-vlere\/\" \/>\n<meta property=\"og:site_name\" content=\"Lajme nga Ulqini\" \/>\n<meta property=\"article:published_time\" content=\"2009-03-19T21:15:34+00:00\" \/>\n<meta property=\"og:image\" content=\"http:\/\/www.visit-ulcinj.com\/blog\/wp-content\/uploads\/2009\/03\/bjordi-dhe-tani.jpg\" \/>\n<meta name=\"twitter:label1\" content=\"Written by\" \/>\n\t<meta name=\"twitter:data1\" content=\"ulqini\" \/>\n\t<meta name=\"twitter:label2\" content=\"Est. reading time\" \/>\n\t<meta name=\"twitter:data2\" content=\"1 minute\" \/>\n<script type=\"application\/ld+json\" class=\"yoast-schema-graph\">{\"@context\":\"https:\/\/schema.org\",\"@graph\":[{\"@type\":\"WebSite\",\"@id\":\"https:\/\/www.visit-ulcinj.com\/blog\/#website\",\"url\":\"https:\/\/www.visit-ulcinj.com\/blog\/\",\"name\":\"Lajme nga Ulqini\",\"description\":\"Lajme,Vijesti,Ulqini,Ulqin,Crna Gora,Mali i Zi\",\"potentialAction\":[{\"@type\":\"SearchAction\",\"target\":{\"@type\":\"EntryPoint\",\"urlTemplate\":\"https:\/\/www.visit-ulcinj.com\/blog\/?s={search_term_string}\"},\"query-input\":\"required name=search_term_string\"}],\"inLanguage\":\"en-US\"},{\"@type\":\"ImageObject\",\"inLanguage\":\"en-US\",\"@id\":\"https:\/\/www.visit-ulcinj.com\/blog\/2009\/03\/19\/bjordi-eshte-nje-lufte-pa-vlere\/#primaryimage\",\"url\":\"http:\/\/www.visit-ulcinj.com\/blog\/wp-content\/uploads\/2009\/03\/bjordi-dhe-tani.jpg\",\"contentUrl\":\"http:\/\/www.visit-ulcinj.com\/blog\/wp-content\/uploads\/2009\/03\/bjordi-dhe-tani.jpg\"},{\"@type\":\"WebPage\",\"@id\":\"https:\/\/www.visit-ulcinj.com\/blog\/2009\/03\/19\/bjordi-eshte-nje-lufte-pa-vlere\/#webpage\",\"url\":\"https:\/\/www.visit-ulcinj.com\/blog\/2009\/03\/19\/bjordi-eshte-nje-lufte-pa-vlere\/\",\"name\":\"Bjordi: \u00c3\u2039sht\u00c3\u00ab nj\u00c3\u00ab luft\u00c3\u00ab pa vler\u00c3\u00ab! | Big Brother Albania 2\",\"isPartOf\":{\"@id\":\"https:\/\/www.visit-ulcinj.com\/blog\/#website\"},\"primaryImageOfPage\":{\"@id\":\"https:\/\/www.visit-ulcinj.com\/blog\/2009\/03\/19\/bjordi-eshte-nje-lufte-pa-vlere\/#primaryimage\"},\"datePublished\":\"2009-03-19T21:15:34+00:00\",\"dateModified\":\"2009-03-19T21:15:34+00:00\",\"author\":{\"@id\":\"https:\/\/www.visit-ulcinj.com\/blog\/#\/schema\/person\/dcab619c614d3038751c63bc2aadc06d\"},\"description\":\"Big Brother Albania 2 - Dritani \u00c3\u00absht\u00c3\u00ab kurioz t\u00c3\u00ab dij\u00c3\u00ab m\u00c3\u00ab shum\u00c3\u00ab p\u00c3\u00abr debatin e Bjordit . Ai e pyet n\u00c3\u00abse e krijoi vet\u00c3\u00ab at\u00c3\u00ab debat. Bjordi i thot\u00c3\u00ab q\u00c3\u00ab nuk e kishte si q\u00c3\u00abllim ta hapte\",\"breadcrumb\":{\"@id\":\"https:\/\/www.visit-ulcinj.com\/blog\/2009\/03\/19\/bjordi-eshte-nje-lufte-pa-vlere\/#breadcrumb\"},\"inLanguage\":\"en-US\",\"potentialAction\":[{\"@type\":\"ReadAction\",\"target\":[\"https:\/\/www.visit-ulcinj.com\/blog\/2009\/03\/19\/bjordi-eshte-nje-lufte-pa-vlere\/\"]}]},{\"@type\":\"BreadcrumbList\",\"@id\":\"https:\/\/www.visit-ulcinj.com\/blog\/2009\/03\/19\/bjordi-eshte-nje-lufte-pa-vlere\/#breadcrumb\",\"itemListElement\":[{\"@type\":\"ListItem\",\"position\":1,\"name\":\"Bjordi: \u00cbsht\u00eb nj\u00eb luft\u00eb pa vler\u00eb!\"}]},{\"@type\":\"Person\",\"@id\":\"https:\/\/www.visit-ulcinj.com\/blog\/#\/schema\/person\/dcab619c614d3038751c63bc2aadc06d\",\"name\":\"ulqini\",\"sameAs\":[\"http:\/\/www.visit-ulcinj.com\"],\"url\":\"https:\/\/www.visit-ulcinj.com\/blog\/author\/admin\/\"}]}<\/script>\n<!-- \/ Yoast SEO plugin. -->","yoast_head_json":{"title":"Bjordi: \u00c3\u2039sht\u00c3\u00ab nj\u00c3\u00ab luft\u00c3\u00ab pa vler\u00c3\u00ab! | Big Brother Albania 2","description":"Big Brother Albania 2 - Dritani \u00c3\u00absht\u00c3\u00ab kurioz t\u00c3\u00ab dij\u00c3\u00ab m\u00c3\u00ab shum\u00c3\u00ab p\u00c3\u00abr debatin e Bjordit . Ai e pyet n\u00c3\u00abse e krijoi vet\u00c3\u00ab at\u00c3\u00ab debat. Bjordi i thot\u00c3\u00ab q\u00c3\u00ab nuk e kishte si q\u00c3\u00abllim ta hapte","robots":{"index":"index","follow":"follow","max-snippet":"max-snippet:-1","max-image-preview":"max-image-preview:large","max-video-preview":"max-video-preview:-1"},"canonical":"https:\/\/www.visit-ulcinj.com\/blog\/2009\/03\/19\/bjordi-eshte-nje-lufte-pa-vlere\/","og_locale":"en_US","og_type":"article","og_title":"Bjordi: \u00c3\u2039sht\u00c3\u00ab nj\u00c3\u00ab luft\u00c3\u00ab pa vler\u00c3\u00ab! | Big Brother Albania 2","og_description":"Big Brother Albania 2 - Dritani \u00c3\u00absht\u00c3\u00ab kurioz t\u00c3\u00ab dij\u00c3\u00ab m\u00c3\u00ab shum\u00c3\u00ab p\u00c3\u00abr debatin e Bjordit . Ai e pyet n\u00c3\u00abse e krijoi vet\u00c3\u00ab at\u00c3\u00ab debat. Bjordi i thot\u00c3\u00ab q\u00c3\u00ab nuk e kishte si q\u00c3\u00abllim ta hapte","og_url":"https:\/\/www.visit-ulcinj.com\/blog\/2009\/03\/19\/bjordi-eshte-nje-lufte-pa-vlere\/","og_site_name":"Lajme nga Ulqini","article_published_time":"2009-03-19T21:15:34+00:00","og_image":[{"url":"http:\/\/www.visit-ulcinj.com\/blog\/wp-content\/uploads\/2009\/03\/bjordi-dhe-tani.jpg"}],"twitter_misc":{"Written by":"ulqini","Est. reading time":"1 minute"},"schema":{"@context":"https:\/\/schema.org","@graph":[{"@type":"WebSite","@id":"https:\/\/www.visit-ulcinj.com\/blog\/#website","url":"https:\/\/www.visit-ulcinj.com\/blog\/","name":"Lajme nga Ulqini","description":"Lajme,Vijesti,Ulqini,Ulqin,Crna Gora,Mali i Zi","potentialAction":[{"@type":"SearchAction","target":{"@type":"EntryPoint","urlTemplate":"https:\/\/www.visit-ulcinj.com\/blog\/?s={search_term_string}"},"query-input":"required name=search_term_string"}],"inLanguage":"en-US"},{"@type":"ImageObject","inLanguage":"en-US","@id":"https:\/\/www.visit-ulcinj.com\/blog\/2009\/03\/19\/bjordi-eshte-nje-lufte-pa-vlere\/#primaryimage","url":"http:\/\/www.visit-ulcinj.com\/blog\/wp-content\/uploads\/2009\/03\/bjordi-dhe-tani.jpg","contentUrl":"http:\/\/www.visit-ulcinj.com\/blog\/wp-content\/uploads\/2009\/03\/bjordi-dhe-tani.jpg"},{"@type":"WebPage","@id":"https:\/\/www.visit-ulcinj.com\/blog\/2009\/03\/19\/bjordi-eshte-nje-lufte-pa-vlere\/#webpage","url":"https:\/\/www.visit-ulcinj.com\/blog\/2009\/03\/19\/bjordi-eshte-nje-lufte-pa-vlere\/","name":"Bjordi: \u00c3\u2039sht\u00c3\u00ab nj\u00c3\u00ab luft\u00c3\u00ab pa vler\u00c3\u00ab! | Big Brother Albania 2","isPartOf":{"@id":"https:\/\/www.visit-ulcinj.com\/blog\/#website"},"primaryImageOfPage":{"@id":"https:\/\/www.visit-ulcinj.com\/blog\/2009\/03\/19\/bjordi-eshte-nje-lufte-pa-vlere\/#primaryimage"},"datePublished":"2009-03-19T21:15:34+00:00","dateModified":"2009-03-19T21:15:34+00:00","author":{"@id":"https:\/\/www.visit-ulcinj.com\/blog\/#\/schema\/person\/dcab619c614d3038751c63bc2aadc06d"},"description":"Big Brother Albania 2 - Dritani \u00c3\u00absht\u00c3\u00ab kurioz t\u00c3\u00ab dij\u00c3\u00ab m\u00c3\u00ab shum\u00c3\u00ab p\u00c3\u00abr debatin e Bjordit . Ai e pyet n\u00c3\u00abse e krijoi vet\u00c3\u00ab at\u00c3\u00ab debat. Bjordi i thot\u00c3\u00ab q\u00c3\u00ab nuk e kishte si q\u00c3\u00abllim ta hapte","breadcrumb":{"@id":"https:\/\/www.visit-ulcinj.com\/blog\/2009\/03\/19\/bjordi-eshte-nje-lufte-pa-vlere\/#breadcrumb"},"inLanguage":"en-US","potentialAction":[{"@type":"ReadAction","target":["https:\/\/www.visit-ulcinj.com\/blog\/2009\/03\/19\/bjordi-eshte-nje-lufte-pa-vlere\/"]}]},{"@type":"BreadcrumbList","@id":"https:\/\/www.visit-ulcinj.com\/blog\/2009\/03\/19\/bjordi-eshte-nje-lufte-pa-vlere\/#breadcrumb","itemListElement":[{"@type":"ListItem","position":1,"name":"Bjordi: \u00cbsht\u00eb nj\u00eb luft\u00eb pa vler\u00eb!"}]},{"@type":"Person","@id":"https:\/\/www.visit-ulcinj.com\/blog\/#\/schema\/person\/dcab619c614d3038751c63bc2aadc06d","name":"ulqini","sameAs":["http:\/\/www.visit-ulcinj.com"],"url":"https:\/\/www.visit-ulcinj.com\/blog\/author\/admin\/"}]}},"jetpack_featured_media_url":"","jetpack_sharing_enabled":true,"jetpack_shortlink":"https:\/\/wp.me\/pe6lTn-3Sm","_links":{"self":[{"href":"https:\/\/www.visit-ulcinj.com\/blog\/wp-json\/wp\/v2\/posts\/14902"}],"collection":[{"href":"https:\/\/www.visit-ulcinj.com\/blog\/wp-json\/wp\/v2\/posts"}],"about":[{"href":"https:\/\/www.visit-ulcinj.com\/blog\/wp-json\/wp\/v2\/types\/post"}],"author":[{"embeddable":true,"href":"https:\/\/www.visit-ulcinj.com\/blog\/wp-json\/wp\/v2\/users\/1"}],"replies":[{"embeddable":true,"href":"https:\/\/www.visit-ulcinj.com\/blog\/wp-json\/wp\/v2\/comments?post=14902"}],"version-history":[{"count":0,"href":"https:\/\/www.visit-ulcinj.com\/blog\/wp-json\/wp\/v2\/posts\/14902\/revisions"}],"wp:attachment":[{"href":"https:\/\/www.visit-ulcinj.com\/blog\/wp-json\/wp\/v2\/media?parent=14902"}],"wp:term":[{"taxonomy":"category","embeddable":true,"href":"https:\/\/www.visit-ulcinj.com\/blog\/wp-json\/wp\/v2\/categories?post=14902"},{"taxonomy":"post_tag","embeddable":true,"href":"https:\/\/www.visit-ulcinj.com\/blog\/wp-json\/wp\/v2\/tags?post=14902"}],"curies":[{"name":"wp","href":"https:\/\/api.w.org\/{rel}","templated":true}]}}