{"id":14905,"date":"2009-03-19T22:18:38","date_gmt":"2009-03-19T21:18:38","guid":{"rendered":"http:\/\/www.visit-ulcinj.com\/blog\/?p=14905"},"modified":"2009-03-19T22:18:38","modified_gmt":"2009-03-19T21:18:38","slug":"qetsori-cfare-pati-zhuljeta-me-ty","status":"publish","type":"post","link":"https:\/\/www.visit-ulcinj.com\/blog\/2009\/03\/19\/qetsori-cfare-pati-zhuljeta-me-ty\/","title":{"rendered":"Qetsori: Cfar\u00eb pati Zhuljeta me ty?"},"content":{"rendered":"<p><em><span class=\"newsdate\"><a href=\"http:\/\/www.visit-ulcinj.com\/blog\/wp-content\/uploads\/2009\/03\/aida-dhe-qetsori1.jpg\"><img loading=\"lazy\" class=\"alignleft size-full wp-image-14906\" title=\"aida-dhe-qetsori-big-brother-albania-2\" src=\"http:\/\/www.visit-ulcinj.com\/blog\/wp-content\/uploads\/2009\/03\/aida-dhe-qetsori1.jpg\" alt=\"aida-dhe-qetsori-big-brother-albania-2\" width=\"300\" height=\"205\" \/><\/a>19\/03\/09 15:48<\/span><\/em><\/p>\n<p>Qetsori dhe Arjoni si gjithmon\u00eb jan\u00eb personat q\u00eb gatuajn\u00eb n\u00eb sht\u00ebpi. Aida \u00ebsht\u00eb e uritur dhe i k\u00ebrkon Qetsorit t`i gatuante dicka. Qetsori i thot\u00eb q\u00eb gatimi q\u00eb i p\u00ebrgatiti ishte ushqimi i preferuar i Zhuljet\u00ebs. Aida i thot\u00eb:-\u201cCfar\u00eb do t\u00eb thuash me k\u00ebt\u00eb,q\u00eb personi q\u00eb do iki jam un\u00eb?\u201d Ai i thot\u00eb q\u00eb nuk ja tha me at\u00eb kuptim dhe q\u00ebllim. Biseda kalon tek nata q\u00eb doli Zhuljeta nga sht\u00ebpia. Ai e pyet:-\u201cCfar\u00eb pati Zhuljeta me ty?\u201d Ajo i thot\u00eb q\u00eb nuk e kuptoi pse ajo i tha:-\u201cT`u b\u00eb \u00ebnd\u00ebrra realitet!\u201d- pasi nuk ishte sjell\u00eb keq me t\u00eb. Qetsori i thot\u00eb q\u00eb ndoshta kishin patur ndonj\u00eb konflikt dhe ajo ishte m\u00ebrzitur me Aid\u00ebn. Sipas Aid\u00ebs i vetmi debat q\u00eb kishin patur ato t\u00eb dyja ishte p\u00ebr rrobdishanin, por nuk mendonte q\u00eb ishte arsye p\u00ebr t\u00eb krijuar urrejte tek nj\u00ebra-tjetra. Ajo mendon q\u00eb ndoshta arsyeja ishte q\u00eb Aida u g\u00ebzua pasi nuk doli Lirita.<\/p>\n","protected":false},"excerpt":{"rendered":"<p>19\/03\/09 15:48 Qetsori dhe Arjoni si gjithmon\u00eb jan\u00eb personat q\u00eb gatuajn\u00eb n\u00eb sht\u00ebpi. Aida \u00ebsht\u00eb e uritur dhe i k\u00ebrkon Qetsorit t`i gatuante dicka. Qetsori i thot\u00eb q\u00eb gatimi q\u00eb i p\u00ebrgatiti ishte ushqimi i preferuar i Zhuljet\u00ebs. Aida i thot\u00eb:-\u201cCfar\u00eb do t\u00eb thuash me k\u00ebt\u00eb,q\u00eb personi q\u00eb do iki jam un\u00eb?\u201d Ai i thot\u00eb [&hellip;]<\/p>\n","protected":false},"author":1,"featured_media":0,"comment_status":"open","ping_status":"closed","sticky":false,"template":"","format":"standard","meta":{"spay_email":"","jetpack_publicize_message":"","jetpack_is_tweetstorm":false,"jetpack_publicize_feature_enabled":true},"categories":[6502],"tags":[6537,6883,6516,6712,8181,6900,6891,6536],"jetpack_publicize_connections":[],"yoast_head":"<!-- This site is optimized with the Yoast SEO plugin v19.1 - https:\/\/yoast.com\/wordpress\/plugins\/seo\/ -->\n<title>Qetsori: Cfar\u00c3\u00ab pati Zhuljeta me ty? | Big Brother Albania 2<\/title>\n<meta name=\"description\" content=\"Big Brother Albania 2 - Qetsori dhe Arjoni si gjithmon\u00c3\u00ab jan\u00c3\u00ab personat q\u00c3\u00ab gatuajn\u00c3\u00ab n\u00c3\u00ab sht\u00c3\u00abpi. Aida \u00c3\u00absht\u00c3\u00ab e uritur dhe i k\u00c3\u00abrkon Qetsorit t`i gatuante dicka\" \/>\n<meta name=\"robots\" content=\"index, follow, max-snippet:-1, max-image-preview:large, max-video-preview:-1\" \/>\n<link rel=\"canonical\" href=\"https:\/\/www.visit-ulcinj.com\/blog\/2009\/03\/19\/qetsori-cfare-pati-zhuljeta-me-ty\/\" \/>\n<meta property=\"og:locale\" content=\"en_US\" \/>\n<meta property=\"og:type\" content=\"article\" \/>\n<meta property=\"og:title\" content=\"Qetsori: Cfar\u00c3\u00ab pati Zhuljeta me ty? | Big Brother Albania 2\" \/>\n<meta property=\"og:description\" content=\"Big Brother Albania 2 - Qetsori dhe Arjoni si gjithmon\u00c3\u00ab jan\u00c3\u00ab personat q\u00c3\u00ab gatuajn\u00c3\u00ab n\u00c3\u00ab sht\u00c3\u00abpi. Aida \u00c3\u00absht\u00c3\u00ab e uritur dhe i k\u00c3\u00abrkon Qetsorit t`i gatuante dicka\" \/>\n<meta property=\"og:url\" content=\"https:\/\/www.visit-ulcinj.com\/blog\/2009\/03\/19\/qetsori-cfare-pati-zhuljeta-me-ty\/\" \/>\n<meta property=\"og:site_name\" content=\"Lajme nga Ulqini\" \/>\n<meta property=\"article:published_time\" content=\"2009-03-19T21:18:38+00:00\" \/>\n<meta property=\"og:image\" content=\"http:\/\/www.visit-ulcinj.com\/blog\/wp-content\/uploads\/2009\/03\/aida-dhe-qetsori1.jpg\" \/>\n<meta name=\"twitter:label1\" content=\"Written by\" \/>\n\t<meta name=\"twitter:data1\" content=\"ulqini\" \/>\n\t<meta name=\"twitter:label2\" content=\"Est. reading time\" \/>\n\t<meta name=\"twitter:data2\" content=\"1 minute\" \/>\n<script type=\"application\/ld+json\" class=\"yoast-schema-graph\">{\"@context\":\"https:\/\/schema.org\",\"@graph\":[{\"@type\":\"WebSite\",\"@id\":\"https:\/\/www.visit-ulcinj.com\/blog\/#website\",\"url\":\"https:\/\/www.visit-ulcinj.com\/blog\/\",\"name\":\"Lajme nga Ulqini\",\"description\":\"Lajme,Vijesti,Ulqini,Ulqin,Crna Gora,Mali i Zi\",\"potentialAction\":[{\"@type\":\"SearchAction\",\"target\":{\"@type\":\"EntryPoint\",\"urlTemplate\":\"https:\/\/www.visit-ulcinj.com\/blog\/?s={search_term_string}\"},\"query-input\":\"required name=search_term_string\"}],\"inLanguage\":\"en-US\"},{\"@type\":\"ImageObject\",\"inLanguage\":\"en-US\",\"@id\":\"https:\/\/www.visit-ulcinj.com\/blog\/2009\/03\/19\/qetsori-cfare-pati-zhuljeta-me-ty\/#primaryimage\",\"url\":\"http:\/\/www.visit-ulcinj.com\/blog\/wp-content\/uploads\/2009\/03\/aida-dhe-qetsori1.jpg\",\"contentUrl\":\"http:\/\/www.visit-ulcinj.com\/blog\/wp-content\/uploads\/2009\/03\/aida-dhe-qetsori1.jpg\"},{\"@type\":\"WebPage\",\"@id\":\"https:\/\/www.visit-ulcinj.com\/blog\/2009\/03\/19\/qetsori-cfare-pati-zhuljeta-me-ty\/#webpage\",\"url\":\"https:\/\/www.visit-ulcinj.com\/blog\/2009\/03\/19\/qetsori-cfare-pati-zhuljeta-me-ty\/\",\"name\":\"Qetsori: Cfar\u00c3\u00ab pati Zhuljeta me ty? | Big Brother Albania 2\",\"isPartOf\":{\"@id\":\"https:\/\/www.visit-ulcinj.com\/blog\/#website\"},\"primaryImageOfPage\":{\"@id\":\"https:\/\/www.visit-ulcinj.com\/blog\/2009\/03\/19\/qetsori-cfare-pati-zhuljeta-me-ty\/#primaryimage\"},\"datePublished\":\"2009-03-19T21:18:38+00:00\",\"dateModified\":\"2009-03-19T21:18:38+00:00\",\"author\":{\"@id\":\"https:\/\/www.visit-ulcinj.com\/blog\/#\/schema\/person\/dcab619c614d3038751c63bc2aadc06d\"},\"description\":\"Big Brother Albania 2 - Qetsori dhe Arjoni si gjithmon\u00c3\u00ab jan\u00c3\u00ab personat q\u00c3\u00ab gatuajn\u00c3\u00ab n\u00c3\u00ab sht\u00c3\u00abpi. Aida \u00c3\u00absht\u00c3\u00ab e uritur dhe i k\u00c3\u00abrkon Qetsorit t`i gatuante dicka\",\"breadcrumb\":{\"@id\":\"https:\/\/www.visit-ulcinj.com\/blog\/2009\/03\/19\/qetsori-cfare-pati-zhuljeta-me-ty\/#breadcrumb\"},\"inLanguage\":\"en-US\",\"potentialAction\":[{\"@type\":\"ReadAction\",\"target\":[\"https:\/\/www.visit-ulcinj.com\/blog\/2009\/03\/19\/qetsori-cfare-pati-zhuljeta-me-ty\/\"]}]},{\"@type\":\"BreadcrumbList\",\"@id\":\"https:\/\/www.visit-ulcinj.com\/blog\/2009\/03\/19\/qetsori-cfare-pati-zhuljeta-me-ty\/#breadcrumb\",\"itemListElement\":[{\"@type\":\"ListItem\",\"position\":1,\"name\":\"Qetsori: Cfar\u00eb pati Zhuljeta me ty?\"}]},{\"@type\":\"Person\",\"@id\":\"https:\/\/www.visit-ulcinj.com\/blog\/#\/schema\/person\/dcab619c614d3038751c63bc2aadc06d\",\"name\":\"ulqini\",\"sameAs\":[\"http:\/\/www.visit-ulcinj.com\"],\"url\":\"https:\/\/www.visit-ulcinj.com\/blog\/author\/admin\/\"}]}<\/script>\n<!-- \/ Yoast SEO plugin. -->","yoast_head_json":{"title":"Qetsori: Cfar\u00c3\u00ab pati Zhuljeta me ty? | Big Brother Albania 2","description":"Big Brother Albania 2 - Qetsori dhe Arjoni si gjithmon\u00c3\u00ab jan\u00c3\u00ab personat q\u00c3\u00ab gatuajn\u00c3\u00ab n\u00c3\u00ab sht\u00c3\u00abpi. Aida \u00c3\u00absht\u00c3\u00ab e uritur dhe i k\u00c3\u00abrkon Qetsorit t`i gatuante dicka","robots":{"index":"index","follow":"follow","max-snippet":"max-snippet:-1","max-image-preview":"max-image-preview:large","max-video-preview":"max-video-preview:-1"},"canonical":"https:\/\/www.visit-ulcinj.com\/blog\/2009\/03\/19\/qetsori-cfare-pati-zhuljeta-me-ty\/","og_locale":"en_US","og_type":"article","og_title":"Qetsori: Cfar\u00c3\u00ab pati Zhuljeta me ty? | Big Brother Albania 2","og_description":"Big Brother Albania 2 - Qetsori dhe Arjoni si gjithmon\u00c3\u00ab jan\u00c3\u00ab personat q\u00c3\u00ab gatuajn\u00c3\u00ab n\u00c3\u00ab sht\u00c3\u00abpi. Aida \u00c3\u00absht\u00c3\u00ab e uritur dhe i k\u00c3\u00abrkon Qetsorit t`i gatuante dicka","og_url":"https:\/\/www.visit-ulcinj.com\/blog\/2009\/03\/19\/qetsori-cfare-pati-zhuljeta-me-ty\/","og_site_name":"Lajme nga Ulqini","article_published_time":"2009-03-19T21:18:38+00:00","og_image":[{"url":"http:\/\/www.visit-ulcinj.com\/blog\/wp-content\/uploads\/2009\/03\/aida-dhe-qetsori1.jpg"}],"twitter_misc":{"Written by":"ulqini","Est. reading time":"1 minute"},"schema":{"@context":"https:\/\/schema.org","@graph":[{"@type":"WebSite","@id":"https:\/\/www.visit-ulcinj.com\/blog\/#website","url":"https:\/\/www.visit-ulcinj.com\/blog\/","name":"Lajme nga Ulqini","description":"Lajme,Vijesti,Ulqini,Ulqin,Crna Gora,Mali i Zi","potentialAction":[{"@type":"SearchAction","target":{"@type":"EntryPoint","urlTemplate":"https:\/\/www.visit-ulcinj.com\/blog\/?s={search_term_string}"},"query-input":"required name=search_term_string"}],"inLanguage":"en-US"},{"@type":"ImageObject","inLanguage":"en-US","@id":"https:\/\/www.visit-ulcinj.com\/blog\/2009\/03\/19\/qetsori-cfare-pati-zhuljeta-me-ty\/#primaryimage","url":"http:\/\/www.visit-ulcinj.com\/blog\/wp-content\/uploads\/2009\/03\/aida-dhe-qetsori1.jpg","contentUrl":"http:\/\/www.visit-ulcinj.com\/blog\/wp-content\/uploads\/2009\/03\/aida-dhe-qetsori1.jpg"},{"@type":"WebPage","@id":"https:\/\/www.visit-ulcinj.com\/blog\/2009\/03\/19\/qetsori-cfare-pati-zhuljeta-me-ty\/#webpage","url":"https:\/\/www.visit-ulcinj.com\/blog\/2009\/03\/19\/qetsori-cfare-pati-zhuljeta-me-ty\/","name":"Qetsori: Cfar\u00c3\u00ab pati Zhuljeta me ty? | Big Brother Albania 2","isPartOf":{"@id":"https:\/\/www.visit-ulcinj.com\/blog\/#website"},"primaryImageOfPage":{"@id":"https:\/\/www.visit-ulcinj.com\/blog\/2009\/03\/19\/qetsori-cfare-pati-zhuljeta-me-ty\/#primaryimage"},"datePublished":"2009-03-19T21:18:38+00:00","dateModified":"2009-03-19T21:18:38+00:00","author":{"@id":"https:\/\/www.visit-ulcinj.com\/blog\/#\/schema\/person\/dcab619c614d3038751c63bc2aadc06d"},"description":"Big Brother Albania 2 - Qetsori dhe Arjoni si gjithmon\u00c3\u00ab jan\u00c3\u00ab personat q\u00c3\u00ab gatuajn\u00c3\u00ab n\u00c3\u00ab sht\u00c3\u00abpi. Aida \u00c3\u00absht\u00c3\u00ab e uritur dhe i k\u00c3\u00abrkon Qetsorit t`i gatuante dicka","breadcrumb":{"@id":"https:\/\/www.visit-ulcinj.com\/blog\/2009\/03\/19\/qetsori-cfare-pati-zhuljeta-me-ty\/#breadcrumb"},"inLanguage":"en-US","potentialAction":[{"@type":"ReadAction","target":["https:\/\/www.visit-ulcinj.com\/blog\/2009\/03\/19\/qetsori-cfare-pati-zhuljeta-me-ty\/"]}]},{"@type":"BreadcrumbList","@id":"https:\/\/www.visit-ulcinj.com\/blog\/2009\/03\/19\/qetsori-cfare-pati-zhuljeta-me-ty\/#breadcrumb","itemListElement":[{"@type":"ListItem","position":1,"name":"Qetsori: Cfar\u00eb pati Zhuljeta me ty?"}]},{"@type":"Person","@id":"https:\/\/www.visit-ulcinj.com\/blog\/#\/schema\/person\/dcab619c614d3038751c63bc2aadc06d","name":"ulqini","sameAs":["http:\/\/www.visit-ulcinj.com"],"url":"https:\/\/www.visit-ulcinj.com\/blog\/author\/admin\/"}]}},"jetpack_featured_media_url":"","jetpack_sharing_enabled":true,"jetpack_shortlink":"https:\/\/wp.me\/pe6lTn-3Sp","_links":{"self":[{"href":"https:\/\/www.visit-ulcinj.com\/blog\/wp-json\/wp\/v2\/posts\/14905"}],"collection":[{"href":"https:\/\/www.visit-ulcinj.com\/blog\/wp-json\/wp\/v2\/posts"}],"about":[{"href":"https:\/\/www.visit-ulcinj.com\/blog\/wp-json\/wp\/v2\/types\/post"}],"author":[{"embeddable":true,"href":"https:\/\/www.visit-ulcinj.com\/blog\/wp-json\/wp\/v2\/users\/1"}],"replies":[{"embeddable":true,"href":"https:\/\/www.visit-ulcinj.com\/blog\/wp-json\/wp\/v2\/comments?post=14905"}],"version-history":[{"count":0,"href":"https:\/\/www.visit-ulcinj.com\/blog\/wp-json\/wp\/v2\/posts\/14905\/revisions"}],"wp:attachment":[{"href":"https:\/\/www.visit-ulcinj.com\/blog\/wp-json\/wp\/v2\/media?parent=14905"}],"wp:term":[{"taxonomy":"category","embeddable":true,"href":"https:\/\/www.visit-ulcinj.com\/blog\/wp-json\/wp\/v2\/categories?post=14905"},{"taxonomy":"post_tag","embeddable":true,"href":"https:\/\/www.visit-ulcinj.com\/blog\/wp-json\/wp\/v2\/tags?post=14905"}],"curies":[{"name":"wp","href":"https:\/\/api.w.org\/{rel}","templated":true}]}}