{"id":14911,"date":"2009-03-19T22:23:47","date_gmt":"2009-03-19T21:23:47","guid":{"rendered":"http:\/\/www.visit-ulcinj.com\/blog\/?p=14911"},"modified":"2009-03-19T22:23:47","modified_gmt":"2009-03-19T21:23:47","slug":"mimoza-je-nje-idiote-adela","status":"publish","type":"post","link":"https:\/\/www.visit-ulcinj.com\/blog\/2009\/03\/19\/mimoza-je-nje-idiote-adela\/","title":{"rendered":"Mimoza: Je nj\u00eb idiote Adela!"},"content":{"rendered":"<p><em><span class=\"newsdate\"><a href=\"http:\/\/www.visit-ulcinj.com\/blog\/wp-content\/uploads\/2009\/03\/moza-dhe-adela.jpg\"><img loading=\"lazy\" class=\"alignleft size-full wp-image-14912\" title=\"moza-dhe-adela-big-brother-albania-2\" src=\"http:\/\/www.visit-ulcinj.com\/blog\/wp-content\/uploads\/2009\/03\/moza-dhe-adela.jpg\" alt=\"moza-dhe-adela-big-brother-albania-2\" width=\"300\" height=\"205\" \/><\/a>19\/03\/09 19:37<\/span><\/em><\/p>\n<p>Motiv debati p\u00ebr banor\u00ebt \u00ebsht\u00eb kthyer larja e eneve. Adelajda \u00ebsht\u00eb ajo q\u00eb merr p\u00ebrsip\u00ebr p\u00ebr t\u00eb lar\u00eb en\u00ebt. Mimoza i shpreh d\u00ebshir\u00ebn p\u00ebr ta ndihmuar. Ajo e pyet n\u00ebse mund ta ndihmonte p\u00ebr t\u00eb shkumuar en\u00ebt, por Adelajda nxehet dhe i thot\u00eb:-\u201cNuk do b\u00ebjm si do ti Moza!\u201d Ajo shton duke i th\u00ebn\u00eb se kur ndimohet nj\u00eb person nuk mund t\u00eb b\u00ebsh pretendime. Mimoza nuk kupton reagimin e saj dhe i thot\u00eb:-\u201cPse e tepron kot !\u201d Sipas Adelajd\u00ebs \u00ebsht\u00eb Mimoza ajo q\u00eb e teproi ,pasi nd\u00ebrroi mendim disa her\u00eb. Ajo i thot\u00eb q\u00eb nuk ishte e nevojshme ndihma e Mimoz\u00ebs pasi mund t`i lante vet\u00eb en\u00ebt. Mimoza i thot\u00eb:-\u201cJe nj\u00eb idiote e papame!\u201d-dhe largohet nga kuzhina.<\/p>\n","protected":false},"excerpt":{"rendered":"<p>19\/03\/09 19:37 Motiv debati p\u00ebr banor\u00ebt \u00ebsht\u00eb kthyer larja e eneve. Adelajda \u00ebsht\u00eb ajo q\u00eb merr p\u00ebrsip\u00ebr p\u00ebr t\u00eb lar\u00eb en\u00ebt. Mimoza i shpreh d\u00ebshir\u00ebn p\u00ebr ta ndihmuar. Ajo e pyet n\u00ebse mund ta ndihmonte p\u00ebr t\u00eb shkumuar en\u00ebt, por Adelajda nxehet dhe i thot\u00eb:-\u201cNuk do b\u00ebjm si do ti Moza!\u201d Ajo shton duke i [&hellip;]<\/p>\n","protected":false},"author":1,"featured_media":0,"comment_status":"open","ping_status":"closed","sticky":false,"template":"","format":"standard","meta":{"spay_email":"","jetpack_publicize_message":"","jetpack_is_tweetstorm":false,"jetpack_publicize_feature_enabled":true},"categories":[6502],"tags":[6736,6529,6883,6516,6712,6522,6544,7302,6891],"jetpack_publicize_connections":[],"yoast_head":"<!-- This site is optimized with the Yoast SEO plugin v19.1 - https:\/\/yoast.com\/wordpress\/plugins\/seo\/ -->\n<title>Mimoza: Je nj\u00c3\u00ab idiote Adela ! | Big Brother Albania 2<\/title>\n<meta name=\"description\" content=\"Big Brother Albania 2 - Motiv debati p\u00c3\u00abr banor\u00c3\u00abt \u00c3\u00absht\u00c3\u00ab kthyer larja e eneve. Adelajda \u00c3\u00absht\u00c3\u00ab ajo q\u00c3\u00ab merr p\u00c3\u00abrsip\u00c3\u00abr p\u00c3\u00abr t\u00c3\u00ab lar\u00c3\u00ab en\u00c3\u00abt\" \/>\n<meta name=\"robots\" content=\"index, follow, max-snippet:-1, max-image-preview:large, max-video-preview:-1\" \/>\n<link rel=\"canonical\" href=\"https:\/\/www.visit-ulcinj.com\/blog\/2009\/03\/19\/mimoza-je-nje-idiote-adela\/\" \/>\n<meta property=\"og:locale\" content=\"en_US\" \/>\n<meta property=\"og:type\" content=\"article\" \/>\n<meta property=\"og:title\" content=\"Mimoza: Je nj\u00c3\u00ab idiote Adela ! | Big Brother Albania 2\" \/>\n<meta property=\"og:description\" content=\"Big Brother Albania 2 - Motiv debati p\u00c3\u00abr banor\u00c3\u00abt \u00c3\u00absht\u00c3\u00ab kthyer larja e eneve. Adelajda \u00c3\u00absht\u00c3\u00ab ajo q\u00c3\u00ab merr p\u00c3\u00abrsip\u00c3\u00abr p\u00c3\u00abr t\u00c3\u00ab lar\u00c3\u00ab en\u00c3\u00abt\" \/>\n<meta property=\"og:url\" content=\"https:\/\/www.visit-ulcinj.com\/blog\/2009\/03\/19\/mimoza-je-nje-idiote-adela\/\" \/>\n<meta property=\"og:site_name\" content=\"Lajme nga Ulqini\" \/>\n<meta property=\"article:published_time\" content=\"2009-03-19T21:23:47+00:00\" \/>\n<meta property=\"og:image\" content=\"http:\/\/www.visit-ulcinj.com\/blog\/wp-content\/uploads\/2009\/03\/moza-dhe-adela.jpg\" \/>\n<meta name=\"twitter:label1\" content=\"Written by\" \/>\n\t<meta name=\"twitter:data1\" content=\"ulqini\" \/>\n\t<meta name=\"twitter:label2\" content=\"Est. reading time\" \/>\n\t<meta name=\"twitter:data2\" content=\"1 minute\" \/>\n<script type=\"application\/ld+json\" class=\"yoast-schema-graph\">{\"@context\":\"https:\/\/schema.org\",\"@graph\":[{\"@type\":\"WebSite\",\"@id\":\"https:\/\/www.visit-ulcinj.com\/blog\/#website\",\"url\":\"https:\/\/www.visit-ulcinj.com\/blog\/\",\"name\":\"Lajme nga Ulqini\",\"description\":\"Lajme,Vijesti,Ulqini,Ulqin,Crna Gora,Mali i Zi\",\"potentialAction\":[{\"@type\":\"SearchAction\",\"target\":{\"@type\":\"EntryPoint\",\"urlTemplate\":\"https:\/\/www.visit-ulcinj.com\/blog\/?s={search_term_string}\"},\"query-input\":\"required name=search_term_string\"}],\"inLanguage\":\"en-US\"},{\"@type\":\"ImageObject\",\"inLanguage\":\"en-US\",\"@id\":\"https:\/\/www.visit-ulcinj.com\/blog\/2009\/03\/19\/mimoza-je-nje-idiote-adela\/#primaryimage\",\"url\":\"http:\/\/www.visit-ulcinj.com\/blog\/wp-content\/uploads\/2009\/03\/moza-dhe-adela.jpg\",\"contentUrl\":\"http:\/\/www.visit-ulcinj.com\/blog\/wp-content\/uploads\/2009\/03\/moza-dhe-adela.jpg\"},{\"@type\":\"WebPage\",\"@id\":\"https:\/\/www.visit-ulcinj.com\/blog\/2009\/03\/19\/mimoza-je-nje-idiote-adela\/#webpage\",\"url\":\"https:\/\/www.visit-ulcinj.com\/blog\/2009\/03\/19\/mimoza-je-nje-idiote-adela\/\",\"name\":\"Mimoza: Je nj\u00c3\u00ab idiote Adela ! | Big Brother Albania 2\",\"isPartOf\":{\"@id\":\"https:\/\/www.visit-ulcinj.com\/blog\/#website\"},\"primaryImageOfPage\":{\"@id\":\"https:\/\/www.visit-ulcinj.com\/blog\/2009\/03\/19\/mimoza-je-nje-idiote-adela\/#primaryimage\"},\"datePublished\":\"2009-03-19T21:23:47+00:00\",\"dateModified\":\"2009-03-19T21:23:47+00:00\",\"author\":{\"@id\":\"https:\/\/www.visit-ulcinj.com\/blog\/#\/schema\/person\/dcab619c614d3038751c63bc2aadc06d\"},\"description\":\"Big Brother Albania 2 - Motiv debati p\u00c3\u00abr banor\u00c3\u00abt \u00c3\u00absht\u00c3\u00ab kthyer larja e eneve. Adelajda \u00c3\u00absht\u00c3\u00ab ajo q\u00c3\u00ab merr p\u00c3\u00abrsip\u00c3\u00abr p\u00c3\u00abr t\u00c3\u00ab lar\u00c3\u00ab en\u00c3\u00abt\",\"breadcrumb\":{\"@id\":\"https:\/\/www.visit-ulcinj.com\/blog\/2009\/03\/19\/mimoza-je-nje-idiote-adela\/#breadcrumb\"},\"inLanguage\":\"en-US\",\"potentialAction\":[{\"@type\":\"ReadAction\",\"target\":[\"https:\/\/www.visit-ulcinj.com\/blog\/2009\/03\/19\/mimoza-je-nje-idiote-adela\/\"]}]},{\"@type\":\"BreadcrumbList\",\"@id\":\"https:\/\/www.visit-ulcinj.com\/blog\/2009\/03\/19\/mimoza-je-nje-idiote-adela\/#breadcrumb\",\"itemListElement\":[{\"@type\":\"ListItem\",\"position\":1,\"name\":\"Mimoza: Je nj\u00eb idiote Adela!\"}]},{\"@type\":\"Person\",\"@id\":\"https:\/\/www.visit-ulcinj.com\/blog\/#\/schema\/person\/dcab619c614d3038751c63bc2aadc06d\",\"name\":\"ulqini\",\"sameAs\":[\"http:\/\/www.visit-ulcinj.com\"],\"url\":\"https:\/\/www.visit-ulcinj.com\/blog\/author\/admin\/\"}]}<\/script>\n<!-- \/ Yoast SEO plugin. -->","yoast_head_json":{"title":"Mimoza: Je nj\u00c3\u00ab idiote Adela ! | Big Brother Albania 2","description":"Big Brother Albania 2 - Motiv debati p\u00c3\u00abr banor\u00c3\u00abt \u00c3\u00absht\u00c3\u00ab kthyer larja e eneve. Adelajda \u00c3\u00absht\u00c3\u00ab ajo q\u00c3\u00ab merr p\u00c3\u00abrsip\u00c3\u00abr p\u00c3\u00abr t\u00c3\u00ab lar\u00c3\u00ab en\u00c3\u00abt","robots":{"index":"index","follow":"follow","max-snippet":"max-snippet:-1","max-image-preview":"max-image-preview:large","max-video-preview":"max-video-preview:-1"},"canonical":"https:\/\/www.visit-ulcinj.com\/blog\/2009\/03\/19\/mimoza-je-nje-idiote-adela\/","og_locale":"en_US","og_type":"article","og_title":"Mimoza: Je nj\u00c3\u00ab idiote Adela ! | Big Brother Albania 2","og_description":"Big Brother Albania 2 - Motiv debati p\u00c3\u00abr banor\u00c3\u00abt \u00c3\u00absht\u00c3\u00ab kthyer larja e eneve. Adelajda \u00c3\u00absht\u00c3\u00ab ajo q\u00c3\u00ab merr p\u00c3\u00abrsip\u00c3\u00abr p\u00c3\u00abr t\u00c3\u00ab lar\u00c3\u00ab en\u00c3\u00abt","og_url":"https:\/\/www.visit-ulcinj.com\/blog\/2009\/03\/19\/mimoza-je-nje-idiote-adela\/","og_site_name":"Lajme nga Ulqini","article_published_time":"2009-03-19T21:23:47+00:00","og_image":[{"url":"http:\/\/www.visit-ulcinj.com\/blog\/wp-content\/uploads\/2009\/03\/moza-dhe-adela.jpg"}],"twitter_misc":{"Written by":"ulqini","Est. reading time":"1 minute"},"schema":{"@context":"https:\/\/schema.org","@graph":[{"@type":"WebSite","@id":"https:\/\/www.visit-ulcinj.com\/blog\/#website","url":"https:\/\/www.visit-ulcinj.com\/blog\/","name":"Lajme nga Ulqini","description":"Lajme,Vijesti,Ulqini,Ulqin,Crna Gora,Mali i Zi","potentialAction":[{"@type":"SearchAction","target":{"@type":"EntryPoint","urlTemplate":"https:\/\/www.visit-ulcinj.com\/blog\/?s={search_term_string}"},"query-input":"required name=search_term_string"}],"inLanguage":"en-US"},{"@type":"ImageObject","inLanguage":"en-US","@id":"https:\/\/www.visit-ulcinj.com\/blog\/2009\/03\/19\/mimoza-je-nje-idiote-adela\/#primaryimage","url":"http:\/\/www.visit-ulcinj.com\/blog\/wp-content\/uploads\/2009\/03\/moza-dhe-adela.jpg","contentUrl":"http:\/\/www.visit-ulcinj.com\/blog\/wp-content\/uploads\/2009\/03\/moza-dhe-adela.jpg"},{"@type":"WebPage","@id":"https:\/\/www.visit-ulcinj.com\/blog\/2009\/03\/19\/mimoza-je-nje-idiote-adela\/#webpage","url":"https:\/\/www.visit-ulcinj.com\/blog\/2009\/03\/19\/mimoza-je-nje-idiote-adela\/","name":"Mimoza: Je nj\u00c3\u00ab idiote Adela ! | Big Brother Albania 2","isPartOf":{"@id":"https:\/\/www.visit-ulcinj.com\/blog\/#website"},"primaryImageOfPage":{"@id":"https:\/\/www.visit-ulcinj.com\/blog\/2009\/03\/19\/mimoza-je-nje-idiote-adela\/#primaryimage"},"datePublished":"2009-03-19T21:23:47+00:00","dateModified":"2009-03-19T21:23:47+00:00","author":{"@id":"https:\/\/www.visit-ulcinj.com\/blog\/#\/schema\/person\/dcab619c614d3038751c63bc2aadc06d"},"description":"Big Brother Albania 2 - Motiv debati p\u00c3\u00abr banor\u00c3\u00abt \u00c3\u00absht\u00c3\u00ab kthyer larja e eneve. Adelajda \u00c3\u00absht\u00c3\u00ab ajo q\u00c3\u00ab merr p\u00c3\u00abrsip\u00c3\u00abr p\u00c3\u00abr t\u00c3\u00ab lar\u00c3\u00ab en\u00c3\u00abt","breadcrumb":{"@id":"https:\/\/www.visit-ulcinj.com\/blog\/2009\/03\/19\/mimoza-je-nje-idiote-adela\/#breadcrumb"},"inLanguage":"en-US","potentialAction":[{"@type":"ReadAction","target":["https:\/\/www.visit-ulcinj.com\/blog\/2009\/03\/19\/mimoza-je-nje-idiote-adela\/"]}]},{"@type":"BreadcrumbList","@id":"https:\/\/www.visit-ulcinj.com\/blog\/2009\/03\/19\/mimoza-je-nje-idiote-adela\/#breadcrumb","itemListElement":[{"@type":"ListItem","position":1,"name":"Mimoza: Je nj\u00eb idiote Adela!"}]},{"@type":"Person","@id":"https:\/\/www.visit-ulcinj.com\/blog\/#\/schema\/person\/dcab619c614d3038751c63bc2aadc06d","name":"ulqini","sameAs":["http:\/\/www.visit-ulcinj.com"],"url":"https:\/\/www.visit-ulcinj.com\/blog\/author\/admin\/"}]}},"jetpack_featured_media_url":"","jetpack_sharing_enabled":true,"jetpack_shortlink":"https:\/\/wp.me\/pe6lTn-3Sv","_links":{"self":[{"href":"https:\/\/www.visit-ulcinj.com\/blog\/wp-json\/wp\/v2\/posts\/14911"}],"collection":[{"href":"https:\/\/www.visit-ulcinj.com\/blog\/wp-json\/wp\/v2\/posts"}],"about":[{"href":"https:\/\/www.visit-ulcinj.com\/blog\/wp-json\/wp\/v2\/types\/post"}],"author":[{"embeddable":true,"href":"https:\/\/www.visit-ulcinj.com\/blog\/wp-json\/wp\/v2\/users\/1"}],"replies":[{"embeddable":true,"href":"https:\/\/www.visit-ulcinj.com\/blog\/wp-json\/wp\/v2\/comments?post=14911"}],"version-history":[{"count":0,"href":"https:\/\/www.visit-ulcinj.com\/blog\/wp-json\/wp\/v2\/posts\/14911\/revisions"}],"wp:attachment":[{"href":"https:\/\/www.visit-ulcinj.com\/blog\/wp-json\/wp\/v2\/media?parent=14911"}],"wp:term":[{"taxonomy":"category","embeddable":true,"href":"https:\/\/www.visit-ulcinj.com\/blog\/wp-json\/wp\/v2\/categories?post=14911"},{"taxonomy":"post_tag","embeddable":true,"href":"https:\/\/www.visit-ulcinj.com\/blog\/wp-json\/wp\/v2\/tags?post=14911"}],"curies":[{"name":"wp","href":"https:\/\/api.w.org\/{rel}","templated":true}]}}