{"id":14917,"date":"2009-03-19T22:28:44","date_gmt":"2009-03-19T21:28:44","guid":{"rendered":"http:\/\/www.visit-ulcinj.com\/blog\/?p=14917"},"modified":"2009-03-19T22:38:49","modified_gmt":"2009-03-19T21:38:49","slug":"adelajda-do-te-luaj-sepse-duhet-te-fitoj","status":"publish","type":"post","link":"https:\/\/www.visit-ulcinj.com\/blog\/2009\/03\/19\/adelajda-do-te-luaj-sepse-duhet-te-fitoj\/","title":{"rendered":"Adelajda : Do t\u00eb luaj, sepse duhet t\u00eb fitoj"},"content":{"rendered":"<p><em><span class=\"newsdate\"><a href=\"http:\/\/www.visit-ulcinj.com\/blog\/wp-content\/uploads\/2009\/03\/adelajda-fitoj.jpg\"><img loading=\"lazy\" class=\"alignleft size-full wp-image-14918\" title=\"adelajda-fitoj-big-broter-albania-2\" src=\"http:\/\/www.visit-ulcinj.com\/blog\/wp-content\/uploads\/2009\/03\/adelajda-fitoj.jpg\" alt=\"adelajda-fitoj-big-broter-albania-2\" width=\"300\" height=\"205\" \/><\/a>18\/03\/09 23:50<\/span><\/em><\/p>\n<p>Duke biseduar me Qetsorin Adelajda ka th\u00ebn\u00eb: \u201cKur un\u00eb hyra k\u00ebtu, t\u00eb gjith\u00eb njer\u00ebzit, opinioni i t\u00eb cil\u00ebve nuk \u00ebsht\u00eb se m\u00eb intereson shum\u00eb, por gjithsesi m\u00eb prek, kan\u00eb menduar se un\u00eb kam b\u00ebr\u00eb nj\u00eb gabim t\u00eb madh. Un\u00eb kam l\u00ebn\u00eb jasht\u00eb nj\u00eb jet\u00eb t\u00eb nd\u00ebrtuar, kjo edhe me personin q\u00eb kisha lidhje, por q\u00eb nuk ndihesha mir\u00eb. Faktikisht un\u00eb nuk jam ndjer\u00eb asnj\u00ebher\u00eb mir\u00eb. Ishte nj\u00eb zgjedhje e gabuar, por isha 18 vje\u00e7e. Jam p\u00ebrpjekur ta ndryshoj\u00eb por asnj\u00ebher\u00eb nuk m\u00eb \u00ebsht\u00eb dh\u00ebn\u00eb mund\u00ebsia. K\u00ebshtu q\u00eb, n\u00ebse un\u00eb dua t\u2019u tregoj t\u00eb tjer\u00ebve, q\u00eb un\u00eb nuk kam b\u00ebr\u00eb gabim, por p\u00ebrkundrazi, kam b\u00ebr\u00eb mir\u00eb, un\u00eb duhet t\u00eb shkoj deri n\u00eb finale. Qetsori e ka pyetur me k\u00eb ishte n\u00eb gar\u00eb ajo n\u00eb k\u00ebt\u00eb loj\u00eb:me t\u00eb tjer\u00ebt jasht\u00eb apo me veten. Adelajda i ka th\u00ebn\u00eb se q\u00eb kur kishte hyr\u00eb brenda, i kishte harruar ata jasht\u00eb. Sori i ka th\u00ebn\u00eb sesi ishte e mundur at\u00ebher\u00eb q\u00eb interesohej aq shum\u00eb se \u00e7far\u00eb mendonin t\u00eb tjer\u00ebt. \u201cUn\u00eb kam hyr\u00eb si konkurente dhe duhet t\u00eb fitoj! Sepse po fitova, s\u00eb pari fitoj loj\u00ebn dhe s\u00eb dyti dhe m\u00eb e r\u00ebnd\u00ebsishmja, ndryshoj jet\u00ebn time!\u201d Qetsori i ka th\u00ebn\u00eb se n\u00eb k\u00ebt\u00eb rast ajo duhet t\u00eb b\u00ebnte hapa t\u00eb m\u00ebdhenj dhe jo l\u00ebvizje t\u00eb matura. Sipas Adelajdes, ndryshimi mes saj dhe banor\u00ebve t\u00eb tjer\u00eb brenda sht\u00ebpis\u00eb, ishte se ajo kishte nevoj\u00eb m\u00eb shum\u00eb nga t\u00eb gjith\u00eb p\u00ebr t\u00eb fituar dhe se ajo, n\u00eb ndryshim nga ata, nuk po p\u00ebrpiqej 24 or\u00eb p\u00ebr ta arritur. Ajo ka shtuar se n\u00eb fillim, madje, nuk kishte b\u00ebr\u00eb fare loj\u00eb, tani po e b\u00ebn n\u00eb momente t\u00eb caktuara. Adelajda ka vazhduar duke th\u00ebn\u00eb se n\u00eb vazhdim do t\u00eb b\u00ebnte edhe pak me tep\u00ebr loj\u00eb, por m\u00eb pas do t\u00eb luante tamam.<\/p>\n","protected":false},"excerpt":{"rendered":"<p>18\/03\/09 23:50 Duke biseduar me Qetsorin Adelajda ka th\u00ebn\u00eb: \u201cKur un\u00eb hyra k\u00ebtu, t\u00eb gjith\u00eb njer\u00ebzit, opinioni i t\u00eb cil\u00ebve nuk \u00ebsht\u00eb se m\u00eb intereson shum\u00eb, por gjithsesi m\u00eb prek, kan\u00eb menduar se un\u00eb kam b\u00ebr\u00eb nj\u00eb gabim t\u00eb madh. Un\u00eb kam l\u00ebn\u00eb jasht\u00eb nj\u00eb jet\u00eb t\u00eb nd\u00ebrtuar, kjo edhe me personin q\u00eb kisha lidhje, [&hellip;]<\/p>\n","protected":false},"author":1,"featured_media":0,"comment_status":"open","ping_status":"closed","sticky":false,"template":"","format":"standard","meta":{"spay_email":"","jetpack_publicize_message":"","jetpack_is_tweetstorm":false,"jetpack_publicize_feature_enabled":true},"categories":[6502],"tags":[6529,6883,6516,6712,8185,6900,6891],"jetpack_publicize_connections":[],"yoast_head":"<!-- This site is optimized with the Yoast SEO plugin v19.1 - https:\/\/yoast.com\/wordpress\/plugins\/seo\/ -->\n<title>Adelajda : Do t\u00c3\u00ab luaj, sepse duhet t\u00c3\u00ab fitoj | Big Brother Albania 2<\/title>\n<meta name=\"description\" content=\"Big Brother Albania 2 - Duke biseduar me Qetsorin Adelajda ka th\u00c3\u00abn\u00c3\u00ab: \u00e2\u20ac\u0153Kur un\u00c3\u00ab hyra k\u00c3\u00abtu, t\u00c3\u00ab gjith\u00c3\u00ab njer\u00c3\u00abzit, opinioni i t\u00c3\u00ab cil\u00c3\u00abve nuk \u00c3\u00absht\u00c3\u00ab se m\u00c3\u00ab intereson shum\u00c3\u00ab\" \/>\n<meta name=\"robots\" content=\"index, follow, max-snippet:-1, max-image-preview:large, max-video-preview:-1\" \/>\n<link rel=\"canonical\" href=\"https:\/\/www.visit-ulcinj.com\/blog\/2009\/03\/19\/adelajda-do-te-luaj-sepse-duhet-te-fitoj\/\" \/>\n<meta property=\"og:locale\" content=\"en_US\" \/>\n<meta property=\"og:type\" content=\"article\" \/>\n<meta property=\"og:title\" content=\"Adelajda : Do t\u00c3\u00ab luaj, sepse duhet t\u00c3\u00ab fitoj | Big Brother Albania 2\" \/>\n<meta property=\"og:description\" content=\"Big Brother Albania 2 - Duke biseduar me Qetsorin Adelajda ka th\u00c3\u00abn\u00c3\u00ab: \u00e2\u20ac\u0153Kur un\u00c3\u00ab hyra k\u00c3\u00abtu, t\u00c3\u00ab gjith\u00c3\u00ab njer\u00c3\u00abzit, opinioni i t\u00c3\u00ab cil\u00c3\u00abve nuk \u00c3\u00absht\u00c3\u00ab se m\u00c3\u00ab intereson shum\u00c3\u00ab\" \/>\n<meta property=\"og:url\" content=\"https:\/\/www.visit-ulcinj.com\/blog\/2009\/03\/19\/adelajda-do-te-luaj-sepse-duhet-te-fitoj\/\" \/>\n<meta property=\"og:site_name\" content=\"Lajme nga Ulqini\" \/>\n<meta property=\"article:published_time\" content=\"2009-03-19T21:28:44+00:00\" \/>\n<meta property=\"article:modified_time\" content=\"2009-03-19T21:38:49+00:00\" \/>\n<meta property=\"og:image\" content=\"http:\/\/www.visit-ulcinj.com\/blog\/wp-content\/uploads\/2009\/03\/adelajda-fitoj.jpg\" \/>\n<meta name=\"twitter:label1\" content=\"Written by\" \/>\n\t<meta name=\"twitter:data1\" content=\"ulqini\" \/>\n\t<meta name=\"twitter:label2\" content=\"Est. reading time\" \/>\n\t<meta name=\"twitter:data2\" content=\"2 minutes\" \/>\n<script type=\"application\/ld+json\" class=\"yoast-schema-graph\">{\"@context\":\"https:\/\/schema.org\",\"@graph\":[{\"@type\":\"WebSite\",\"@id\":\"https:\/\/www.visit-ulcinj.com\/blog\/#website\",\"url\":\"https:\/\/www.visit-ulcinj.com\/blog\/\",\"name\":\"Lajme nga Ulqini\",\"description\":\"Lajme,Vijesti,Ulqini,Ulqin,Crna Gora,Mali i Zi\",\"potentialAction\":[{\"@type\":\"SearchAction\",\"target\":{\"@type\":\"EntryPoint\",\"urlTemplate\":\"https:\/\/www.visit-ulcinj.com\/blog\/?s={search_term_string}\"},\"query-input\":\"required name=search_term_string\"}],\"inLanguage\":\"en-US\"},{\"@type\":\"ImageObject\",\"inLanguage\":\"en-US\",\"@id\":\"https:\/\/www.visit-ulcinj.com\/blog\/2009\/03\/19\/adelajda-do-te-luaj-sepse-duhet-te-fitoj\/#primaryimage\",\"url\":\"http:\/\/www.visit-ulcinj.com\/blog\/wp-content\/uploads\/2009\/03\/adelajda-fitoj.jpg\",\"contentUrl\":\"http:\/\/www.visit-ulcinj.com\/blog\/wp-content\/uploads\/2009\/03\/adelajda-fitoj.jpg\"},{\"@type\":\"WebPage\",\"@id\":\"https:\/\/www.visit-ulcinj.com\/blog\/2009\/03\/19\/adelajda-do-te-luaj-sepse-duhet-te-fitoj\/#webpage\",\"url\":\"https:\/\/www.visit-ulcinj.com\/blog\/2009\/03\/19\/adelajda-do-te-luaj-sepse-duhet-te-fitoj\/\",\"name\":\"Adelajda : Do t\u00c3\u00ab luaj, sepse duhet t\u00c3\u00ab fitoj | Big Brother Albania 2\",\"isPartOf\":{\"@id\":\"https:\/\/www.visit-ulcinj.com\/blog\/#website\"},\"primaryImageOfPage\":{\"@id\":\"https:\/\/www.visit-ulcinj.com\/blog\/2009\/03\/19\/adelajda-do-te-luaj-sepse-duhet-te-fitoj\/#primaryimage\"},\"datePublished\":\"2009-03-19T21:28:44+00:00\",\"dateModified\":\"2009-03-19T21:38:49+00:00\",\"author\":{\"@id\":\"https:\/\/www.visit-ulcinj.com\/blog\/#\/schema\/person\/dcab619c614d3038751c63bc2aadc06d\"},\"description\":\"Big Brother Albania 2 - Duke biseduar me Qetsorin Adelajda ka th\u00c3\u00abn\u00c3\u00ab: \u00e2\u20ac\u0153Kur un\u00c3\u00ab hyra k\u00c3\u00abtu, t\u00c3\u00ab gjith\u00c3\u00ab njer\u00c3\u00abzit, opinioni i t\u00c3\u00ab cil\u00c3\u00abve nuk \u00c3\u00absht\u00c3\u00ab se m\u00c3\u00ab intereson shum\u00c3\u00ab\",\"breadcrumb\":{\"@id\":\"https:\/\/www.visit-ulcinj.com\/blog\/2009\/03\/19\/adelajda-do-te-luaj-sepse-duhet-te-fitoj\/#breadcrumb\"},\"inLanguage\":\"en-US\",\"potentialAction\":[{\"@type\":\"ReadAction\",\"target\":[\"https:\/\/www.visit-ulcinj.com\/blog\/2009\/03\/19\/adelajda-do-te-luaj-sepse-duhet-te-fitoj\/\"]}]},{\"@type\":\"BreadcrumbList\",\"@id\":\"https:\/\/www.visit-ulcinj.com\/blog\/2009\/03\/19\/adelajda-do-te-luaj-sepse-duhet-te-fitoj\/#breadcrumb\",\"itemListElement\":[{\"@type\":\"ListItem\",\"position\":1,\"name\":\"Adelajda : Do t\u00eb luaj, sepse duhet t\u00eb fitoj\"}]},{\"@type\":\"Person\",\"@id\":\"https:\/\/www.visit-ulcinj.com\/blog\/#\/schema\/person\/dcab619c614d3038751c63bc2aadc06d\",\"name\":\"ulqini\",\"sameAs\":[\"http:\/\/www.visit-ulcinj.com\"],\"url\":\"https:\/\/www.visit-ulcinj.com\/blog\/author\/admin\/\"}]}<\/script>\n<!-- \/ Yoast SEO plugin. -->","yoast_head_json":{"title":"Adelajda : Do t\u00c3\u00ab luaj, sepse duhet t\u00c3\u00ab fitoj | Big Brother Albania 2","description":"Big Brother Albania 2 - Duke biseduar me Qetsorin Adelajda ka th\u00c3\u00abn\u00c3\u00ab: \u00e2\u20ac\u0153Kur un\u00c3\u00ab hyra k\u00c3\u00abtu, t\u00c3\u00ab gjith\u00c3\u00ab njer\u00c3\u00abzit, opinioni i t\u00c3\u00ab cil\u00c3\u00abve nuk \u00c3\u00absht\u00c3\u00ab se m\u00c3\u00ab intereson shum\u00c3\u00ab","robots":{"index":"index","follow":"follow","max-snippet":"max-snippet:-1","max-image-preview":"max-image-preview:large","max-video-preview":"max-video-preview:-1"},"canonical":"https:\/\/www.visit-ulcinj.com\/blog\/2009\/03\/19\/adelajda-do-te-luaj-sepse-duhet-te-fitoj\/","og_locale":"en_US","og_type":"article","og_title":"Adelajda : Do t\u00c3\u00ab luaj, sepse duhet t\u00c3\u00ab fitoj | Big Brother Albania 2","og_description":"Big Brother Albania 2 - Duke biseduar me Qetsorin Adelajda ka th\u00c3\u00abn\u00c3\u00ab: \u00e2\u20ac\u0153Kur un\u00c3\u00ab hyra k\u00c3\u00abtu, t\u00c3\u00ab gjith\u00c3\u00ab njer\u00c3\u00abzit, opinioni i t\u00c3\u00ab cil\u00c3\u00abve nuk \u00c3\u00absht\u00c3\u00ab se m\u00c3\u00ab intereson shum\u00c3\u00ab","og_url":"https:\/\/www.visit-ulcinj.com\/blog\/2009\/03\/19\/adelajda-do-te-luaj-sepse-duhet-te-fitoj\/","og_site_name":"Lajme nga Ulqini","article_published_time":"2009-03-19T21:28:44+00:00","article_modified_time":"2009-03-19T21:38:49+00:00","og_image":[{"url":"http:\/\/www.visit-ulcinj.com\/blog\/wp-content\/uploads\/2009\/03\/adelajda-fitoj.jpg"}],"twitter_misc":{"Written by":"ulqini","Est. reading time":"2 minutes"},"schema":{"@context":"https:\/\/schema.org","@graph":[{"@type":"WebSite","@id":"https:\/\/www.visit-ulcinj.com\/blog\/#website","url":"https:\/\/www.visit-ulcinj.com\/blog\/","name":"Lajme nga Ulqini","description":"Lajme,Vijesti,Ulqini,Ulqin,Crna Gora,Mali i Zi","potentialAction":[{"@type":"SearchAction","target":{"@type":"EntryPoint","urlTemplate":"https:\/\/www.visit-ulcinj.com\/blog\/?s={search_term_string}"},"query-input":"required name=search_term_string"}],"inLanguage":"en-US"},{"@type":"ImageObject","inLanguage":"en-US","@id":"https:\/\/www.visit-ulcinj.com\/blog\/2009\/03\/19\/adelajda-do-te-luaj-sepse-duhet-te-fitoj\/#primaryimage","url":"http:\/\/www.visit-ulcinj.com\/blog\/wp-content\/uploads\/2009\/03\/adelajda-fitoj.jpg","contentUrl":"http:\/\/www.visit-ulcinj.com\/blog\/wp-content\/uploads\/2009\/03\/adelajda-fitoj.jpg"},{"@type":"WebPage","@id":"https:\/\/www.visit-ulcinj.com\/blog\/2009\/03\/19\/adelajda-do-te-luaj-sepse-duhet-te-fitoj\/#webpage","url":"https:\/\/www.visit-ulcinj.com\/blog\/2009\/03\/19\/adelajda-do-te-luaj-sepse-duhet-te-fitoj\/","name":"Adelajda : Do t\u00c3\u00ab luaj, sepse duhet t\u00c3\u00ab fitoj | Big Brother Albania 2","isPartOf":{"@id":"https:\/\/www.visit-ulcinj.com\/blog\/#website"},"primaryImageOfPage":{"@id":"https:\/\/www.visit-ulcinj.com\/blog\/2009\/03\/19\/adelajda-do-te-luaj-sepse-duhet-te-fitoj\/#primaryimage"},"datePublished":"2009-03-19T21:28:44+00:00","dateModified":"2009-03-19T21:38:49+00:00","author":{"@id":"https:\/\/www.visit-ulcinj.com\/blog\/#\/schema\/person\/dcab619c614d3038751c63bc2aadc06d"},"description":"Big Brother Albania 2 - Duke biseduar me Qetsorin Adelajda ka th\u00c3\u00abn\u00c3\u00ab: \u00e2\u20ac\u0153Kur un\u00c3\u00ab hyra k\u00c3\u00abtu, t\u00c3\u00ab gjith\u00c3\u00ab njer\u00c3\u00abzit, opinioni i t\u00c3\u00ab cil\u00c3\u00abve nuk \u00c3\u00absht\u00c3\u00ab se m\u00c3\u00ab intereson shum\u00c3\u00ab","breadcrumb":{"@id":"https:\/\/www.visit-ulcinj.com\/blog\/2009\/03\/19\/adelajda-do-te-luaj-sepse-duhet-te-fitoj\/#breadcrumb"},"inLanguage":"en-US","potentialAction":[{"@type":"ReadAction","target":["https:\/\/www.visit-ulcinj.com\/blog\/2009\/03\/19\/adelajda-do-te-luaj-sepse-duhet-te-fitoj\/"]}]},{"@type":"BreadcrumbList","@id":"https:\/\/www.visit-ulcinj.com\/blog\/2009\/03\/19\/adelajda-do-te-luaj-sepse-duhet-te-fitoj\/#breadcrumb","itemListElement":[{"@type":"ListItem","position":1,"name":"Adelajda : Do t\u00eb luaj, sepse duhet t\u00eb fitoj"}]},{"@type":"Person","@id":"https:\/\/www.visit-ulcinj.com\/blog\/#\/schema\/person\/dcab619c614d3038751c63bc2aadc06d","name":"ulqini","sameAs":["http:\/\/www.visit-ulcinj.com"],"url":"https:\/\/www.visit-ulcinj.com\/blog\/author\/admin\/"}]}},"jetpack_featured_media_url":"","jetpack_sharing_enabled":true,"jetpack_shortlink":"https:\/\/wp.me\/pe6lTn-3SB","_links":{"self":[{"href":"https:\/\/www.visit-ulcinj.com\/blog\/wp-json\/wp\/v2\/posts\/14917"}],"collection":[{"href":"https:\/\/www.visit-ulcinj.com\/blog\/wp-json\/wp\/v2\/posts"}],"about":[{"href":"https:\/\/www.visit-ulcinj.com\/blog\/wp-json\/wp\/v2\/types\/post"}],"author":[{"embeddable":true,"href":"https:\/\/www.visit-ulcinj.com\/blog\/wp-json\/wp\/v2\/users\/1"}],"replies":[{"embeddable":true,"href":"https:\/\/www.visit-ulcinj.com\/blog\/wp-json\/wp\/v2\/comments?post=14917"}],"version-history":[{"count":0,"href":"https:\/\/www.visit-ulcinj.com\/blog\/wp-json\/wp\/v2\/posts\/14917\/revisions"}],"wp:attachment":[{"href":"https:\/\/www.visit-ulcinj.com\/blog\/wp-json\/wp\/v2\/media?parent=14917"}],"wp:term":[{"taxonomy":"category","embeddable":true,"href":"https:\/\/www.visit-ulcinj.com\/blog\/wp-json\/wp\/v2\/categories?post=14917"},{"taxonomy":"post_tag","embeddable":true,"href":"https:\/\/www.visit-ulcinj.com\/blog\/wp-json\/wp\/v2\/tags?post=14917"}],"curies":[{"name":"wp","href":"https:\/\/api.w.org\/{rel}","templated":true}]}}