{"id":14920,"date":"2009-03-19T22:31:05","date_gmt":"2009-03-19T21:31:05","guid":{"rendered":"http:\/\/www.visit-ulcinj.com\/blog\/?p=14920"},"modified":"2009-03-19T22:31:05","modified_gmt":"2009-03-19T21:31:05","slug":"mimoza-me-kerko-falje-publikisht","status":"publish","type":"post","link":"https:\/\/www.visit-ulcinj.com\/blog\/2009\/03\/19\/mimoza-me-kerko-falje-publikisht\/","title":{"rendered":"Mimoza : M\u00eb k\u00ebrko falje publikisht"},"content":{"rendered":"<p><em><span class=\"newsdate\"><a href=\"http:\/\/www.visit-ulcinj.com\/blog\/wp-content\/uploads\/2009\/03\/moza-i-kerkon-falje-adit.jpg\"><img loading=\"lazy\" class=\"alignleft size-full wp-image-14921\" title=\"moza-i-kerkon-falje-adit-big-brother-albania-2\" src=\"http:\/\/www.visit-ulcinj.com\/blog\/wp-content\/uploads\/2009\/03\/moza-i-kerkon-falje-adit.jpg\" alt=\"moza-i-kerkon-falje-adit-big-brother-albania-2\" width=\"300\" height=\"205\" \/><\/a>18\/03\/09 10:25<\/span><\/em><\/p>\n<p>Adi e ka pyetur Mimoz\u00ebn se p\u00ebr \u00e7far\u00eb shansi e ka fjal\u00ebn se do t\u2019i jap\u00eb dhe Mimoza ia ka kthyer se e ka fjal\u00ebn p\u00ebr t\u00eb ndjenjur edhe nj\u00ebher\u00eb si\u00e7 kishin qen\u00eb. \u201cDo t\u00eb m\u00eb k\u00ebrkosh falje p\u00ebr at\u00eb q\u00eb m\u00eb b\u00ebre? \u2013 i ka th\u00ebn\u00eb ai Mimoz\u00ebs dhe Mimoza i ka k\u00ebrkuar t\u00eb falur. \u201cE dua publikisht!\u201d \u2013 ka vazhduar Adi. Mimoza ka pranuar ta b\u00ebj\u00eb dhe ka shtuar se edhe ajo ishte l\u00ebnduar nga e gjith\u00eb kjo, por p\u00ebrfundimisht e kishte besuar se Adi kishte b\u00ebr\u00eb thjesht nj\u00eb gjest shoq\u00ebror.<\/p>\n","protected":false},"excerpt":{"rendered":"<p>18\/03\/09 10:25 Adi e ka pyetur Mimoz\u00ebn se p\u00ebr \u00e7far\u00eb shansi e ka fjal\u00ebn se do t\u2019i jap\u00eb dhe Mimoza ia ka kthyer se e ka fjal\u00ebn p\u00ebr t\u00eb ndjenjur edhe nj\u00ebher\u00eb si\u00e7 kishin qen\u00eb. \u201cDo t\u00eb m\u00eb k\u00ebrkosh falje p\u00ebr at\u00eb q\u00eb m\u00eb b\u00ebre? \u2013 i ka th\u00ebn\u00eb ai Mimoz\u00ebs dhe Mimoza i ka [&hellip;]<\/p>\n","protected":false},"author":1,"featured_media":0,"comment_status":"open","ping_status":"closed","sticky":false,"template":"","format":"standard","meta":{"spay_email":"","jetpack_publicize_message":"","jetpack_is_tweetstorm":false,"jetpack_publicize_feature_enabled":true},"categories":[6502],"tags":[1414,6883,6516,6712,8186,6544,7302,6891],"jetpack_publicize_connections":[],"yoast_head":"<!-- This site is optimized with the Yoast SEO plugin v19.1 - https:\/\/yoast.com\/wordpress\/plugins\/seo\/ -->\n<title>Mimoza : M\u00c3\u00ab k\u00c3\u00abrko falje publikisht | Big Brother Albania 2<\/title>\n<meta name=\"description\" content=\"Big Brother Albania 2 - Adi e ka pyetur Mimoz\u00c3\u00abn se p\u00c3\u00abr \u00c3\u00a7far\u00c3\u00ab shansi e ka fjal\u00c3\u00abn se do t\u00e2\u20ac\u2122i jap\u00c3\u00ab dhe Mimoza ia ka kthyer se e ka fjal\u00c3\u00abn p\u00c3\u00abr t\u00c3\u00ab ndjenjur edhe nj\u00c3\u00abher\u00c3\u00ab si\u00c3\u00a7 kishin qen\u00c3\u00ab.\" \/>\n<meta name=\"robots\" content=\"index, follow, max-snippet:-1, max-image-preview:large, max-video-preview:-1\" \/>\n<link rel=\"canonical\" href=\"https:\/\/www.visit-ulcinj.com\/blog\/2009\/03\/19\/mimoza-me-kerko-falje-publikisht\/\" \/>\n<meta property=\"og:locale\" content=\"en_US\" \/>\n<meta property=\"og:type\" content=\"article\" \/>\n<meta property=\"og:title\" content=\"Mimoza : M\u00c3\u00ab k\u00c3\u00abrko falje publikisht | Big Brother Albania 2\" \/>\n<meta property=\"og:description\" content=\"Big Brother Albania 2 - Adi e ka pyetur Mimoz\u00c3\u00abn se p\u00c3\u00abr \u00c3\u00a7far\u00c3\u00ab shansi e ka fjal\u00c3\u00abn se do t\u00e2\u20ac\u2122i jap\u00c3\u00ab dhe Mimoza ia ka kthyer se e ka fjal\u00c3\u00abn p\u00c3\u00abr t\u00c3\u00ab ndjenjur edhe nj\u00c3\u00abher\u00c3\u00ab si\u00c3\u00a7 kishin qen\u00c3\u00ab.\" \/>\n<meta property=\"og:url\" content=\"https:\/\/www.visit-ulcinj.com\/blog\/2009\/03\/19\/mimoza-me-kerko-falje-publikisht\/\" \/>\n<meta property=\"og:site_name\" content=\"Lajme nga Ulqini\" \/>\n<meta property=\"article:published_time\" content=\"2009-03-19T21:31:05+00:00\" \/>\n<meta property=\"og:image\" content=\"http:\/\/www.visit-ulcinj.com\/blog\/wp-content\/uploads\/2009\/03\/moza-i-kerkon-falje-adit.jpg\" \/>\n<meta name=\"twitter:label1\" content=\"Written by\" \/>\n\t<meta name=\"twitter:data1\" content=\"ulqini\" \/>\n\t<meta name=\"twitter:label2\" content=\"Est. reading time\" \/>\n\t<meta name=\"twitter:data2\" content=\"1 minute\" \/>\n<script type=\"application\/ld+json\" class=\"yoast-schema-graph\">{\"@context\":\"https:\/\/schema.org\",\"@graph\":[{\"@type\":\"WebSite\",\"@id\":\"https:\/\/www.visit-ulcinj.com\/blog\/#website\",\"url\":\"https:\/\/www.visit-ulcinj.com\/blog\/\",\"name\":\"Lajme nga Ulqini\",\"description\":\"Lajme,Vijesti,Ulqini,Ulqin,Crna Gora,Mali i Zi\",\"potentialAction\":[{\"@type\":\"SearchAction\",\"target\":{\"@type\":\"EntryPoint\",\"urlTemplate\":\"https:\/\/www.visit-ulcinj.com\/blog\/?s={search_term_string}\"},\"query-input\":\"required name=search_term_string\"}],\"inLanguage\":\"en-US\"},{\"@type\":\"ImageObject\",\"inLanguage\":\"en-US\",\"@id\":\"https:\/\/www.visit-ulcinj.com\/blog\/2009\/03\/19\/mimoza-me-kerko-falje-publikisht\/#primaryimage\",\"url\":\"http:\/\/www.visit-ulcinj.com\/blog\/wp-content\/uploads\/2009\/03\/moza-i-kerkon-falje-adit.jpg\",\"contentUrl\":\"http:\/\/www.visit-ulcinj.com\/blog\/wp-content\/uploads\/2009\/03\/moza-i-kerkon-falje-adit.jpg\"},{\"@type\":\"WebPage\",\"@id\":\"https:\/\/www.visit-ulcinj.com\/blog\/2009\/03\/19\/mimoza-me-kerko-falje-publikisht\/#webpage\",\"url\":\"https:\/\/www.visit-ulcinj.com\/blog\/2009\/03\/19\/mimoza-me-kerko-falje-publikisht\/\",\"name\":\"Mimoza : M\u00c3\u00ab k\u00c3\u00abrko falje publikisht | Big Brother Albania 2\",\"isPartOf\":{\"@id\":\"https:\/\/www.visit-ulcinj.com\/blog\/#website\"},\"primaryImageOfPage\":{\"@id\":\"https:\/\/www.visit-ulcinj.com\/blog\/2009\/03\/19\/mimoza-me-kerko-falje-publikisht\/#primaryimage\"},\"datePublished\":\"2009-03-19T21:31:05+00:00\",\"dateModified\":\"2009-03-19T21:31:05+00:00\",\"author\":{\"@id\":\"https:\/\/www.visit-ulcinj.com\/blog\/#\/schema\/person\/dcab619c614d3038751c63bc2aadc06d\"},\"description\":\"Big Brother Albania 2 - Adi e ka pyetur Mimoz\u00c3\u00abn se p\u00c3\u00abr \u00c3\u00a7far\u00c3\u00ab shansi e ka fjal\u00c3\u00abn se do t\u00e2\u20ac\u2122i jap\u00c3\u00ab dhe Mimoza ia ka kthyer se e ka fjal\u00c3\u00abn p\u00c3\u00abr t\u00c3\u00ab ndjenjur edhe nj\u00c3\u00abher\u00c3\u00ab si\u00c3\u00a7 kishin qen\u00c3\u00ab.\",\"breadcrumb\":{\"@id\":\"https:\/\/www.visit-ulcinj.com\/blog\/2009\/03\/19\/mimoza-me-kerko-falje-publikisht\/#breadcrumb\"},\"inLanguage\":\"en-US\",\"potentialAction\":[{\"@type\":\"ReadAction\",\"target\":[\"https:\/\/www.visit-ulcinj.com\/blog\/2009\/03\/19\/mimoza-me-kerko-falje-publikisht\/\"]}]},{\"@type\":\"BreadcrumbList\",\"@id\":\"https:\/\/www.visit-ulcinj.com\/blog\/2009\/03\/19\/mimoza-me-kerko-falje-publikisht\/#breadcrumb\",\"itemListElement\":[{\"@type\":\"ListItem\",\"position\":1,\"name\":\"Mimoza : M\u00eb k\u00ebrko falje publikisht\"}]},{\"@type\":\"Person\",\"@id\":\"https:\/\/www.visit-ulcinj.com\/blog\/#\/schema\/person\/dcab619c614d3038751c63bc2aadc06d\",\"name\":\"ulqini\",\"sameAs\":[\"http:\/\/www.visit-ulcinj.com\"],\"url\":\"https:\/\/www.visit-ulcinj.com\/blog\/author\/admin\/\"}]}<\/script>\n<!-- \/ Yoast SEO plugin. -->","yoast_head_json":{"title":"Mimoza : M\u00c3\u00ab k\u00c3\u00abrko falje publikisht | Big Brother Albania 2","description":"Big Brother Albania 2 - Adi e ka pyetur Mimoz\u00c3\u00abn se p\u00c3\u00abr \u00c3\u00a7far\u00c3\u00ab shansi e ka fjal\u00c3\u00abn se do t\u00e2\u20ac\u2122i jap\u00c3\u00ab dhe Mimoza ia ka kthyer se e ka fjal\u00c3\u00abn p\u00c3\u00abr t\u00c3\u00ab ndjenjur edhe nj\u00c3\u00abher\u00c3\u00ab si\u00c3\u00a7 kishin qen\u00c3\u00ab.","robots":{"index":"index","follow":"follow","max-snippet":"max-snippet:-1","max-image-preview":"max-image-preview:large","max-video-preview":"max-video-preview:-1"},"canonical":"https:\/\/www.visit-ulcinj.com\/blog\/2009\/03\/19\/mimoza-me-kerko-falje-publikisht\/","og_locale":"en_US","og_type":"article","og_title":"Mimoza : M\u00c3\u00ab k\u00c3\u00abrko falje publikisht | Big Brother Albania 2","og_description":"Big Brother Albania 2 - Adi e ka pyetur Mimoz\u00c3\u00abn se p\u00c3\u00abr \u00c3\u00a7far\u00c3\u00ab shansi e ka fjal\u00c3\u00abn se do t\u00e2\u20ac\u2122i jap\u00c3\u00ab dhe Mimoza ia ka kthyer se e ka fjal\u00c3\u00abn p\u00c3\u00abr t\u00c3\u00ab ndjenjur edhe nj\u00c3\u00abher\u00c3\u00ab si\u00c3\u00a7 kishin qen\u00c3\u00ab.","og_url":"https:\/\/www.visit-ulcinj.com\/blog\/2009\/03\/19\/mimoza-me-kerko-falje-publikisht\/","og_site_name":"Lajme nga Ulqini","article_published_time":"2009-03-19T21:31:05+00:00","og_image":[{"url":"http:\/\/www.visit-ulcinj.com\/blog\/wp-content\/uploads\/2009\/03\/moza-i-kerkon-falje-adit.jpg"}],"twitter_misc":{"Written by":"ulqini","Est. reading time":"1 minute"},"schema":{"@context":"https:\/\/schema.org","@graph":[{"@type":"WebSite","@id":"https:\/\/www.visit-ulcinj.com\/blog\/#website","url":"https:\/\/www.visit-ulcinj.com\/blog\/","name":"Lajme nga Ulqini","description":"Lajme,Vijesti,Ulqini,Ulqin,Crna Gora,Mali i Zi","potentialAction":[{"@type":"SearchAction","target":{"@type":"EntryPoint","urlTemplate":"https:\/\/www.visit-ulcinj.com\/blog\/?s={search_term_string}"},"query-input":"required name=search_term_string"}],"inLanguage":"en-US"},{"@type":"ImageObject","inLanguage":"en-US","@id":"https:\/\/www.visit-ulcinj.com\/blog\/2009\/03\/19\/mimoza-me-kerko-falje-publikisht\/#primaryimage","url":"http:\/\/www.visit-ulcinj.com\/blog\/wp-content\/uploads\/2009\/03\/moza-i-kerkon-falje-adit.jpg","contentUrl":"http:\/\/www.visit-ulcinj.com\/blog\/wp-content\/uploads\/2009\/03\/moza-i-kerkon-falje-adit.jpg"},{"@type":"WebPage","@id":"https:\/\/www.visit-ulcinj.com\/blog\/2009\/03\/19\/mimoza-me-kerko-falje-publikisht\/#webpage","url":"https:\/\/www.visit-ulcinj.com\/blog\/2009\/03\/19\/mimoza-me-kerko-falje-publikisht\/","name":"Mimoza : M\u00c3\u00ab k\u00c3\u00abrko falje publikisht | Big Brother Albania 2","isPartOf":{"@id":"https:\/\/www.visit-ulcinj.com\/blog\/#website"},"primaryImageOfPage":{"@id":"https:\/\/www.visit-ulcinj.com\/blog\/2009\/03\/19\/mimoza-me-kerko-falje-publikisht\/#primaryimage"},"datePublished":"2009-03-19T21:31:05+00:00","dateModified":"2009-03-19T21:31:05+00:00","author":{"@id":"https:\/\/www.visit-ulcinj.com\/blog\/#\/schema\/person\/dcab619c614d3038751c63bc2aadc06d"},"description":"Big Brother Albania 2 - Adi e ka pyetur Mimoz\u00c3\u00abn se p\u00c3\u00abr \u00c3\u00a7far\u00c3\u00ab shansi e ka fjal\u00c3\u00abn se do t\u00e2\u20ac\u2122i jap\u00c3\u00ab dhe Mimoza ia ka kthyer se e ka fjal\u00c3\u00abn p\u00c3\u00abr t\u00c3\u00ab ndjenjur edhe nj\u00c3\u00abher\u00c3\u00ab si\u00c3\u00a7 kishin qen\u00c3\u00ab.","breadcrumb":{"@id":"https:\/\/www.visit-ulcinj.com\/blog\/2009\/03\/19\/mimoza-me-kerko-falje-publikisht\/#breadcrumb"},"inLanguage":"en-US","potentialAction":[{"@type":"ReadAction","target":["https:\/\/www.visit-ulcinj.com\/blog\/2009\/03\/19\/mimoza-me-kerko-falje-publikisht\/"]}]},{"@type":"BreadcrumbList","@id":"https:\/\/www.visit-ulcinj.com\/blog\/2009\/03\/19\/mimoza-me-kerko-falje-publikisht\/#breadcrumb","itemListElement":[{"@type":"ListItem","position":1,"name":"Mimoza : M\u00eb k\u00ebrko falje publikisht"}]},{"@type":"Person","@id":"https:\/\/www.visit-ulcinj.com\/blog\/#\/schema\/person\/dcab619c614d3038751c63bc2aadc06d","name":"ulqini","sameAs":["http:\/\/www.visit-ulcinj.com"],"url":"https:\/\/www.visit-ulcinj.com\/blog\/author\/admin\/"}]}},"jetpack_featured_media_url":"","jetpack_sharing_enabled":true,"jetpack_shortlink":"https:\/\/wp.me\/pe6lTn-3SE","_links":{"self":[{"href":"https:\/\/www.visit-ulcinj.com\/blog\/wp-json\/wp\/v2\/posts\/14920"}],"collection":[{"href":"https:\/\/www.visit-ulcinj.com\/blog\/wp-json\/wp\/v2\/posts"}],"about":[{"href":"https:\/\/www.visit-ulcinj.com\/blog\/wp-json\/wp\/v2\/types\/post"}],"author":[{"embeddable":true,"href":"https:\/\/www.visit-ulcinj.com\/blog\/wp-json\/wp\/v2\/users\/1"}],"replies":[{"embeddable":true,"href":"https:\/\/www.visit-ulcinj.com\/blog\/wp-json\/wp\/v2\/comments?post=14920"}],"version-history":[{"count":0,"href":"https:\/\/www.visit-ulcinj.com\/blog\/wp-json\/wp\/v2\/posts\/14920\/revisions"}],"wp:attachment":[{"href":"https:\/\/www.visit-ulcinj.com\/blog\/wp-json\/wp\/v2\/media?parent=14920"}],"wp:term":[{"taxonomy":"category","embeddable":true,"href":"https:\/\/www.visit-ulcinj.com\/blog\/wp-json\/wp\/v2\/categories?post=14920"},{"taxonomy":"post_tag","embeddable":true,"href":"https:\/\/www.visit-ulcinj.com\/blog\/wp-json\/wp\/v2\/tags?post=14920"}],"curies":[{"name":"wp","href":"https:\/\/api.w.org\/{rel}","templated":true}]}}