{"id":1493,"date":"2008-05-07T15:04:24","date_gmt":"2008-05-07T20:04:24","guid":{"rendered":"http:\/\/www.visit-ulcinj.com\/blog\/?p=1493"},"modified":"2008-05-07T15:09:03","modified_gmt":"2008-05-07T20:09:03","slug":"shkreli-mospjesemarrja-per-arsye-objektive","status":"publish","type":"post","link":"https:\/\/www.visit-ulcinj.com\/blog\/2008\/05\/07\/shkreli-mospjesemarrja-per-arsye-objektive\/","title":{"rendered":"Shkreli: Mospjes\u00ebmarrja p\u00ebr arsye objektive"},"content":{"rendered":"<p><img loading=\"lazy\" class=\"alignleft\" style=\"float: left;\" src=\"http:\/\/www.visit-ulcinj.com\/blog\/wp-content\/uploads\/2008\/01\/luigj-shkrela.jpg\" alt=\"\" width=\"373\" height=\"245\" \/>Deputeti i PDS-s\u00eb Luigj Shkreli thot\u00eb se arsyeja e mospjes\u00ebmarrjes s\u00eb tij n\u00eb mbledhjen konstitutive t\u00eb K\u00ebshillit Nacional Shqiptar, t\u00eb mbajtur t\u00eb shtun\u00ebn n\u00eb Ulqin, ka qen\u00eb objektive p\u00ebr shkak se nuk ka qen\u00eb at\u00eb dit\u00eb n\u00eb Ulqin p\u00ebr arsye t\u00eb obligimeve t\u00eb marra q\u00eb m\u00eb par\u00eb. Megjithat\u00eb ai e \u00e7mon t\u00eb panevojsh\u00ebm konstituimin me aq urgjenc\u00eb t\u00eb K\u00ebshillit Nacional Shqiptar pasi q\u00eb, sipas tij, ka qen\u00eb e nevojshme t\u00eb b\u00ebhen konsultime paraprake. Nd\u00ebrkaq, ai paralajm\u00ebron se n\u00eb mbledhjen e ardhshme t\u00eb K\u00ebshillit Nacional, ku pritet t\u00eb zgjedhet kryetari, do t\u00eb marr\u00eb pjes\u00eb n\u00ebse do t\u00eb jet\u00eb n\u00eb Ulqin. &#8220;Nuk kam asnj\u00eb arsye q\u00eb t\u00eb mos marr pjes\u00eb mbledhjen e K\u00ebshillit Nacional Shqiptar sepse vet\u00eb p\u00ebrfaq\u00ebsimi n\u00eb t\u00eb \u00ebsht\u00eb p\u00ebr mua privilegj&#8221;, thot\u00eb Shkreli.<\/p>\n<p><strong>I.K<br \/>\nKOHA JAVORE<\/strong><\/p>\n","protected":false},"excerpt":{"rendered":"<p><img loading=\"lazy\" class=\"alignleft\" style=\"float: left;\" src=\"http:\/\/www.visit-ulcinj.com\/blog\/wp-content\/uploads\/2008\/01\/luigj-shkrela.jpg\" alt=\"\" width=\"140\" height=\"140\" \/><\/p>\n","protected":false},"author":1,"featured_media":0,"comment_status":"open","ping_status":"closed","sticky":false,"template":"","format":"standard","meta":{"spay_email":"","jetpack_publicize_message":"","jetpack_is_tweetstorm":false,"jetpack_publicize_feature_enabled":true},"categories":[6,12],"tags":[3069,3044,729],"jetpack_publicize_connections":[],"yoast_head":"<!-- This site is optimized with the Yoast SEO plugin v19.1 - https:\/\/yoast.com\/wordpress\/plugins\/seo\/ -->\n<title>Shkreli: Mospjes\u00ebmarrja p\u00ebr arsye objektive - Lajme nga Ulqini<\/title>\n<meta name=\"robots\" content=\"index, follow, max-snippet:-1, max-image-preview:large, max-video-preview:-1\" \/>\n<link rel=\"canonical\" href=\"https:\/\/www.visit-ulcinj.com\/blog\/2008\/05\/07\/shkreli-mospjesemarrja-per-arsye-objektive\/\" \/>\n<meta property=\"og:locale\" content=\"en_US\" \/>\n<meta property=\"og:type\" content=\"article\" \/>\n<meta property=\"og:title\" content=\"Shkreli: Mospjes\u00ebmarrja p\u00ebr arsye objektive - Lajme nga Ulqini\" \/>\n<meta property=\"og:url\" content=\"https:\/\/www.visit-ulcinj.com\/blog\/2008\/05\/07\/shkreli-mospjesemarrja-per-arsye-objektive\/\" \/>\n<meta property=\"og:site_name\" content=\"Lajme nga Ulqini\" \/>\n<meta property=\"article:published_time\" content=\"2008-05-07T20:04:24+00:00\" \/>\n<meta property=\"article:modified_time\" content=\"2008-05-07T20:09:03+00:00\" \/>\n<meta property=\"og:image\" content=\"http:\/\/www.visit-ulcinj.com\/blog\/wp-content\/uploads\/2008\/01\/luigj-shkrela.jpg\" \/>\n<meta name=\"twitter:label1\" content=\"Written by\" \/>\n\t<meta name=\"twitter:data1\" content=\"ulqini\" \/>\n\t<meta name=\"twitter:label2\" content=\"Est. reading time\" \/>\n\t<meta name=\"twitter:data2\" content=\"1 minute\" \/>\n<script type=\"application\/ld+json\" class=\"yoast-schema-graph\">{\"@context\":\"https:\/\/schema.org\",\"@graph\":[{\"@type\":\"WebSite\",\"@id\":\"https:\/\/www.visit-ulcinj.com\/blog\/#website\",\"url\":\"https:\/\/www.visit-ulcinj.com\/blog\/\",\"name\":\"Lajme nga Ulqini\",\"description\":\"Lajme,Vijesti,Ulqini,Ulqin,Crna Gora,Mali i Zi\",\"potentialAction\":[{\"@type\":\"SearchAction\",\"target\":{\"@type\":\"EntryPoint\",\"urlTemplate\":\"https:\/\/www.visit-ulcinj.com\/blog\/?s={search_term_string}\"},\"query-input\":\"required name=search_term_string\"}],\"inLanguage\":\"en-US\"},{\"@type\":\"ImageObject\",\"inLanguage\":\"en-US\",\"@id\":\"https:\/\/www.visit-ulcinj.com\/blog\/2008\/05\/07\/shkreli-mospjesemarrja-per-arsye-objektive\/#primaryimage\",\"url\":\"http:\/\/www.visit-ulcinj.com\/blog\/wp-content\/uploads\/2008\/01\/luigj-shkrela.jpg\",\"contentUrl\":\"http:\/\/www.visit-ulcinj.com\/blog\/wp-content\/uploads\/2008\/01\/luigj-shkrela.jpg\"},{\"@type\":\"WebPage\",\"@id\":\"https:\/\/www.visit-ulcinj.com\/blog\/2008\/05\/07\/shkreli-mospjesemarrja-per-arsye-objektive\/#webpage\",\"url\":\"https:\/\/www.visit-ulcinj.com\/blog\/2008\/05\/07\/shkreli-mospjesemarrja-per-arsye-objektive\/\",\"name\":\"Shkreli: Mospjes\u00ebmarrja p\u00ebr arsye objektive - Lajme nga Ulqini\",\"isPartOf\":{\"@id\":\"https:\/\/www.visit-ulcinj.com\/blog\/#website\"},\"primaryImageOfPage\":{\"@id\":\"https:\/\/www.visit-ulcinj.com\/blog\/2008\/05\/07\/shkreli-mospjesemarrja-per-arsye-objektive\/#primaryimage\"},\"datePublished\":\"2008-05-07T20:04:24+00:00\",\"dateModified\":\"2008-05-07T20:09:03+00:00\",\"author\":{\"@id\":\"https:\/\/www.visit-ulcinj.com\/blog\/#\/schema\/person\/dcab619c614d3038751c63bc2aadc06d\"},\"breadcrumb\":{\"@id\":\"https:\/\/www.visit-ulcinj.com\/blog\/2008\/05\/07\/shkreli-mospjesemarrja-per-arsye-objektive\/#breadcrumb\"},\"inLanguage\":\"en-US\",\"potentialAction\":[{\"@type\":\"ReadAction\",\"target\":[\"https:\/\/www.visit-ulcinj.com\/blog\/2008\/05\/07\/shkreli-mospjesemarrja-per-arsye-objektive\/\"]}]},{\"@type\":\"BreadcrumbList\",\"@id\":\"https:\/\/www.visit-ulcinj.com\/blog\/2008\/05\/07\/shkreli-mospjesemarrja-per-arsye-objektive\/#breadcrumb\",\"itemListElement\":[{\"@type\":\"ListItem\",\"position\":1,\"name\":\"Shkreli: Mospjes\u00ebmarrja p\u00ebr arsye objektive\"}]},{\"@type\":\"Person\",\"@id\":\"https:\/\/www.visit-ulcinj.com\/blog\/#\/schema\/person\/dcab619c614d3038751c63bc2aadc06d\",\"name\":\"ulqini\",\"sameAs\":[\"http:\/\/www.visit-ulcinj.com\"],\"url\":\"https:\/\/www.visit-ulcinj.com\/blog\/author\/admin\/\"}]}<\/script>\n<!-- \/ Yoast SEO plugin. -->","yoast_head_json":{"title":"Shkreli: Mospjes\u00ebmarrja p\u00ebr arsye objektive - Lajme nga Ulqini","robots":{"index":"index","follow":"follow","max-snippet":"max-snippet:-1","max-image-preview":"max-image-preview:large","max-video-preview":"max-video-preview:-1"},"canonical":"https:\/\/www.visit-ulcinj.com\/blog\/2008\/05\/07\/shkreli-mospjesemarrja-per-arsye-objektive\/","og_locale":"en_US","og_type":"article","og_title":"Shkreli: Mospjes\u00ebmarrja p\u00ebr arsye objektive - Lajme nga Ulqini","og_url":"https:\/\/www.visit-ulcinj.com\/blog\/2008\/05\/07\/shkreli-mospjesemarrja-per-arsye-objektive\/","og_site_name":"Lajme nga Ulqini","article_published_time":"2008-05-07T20:04:24+00:00","article_modified_time":"2008-05-07T20:09:03+00:00","og_image":[{"url":"http:\/\/www.visit-ulcinj.com\/blog\/wp-content\/uploads\/2008\/01\/luigj-shkrela.jpg"}],"twitter_misc":{"Written by":"ulqini","Est. reading time":"1 minute"},"schema":{"@context":"https:\/\/schema.org","@graph":[{"@type":"WebSite","@id":"https:\/\/www.visit-ulcinj.com\/blog\/#website","url":"https:\/\/www.visit-ulcinj.com\/blog\/","name":"Lajme nga Ulqini","description":"Lajme,Vijesti,Ulqini,Ulqin,Crna Gora,Mali i Zi","potentialAction":[{"@type":"SearchAction","target":{"@type":"EntryPoint","urlTemplate":"https:\/\/www.visit-ulcinj.com\/blog\/?s={search_term_string}"},"query-input":"required name=search_term_string"}],"inLanguage":"en-US"},{"@type":"ImageObject","inLanguage":"en-US","@id":"https:\/\/www.visit-ulcinj.com\/blog\/2008\/05\/07\/shkreli-mospjesemarrja-per-arsye-objektive\/#primaryimage","url":"http:\/\/www.visit-ulcinj.com\/blog\/wp-content\/uploads\/2008\/01\/luigj-shkrela.jpg","contentUrl":"http:\/\/www.visit-ulcinj.com\/blog\/wp-content\/uploads\/2008\/01\/luigj-shkrela.jpg"},{"@type":"WebPage","@id":"https:\/\/www.visit-ulcinj.com\/blog\/2008\/05\/07\/shkreli-mospjesemarrja-per-arsye-objektive\/#webpage","url":"https:\/\/www.visit-ulcinj.com\/blog\/2008\/05\/07\/shkreli-mospjesemarrja-per-arsye-objektive\/","name":"Shkreli: Mospjes\u00ebmarrja p\u00ebr arsye objektive - Lajme nga Ulqini","isPartOf":{"@id":"https:\/\/www.visit-ulcinj.com\/blog\/#website"},"primaryImageOfPage":{"@id":"https:\/\/www.visit-ulcinj.com\/blog\/2008\/05\/07\/shkreli-mospjesemarrja-per-arsye-objektive\/#primaryimage"},"datePublished":"2008-05-07T20:04:24+00:00","dateModified":"2008-05-07T20:09:03+00:00","author":{"@id":"https:\/\/www.visit-ulcinj.com\/blog\/#\/schema\/person\/dcab619c614d3038751c63bc2aadc06d"},"breadcrumb":{"@id":"https:\/\/www.visit-ulcinj.com\/blog\/2008\/05\/07\/shkreli-mospjesemarrja-per-arsye-objektive\/#breadcrumb"},"inLanguage":"en-US","potentialAction":[{"@type":"ReadAction","target":["https:\/\/www.visit-ulcinj.com\/blog\/2008\/05\/07\/shkreli-mospjesemarrja-per-arsye-objektive\/"]}]},{"@type":"BreadcrumbList","@id":"https:\/\/www.visit-ulcinj.com\/blog\/2008\/05\/07\/shkreli-mospjesemarrja-per-arsye-objektive\/#breadcrumb","itemListElement":[{"@type":"ListItem","position":1,"name":"Shkreli: Mospjes\u00ebmarrja p\u00ebr arsye objektive"}]},{"@type":"Person","@id":"https:\/\/www.visit-ulcinj.com\/blog\/#\/schema\/person\/dcab619c614d3038751c63bc2aadc06d","name":"ulqini","sameAs":["http:\/\/www.visit-ulcinj.com"],"url":"https:\/\/www.visit-ulcinj.com\/blog\/author\/admin\/"}]}},"jetpack_featured_media_url":"","jetpack_sharing_enabled":true,"jetpack_shortlink":"https:\/\/wp.me\/pe6lTn-o5","_links":{"self":[{"href":"https:\/\/www.visit-ulcinj.com\/blog\/wp-json\/wp\/v2\/posts\/1493"}],"collection":[{"href":"https:\/\/www.visit-ulcinj.com\/blog\/wp-json\/wp\/v2\/posts"}],"about":[{"href":"https:\/\/www.visit-ulcinj.com\/blog\/wp-json\/wp\/v2\/types\/post"}],"author":[{"embeddable":true,"href":"https:\/\/www.visit-ulcinj.com\/blog\/wp-json\/wp\/v2\/users\/1"}],"replies":[{"embeddable":true,"href":"https:\/\/www.visit-ulcinj.com\/blog\/wp-json\/wp\/v2\/comments?post=1493"}],"version-history":[{"count":0,"href":"https:\/\/www.visit-ulcinj.com\/blog\/wp-json\/wp\/v2\/posts\/1493\/revisions"}],"wp:attachment":[{"href":"https:\/\/www.visit-ulcinj.com\/blog\/wp-json\/wp\/v2\/media?parent=1493"}],"wp:term":[{"taxonomy":"category","embeddable":true,"href":"https:\/\/www.visit-ulcinj.com\/blog\/wp-json\/wp\/v2\/categories?post=1493"},{"taxonomy":"post_tag","embeddable":true,"href":"https:\/\/www.visit-ulcinj.com\/blog\/wp-json\/wp\/v2\/tags?post=1493"}],"curies":[{"name":"wp","href":"https:\/\/api.w.org\/{rel}","templated":true}]}}