{"id":1494,"date":"2008-05-07T15:17:49","date_gmt":"2008-05-07T20:17:49","guid":{"rendered":"http:\/\/www.visit-ulcinj.com\/blog\/?p=1494"},"modified":"2008-05-07T15:19:21","modified_gmt":"2008-05-07T20:19:21","slug":"kosovsko-trziste-nije-jedino","status":"publish","type":"post","link":"https:\/\/www.visit-ulcinj.com\/blog\/2008\/05\/07\/kosovsko-trziste-nije-jedino\/","title":{"rendered":"Munib Abazovi?:Kosovsko tr\u017ei\u0161te nije jedino"},"content":{"rendered":"<p><a href=\"http:\/\/www.visit-ulcinj.com\/blog\/wp-content\/uploads\/2008\/05\/minib-abazi.jpg\"><img loading=\"lazy\" class=\"alignleft attachment wp-att-1495\" style=\"float: left;\" src=\"http:\/\/www.visit-ulcinj.com\/blog\/wp-content\/uploads\/2008\/05\/minib-abazi.thumbnail.jpg\" alt=\"MUNIB ABAZI\" width=\"192\" height=\"200\" \/><\/a><strong>Uprkos hroni?nom nedostatku hotelskih kapaciteta, turisti?ki poslenici u ulcinju optimisti<\/strong><br \/>\nUlcinj-Desetkovani hotelski kapaciteti, otkazi klju?nih njema?kih tur-operatora i neizvjestan masovan dolazak tradicionalnih gostiju sa Kosova, nijesu umanjili optimizam turisti?kih poslenika Ulcinja u pogledu uspje\u0161nosti nastupaju?e turisti?ke sezone.<br \/>\nVlasnik TA \u201eBonita\u201c Munib Abazovi? kazao je \u201eda ta tri aspekta mogu biti minus, ali da u krajnjoj konsekvenci ne moraju dominantno uticati na sezonu\u201c.<br \/>\n&#8211; Ta?no je da Ulcinj nema dovoljno hotelskih smje\u0161tajnih kapaciteta, ali to nije ni\u0161ta novo. Veliko ohrabrenje predstavlja dolazak ?uvene kompanije \u201eIberostar\u201c u Ulcinj, koja ?e u renoviranom \u201eOtrantu\u201c prve goste primiti 1. avgusta &#8211; rekao je Abazovi? za \u201eVijesti\u201c.<br \/>\nOd hotela, koji su decenijama bili lokomotiva razvoja ulcinjskog turizma, ove sezone u fukciji ?e biti \u201cOlimpik\u201c i \u201eBelvi\u201c na Velikoj pla\u017ei i nudisti?ko naselje na Adi Bojani, koji posluju u okviru HTP \u201eUlcinjska rivijera\u201c, vile \u201eMediterana\u201c, hotel \u201eAlbatros\u201c i od avgusta \u201cOtrant\u201c.<br \/>\n\u201eGaleb\u201c je ve? sru\u0161en, a kako nezvani?no saznajemo, takva sudbina uskoro ?e zadesiti i \u201eLido\u201c na Velikoj pla\u017ei.<br \/>\nNovi vlasnici tih hotela najavili su da ?e u narednih godinu -dvije, na istom mjestu sagraditi luksuzne objekte visoke kategorije.<br \/>\nVojno odmarali\u0161e u Valdanosu, gdje je u toku rasprodaja cjelokupne pokretne imovine, ?eka zakupca i neko drugo ljeto.<br \/>\nAbazovi? isti?e da je u nedostatku hotelskih kapaciteta, primat u Ulcinju ve? odavno preuzeo privatni smje\u0161taj.<br \/>\n&#8211; Smje\u0161taj u privatnim hotelima i doma?instvima dominantan je u Ulcinju i na vrlo zavidnom nivou. To je, uz kupali\u0161ta, trenutno najkvalitetniji turisti?ki proizvod Ulcinja- tvrdi Abazovi?.<br \/>\nOn je istakao da je Ulcinj vrlo jeftina destinacija i ocijenio da fali saradnja me?uop\u0161tinskih turisti?kih organizacija.<a href=\"http:\/\/www.visit-ulcinj.com\/blog\/wp-content\/uploads\/2008\/04\/velika-plaza1.jpg\"><img loading=\"lazy\" class=\"alignright attachment wp-att-1342\" style=\"float: right;\" src=\"http:\/\/www.visit-ulcinj.com\/blog\/wp-content\/uploads\/2008\/04\/velika-plaza1.thumbnail.jpg\" alt=\"velika plaza1\" width=\"200\" height=\"134\" \/><\/a><br \/>\n-Kada je, recimo, Budva puna, gosti koji dolaze mogli bi se preusmjeriti ka Ulcinju. To je ono na ?emu bi trebalo da radimo ba\u0161 kao i na osvajanju drugih turisti?kih tr\u017ei\u0161ta. Kosovsko tr\u017ei\u0161te za nas je interesantno ve? godinama, ali nije jedino. Primjera radi, da slo\u017eno poradimo na promociji na\u0161eg turisti?kog proizvoda, uvjeren sam da bi Ulcinj vrvio od Ma?ara &#8211; ocijenio je Abazovi?. On je dodao da je za dolazak turista sa Kosova, ove godine neophodna ?vrsta garancija MUP-a za bezbjedan prolaz do Ulcinja.<br \/>\nOsim problema sa nedostatkom hotelskih kapaciteta, Ulcinj je od svih ostalih primorskih gradova najvi\u0161e pogo?en odlukom ?uvenog njema?kog tur-operatora \u201cNekerman\u201c da ove godine ne leti u Tivat.<br \/>\n&#8211; Vratili smo se 27 godina unazad kada su avioni \u201eNekermana\u201c slijetali isklju?ivo na ?ilipe, ali sada je situacija znatno izmijenjena. Te\u0161ko je zamisliti da ?e se njema?ki turista koji u jeku sezone sleti na ?ilipe, pored Dubrovnika, obli\u017enjeg Herceg Novog, potencijalno i Budve, zaputiti ka Ulcinju ako zna da mu do tamo treba najmanje \u0161est sati puta po nesnosnoj \u017eegi &#8211; konstatovano je na jednom nedavno odr\u017eanom skupu u Starom gradu u Ulcinju.<br \/>\n<strong><br \/>\n<\/strong><img loading=\"lazy\" class=\"alignleft\" style=\"float: left;\" src=\"http:\/\/www.vijesti.cg.yu\/_slike\/1210030544.jpg\" alt=\"\" width=\"290\" height=\"190\" \/><strong> Uzdaju se i u Srbijance<\/strong><br \/>\nUprkos ?injenici da su Njemci bili glavni gosti u predsezoni, direktor nudisti?kog kampa na Adi Bojani Lui? Nocmartini nije previ\u0161e zabrinut.<br \/>\n&#8211; O?ekujemo dobru sezonu. Kamp otvaramo sjutra, kada nam dolaze prvi turisti, a ve? 10. maja sti\u017ee prva ve?a grupa inostranih gostiju. Mo\u017eda njema?kih turista, zbog otkaza \u201cNekermana\u201d ne?e biti u broju kao pro\u0161lih godina, ali sam zato uvjeren da ?e doma?i i gosti iz okru\u017eenja, prije svega Srbije, taj minus pretvoriti u plus &#8211; kazao je Nocmartini.<br \/>\nSa njim je saglasan i Abazovi?.<br \/>\n&#8211; Ne treba da se pitamo ko ?e nam do?i, ve? gdje ?e i u kakvim uslovima odsjesti &#8211; kazao je Abazovi?.<br \/>\n<strong>S.A.<br \/>\nVIJESTI<\/strong><\/p>\n","protected":false},"excerpt":{"rendered":"<p><img loading=\"lazy\" class=\"alignleft attachment wp-att-1495\" style=\"float: left;\" src=\"http:\/\/www.visit-ulcinj.com\/blog\/wp-content\/uploads\/2008\/05\/minib-abazi.thumbnail.jpg\" alt=\"MUNIB ABAZI\" width=\"140\" height=\"140\" \/><\/p>\n","protected":false},"author":1,"featured_media":0,"comment_status":"open","ping_status":"closed","sticky":false,"template":"","format":"standard","meta":{"spay_email":"","jetpack_publicize_message":"","jetpack_is_tweetstorm":false,"jetpack_publicize_feature_enabled":true},"categories":[12,15],"tags":[1881,3070,19],"jetpack_publicize_connections":[],"yoast_head":"<!-- This site is optimized with the Yoast SEO plugin v19.1 - https:\/\/yoast.com\/wordpress\/plugins\/seo\/ -->\n<title>Munib Abazovi?:Kosovsko tr\u017ei\u0161te nije jedino - Lajme nga Ulqini<\/title>\n<meta name=\"robots\" content=\"index, follow, max-snippet:-1, max-image-preview:large, max-video-preview:-1\" \/>\n<link rel=\"canonical\" href=\"https:\/\/www.visit-ulcinj.com\/blog\/2008\/05\/07\/kosovsko-trziste-nije-jedino\/\" \/>\n<meta property=\"og:locale\" content=\"en_US\" \/>\n<meta property=\"og:type\" content=\"article\" \/>\n<meta property=\"og:title\" content=\"Munib Abazovi?:Kosovsko tr\u017ei\u0161te nije jedino - Lajme nga Ulqini\" \/>\n<meta property=\"og:url\" content=\"https:\/\/www.visit-ulcinj.com\/blog\/2008\/05\/07\/kosovsko-trziste-nije-jedino\/\" \/>\n<meta property=\"og:site_name\" content=\"Lajme nga Ulqini\" \/>\n<meta property=\"article:published_time\" content=\"2008-05-07T20:17:49+00:00\" \/>\n<meta property=\"article:modified_time\" content=\"2008-05-07T20:19:21+00:00\" \/>\n<meta property=\"og:image\" content=\"http:\/\/www.visit-ulcinj.com\/blog\/wp-content\/uploads\/2008\/05\/minib-abazi.thumbnail.jpg\" \/>\n<meta name=\"twitter:label1\" content=\"Written by\" \/>\n\t<meta name=\"twitter:data1\" content=\"ulqini\" \/>\n\t<meta name=\"twitter:label2\" content=\"Est. reading time\" \/>\n\t<meta name=\"twitter:data2\" content=\"3 minutes\" \/>\n<script type=\"application\/ld+json\" class=\"yoast-schema-graph\">{\"@context\":\"https:\/\/schema.org\",\"@graph\":[{\"@type\":\"WebSite\",\"@id\":\"https:\/\/www.visit-ulcinj.com\/blog\/#website\",\"url\":\"https:\/\/www.visit-ulcinj.com\/blog\/\",\"name\":\"Lajme nga Ulqini\",\"description\":\"Lajme,Vijesti,Ulqini,Ulqin,Crna Gora,Mali i Zi\",\"potentialAction\":[{\"@type\":\"SearchAction\",\"target\":{\"@type\":\"EntryPoint\",\"urlTemplate\":\"https:\/\/www.visit-ulcinj.com\/blog\/?s={search_term_string}\"},\"query-input\":\"required name=search_term_string\"}],\"inLanguage\":\"en-US\"},{\"@type\":\"ImageObject\",\"inLanguage\":\"en-US\",\"@id\":\"https:\/\/www.visit-ulcinj.com\/blog\/2008\/05\/07\/kosovsko-trziste-nije-jedino\/#primaryimage\",\"url\":\"http:\/\/www.visit-ulcinj.com\/blog\/wp-content\/uploads\/2008\/05\/minib-abazi.thumbnail.jpg\",\"contentUrl\":\"http:\/\/www.visit-ulcinj.com\/blog\/wp-content\/uploads\/2008\/05\/minib-abazi.thumbnail.jpg\"},{\"@type\":\"WebPage\",\"@id\":\"https:\/\/www.visit-ulcinj.com\/blog\/2008\/05\/07\/kosovsko-trziste-nije-jedino\/#webpage\",\"url\":\"https:\/\/www.visit-ulcinj.com\/blog\/2008\/05\/07\/kosovsko-trziste-nije-jedino\/\",\"name\":\"Munib Abazovi?:Kosovsko tr\u017ei\u0161te nije jedino - Lajme nga Ulqini\",\"isPartOf\":{\"@id\":\"https:\/\/www.visit-ulcinj.com\/blog\/#website\"},\"primaryImageOfPage\":{\"@id\":\"https:\/\/www.visit-ulcinj.com\/blog\/2008\/05\/07\/kosovsko-trziste-nije-jedino\/#primaryimage\"},\"datePublished\":\"2008-05-07T20:17:49+00:00\",\"dateModified\":\"2008-05-07T20:19:21+00:00\",\"author\":{\"@id\":\"https:\/\/www.visit-ulcinj.com\/blog\/#\/schema\/person\/dcab619c614d3038751c63bc2aadc06d\"},\"breadcrumb\":{\"@id\":\"https:\/\/www.visit-ulcinj.com\/blog\/2008\/05\/07\/kosovsko-trziste-nije-jedino\/#breadcrumb\"},\"inLanguage\":\"en-US\",\"potentialAction\":[{\"@type\":\"ReadAction\",\"target\":[\"https:\/\/www.visit-ulcinj.com\/blog\/2008\/05\/07\/kosovsko-trziste-nije-jedino\/\"]}]},{\"@type\":\"BreadcrumbList\",\"@id\":\"https:\/\/www.visit-ulcinj.com\/blog\/2008\/05\/07\/kosovsko-trziste-nije-jedino\/#breadcrumb\",\"itemListElement\":[{\"@type\":\"ListItem\",\"position\":1,\"name\":\"Munib Abazovi?:Kosovsko tr\u017ei\u0161te nije jedino\"}]},{\"@type\":\"Person\",\"@id\":\"https:\/\/www.visit-ulcinj.com\/blog\/#\/schema\/person\/dcab619c614d3038751c63bc2aadc06d\",\"name\":\"ulqini\",\"sameAs\":[\"http:\/\/www.visit-ulcinj.com\"],\"url\":\"https:\/\/www.visit-ulcinj.com\/blog\/author\/admin\/\"}]}<\/script>\n<!-- \/ Yoast SEO plugin. -->","yoast_head_json":{"title":"Munib Abazovi?:Kosovsko tr\u017ei\u0161te nije jedino - Lajme nga Ulqini","robots":{"index":"index","follow":"follow","max-snippet":"max-snippet:-1","max-image-preview":"max-image-preview:large","max-video-preview":"max-video-preview:-1"},"canonical":"https:\/\/www.visit-ulcinj.com\/blog\/2008\/05\/07\/kosovsko-trziste-nije-jedino\/","og_locale":"en_US","og_type":"article","og_title":"Munib Abazovi?:Kosovsko tr\u017ei\u0161te nije jedino - Lajme nga Ulqini","og_url":"https:\/\/www.visit-ulcinj.com\/blog\/2008\/05\/07\/kosovsko-trziste-nije-jedino\/","og_site_name":"Lajme nga Ulqini","article_published_time":"2008-05-07T20:17:49+00:00","article_modified_time":"2008-05-07T20:19:21+00:00","og_image":[{"url":"http:\/\/www.visit-ulcinj.com\/blog\/wp-content\/uploads\/2008\/05\/minib-abazi.thumbnail.jpg"}],"twitter_misc":{"Written by":"ulqini","Est. reading time":"3 minutes"},"schema":{"@context":"https:\/\/schema.org","@graph":[{"@type":"WebSite","@id":"https:\/\/www.visit-ulcinj.com\/blog\/#website","url":"https:\/\/www.visit-ulcinj.com\/blog\/","name":"Lajme nga Ulqini","description":"Lajme,Vijesti,Ulqini,Ulqin,Crna Gora,Mali i Zi","potentialAction":[{"@type":"SearchAction","target":{"@type":"EntryPoint","urlTemplate":"https:\/\/www.visit-ulcinj.com\/blog\/?s={search_term_string}"},"query-input":"required name=search_term_string"}],"inLanguage":"en-US"},{"@type":"ImageObject","inLanguage":"en-US","@id":"https:\/\/www.visit-ulcinj.com\/blog\/2008\/05\/07\/kosovsko-trziste-nije-jedino\/#primaryimage","url":"http:\/\/www.visit-ulcinj.com\/blog\/wp-content\/uploads\/2008\/05\/minib-abazi.thumbnail.jpg","contentUrl":"http:\/\/www.visit-ulcinj.com\/blog\/wp-content\/uploads\/2008\/05\/minib-abazi.thumbnail.jpg"},{"@type":"WebPage","@id":"https:\/\/www.visit-ulcinj.com\/blog\/2008\/05\/07\/kosovsko-trziste-nije-jedino\/#webpage","url":"https:\/\/www.visit-ulcinj.com\/blog\/2008\/05\/07\/kosovsko-trziste-nije-jedino\/","name":"Munib Abazovi?:Kosovsko tr\u017ei\u0161te nije jedino - Lajme nga Ulqini","isPartOf":{"@id":"https:\/\/www.visit-ulcinj.com\/blog\/#website"},"primaryImageOfPage":{"@id":"https:\/\/www.visit-ulcinj.com\/blog\/2008\/05\/07\/kosovsko-trziste-nije-jedino\/#primaryimage"},"datePublished":"2008-05-07T20:17:49+00:00","dateModified":"2008-05-07T20:19:21+00:00","author":{"@id":"https:\/\/www.visit-ulcinj.com\/blog\/#\/schema\/person\/dcab619c614d3038751c63bc2aadc06d"},"breadcrumb":{"@id":"https:\/\/www.visit-ulcinj.com\/blog\/2008\/05\/07\/kosovsko-trziste-nije-jedino\/#breadcrumb"},"inLanguage":"en-US","potentialAction":[{"@type":"ReadAction","target":["https:\/\/www.visit-ulcinj.com\/blog\/2008\/05\/07\/kosovsko-trziste-nije-jedino\/"]}]},{"@type":"BreadcrumbList","@id":"https:\/\/www.visit-ulcinj.com\/blog\/2008\/05\/07\/kosovsko-trziste-nije-jedino\/#breadcrumb","itemListElement":[{"@type":"ListItem","position":1,"name":"Munib Abazovi?:Kosovsko tr\u017ei\u0161te nije jedino"}]},{"@type":"Person","@id":"https:\/\/www.visit-ulcinj.com\/blog\/#\/schema\/person\/dcab619c614d3038751c63bc2aadc06d","name":"ulqini","sameAs":["http:\/\/www.visit-ulcinj.com"],"url":"https:\/\/www.visit-ulcinj.com\/blog\/author\/admin\/"}]}},"jetpack_featured_media_url":"","jetpack_sharing_enabled":true,"jetpack_shortlink":"https:\/\/wp.me\/pe6lTn-o6","_links":{"self":[{"href":"https:\/\/www.visit-ulcinj.com\/blog\/wp-json\/wp\/v2\/posts\/1494"}],"collection":[{"href":"https:\/\/www.visit-ulcinj.com\/blog\/wp-json\/wp\/v2\/posts"}],"about":[{"href":"https:\/\/www.visit-ulcinj.com\/blog\/wp-json\/wp\/v2\/types\/post"}],"author":[{"embeddable":true,"href":"https:\/\/www.visit-ulcinj.com\/blog\/wp-json\/wp\/v2\/users\/1"}],"replies":[{"embeddable":true,"href":"https:\/\/www.visit-ulcinj.com\/blog\/wp-json\/wp\/v2\/comments?post=1494"}],"version-history":[{"count":0,"href":"https:\/\/www.visit-ulcinj.com\/blog\/wp-json\/wp\/v2\/posts\/1494\/revisions"}],"wp:attachment":[{"href":"https:\/\/www.visit-ulcinj.com\/blog\/wp-json\/wp\/v2\/media?parent=1494"}],"wp:term":[{"taxonomy":"category","embeddable":true,"href":"https:\/\/www.visit-ulcinj.com\/blog\/wp-json\/wp\/v2\/categories?post=1494"},{"taxonomy":"post_tag","embeddable":true,"href":"https:\/\/www.visit-ulcinj.com\/blog\/wp-json\/wp\/v2\/tags?post=1494"}],"curies":[{"name":"wp","href":"https:\/\/api.w.org\/{rel}","templated":true}]}}