{"id":14954,"date":"2009-03-20T18:57:23","date_gmt":"2009-03-20T17:57:23","guid":{"rendered":"http:\/\/www.visit-ulcinj.com\/blog\/?p=14954"},"modified":"2009-03-20T18:57:23","modified_gmt":"2009-03-20T17:57:23","slug":"maqedonia-s%e2%80%99mundet-pa-malin-e-zi","status":"publish","type":"post","link":"https:\/\/www.visit-ulcinj.com\/blog\/2009\/03\/20\/maqedonia-s%e2%80%99mundet-pa-malin-e-zi\/","title":{"rendered":"Maqedonia s\u2019mundet pa Malin e Zi"},"content":{"rendered":"<p><strong><a href=\"http:\/\/www.visit-ulcinj.com\/blog\/wp-content\/uploads\/2009\/03\/maqedonia-se28099mundet-pa-malin-e-zi.jpg\"><img loading=\"lazy\" class=\"alignleft size-full wp-image-14955\" title=\"maqedonia-se28099mundet-pa-malin-e-zi\" src=\"http:\/\/www.visit-ulcinj.com\/blog\/wp-content\/uploads\/2009\/03\/maqedonia-se28099mundet-pa-malin-e-zi.jpg\" alt=\"maqedonia-se28099mundet-pa-malin-e-zi\" width=\"370\" height=\"176\" \/><\/a>Nuk p\u00ebrjashtohet mund\u00ebsia q\u00eb nj\u00ebsoj si me njohjen e pavar\u00ebsis\u00eb s\u00eb Kosov\u00ebs k\u00ebsaj radhe Maqedonia dhe Mali i Zi p\u00ebrs\u00ebri t\u00eb koordinohen q\u00eb s\u00eb bashku t\u00eb vendosin marr\u00ebdh\u00ebnie diplomatike me Kosov\u00ebn, kan\u00eb th\u00ebn\u00eb p\u00ebr gazet\u00ebn \u201cLajm\u201d t\u00eb Maqedonis\u00eb burime t\u00eb larta qeveritare n\u00eb Shkup.<\/strong><\/p>\n<p>Sipas burimeve t\u00eb nj\u00ebjta s\u00ebrish \u00ebsht\u00eb Mali i Zi i cili dikton tempin p\u00ebr vendosjen e marr\u00ebdh\u00ebnieve bilaterale me fqinjin e ri.<\/p>\n<p>\u201cPo shqyrtohen mund\u00ebsit\u00eb q\u00eb mes dy rretheve zgjedhore t\u00eb vendosen marr\u00ebdh\u00ebniet diplomatike me Kosov\u00ebn por nuk p\u00ebrjashtohet mund\u00ebsia q\u00eb kjo t\u00eb b\u00ebhet edhe n\u00eb koordinim me Malin e Zi p\u00ebr t\u00eb neutralizuar m\u00eb mir\u00eb ndonj\u00eb reagim t\u00eb ashp\u00ebr serb si gjat\u00eb aktit t\u00eb njohjes\u201d, kan\u00eb th\u00ebn\u00eb p\u00ebr k\u00ebt\u00eb gazet\u00eb burime t\u00eb larta qeveritare.<\/p>\n<p>Autoritetet e Ministris\u00eb s\u00eb Pun\u00ebve t\u00eb Jashtme t\u00eb Maqedonis\u00eb jan\u00eb n\u00eb kontakte t\u00eb vazhdueshme me koleg\u00ebt e tyre nga Kosova q\u00eb vendosja e marr\u00ebdh\u00ebnieve t\u00eb b\u00ebhet n\u00eb koh\u00eb sa m\u00eb t\u00eb p\u00ebrshtatshme p\u00ebr t\u00eb dyja pal\u00ebt.<\/p>\n<p>K\u00ebtyre dit\u00ebve ish-kryeministri i Kosov\u00ebs, Agim \u00c7eku ka deklaruar se, koh\u00eb m\u00eb par\u00eb, kryeministri i Malit t\u00eb Zi Millo Gjukaniq i ka konfirmuar se Podgorica dhe Prishtina shum\u00eb shpejt\u00eb do t\u2019i vendosin marr\u00ebdh\u00ebniet diplomatike.<\/p>\n<p>Ndryshe, nj\u00eb koh\u00eb t\u00eb gjat\u00eb autoritetet e Shkupit dhe ato t\u00eb Prishtin\u00ebs paralajm\u00ebrojn\u00eb vendosjen e shpejt\u00eb t\u00eb marr\u00ebdh\u00ebnieve diplomatike mes dy vendeve por nj\u00eb gj\u00eb e till\u00eb assesi t\u00eb ndodh\u00eb.<\/p>\n<p>Koh\u00eb m\u00eb par\u00eb spekulohej se vendosja e marr\u00ebdh\u00ebnieve mes Prishtin\u00ebs dhe Shkupit ka ngecur p\u00ebr shkak se shefja e diplomacis\u00eb greke, Dora Bakoyannis gjat\u00eb vizit\u00ebs q\u00eb i b\u00ebri Prishtin\u00ebs i ka premtuar lidershipit t\u00eb Kosov\u00ebs njohjen greke n\u00ebse Prishtina nuk shpejton me lidhjen e marr\u00ebdh\u00ebnieve bilaterale me Shkupin.<\/p>\n<p><strong>Lajmpress<\/strong><\/p>\n","protected":false},"excerpt":{"rendered":"<p>Nuk p\u00ebrjashtohet mund\u00ebsia q\u00eb nj\u00ebsoj si me njohjen e pavar\u00ebsis\u00eb s\u00eb Kosov\u00ebs k\u00ebsaj radhe Maqedonia dhe Mali i Zi p\u00ebrs\u00ebri t\u00eb koordinohen q\u00eb s\u00eb bashku t\u00eb vendosin marr\u00ebdh\u00ebnie diplomatike me Kosov\u00ebn, kan\u00eb th\u00ebn\u00eb p\u00ebr gazet\u00ebn \u201cLajm\u201d t\u00eb Maqedonis\u00eb burime t\u00eb larta qeveritare n\u00eb Shkup. Sipas burimeve t\u00eb nj\u00ebjta s\u00ebrish \u00ebsht\u00eb Mali i Zi i cili [&hellip;]<\/p>\n","protected":false},"author":1,"featured_media":0,"comment_status":"open","ping_status":"closed","sticky":false,"template":"","format":"standard","meta":{"spay_email":"","jetpack_publicize_message":"","jetpack_is_tweetstorm":false,"jetpack_publicize_feature_enabled":true},"categories":[14],"tags":[8190,8191],"jetpack_publicize_connections":[],"yoast_head":"<!-- This site is optimized with the Yoast SEO plugin v19.1 - https:\/\/yoast.com\/wordpress\/plugins\/seo\/ -->\n<title>Maqedonia s\u2019mundet pa Malin e Zi - Lajme nga Ulqini<\/title>\n<meta name=\"description\" content=\"Nuk p\u00ebrjashtohet mund\u00ebsia q\u00eb nj\u00ebsoj si me njohjen e pavar\u00ebsis\u00eb s\u00eb Kosov\u00ebs k\u00ebsaj radhe Maqedonia dhe Mali i Zi p\u00ebrs\u00ebri t\u00eb koordinohen q\u00eb s\u00eb bashku t\u00eb\" \/>\n<meta name=\"robots\" content=\"index, follow, max-snippet:-1, max-image-preview:large, max-video-preview:-1\" \/>\n<link rel=\"canonical\" href=\"https:\/\/www.visit-ulcinj.com\/blog\/2009\/03\/20\/maqedonia-s\u2019mundet-pa-malin-e-zi\/\" \/>\n<meta property=\"og:locale\" content=\"en_US\" \/>\n<meta property=\"og:type\" content=\"article\" \/>\n<meta property=\"og:title\" content=\"Maqedonia s\u2019mundet pa Malin e Zi - Lajme nga Ulqini\" \/>\n<meta property=\"og:description\" content=\"Nuk p\u00ebrjashtohet mund\u00ebsia q\u00eb nj\u00ebsoj si me njohjen e pavar\u00ebsis\u00eb s\u00eb Kosov\u00ebs k\u00ebsaj radhe Maqedonia dhe Mali i Zi p\u00ebrs\u00ebri t\u00eb koordinohen q\u00eb s\u00eb bashku t\u00eb\" \/>\n<meta property=\"og:url\" content=\"https:\/\/www.visit-ulcinj.com\/blog\/2009\/03\/20\/maqedonia-s\u2019mundet-pa-malin-e-zi\/\" \/>\n<meta property=\"og:site_name\" content=\"Lajme nga Ulqini\" \/>\n<meta property=\"article:published_time\" content=\"2009-03-20T17:57:23+00:00\" \/>\n<meta property=\"og:image\" content=\"http:\/\/www.visit-ulcinj.com\/blog\/wp-content\/uploads\/2009\/03\/maqedonia-se28099mundet-pa-malin-e-zi.jpg\" \/>\n<meta name=\"twitter:label1\" content=\"Written by\" \/>\n\t<meta name=\"twitter:data1\" content=\"ulqini\" \/>\n\t<meta name=\"twitter:label2\" content=\"Est. reading time\" \/>\n\t<meta name=\"twitter:data2\" content=\"2 minutes\" \/>\n<script type=\"application\/ld+json\" class=\"yoast-schema-graph\">{\"@context\":\"https:\/\/schema.org\",\"@graph\":[{\"@type\":\"WebSite\",\"@id\":\"https:\/\/www.visit-ulcinj.com\/blog\/#website\",\"url\":\"https:\/\/www.visit-ulcinj.com\/blog\/\",\"name\":\"Lajme nga Ulqini\",\"description\":\"Lajme,Vijesti,Ulqini,Ulqin,Crna Gora,Mali i Zi\",\"potentialAction\":[{\"@type\":\"SearchAction\",\"target\":{\"@type\":\"EntryPoint\",\"urlTemplate\":\"https:\/\/www.visit-ulcinj.com\/blog\/?s={search_term_string}\"},\"query-input\":\"required name=search_term_string\"}],\"inLanguage\":\"en-US\"},{\"@type\":\"ImageObject\",\"inLanguage\":\"en-US\",\"@id\":\"https:\/\/www.visit-ulcinj.com\/blog\/2009\/03\/20\/maqedonia-s%e2%80%99mundet-pa-malin-e-zi\/#primaryimage\",\"url\":\"http:\/\/www.visit-ulcinj.com\/blog\/wp-content\/uploads\/2009\/03\/maqedonia-se28099mundet-pa-malin-e-zi.jpg\",\"contentUrl\":\"http:\/\/www.visit-ulcinj.com\/blog\/wp-content\/uploads\/2009\/03\/maqedonia-se28099mundet-pa-malin-e-zi.jpg\"},{\"@type\":\"WebPage\",\"@id\":\"https:\/\/www.visit-ulcinj.com\/blog\/2009\/03\/20\/maqedonia-s%e2%80%99mundet-pa-malin-e-zi\/#webpage\",\"url\":\"https:\/\/www.visit-ulcinj.com\/blog\/2009\/03\/20\/maqedonia-s%e2%80%99mundet-pa-malin-e-zi\/\",\"name\":\"Maqedonia s\u2019mundet pa Malin e Zi - Lajme nga Ulqini\",\"isPartOf\":{\"@id\":\"https:\/\/www.visit-ulcinj.com\/blog\/#website\"},\"primaryImageOfPage\":{\"@id\":\"https:\/\/www.visit-ulcinj.com\/blog\/2009\/03\/20\/maqedonia-s%e2%80%99mundet-pa-malin-e-zi\/#primaryimage\"},\"datePublished\":\"2009-03-20T17:57:23+00:00\",\"dateModified\":\"2009-03-20T17:57:23+00:00\",\"author\":{\"@id\":\"https:\/\/www.visit-ulcinj.com\/blog\/#\/schema\/person\/dcab619c614d3038751c63bc2aadc06d\"},\"description\":\"Nuk p\u00ebrjashtohet mund\u00ebsia q\u00eb nj\u00ebsoj si me njohjen e pavar\u00ebsis\u00eb s\u00eb Kosov\u00ebs k\u00ebsaj radhe Maqedonia dhe Mali i Zi p\u00ebrs\u00ebri t\u00eb koordinohen q\u00eb s\u00eb bashku t\u00eb\",\"breadcrumb\":{\"@id\":\"https:\/\/www.visit-ulcinj.com\/blog\/2009\/03\/20\/maqedonia-s%e2%80%99mundet-pa-malin-e-zi\/#breadcrumb\"},\"inLanguage\":\"en-US\",\"potentialAction\":[{\"@type\":\"ReadAction\",\"target\":[\"https:\/\/www.visit-ulcinj.com\/blog\/2009\/03\/20\/maqedonia-s%e2%80%99mundet-pa-malin-e-zi\/\"]}]},{\"@type\":\"BreadcrumbList\",\"@id\":\"https:\/\/www.visit-ulcinj.com\/blog\/2009\/03\/20\/maqedonia-s%e2%80%99mundet-pa-malin-e-zi\/#breadcrumb\",\"itemListElement\":[{\"@type\":\"ListItem\",\"position\":1,\"name\":\"Maqedonia s\u2019mundet pa Malin e Zi\"}]},{\"@type\":\"Person\",\"@id\":\"https:\/\/www.visit-ulcinj.com\/blog\/#\/schema\/person\/dcab619c614d3038751c63bc2aadc06d\",\"name\":\"ulqini\",\"sameAs\":[\"http:\/\/www.visit-ulcinj.com\"],\"url\":\"https:\/\/www.visit-ulcinj.com\/blog\/author\/admin\/\"}]}<\/script>\n<!-- \/ Yoast SEO plugin. -->","yoast_head_json":{"title":"Maqedonia s\u2019mundet pa Malin e Zi - Lajme nga Ulqini","description":"Nuk p\u00ebrjashtohet mund\u00ebsia q\u00eb nj\u00ebsoj si me njohjen e pavar\u00ebsis\u00eb s\u00eb Kosov\u00ebs k\u00ebsaj radhe Maqedonia dhe Mali i Zi p\u00ebrs\u00ebri t\u00eb koordinohen q\u00eb s\u00eb bashku t\u00eb","robots":{"index":"index","follow":"follow","max-snippet":"max-snippet:-1","max-image-preview":"max-image-preview:large","max-video-preview":"max-video-preview:-1"},"canonical":"https:\/\/www.visit-ulcinj.com\/blog\/2009\/03\/20\/maqedonia-s\u2019mundet-pa-malin-e-zi\/","og_locale":"en_US","og_type":"article","og_title":"Maqedonia s\u2019mundet pa Malin e Zi - Lajme nga Ulqini","og_description":"Nuk p\u00ebrjashtohet mund\u00ebsia q\u00eb nj\u00ebsoj si me njohjen e pavar\u00ebsis\u00eb s\u00eb Kosov\u00ebs k\u00ebsaj radhe Maqedonia dhe Mali i Zi p\u00ebrs\u00ebri t\u00eb koordinohen q\u00eb s\u00eb bashku t\u00eb","og_url":"https:\/\/www.visit-ulcinj.com\/blog\/2009\/03\/20\/maqedonia-s\u2019mundet-pa-malin-e-zi\/","og_site_name":"Lajme nga Ulqini","article_published_time":"2009-03-20T17:57:23+00:00","og_image":[{"url":"http:\/\/www.visit-ulcinj.com\/blog\/wp-content\/uploads\/2009\/03\/maqedonia-se28099mundet-pa-malin-e-zi.jpg"}],"twitter_misc":{"Written by":"ulqini","Est. reading time":"2 minutes"},"schema":{"@context":"https:\/\/schema.org","@graph":[{"@type":"WebSite","@id":"https:\/\/www.visit-ulcinj.com\/blog\/#website","url":"https:\/\/www.visit-ulcinj.com\/blog\/","name":"Lajme nga Ulqini","description":"Lajme,Vijesti,Ulqini,Ulqin,Crna Gora,Mali i Zi","potentialAction":[{"@type":"SearchAction","target":{"@type":"EntryPoint","urlTemplate":"https:\/\/www.visit-ulcinj.com\/blog\/?s={search_term_string}"},"query-input":"required name=search_term_string"}],"inLanguage":"en-US"},{"@type":"ImageObject","inLanguage":"en-US","@id":"https:\/\/www.visit-ulcinj.com\/blog\/2009\/03\/20\/maqedonia-s%e2%80%99mundet-pa-malin-e-zi\/#primaryimage","url":"http:\/\/www.visit-ulcinj.com\/blog\/wp-content\/uploads\/2009\/03\/maqedonia-se28099mundet-pa-malin-e-zi.jpg","contentUrl":"http:\/\/www.visit-ulcinj.com\/blog\/wp-content\/uploads\/2009\/03\/maqedonia-se28099mundet-pa-malin-e-zi.jpg"},{"@type":"WebPage","@id":"https:\/\/www.visit-ulcinj.com\/blog\/2009\/03\/20\/maqedonia-s%e2%80%99mundet-pa-malin-e-zi\/#webpage","url":"https:\/\/www.visit-ulcinj.com\/blog\/2009\/03\/20\/maqedonia-s%e2%80%99mundet-pa-malin-e-zi\/","name":"Maqedonia s\u2019mundet pa Malin e Zi - Lajme nga Ulqini","isPartOf":{"@id":"https:\/\/www.visit-ulcinj.com\/blog\/#website"},"primaryImageOfPage":{"@id":"https:\/\/www.visit-ulcinj.com\/blog\/2009\/03\/20\/maqedonia-s%e2%80%99mundet-pa-malin-e-zi\/#primaryimage"},"datePublished":"2009-03-20T17:57:23+00:00","dateModified":"2009-03-20T17:57:23+00:00","author":{"@id":"https:\/\/www.visit-ulcinj.com\/blog\/#\/schema\/person\/dcab619c614d3038751c63bc2aadc06d"},"description":"Nuk p\u00ebrjashtohet mund\u00ebsia q\u00eb nj\u00ebsoj si me njohjen e pavar\u00ebsis\u00eb s\u00eb Kosov\u00ebs k\u00ebsaj radhe Maqedonia dhe Mali i Zi p\u00ebrs\u00ebri t\u00eb koordinohen q\u00eb s\u00eb bashku t\u00eb","breadcrumb":{"@id":"https:\/\/www.visit-ulcinj.com\/blog\/2009\/03\/20\/maqedonia-s%e2%80%99mundet-pa-malin-e-zi\/#breadcrumb"},"inLanguage":"en-US","potentialAction":[{"@type":"ReadAction","target":["https:\/\/www.visit-ulcinj.com\/blog\/2009\/03\/20\/maqedonia-s%e2%80%99mundet-pa-malin-e-zi\/"]}]},{"@type":"BreadcrumbList","@id":"https:\/\/www.visit-ulcinj.com\/blog\/2009\/03\/20\/maqedonia-s%e2%80%99mundet-pa-malin-e-zi\/#breadcrumb","itemListElement":[{"@type":"ListItem","position":1,"name":"Maqedonia s\u2019mundet pa Malin e Zi"}]},{"@type":"Person","@id":"https:\/\/www.visit-ulcinj.com\/blog\/#\/schema\/person\/dcab619c614d3038751c63bc2aadc06d","name":"ulqini","sameAs":["http:\/\/www.visit-ulcinj.com"],"url":"https:\/\/www.visit-ulcinj.com\/blog\/author\/admin\/"}]}},"jetpack_featured_media_url":"","jetpack_sharing_enabled":true,"jetpack_shortlink":"https:\/\/wp.me\/pe6lTn-3Tc","_links":{"self":[{"href":"https:\/\/www.visit-ulcinj.com\/blog\/wp-json\/wp\/v2\/posts\/14954"}],"collection":[{"href":"https:\/\/www.visit-ulcinj.com\/blog\/wp-json\/wp\/v2\/posts"}],"about":[{"href":"https:\/\/www.visit-ulcinj.com\/blog\/wp-json\/wp\/v2\/types\/post"}],"author":[{"embeddable":true,"href":"https:\/\/www.visit-ulcinj.com\/blog\/wp-json\/wp\/v2\/users\/1"}],"replies":[{"embeddable":true,"href":"https:\/\/www.visit-ulcinj.com\/blog\/wp-json\/wp\/v2\/comments?post=14954"}],"version-history":[{"count":0,"href":"https:\/\/www.visit-ulcinj.com\/blog\/wp-json\/wp\/v2\/posts\/14954\/revisions"}],"wp:attachment":[{"href":"https:\/\/www.visit-ulcinj.com\/blog\/wp-json\/wp\/v2\/media?parent=14954"}],"wp:term":[{"taxonomy":"category","embeddable":true,"href":"https:\/\/www.visit-ulcinj.com\/blog\/wp-json\/wp\/v2\/categories?post=14954"},{"taxonomy":"post_tag","embeddable":true,"href":"https:\/\/www.visit-ulcinj.com\/blog\/wp-json\/wp\/v2\/tags?post=14954"}],"curies":[{"name":"wp","href":"https:\/\/api.w.org\/{rel}","templated":true}]}}