{"id":1496,"date":"2008-05-07T15:26:31","date_gmt":"2008-05-07T20:26:31","guid":{"rendered":"http:\/\/www.visit-ulcinj.com\/blog\/?p=1496"},"modified":"2008-05-07T15:26:31","modified_gmt":"2008-05-07T20:26:31","slug":"35-anetaret-e-keshillit-nacional-shqiptar-ne-mal-te-zi","status":"publish","type":"post","link":"https:\/\/www.visit-ulcinj.com\/blog\/2008\/05\/07\/35-anetaret-e-keshillit-nacional-shqiptar-ne-mal-te-zi\/","title":{"rendered":"35 an\u00ebtar\u00ebt e K\u00ebshillit Nacional Shqiptar n\u00eb Mal t\u00eb Zi"},"content":{"rendered":"<p><a href=\"http:\/\/www.visit-ulcinj.com\/blog\/wp-content\/uploads\/2008\/04\/atedheu-na-bashkon1.jpg\"><img loading=\"lazy\" class=\"alignleft attachment wp-att-1400\" style=\"float: left;\" src=\"http:\/\/www.visit-ulcinj.com\/blog\/wp-content\/uploads\/2008\/04\/atedheu-na-bashkon1.thumbnail.jpg\" alt=\" Atdheu na Bashkon \" width=\"200\" height=\"150\" \/><\/a>K\u00ebshilli Nacional Shqiptar p\u00ebrb\u00ebhet prej 35 an\u00ebtar\u00ebve. Nj\u00ebzet prej tyre e kan\u00eb siguruar k\u00ebt\u00eb t\u00eb drejt\u00eb n\u00eb baz\u00eb t\u00eb funksionit: Fuad Nimani, minist\u00ebr p\u00ebr Mbrojtjen e t\u00eb Drejtave t\u00eb Njeriut dhe Pakicave, G\u00ebzim Hajdinaga, kryetar i Komun\u00ebs s\u00eb Ulqinit, Smail Maliq \u00c7unmulaj, kryetar i Komun\u00ebs Urbane t\u00eb Tuzit, Mehmet Bardhi, kryetar dhe deputet i LD n\u00eb MZ, Ferhat Dinosha, kryetar dhe deputet i UDSH-s\u00eb, Amir Hollaj, kryetar i PPD-s\u00eb, Nazif Cungu, kryetar i Forc\u00ebs s\u00eb Re Demokratike &#8211; Forca, Ali Doda, kryetar i BDSH-s\u00eb, deputet\u00ebt e PDS-s\u00eb Omer Axhoviq dhe Luigj Shkreli, deputeti i Alternativ\u00ebs Shqiptare, Vasel Sinishtaj, kryetar\u00ebt e klubeve t\u00eb k\u00ebshilltar\u00ebve n\u00eb Kuvendin e Komun\u00ebs s\u00eb Ulqinit, Hatixha Gjonoviq (UDSH), Kadri Sinani (LD n\u00eb MZ), Kapllan Mu\u00e7aj (PPD) dhe Genci Nimanbegu (Forca), kryetar\u00ebt e klubeve t\u00eb k\u00ebshilltar\u00ebve n\u00eb Kuvendin e Komun\u00ebs s\u00eb Plav\u00ebs, Ramo Sinanaj (UDSH) dhe Miftar Balidemaj (LD n\u00eb MZ), dhe kryetar\u00ebt e klubeve t\u00eb k\u00ebshilltar\u00ebve n\u00eb Kuvendin e Komun\u00ebs Urbane t\u00eb Tuzit, Fadil Kajoshaj (UDSH), Lindon Gjelaj (ASH) dhe Marash Dedvukaj (LD n\u00eb MZ). Nd\u00ebrsa 15 an\u00ebtar\u00ebt e tjer\u00eb t\u00eb k\u00ebtij k\u00ebshilli t\u00eb zgjedhur n\u00eb Kuvendin e Elektor\u00ebve jan\u00eb: Agron Mehmedi, Ali Gje\u00e7britaj, Daut Ceka, Fadil Kova\u00e7i, Gani Kukaj, Hajrudin Kova\u00e7i, Husein Daciq, Ismail Doda, Mehmet Tafica, Musa Gjokaj, Naser Perasheviq, Palo Dreshaj, Tahir Gjonbalaj, Tahir Tahiri dhe Taip Kurti.<br \/>\n<strong>I.K<br \/>\nKOHA JAVORE<\/strong><\/p>\n","protected":false},"excerpt":{"rendered":"<p><img loading=\"lazy\" class=\"alignleft attachment wp-att-1400\" style=\"float: left;\" src=\"http:\/\/www.visit-ulcinj.com\/blog\/wp-content\/uploads\/2008\/04\/atedheu-na-bashkon1.thumbnail.jpg\" alt=\" Atdheu na Bashkon \" width=\"140\" height=\"140\" \/><\/p>\n","protected":false},"author":1,"featured_media":0,"comment_status":"open","ping_status":"closed","sticky":false,"template":"","format":"standard","meta":{"spay_email":"","jetpack_publicize_message":"","jetpack_is_tweetstorm":false,"jetpack_publicize_feature_enabled":true},"categories":[6,12],"tags":[1888,2812,1303,2574,2837,2813,97,106,222,2577,2831,2814,2815,2832,2833,3044,2825,2821,2826,347,2530,2816,2817,118,2835,2822,897,2819,348],"jetpack_publicize_connections":[],"yoast_head":"<!-- This site is optimized with the Yoast SEO plugin v19.1 - https:\/\/yoast.com\/wordpress\/plugins\/seo\/ -->\n<title>35 an\u00ebtar\u00ebt e K\u00ebshillit Nacional Shqiptar n\u00eb Mal t\u00eb Zi - Lajme nga Ulqini<\/title>\n<meta name=\"robots\" content=\"index, follow, max-snippet:-1, max-image-preview:large, max-video-preview:-1\" \/>\n<link rel=\"canonical\" href=\"https:\/\/www.visit-ulcinj.com\/blog\/2008\/05\/07\/35-anetaret-e-keshillit-nacional-shqiptar-ne-mal-te-zi\/\" \/>\n<meta property=\"og:locale\" content=\"en_US\" \/>\n<meta property=\"og:type\" content=\"article\" \/>\n<meta property=\"og:title\" content=\"35 an\u00ebtar\u00ebt e K\u00ebshillit Nacional Shqiptar n\u00eb Mal t\u00eb Zi - Lajme nga Ulqini\" \/>\n<meta property=\"og:url\" content=\"https:\/\/www.visit-ulcinj.com\/blog\/2008\/05\/07\/35-anetaret-e-keshillit-nacional-shqiptar-ne-mal-te-zi\/\" \/>\n<meta property=\"og:site_name\" content=\"Lajme nga Ulqini\" \/>\n<meta property=\"article:published_time\" content=\"2008-05-07T20:26:31+00:00\" \/>\n<meta property=\"og:image\" content=\"http:\/\/www.visit-ulcinj.com\/blog\/wp-content\/uploads\/2008\/04\/atedheu-na-bashkon1.thumbnail.jpg\" \/>\n<meta name=\"twitter:label1\" content=\"Written by\" \/>\n\t<meta name=\"twitter:data1\" content=\"ulqini\" \/>\n\t<meta name=\"twitter:label2\" content=\"Est. reading time\" \/>\n\t<meta name=\"twitter:data2\" content=\"1 minute\" \/>\n<script type=\"application\/ld+json\" class=\"yoast-schema-graph\">{\"@context\":\"https:\/\/schema.org\",\"@graph\":[{\"@type\":\"WebSite\",\"@id\":\"https:\/\/www.visit-ulcinj.com\/blog\/#website\",\"url\":\"https:\/\/www.visit-ulcinj.com\/blog\/\",\"name\":\"Lajme nga Ulqini\",\"description\":\"Lajme,Vijesti,Ulqini,Ulqin,Crna Gora,Mali i Zi\",\"potentialAction\":[{\"@type\":\"SearchAction\",\"target\":{\"@type\":\"EntryPoint\",\"urlTemplate\":\"https:\/\/www.visit-ulcinj.com\/blog\/?s={search_term_string}\"},\"query-input\":\"required name=search_term_string\"}],\"inLanguage\":\"en-US\"},{\"@type\":\"ImageObject\",\"inLanguage\":\"en-US\",\"@id\":\"https:\/\/www.visit-ulcinj.com\/blog\/2008\/05\/07\/35-anetaret-e-keshillit-nacional-shqiptar-ne-mal-te-zi\/#primaryimage\",\"url\":\"http:\/\/www.visit-ulcinj.com\/blog\/wp-content\/uploads\/2008\/04\/atedheu-na-bashkon1.thumbnail.jpg\",\"contentUrl\":\"http:\/\/www.visit-ulcinj.com\/blog\/wp-content\/uploads\/2008\/04\/atedheu-na-bashkon1.thumbnail.jpg\"},{\"@type\":\"WebPage\",\"@id\":\"https:\/\/www.visit-ulcinj.com\/blog\/2008\/05\/07\/35-anetaret-e-keshillit-nacional-shqiptar-ne-mal-te-zi\/#webpage\",\"url\":\"https:\/\/www.visit-ulcinj.com\/blog\/2008\/05\/07\/35-anetaret-e-keshillit-nacional-shqiptar-ne-mal-te-zi\/\",\"name\":\"35 an\u00ebtar\u00ebt e K\u00ebshillit Nacional Shqiptar n\u00eb Mal t\u00eb Zi - Lajme nga Ulqini\",\"isPartOf\":{\"@id\":\"https:\/\/www.visit-ulcinj.com\/blog\/#website\"},\"primaryImageOfPage\":{\"@id\":\"https:\/\/www.visit-ulcinj.com\/blog\/2008\/05\/07\/35-anetaret-e-keshillit-nacional-shqiptar-ne-mal-te-zi\/#primaryimage\"},\"datePublished\":\"2008-05-07T20:26:31+00:00\",\"dateModified\":\"2008-05-07T20:26:31+00:00\",\"author\":{\"@id\":\"https:\/\/www.visit-ulcinj.com\/blog\/#\/schema\/person\/dcab619c614d3038751c63bc2aadc06d\"},\"breadcrumb\":{\"@id\":\"https:\/\/www.visit-ulcinj.com\/blog\/2008\/05\/07\/35-anetaret-e-keshillit-nacional-shqiptar-ne-mal-te-zi\/#breadcrumb\"},\"inLanguage\":\"en-US\",\"potentialAction\":[{\"@type\":\"ReadAction\",\"target\":[\"https:\/\/www.visit-ulcinj.com\/blog\/2008\/05\/07\/35-anetaret-e-keshillit-nacional-shqiptar-ne-mal-te-zi\/\"]}]},{\"@type\":\"BreadcrumbList\",\"@id\":\"https:\/\/www.visit-ulcinj.com\/blog\/2008\/05\/07\/35-anetaret-e-keshillit-nacional-shqiptar-ne-mal-te-zi\/#breadcrumb\",\"itemListElement\":[{\"@type\":\"ListItem\",\"position\":1,\"name\":\"35 an\u00ebtar\u00ebt e K\u00ebshillit Nacional Shqiptar n\u00eb Mal t\u00eb Zi\"}]},{\"@type\":\"Person\",\"@id\":\"https:\/\/www.visit-ulcinj.com\/blog\/#\/schema\/person\/dcab619c614d3038751c63bc2aadc06d\",\"name\":\"ulqini\",\"sameAs\":[\"http:\/\/www.visit-ulcinj.com\"],\"url\":\"https:\/\/www.visit-ulcinj.com\/blog\/author\/admin\/\"}]}<\/script>\n<!-- \/ Yoast SEO plugin. -->","yoast_head_json":{"title":"35 an\u00ebtar\u00ebt e K\u00ebshillit Nacional Shqiptar n\u00eb Mal t\u00eb Zi - Lajme nga Ulqini","robots":{"index":"index","follow":"follow","max-snippet":"max-snippet:-1","max-image-preview":"max-image-preview:large","max-video-preview":"max-video-preview:-1"},"canonical":"https:\/\/www.visit-ulcinj.com\/blog\/2008\/05\/07\/35-anetaret-e-keshillit-nacional-shqiptar-ne-mal-te-zi\/","og_locale":"en_US","og_type":"article","og_title":"35 an\u00ebtar\u00ebt e K\u00ebshillit Nacional Shqiptar n\u00eb Mal t\u00eb Zi - Lajme nga Ulqini","og_url":"https:\/\/www.visit-ulcinj.com\/blog\/2008\/05\/07\/35-anetaret-e-keshillit-nacional-shqiptar-ne-mal-te-zi\/","og_site_name":"Lajme nga Ulqini","article_published_time":"2008-05-07T20:26:31+00:00","og_image":[{"url":"http:\/\/www.visit-ulcinj.com\/blog\/wp-content\/uploads\/2008\/04\/atedheu-na-bashkon1.thumbnail.jpg"}],"twitter_misc":{"Written by":"ulqini","Est. reading time":"1 minute"},"schema":{"@context":"https:\/\/schema.org","@graph":[{"@type":"WebSite","@id":"https:\/\/www.visit-ulcinj.com\/blog\/#website","url":"https:\/\/www.visit-ulcinj.com\/blog\/","name":"Lajme nga Ulqini","description":"Lajme,Vijesti,Ulqini,Ulqin,Crna Gora,Mali i Zi","potentialAction":[{"@type":"SearchAction","target":{"@type":"EntryPoint","urlTemplate":"https:\/\/www.visit-ulcinj.com\/blog\/?s={search_term_string}"},"query-input":"required name=search_term_string"}],"inLanguage":"en-US"},{"@type":"ImageObject","inLanguage":"en-US","@id":"https:\/\/www.visit-ulcinj.com\/blog\/2008\/05\/07\/35-anetaret-e-keshillit-nacional-shqiptar-ne-mal-te-zi\/#primaryimage","url":"http:\/\/www.visit-ulcinj.com\/blog\/wp-content\/uploads\/2008\/04\/atedheu-na-bashkon1.thumbnail.jpg","contentUrl":"http:\/\/www.visit-ulcinj.com\/blog\/wp-content\/uploads\/2008\/04\/atedheu-na-bashkon1.thumbnail.jpg"},{"@type":"WebPage","@id":"https:\/\/www.visit-ulcinj.com\/blog\/2008\/05\/07\/35-anetaret-e-keshillit-nacional-shqiptar-ne-mal-te-zi\/#webpage","url":"https:\/\/www.visit-ulcinj.com\/blog\/2008\/05\/07\/35-anetaret-e-keshillit-nacional-shqiptar-ne-mal-te-zi\/","name":"35 an\u00ebtar\u00ebt e K\u00ebshillit Nacional Shqiptar n\u00eb Mal t\u00eb Zi - Lajme nga Ulqini","isPartOf":{"@id":"https:\/\/www.visit-ulcinj.com\/blog\/#website"},"primaryImageOfPage":{"@id":"https:\/\/www.visit-ulcinj.com\/blog\/2008\/05\/07\/35-anetaret-e-keshillit-nacional-shqiptar-ne-mal-te-zi\/#primaryimage"},"datePublished":"2008-05-07T20:26:31+00:00","dateModified":"2008-05-07T20:26:31+00:00","author":{"@id":"https:\/\/www.visit-ulcinj.com\/blog\/#\/schema\/person\/dcab619c614d3038751c63bc2aadc06d"},"breadcrumb":{"@id":"https:\/\/www.visit-ulcinj.com\/blog\/2008\/05\/07\/35-anetaret-e-keshillit-nacional-shqiptar-ne-mal-te-zi\/#breadcrumb"},"inLanguage":"en-US","potentialAction":[{"@type":"ReadAction","target":["https:\/\/www.visit-ulcinj.com\/blog\/2008\/05\/07\/35-anetaret-e-keshillit-nacional-shqiptar-ne-mal-te-zi\/"]}]},{"@type":"BreadcrumbList","@id":"https:\/\/www.visit-ulcinj.com\/blog\/2008\/05\/07\/35-anetaret-e-keshillit-nacional-shqiptar-ne-mal-te-zi\/#breadcrumb","itemListElement":[{"@type":"ListItem","position":1,"name":"35 an\u00ebtar\u00ebt e K\u00ebshillit Nacional Shqiptar n\u00eb Mal t\u00eb Zi"}]},{"@type":"Person","@id":"https:\/\/www.visit-ulcinj.com\/blog\/#\/schema\/person\/dcab619c614d3038751c63bc2aadc06d","name":"ulqini","sameAs":["http:\/\/www.visit-ulcinj.com"],"url":"https:\/\/www.visit-ulcinj.com\/blog\/author\/admin\/"}]}},"jetpack_featured_media_url":"","jetpack_sharing_enabled":true,"jetpack_shortlink":"https:\/\/wp.me\/pe6lTn-o8","_links":{"self":[{"href":"https:\/\/www.visit-ulcinj.com\/blog\/wp-json\/wp\/v2\/posts\/1496"}],"collection":[{"href":"https:\/\/www.visit-ulcinj.com\/blog\/wp-json\/wp\/v2\/posts"}],"about":[{"href":"https:\/\/www.visit-ulcinj.com\/blog\/wp-json\/wp\/v2\/types\/post"}],"author":[{"embeddable":true,"href":"https:\/\/www.visit-ulcinj.com\/blog\/wp-json\/wp\/v2\/users\/1"}],"replies":[{"embeddable":true,"href":"https:\/\/www.visit-ulcinj.com\/blog\/wp-json\/wp\/v2\/comments?post=1496"}],"version-history":[{"count":0,"href":"https:\/\/www.visit-ulcinj.com\/blog\/wp-json\/wp\/v2\/posts\/1496\/revisions"}],"wp:attachment":[{"href":"https:\/\/www.visit-ulcinj.com\/blog\/wp-json\/wp\/v2\/media?parent=1496"}],"wp:term":[{"taxonomy":"category","embeddable":true,"href":"https:\/\/www.visit-ulcinj.com\/blog\/wp-json\/wp\/v2\/categories?post=1496"},{"taxonomy":"post_tag","embeddable":true,"href":"https:\/\/www.visit-ulcinj.com\/blog\/wp-json\/wp\/v2\/tags?post=1496"}],"curies":[{"name":"wp","href":"https:\/\/api.w.org\/{rel}","templated":true}]}}