{"id":14963,"date":"2009-03-20T22:29:11","date_gmt":"2009-03-20T21:29:11","guid":{"rendered":"http:\/\/www.visit-ulcinj.com\/blog\/?p=14963"},"modified":"2009-03-20T22:29:11","modified_gmt":"2009-03-20T21:29:11","slug":"sori-adi-arjoni-kemi-rruge-per-te-bere","status":"publish","type":"post","link":"https:\/\/www.visit-ulcinj.com\/blog\/2009\/03\/20\/sori-adi-arjoni-kemi-rruge-per-te-bere\/","title":{"rendered":"Sori, Adi, Arjoni : Kemi rrug\u00eb p\u00ebr t\u00eb b\u00ebr\u00eb"},"content":{"rendered":"<p>\u00a0<\/p>\n<div id=\"content\"><em><span class=\"newsdate\"><a href=\"http:\/\/www.visit-ulcinj.com\/blog\/wp-content\/uploads\/2009\/03\/per-nominimetadisoriarjo.jpg\"><img loading=\"lazy\" class=\"alignleft size-full wp-image-14964\" title=\"per-nominimetadisoriarjo\" src=\"http:\/\/www.visit-ulcinj.com\/blog\/wp-content\/uploads\/2009\/03\/per-nominimetadisoriarjo.jpg\" alt=\"per-nominimetadisoriarjo\" width=\"300\" height=\"205\" \/><\/a>20\/03\/09 15:50<\/span><\/em><\/p>\n<p>Sori, Adi dhe Arjoni bisedojn\u00eb me njeri-tjtrin p\u00ebr nominimet por, duke mos folur hapur por duke folur me simbole. Ata e simbolizojn\u00eb nominimin me rrug\u00ebt q\u00eb mund t\u00eb p\u00ebrshkojn\u00eb, kurse banor\u00ebt i personifikojn\u00eb me emrat e qyteteve nga t\u00eb cilat vijn\u00eb. Sori mendon se n\u00ebse b\u00ebn nj\u00eb rrug\u00eb p\u00ebr n\u00eb Dukat, vendi nga ai vjen, do q\u00eb n\u00eb makin\u00eb t\u00eb ket\u00eb edhe nj\u00eb mik nga Gjakova. Adi i thot\u00eb se nuk ka nd\u00ebrmend t\u00eb b\u00ebj\u00eb rrug\u00eb deri n\u00eb Dukat. Sori e fton Adin q\u00eb t\u00eb b\u00ebjn\u00eb ndonj\u00eb rrug\u00eb n\u00eb Gjirokast\u00ebr. Arjoni thot\u00eb se nga rruga e Durr\u00ebsit nuk ia vlen t\u00eb kalosh pasi ka shum\u00eb trafik dhe Qetsori e mb\u00ebshtet k\u00ebt\u00eb ide. Sori vazhdon t\u00eb thot\u00eb se n\u00eb nj\u00eb makin\u00eb q\u00eb mban kat\u00ebr persona, duhet q\u00eb nj\u00eb t\u00eb q\u00ebndroj\u00eb para e tre t\u00eb tjer\u00ebt mbrapa por, duke q\u00ebn\u00eb miq mes tyre q\u00eb askush t\u00eb mos vritet. Adi pyet Sorin se sa t\u00eb rrezikuar e ndjen veten dhe ai i p\u00ebrgjigjet se luan duke mos e menduar veten si t\u00eb till\u00eb. Ai thot\u00eb se jav\u00ebn e kaluar ka b\u00ebr\u00eb gabim q\u00eb nuk mendoi edhe p\u00ebr k\u00ebt\u00eb jav\u00eb, nd\u00ebrsa tani e ka marr\u00eb situat\u00ebn n\u00ebn kontroll.<\/p><\/div>\n<div><\/div>\n","protected":false},"excerpt":{"rendered":"<p>\u00a0 20\/03\/09 15:50 Sori, Adi dhe Arjoni bisedojn\u00eb me njeri-tjtrin p\u00ebr nominimet por, duke mos folur hapur por duke folur me simbole. Ata e simbolizojn\u00eb nominimin me rrug\u00ebt q\u00eb mund t\u00eb p\u00ebrshkojn\u00eb, kurse banor\u00ebt i personifikojn\u00eb me emrat e qyteteve nga t\u00eb cilat vijn\u00eb. Sori mendon se n\u00ebse b\u00ebn nj\u00eb rrug\u00eb p\u00ebr n\u00eb Dukat, vendi [&hellip;]<\/p>\n","protected":false},"author":1,"featured_media":0,"comment_status":"open","ping_status":"closed","sticky":false,"template":"","format":"standard","meta":{"spay_email":"","jetpack_publicize_message":"","jetpack_is_tweetstorm":false,"jetpack_publicize_feature_enabled":true},"categories":[6502],"tags":[1414,6525,6883,6516,6712,6900,7304,6891],"jetpack_publicize_connections":[],"yoast_head":"<!-- This site is optimized with the Yoast SEO plugin v19.1 - https:\/\/yoast.com\/wordpress\/plugins\/seo\/ -->\n<title>Sori, Adi, Arjoni : Kemi rrug\u00c3\u00ab p\u00c3\u00abr t\u00c3\u00ab b\u00c3\u00abr\u00c3\u00ab | Big Brother Albania 2<\/title>\n<meta name=\"description\" content=\"Big Brother Albania 2 - Sori, Adi dhe Arjoni bisedojn\u00c3\u00ab me njeri-tjtrin p\u00c3\u00abr nominimet por, duke mos folur hapur por duke folur me simbole\" \/>\n<meta name=\"robots\" content=\"index, follow, max-snippet:-1, max-image-preview:large, max-video-preview:-1\" \/>\n<link rel=\"canonical\" href=\"https:\/\/www.visit-ulcinj.com\/blog\/2009\/03\/20\/sori-adi-arjoni-kemi-rruge-per-te-bere\/\" \/>\n<meta property=\"og:locale\" content=\"en_US\" \/>\n<meta property=\"og:type\" content=\"article\" \/>\n<meta property=\"og:title\" content=\"Sori, Adi, Arjoni : Kemi rrug\u00c3\u00ab p\u00c3\u00abr t\u00c3\u00ab b\u00c3\u00abr\u00c3\u00ab | Big Brother Albania 2\" \/>\n<meta property=\"og:description\" content=\"Big Brother Albania 2 - Sori, Adi dhe Arjoni bisedojn\u00c3\u00ab me njeri-tjtrin p\u00c3\u00abr nominimet por, duke mos folur hapur por duke folur me simbole\" \/>\n<meta property=\"og:url\" content=\"https:\/\/www.visit-ulcinj.com\/blog\/2009\/03\/20\/sori-adi-arjoni-kemi-rruge-per-te-bere\/\" \/>\n<meta property=\"og:site_name\" content=\"Lajme nga Ulqini\" \/>\n<meta property=\"article:published_time\" content=\"2009-03-20T21:29:11+00:00\" \/>\n<meta property=\"og:image\" content=\"http:\/\/www.visit-ulcinj.com\/blog\/wp-content\/uploads\/2009\/03\/per-nominimetadisoriarjo.jpg\" \/>\n<meta name=\"twitter:label1\" content=\"Written by\" \/>\n\t<meta name=\"twitter:data1\" content=\"ulqini\" \/>\n\t<meta name=\"twitter:label2\" content=\"Est. reading time\" \/>\n\t<meta name=\"twitter:data2\" content=\"1 minute\" \/>\n<script type=\"application\/ld+json\" class=\"yoast-schema-graph\">{\"@context\":\"https:\/\/schema.org\",\"@graph\":[{\"@type\":\"WebSite\",\"@id\":\"https:\/\/www.visit-ulcinj.com\/blog\/#website\",\"url\":\"https:\/\/www.visit-ulcinj.com\/blog\/\",\"name\":\"Lajme nga Ulqini\",\"description\":\"Lajme,Vijesti,Ulqini,Ulqin,Crna Gora,Mali i Zi\",\"potentialAction\":[{\"@type\":\"SearchAction\",\"target\":{\"@type\":\"EntryPoint\",\"urlTemplate\":\"https:\/\/www.visit-ulcinj.com\/blog\/?s={search_term_string}\"},\"query-input\":\"required name=search_term_string\"}],\"inLanguage\":\"en-US\"},{\"@type\":\"ImageObject\",\"inLanguage\":\"en-US\",\"@id\":\"https:\/\/www.visit-ulcinj.com\/blog\/2009\/03\/20\/sori-adi-arjoni-kemi-rruge-per-te-bere\/#primaryimage\",\"url\":\"http:\/\/www.visit-ulcinj.com\/blog\/wp-content\/uploads\/2009\/03\/per-nominimetadisoriarjo.jpg\",\"contentUrl\":\"http:\/\/www.visit-ulcinj.com\/blog\/wp-content\/uploads\/2009\/03\/per-nominimetadisoriarjo.jpg\"},{\"@type\":\"WebPage\",\"@id\":\"https:\/\/www.visit-ulcinj.com\/blog\/2009\/03\/20\/sori-adi-arjoni-kemi-rruge-per-te-bere\/#webpage\",\"url\":\"https:\/\/www.visit-ulcinj.com\/blog\/2009\/03\/20\/sori-adi-arjoni-kemi-rruge-per-te-bere\/\",\"name\":\"Sori, Adi, Arjoni : Kemi rrug\u00c3\u00ab p\u00c3\u00abr t\u00c3\u00ab b\u00c3\u00abr\u00c3\u00ab | Big Brother Albania 2\",\"isPartOf\":{\"@id\":\"https:\/\/www.visit-ulcinj.com\/blog\/#website\"},\"primaryImageOfPage\":{\"@id\":\"https:\/\/www.visit-ulcinj.com\/blog\/2009\/03\/20\/sori-adi-arjoni-kemi-rruge-per-te-bere\/#primaryimage\"},\"datePublished\":\"2009-03-20T21:29:11+00:00\",\"dateModified\":\"2009-03-20T21:29:11+00:00\",\"author\":{\"@id\":\"https:\/\/www.visit-ulcinj.com\/blog\/#\/schema\/person\/dcab619c614d3038751c63bc2aadc06d\"},\"description\":\"Big Brother Albania 2 - Sori, Adi dhe Arjoni bisedojn\u00c3\u00ab me njeri-tjtrin p\u00c3\u00abr nominimet por, duke mos folur hapur por duke folur me simbole\",\"breadcrumb\":{\"@id\":\"https:\/\/www.visit-ulcinj.com\/blog\/2009\/03\/20\/sori-adi-arjoni-kemi-rruge-per-te-bere\/#breadcrumb\"},\"inLanguage\":\"en-US\",\"potentialAction\":[{\"@type\":\"ReadAction\",\"target\":[\"https:\/\/www.visit-ulcinj.com\/blog\/2009\/03\/20\/sori-adi-arjoni-kemi-rruge-per-te-bere\/\"]}]},{\"@type\":\"BreadcrumbList\",\"@id\":\"https:\/\/www.visit-ulcinj.com\/blog\/2009\/03\/20\/sori-adi-arjoni-kemi-rruge-per-te-bere\/#breadcrumb\",\"itemListElement\":[{\"@type\":\"ListItem\",\"position\":1,\"name\":\"Sori, Adi, Arjoni : Kemi rrug\u00eb p\u00ebr t\u00eb b\u00ebr\u00eb\"}]},{\"@type\":\"Person\",\"@id\":\"https:\/\/www.visit-ulcinj.com\/blog\/#\/schema\/person\/dcab619c614d3038751c63bc2aadc06d\",\"name\":\"ulqini\",\"sameAs\":[\"http:\/\/www.visit-ulcinj.com\"],\"url\":\"https:\/\/www.visit-ulcinj.com\/blog\/author\/admin\/\"}]}<\/script>\n<!-- \/ Yoast SEO plugin. -->","yoast_head_json":{"title":"Sori, Adi, Arjoni : Kemi rrug\u00c3\u00ab p\u00c3\u00abr t\u00c3\u00ab b\u00c3\u00abr\u00c3\u00ab | Big Brother Albania 2","description":"Big Brother Albania 2 - Sori, Adi dhe Arjoni bisedojn\u00c3\u00ab me njeri-tjtrin p\u00c3\u00abr nominimet por, duke mos folur hapur por duke folur me simbole","robots":{"index":"index","follow":"follow","max-snippet":"max-snippet:-1","max-image-preview":"max-image-preview:large","max-video-preview":"max-video-preview:-1"},"canonical":"https:\/\/www.visit-ulcinj.com\/blog\/2009\/03\/20\/sori-adi-arjoni-kemi-rruge-per-te-bere\/","og_locale":"en_US","og_type":"article","og_title":"Sori, Adi, Arjoni : Kemi rrug\u00c3\u00ab p\u00c3\u00abr t\u00c3\u00ab b\u00c3\u00abr\u00c3\u00ab | Big Brother Albania 2","og_description":"Big Brother Albania 2 - Sori, Adi dhe Arjoni bisedojn\u00c3\u00ab me njeri-tjtrin p\u00c3\u00abr nominimet por, duke mos folur hapur por duke folur me simbole","og_url":"https:\/\/www.visit-ulcinj.com\/blog\/2009\/03\/20\/sori-adi-arjoni-kemi-rruge-per-te-bere\/","og_site_name":"Lajme nga Ulqini","article_published_time":"2009-03-20T21:29:11+00:00","og_image":[{"url":"http:\/\/www.visit-ulcinj.com\/blog\/wp-content\/uploads\/2009\/03\/per-nominimetadisoriarjo.jpg"}],"twitter_misc":{"Written by":"ulqini","Est. reading time":"1 minute"},"schema":{"@context":"https:\/\/schema.org","@graph":[{"@type":"WebSite","@id":"https:\/\/www.visit-ulcinj.com\/blog\/#website","url":"https:\/\/www.visit-ulcinj.com\/blog\/","name":"Lajme nga Ulqini","description":"Lajme,Vijesti,Ulqini,Ulqin,Crna Gora,Mali i Zi","potentialAction":[{"@type":"SearchAction","target":{"@type":"EntryPoint","urlTemplate":"https:\/\/www.visit-ulcinj.com\/blog\/?s={search_term_string}"},"query-input":"required name=search_term_string"}],"inLanguage":"en-US"},{"@type":"ImageObject","inLanguage":"en-US","@id":"https:\/\/www.visit-ulcinj.com\/blog\/2009\/03\/20\/sori-adi-arjoni-kemi-rruge-per-te-bere\/#primaryimage","url":"http:\/\/www.visit-ulcinj.com\/blog\/wp-content\/uploads\/2009\/03\/per-nominimetadisoriarjo.jpg","contentUrl":"http:\/\/www.visit-ulcinj.com\/blog\/wp-content\/uploads\/2009\/03\/per-nominimetadisoriarjo.jpg"},{"@type":"WebPage","@id":"https:\/\/www.visit-ulcinj.com\/blog\/2009\/03\/20\/sori-adi-arjoni-kemi-rruge-per-te-bere\/#webpage","url":"https:\/\/www.visit-ulcinj.com\/blog\/2009\/03\/20\/sori-adi-arjoni-kemi-rruge-per-te-bere\/","name":"Sori, Adi, Arjoni : Kemi rrug\u00c3\u00ab p\u00c3\u00abr t\u00c3\u00ab b\u00c3\u00abr\u00c3\u00ab | Big Brother Albania 2","isPartOf":{"@id":"https:\/\/www.visit-ulcinj.com\/blog\/#website"},"primaryImageOfPage":{"@id":"https:\/\/www.visit-ulcinj.com\/blog\/2009\/03\/20\/sori-adi-arjoni-kemi-rruge-per-te-bere\/#primaryimage"},"datePublished":"2009-03-20T21:29:11+00:00","dateModified":"2009-03-20T21:29:11+00:00","author":{"@id":"https:\/\/www.visit-ulcinj.com\/blog\/#\/schema\/person\/dcab619c614d3038751c63bc2aadc06d"},"description":"Big Brother Albania 2 - Sori, Adi dhe Arjoni bisedojn\u00c3\u00ab me njeri-tjtrin p\u00c3\u00abr nominimet por, duke mos folur hapur por duke folur me simbole","breadcrumb":{"@id":"https:\/\/www.visit-ulcinj.com\/blog\/2009\/03\/20\/sori-adi-arjoni-kemi-rruge-per-te-bere\/#breadcrumb"},"inLanguage":"en-US","potentialAction":[{"@type":"ReadAction","target":["https:\/\/www.visit-ulcinj.com\/blog\/2009\/03\/20\/sori-adi-arjoni-kemi-rruge-per-te-bere\/"]}]},{"@type":"BreadcrumbList","@id":"https:\/\/www.visit-ulcinj.com\/blog\/2009\/03\/20\/sori-adi-arjoni-kemi-rruge-per-te-bere\/#breadcrumb","itemListElement":[{"@type":"ListItem","position":1,"name":"Sori, Adi, Arjoni : Kemi rrug\u00eb p\u00ebr t\u00eb b\u00ebr\u00eb"}]},{"@type":"Person","@id":"https:\/\/www.visit-ulcinj.com\/blog\/#\/schema\/person\/dcab619c614d3038751c63bc2aadc06d","name":"ulqini","sameAs":["http:\/\/www.visit-ulcinj.com"],"url":"https:\/\/www.visit-ulcinj.com\/blog\/author\/admin\/"}]}},"jetpack_featured_media_url":"","jetpack_sharing_enabled":true,"jetpack_shortlink":"https:\/\/wp.me\/pe6lTn-3Tl","_links":{"self":[{"href":"https:\/\/www.visit-ulcinj.com\/blog\/wp-json\/wp\/v2\/posts\/14963"}],"collection":[{"href":"https:\/\/www.visit-ulcinj.com\/blog\/wp-json\/wp\/v2\/posts"}],"about":[{"href":"https:\/\/www.visit-ulcinj.com\/blog\/wp-json\/wp\/v2\/types\/post"}],"author":[{"embeddable":true,"href":"https:\/\/www.visit-ulcinj.com\/blog\/wp-json\/wp\/v2\/users\/1"}],"replies":[{"embeddable":true,"href":"https:\/\/www.visit-ulcinj.com\/blog\/wp-json\/wp\/v2\/comments?post=14963"}],"version-history":[{"count":0,"href":"https:\/\/www.visit-ulcinj.com\/blog\/wp-json\/wp\/v2\/posts\/14963\/revisions"}],"wp:attachment":[{"href":"https:\/\/www.visit-ulcinj.com\/blog\/wp-json\/wp\/v2\/media?parent=14963"}],"wp:term":[{"taxonomy":"category","embeddable":true,"href":"https:\/\/www.visit-ulcinj.com\/blog\/wp-json\/wp\/v2\/categories?post=14963"},{"taxonomy":"post_tag","embeddable":true,"href":"https:\/\/www.visit-ulcinj.com\/blog\/wp-json\/wp\/v2\/tags?post=14963"}],"curies":[{"name":"wp","href":"https:\/\/api.w.org\/{rel}","templated":true}]}}