{"id":14969,"date":"2009-03-20T22:33:51","date_gmt":"2009-03-20T21:33:51","guid":{"rendered":"http:\/\/www.visit-ulcinj.com\/blog\/?p=14969"},"modified":"2009-03-20T22:33:51","modified_gmt":"2009-03-20T21:33:51","slug":"adela-pse-e-ke-nominuar-bjordin","status":"publish","type":"post","link":"https:\/\/www.visit-ulcinj.com\/blog\/2009\/03\/20\/adela-pse-e-ke-nominuar-bjordin\/","title":{"rendered":"Adela : Pse e ke nominuar Bjordin?"},"content":{"rendered":"<p><em><span class=\"newsdate\"><a href=\"http:\/\/www.visit-ulcinj.com\/blog\/wp-content\/uploads\/2009\/03\/adelajda-diskuton-me-tanin-copy.jpg\"><img loading=\"lazy\" class=\"alignleft size-full wp-image-14970\" title=\"adelajda-diskuton-me-tanin-big-brother-albania-2\" src=\"http:\/\/www.visit-ulcinj.com\/blog\/wp-content\/uploads\/2009\/03\/adelajda-diskuton-me-tanin-copy.jpg\" alt=\"adelajda-diskuton-me-tanin-big-brother-albania-2\" width=\"300\" height=\"205\" \/><\/a>20\/03\/09 11:20<\/span><\/em><\/p>\n<p>Adelajda i ka th\u00ebn\u00eb Dritanit se i b\u00ebhej qejfi q\u00eb k\u00ebt\u00eb jav\u00eb ai kishte ardhur n\u00eb \u201cbot\u00ebn e sht\u00ebpis\u00eb\u201d. \u201cPse? T\u00eb duket sikur nuk kam qen\u00eb?!\u201d \u2013 i ka th\u00ebn\u00eb ai. Adelajda ka vazhduar duke i th\u00ebn\u00eb se p\u00ebrderisa ai kishte nominuar Bjordin, do t\u00eb thoshte se nuk ishte. Ai e ka pyetur n\u00ebse at\u00eb e kishte prekur kjo gj\u00eb dhe ajo i ka th\u00ebn\u00eb po. Pas k\u00ebsaj ai e ka pyetur s\u00ebrish n\u00ebse ishte prekur ajo q\u00eb Bjordi kishte nominuar at\u00eb (Dritanin). Ajo nuk i ka kthyer p\u00ebrgjigje p\u00ebr k\u00ebt\u00eb por ka insistuar t\u00eb dij\u00eb arsyen e Dritanit p\u00ebr nominimin e Bjordit, pasi arsyen e Bjordit e dinte dhe mund t\u2019ia thoshte edhe atij. Dritani i ka th\u00ebn\u00eb se nuk donte t\u2019i dinte arsyet e Bjordit, por e tij kishte qen\u00eb se mendonte q\u00eb Bjordi nuk do t\u00eb rrezikohej nga nominimi i tij. \u201cPo pse, pak emra kishe ti- i ka th\u00ebn\u00eb Adelajda, &#8211; q\u00eb gjete emrin e tij? K\u00ebtu n\u00eb sht\u00ebpi ke plot emra, me arsye t\u00eb v\u00ebrteta, q\u00eb mund t\u2019i thuash, sepse i b\u00ebn mir\u00eb sht\u00ebpis\u00eb dhe vetes!\u201d. Dritani i ka th\u00ebn\u00eb se nominimet q\u00eb ai b\u00ebn, jan\u00eb puna e tij. \u201cFaleminderit q\u00eb ma the, se nuk e dija!\u201d- i ka th\u00ebn\u00eb ajo me ironi. \u201cN\u00ebse do t\u00eb flasim, flasim, &#8211; i ka th\u00ebn\u00eb Dritani, &#8211; por ironi mos p\u00ebrdor! Pastaj, k\u00ebto jan\u00eb biseda q\u00eb un\u00eb i kam b\u00ebr\u00eb me Bjordin, ti \u00e7far\u00eb k\u00ebrkon?!\u201d.<\/p>\n","protected":false},"excerpt":{"rendered":"<p>20\/03\/09 11:20 Adelajda i ka th\u00ebn\u00eb Dritanit se i b\u00ebhej qejfi q\u00eb k\u00ebt\u00eb jav\u00eb ai kishte ardhur n\u00eb \u201cbot\u00ebn e sht\u00ebpis\u00eb\u201d. \u201cPse? T\u00eb duket sikur nuk kam qen\u00eb?!\u201d \u2013 i ka th\u00ebn\u00eb ai. Adelajda ka vazhduar duke i th\u00ebn\u00eb se p\u00ebrderisa ai kishte nominuar Bjordin, do t\u00eb thoshte se nuk ishte. Ai e ka pyetur [&hellip;]<\/p>\n","protected":false},"author":1,"featured_media":0,"comment_status":"open","ping_status":"closed","sticky":false,"template":"","format":"standard","meta":{"spay_email":"","jetpack_publicize_message":"","jetpack_is_tweetstorm":false,"jetpack_publicize_feature_enabled":true},"categories":[6502],"tags":[6736,6562,6529,6883,6516,6712,6522,6521,6757,6891],"jetpack_publicize_connections":[],"yoast_head":"<!-- This site is optimized with the Yoast SEO plugin v19.1 - https:\/\/yoast.com\/wordpress\/plugins\/seo\/ -->\n<title>Adela : Pse e ke nominuar Bjordin? | Big Brother Albania 2<\/title>\n<meta name=\"description\" content=\"Big Brother Albania 2 - Adelajda i ka th\u00c3\u00abn\u00c3\u00ab Dritanit se i b\u00c3\u00abhej qejfi q\u00c3\u00ab k\u00c3\u00abt\u00c3\u00ab jav\u00c3\u00ab ai kishte ardhur n\u00c3\u00ab \u00e2\u20ac\u0153bot\u00c3\u00abn e sht\u00c3\u00abpis\u00c3\u00ab\u00e2\u20ac\u009d. \u00e2\u20ac\u0153Pse? T\u00c3\u00ab duket sikur nuk kam qen\u00c3\u00ab?!\" \/>\n<meta name=\"robots\" content=\"index, follow, max-snippet:-1, max-image-preview:large, max-video-preview:-1\" \/>\n<link rel=\"canonical\" href=\"https:\/\/www.visit-ulcinj.com\/blog\/2009\/03\/20\/adela-pse-e-ke-nominuar-bjordin\/\" \/>\n<meta property=\"og:locale\" content=\"en_US\" \/>\n<meta property=\"og:type\" content=\"article\" \/>\n<meta property=\"og:title\" content=\"Adela : Pse e ke nominuar Bjordin? | Big Brother Albania 2\" \/>\n<meta property=\"og:description\" content=\"Big Brother Albania 2 - Adelajda i ka th\u00c3\u00abn\u00c3\u00ab Dritanit se i b\u00c3\u00abhej qejfi q\u00c3\u00ab k\u00c3\u00abt\u00c3\u00ab jav\u00c3\u00ab ai kishte ardhur n\u00c3\u00ab \u00e2\u20ac\u0153bot\u00c3\u00abn e sht\u00c3\u00abpis\u00c3\u00ab\u00e2\u20ac\u009d. \u00e2\u20ac\u0153Pse? T\u00c3\u00ab duket sikur nuk kam qen\u00c3\u00ab?!\" \/>\n<meta property=\"og:url\" content=\"https:\/\/www.visit-ulcinj.com\/blog\/2009\/03\/20\/adela-pse-e-ke-nominuar-bjordin\/\" \/>\n<meta property=\"og:site_name\" content=\"Lajme nga Ulqini\" \/>\n<meta property=\"article:published_time\" content=\"2009-03-20T21:33:51+00:00\" \/>\n<meta property=\"og:image\" content=\"http:\/\/www.visit-ulcinj.com\/blog\/wp-content\/uploads\/2009\/03\/adelajda-diskuton-me-tanin-copy.jpg\" \/>\n<meta name=\"twitter:label1\" content=\"Written by\" \/>\n\t<meta name=\"twitter:data1\" content=\"ulqini\" \/>\n\t<meta name=\"twitter:label2\" content=\"Est. reading time\" \/>\n\t<meta name=\"twitter:data2\" content=\"1 minute\" \/>\n<script type=\"application\/ld+json\" class=\"yoast-schema-graph\">{\"@context\":\"https:\/\/schema.org\",\"@graph\":[{\"@type\":\"WebSite\",\"@id\":\"https:\/\/www.visit-ulcinj.com\/blog\/#website\",\"url\":\"https:\/\/www.visit-ulcinj.com\/blog\/\",\"name\":\"Lajme nga Ulqini\",\"description\":\"Lajme,Vijesti,Ulqini,Ulqin,Crna Gora,Mali i Zi\",\"potentialAction\":[{\"@type\":\"SearchAction\",\"target\":{\"@type\":\"EntryPoint\",\"urlTemplate\":\"https:\/\/www.visit-ulcinj.com\/blog\/?s={search_term_string}\"},\"query-input\":\"required name=search_term_string\"}],\"inLanguage\":\"en-US\"},{\"@type\":\"ImageObject\",\"inLanguage\":\"en-US\",\"@id\":\"https:\/\/www.visit-ulcinj.com\/blog\/2009\/03\/20\/adela-pse-e-ke-nominuar-bjordin\/#primaryimage\",\"url\":\"http:\/\/www.visit-ulcinj.com\/blog\/wp-content\/uploads\/2009\/03\/adelajda-diskuton-me-tanin-copy.jpg\",\"contentUrl\":\"http:\/\/www.visit-ulcinj.com\/blog\/wp-content\/uploads\/2009\/03\/adelajda-diskuton-me-tanin-copy.jpg\"},{\"@type\":\"WebPage\",\"@id\":\"https:\/\/www.visit-ulcinj.com\/blog\/2009\/03\/20\/adela-pse-e-ke-nominuar-bjordin\/#webpage\",\"url\":\"https:\/\/www.visit-ulcinj.com\/blog\/2009\/03\/20\/adela-pse-e-ke-nominuar-bjordin\/\",\"name\":\"Adela : Pse e ke nominuar Bjordin? | Big Brother Albania 2\",\"isPartOf\":{\"@id\":\"https:\/\/www.visit-ulcinj.com\/blog\/#website\"},\"primaryImageOfPage\":{\"@id\":\"https:\/\/www.visit-ulcinj.com\/blog\/2009\/03\/20\/adela-pse-e-ke-nominuar-bjordin\/#primaryimage\"},\"datePublished\":\"2009-03-20T21:33:51+00:00\",\"dateModified\":\"2009-03-20T21:33:51+00:00\",\"author\":{\"@id\":\"https:\/\/www.visit-ulcinj.com\/blog\/#\/schema\/person\/dcab619c614d3038751c63bc2aadc06d\"},\"description\":\"Big Brother Albania 2 - Adelajda i ka th\u00c3\u00abn\u00c3\u00ab Dritanit se i b\u00c3\u00abhej qejfi q\u00c3\u00ab k\u00c3\u00abt\u00c3\u00ab jav\u00c3\u00ab ai kishte ardhur n\u00c3\u00ab \u00e2\u20ac\u0153bot\u00c3\u00abn e sht\u00c3\u00abpis\u00c3\u00ab\u00e2\u20ac\u009d. \u00e2\u20ac\u0153Pse? T\u00c3\u00ab duket sikur nuk kam qen\u00c3\u00ab?!\",\"breadcrumb\":{\"@id\":\"https:\/\/www.visit-ulcinj.com\/blog\/2009\/03\/20\/adela-pse-e-ke-nominuar-bjordin\/#breadcrumb\"},\"inLanguage\":\"en-US\",\"potentialAction\":[{\"@type\":\"ReadAction\",\"target\":[\"https:\/\/www.visit-ulcinj.com\/blog\/2009\/03\/20\/adela-pse-e-ke-nominuar-bjordin\/\"]}]},{\"@type\":\"BreadcrumbList\",\"@id\":\"https:\/\/www.visit-ulcinj.com\/blog\/2009\/03\/20\/adela-pse-e-ke-nominuar-bjordin\/#breadcrumb\",\"itemListElement\":[{\"@type\":\"ListItem\",\"position\":1,\"name\":\"Adela : Pse e ke nominuar Bjordin?\"}]},{\"@type\":\"Person\",\"@id\":\"https:\/\/www.visit-ulcinj.com\/blog\/#\/schema\/person\/dcab619c614d3038751c63bc2aadc06d\",\"name\":\"ulqini\",\"sameAs\":[\"http:\/\/www.visit-ulcinj.com\"],\"url\":\"https:\/\/www.visit-ulcinj.com\/blog\/author\/admin\/\"}]}<\/script>\n<!-- \/ Yoast SEO plugin. -->","yoast_head_json":{"title":"Adela : Pse e ke nominuar Bjordin? | Big Brother Albania 2","description":"Big Brother Albania 2 - Adelajda i ka th\u00c3\u00abn\u00c3\u00ab Dritanit se i b\u00c3\u00abhej qejfi q\u00c3\u00ab k\u00c3\u00abt\u00c3\u00ab jav\u00c3\u00ab ai kishte ardhur n\u00c3\u00ab \u00e2\u20ac\u0153bot\u00c3\u00abn e sht\u00c3\u00abpis\u00c3\u00ab\u00e2\u20ac\u009d. \u00e2\u20ac\u0153Pse? T\u00c3\u00ab duket sikur nuk kam qen\u00c3\u00ab?!","robots":{"index":"index","follow":"follow","max-snippet":"max-snippet:-1","max-image-preview":"max-image-preview:large","max-video-preview":"max-video-preview:-1"},"canonical":"https:\/\/www.visit-ulcinj.com\/blog\/2009\/03\/20\/adela-pse-e-ke-nominuar-bjordin\/","og_locale":"en_US","og_type":"article","og_title":"Adela : Pse e ke nominuar Bjordin? | Big Brother Albania 2","og_description":"Big Brother Albania 2 - Adelajda i ka th\u00c3\u00abn\u00c3\u00ab Dritanit se i b\u00c3\u00abhej qejfi q\u00c3\u00ab k\u00c3\u00abt\u00c3\u00ab jav\u00c3\u00ab ai kishte ardhur n\u00c3\u00ab \u00e2\u20ac\u0153bot\u00c3\u00abn e sht\u00c3\u00abpis\u00c3\u00ab\u00e2\u20ac\u009d. \u00e2\u20ac\u0153Pse? T\u00c3\u00ab duket sikur nuk kam qen\u00c3\u00ab?!","og_url":"https:\/\/www.visit-ulcinj.com\/blog\/2009\/03\/20\/adela-pse-e-ke-nominuar-bjordin\/","og_site_name":"Lajme nga Ulqini","article_published_time":"2009-03-20T21:33:51+00:00","og_image":[{"url":"http:\/\/www.visit-ulcinj.com\/blog\/wp-content\/uploads\/2009\/03\/adelajda-diskuton-me-tanin-copy.jpg"}],"twitter_misc":{"Written by":"ulqini","Est. reading time":"1 minute"},"schema":{"@context":"https:\/\/schema.org","@graph":[{"@type":"WebSite","@id":"https:\/\/www.visit-ulcinj.com\/blog\/#website","url":"https:\/\/www.visit-ulcinj.com\/blog\/","name":"Lajme nga Ulqini","description":"Lajme,Vijesti,Ulqini,Ulqin,Crna Gora,Mali i Zi","potentialAction":[{"@type":"SearchAction","target":{"@type":"EntryPoint","urlTemplate":"https:\/\/www.visit-ulcinj.com\/blog\/?s={search_term_string}"},"query-input":"required name=search_term_string"}],"inLanguage":"en-US"},{"@type":"ImageObject","inLanguage":"en-US","@id":"https:\/\/www.visit-ulcinj.com\/blog\/2009\/03\/20\/adela-pse-e-ke-nominuar-bjordin\/#primaryimage","url":"http:\/\/www.visit-ulcinj.com\/blog\/wp-content\/uploads\/2009\/03\/adelajda-diskuton-me-tanin-copy.jpg","contentUrl":"http:\/\/www.visit-ulcinj.com\/blog\/wp-content\/uploads\/2009\/03\/adelajda-diskuton-me-tanin-copy.jpg"},{"@type":"WebPage","@id":"https:\/\/www.visit-ulcinj.com\/blog\/2009\/03\/20\/adela-pse-e-ke-nominuar-bjordin\/#webpage","url":"https:\/\/www.visit-ulcinj.com\/blog\/2009\/03\/20\/adela-pse-e-ke-nominuar-bjordin\/","name":"Adela : Pse e ke nominuar Bjordin? | Big Brother Albania 2","isPartOf":{"@id":"https:\/\/www.visit-ulcinj.com\/blog\/#website"},"primaryImageOfPage":{"@id":"https:\/\/www.visit-ulcinj.com\/blog\/2009\/03\/20\/adela-pse-e-ke-nominuar-bjordin\/#primaryimage"},"datePublished":"2009-03-20T21:33:51+00:00","dateModified":"2009-03-20T21:33:51+00:00","author":{"@id":"https:\/\/www.visit-ulcinj.com\/blog\/#\/schema\/person\/dcab619c614d3038751c63bc2aadc06d"},"description":"Big Brother Albania 2 - Adelajda i ka th\u00c3\u00abn\u00c3\u00ab Dritanit se i b\u00c3\u00abhej qejfi q\u00c3\u00ab k\u00c3\u00abt\u00c3\u00ab jav\u00c3\u00ab ai kishte ardhur n\u00c3\u00ab \u00e2\u20ac\u0153bot\u00c3\u00abn e sht\u00c3\u00abpis\u00c3\u00ab\u00e2\u20ac\u009d. \u00e2\u20ac\u0153Pse? T\u00c3\u00ab duket sikur nuk kam qen\u00c3\u00ab?!","breadcrumb":{"@id":"https:\/\/www.visit-ulcinj.com\/blog\/2009\/03\/20\/adela-pse-e-ke-nominuar-bjordin\/#breadcrumb"},"inLanguage":"en-US","potentialAction":[{"@type":"ReadAction","target":["https:\/\/www.visit-ulcinj.com\/blog\/2009\/03\/20\/adela-pse-e-ke-nominuar-bjordin\/"]}]},{"@type":"BreadcrumbList","@id":"https:\/\/www.visit-ulcinj.com\/blog\/2009\/03\/20\/adela-pse-e-ke-nominuar-bjordin\/#breadcrumb","itemListElement":[{"@type":"ListItem","position":1,"name":"Adela : Pse e ke nominuar Bjordin?"}]},{"@type":"Person","@id":"https:\/\/www.visit-ulcinj.com\/blog\/#\/schema\/person\/dcab619c614d3038751c63bc2aadc06d","name":"ulqini","sameAs":["http:\/\/www.visit-ulcinj.com"],"url":"https:\/\/www.visit-ulcinj.com\/blog\/author\/admin\/"}]}},"jetpack_featured_media_url":"","jetpack_sharing_enabled":true,"jetpack_shortlink":"https:\/\/wp.me\/pe6lTn-3Tr","_links":{"self":[{"href":"https:\/\/www.visit-ulcinj.com\/blog\/wp-json\/wp\/v2\/posts\/14969"}],"collection":[{"href":"https:\/\/www.visit-ulcinj.com\/blog\/wp-json\/wp\/v2\/posts"}],"about":[{"href":"https:\/\/www.visit-ulcinj.com\/blog\/wp-json\/wp\/v2\/types\/post"}],"author":[{"embeddable":true,"href":"https:\/\/www.visit-ulcinj.com\/blog\/wp-json\/wp\/v2\/users\/1"}],"replies":[{"embeddable":true,"href":"https:\/\/www.visit-ulcinj.com\/blog\/wp-json\/wp\/v2\/comments?post=14969"}],"version-history":[{"count":0,"href":"https:\/\/www.visit-ulcinj.com\/blog\/wp-json\/wp\/v2\/posts\/14969\/revisions"}],"wp:attachment":[{"href":"https:\/\/www.visit-ulcinj.com\/blog\/wp-json\/wp\/v2\/media?parent=14969"}],"wp:term":[{"taxonomy":"category","embeddable":true,"href":"https:\/\/www.visit-ulcinj.com\/blog\/wp-json\/wp\/v2\/categories?post=14969"},{"taxonomy":"post_tag","embeddable":true,"href":"https:\/\/www.visit-ulcinj.com\/blog\/wp-json\/wp\/v2\/tags?post=14969"}],"curies":[{"name":"wp","href":"https:\/\/api.w.org\/{rel}","templated":true}]}}