{"id":14972,"date":"2009-03-20T22:42:25","date_gmt":"2009-03-20T21:42:25","guid":{"rendered":"http:\/\/www.visit-ulcinj.com\/blog\/?p=14972"},"modified":"2009-03-20T22:42:25","modified_gmt":"2009-03-20T21:42:25","slug":"dritani-nominimi-nuk-eshte-konsultim","status":"publish","type":"post","link":"https:\/\/www.visit-ulcinj.com\/blog\/2009\/03\/20\/dritani-nominimi-nuk-eshte-konsultim\/","title":{"rendered":"Dritani : Nominimi nuk \u00ebsht\u00eb konsultim!"},"content":{"rendered":"<p><em><span class=\"newsdate\"><a href=\"http:\/\/www.visit-ulcinj.com\/blog\/wp-content\/uploads\/2009\/03\/tani-diskuton-me-adelen.jpg\"><img loading=\"lazy\" class=\"alignleft size-full wp-image-14973\" title=\"tani-diskuton-me-adelen-big-brother-albania-2\" src=\"http:\/\/www.visit-ulcinj.com\/blog\/wp-content\/uploads\/2009\/03\/tani-diskuton-me-adelen.jpg\" alt=\"tani-diskuton-me-adelen-big-brother-albania-2\" width=\"300\" height=\"205\" \/><\/a>20\/03\/09 11:20<\/span><\/em><\/p>\n<p>Diskutimi mes Adelajdes ka vazhduar edhe m\u00eb tej. Ajo i ka th\u00ebn\u00eb Dritanit se sipas saj ishte fallsitet q\u00eb t\u00eb nom inoje dik\u00eb, me arsyen se ai nuk rrezikonte dhe t\u00eb mos nominoje ata q\u00eb e meritonin v\u00ebrtet. Dritani e ka pyetur se nga cili k\u00ebndv\u00ebshtrim nisej, kur p\u00ebrcaktonte se kush e meritonte e kush jo, pasi secili ka k\u00ebndv\u00ebshtrimin e vet dhe ata q\u00eb p\u00ebr zyshen e meritojn\u00eb t\u00eb nominohen, p\u00ebr at\u00eb mund t\u00eb mos e meritojn\u00eb. M\u00eb pas, kur ai i kath\u00ebn\u00eb se dy personat q\u00eb ai nuk do t\u2019i nominonte kurr\u00eb ishin ajo dhe Republika, ajo u duk t\u00eb zbutej. \u201cNominim nuk \u00ebsht\u00eb \u00e7\u00ebshtje konsultimi, nominimi \u00ebsht\u00eb si\u00e7 e mendon ti vet!\u201d<\/p>\n","protected":false},"excerpt":{"rendered":"<p>20\/03\/09 11:20 Diskutimi mes Adelajdes ka vazhduar edhe m\u00eb tej. Ajo i ka th\u00ebn\u00eb Dritanit se sipas saj ishte fallsitet q\u00eb t\u00eb nom inoje dik\u00eb, me arsyen se ai nuk rrezikonte dhe t\u00eb mos nominoje ata q\u00eb e meritonin v\u00ebrtet. Dritani e ka pyetur se nga cili k\u00ebndv\u00ebshtrim nisej, kur p\u00ebrcaktonte se kush e meritonte [&hellip;]<\/p>\n","protected":false},"author":1,"featured_media":0,"comment_status":"open","ping_status":"closed","sticky":false,"template":"","format":"standard","meta":{"spay_email":"","jetpack_publicize_message":"","jetpack_is_tweetstorm":false,"jetpack_publicize_feature_enabled":true},"categories":[6502],"tags":[6736,6562,6529,6883,6516,6712,6538,6521,7199,262,6891],"jetpack_publicize_connections":[],"yoast_head":"<!-- This site is optimized with the Yoast SEO plugin v19.1 - https:\/\/yoast.com\/wordpress\/plugins\/seo\/ -->\n<title>Dritani : Nominimi nuk \u00c3\u00absht\u00c3\u00ab konsultim! | Big Brother Albania 2<\/title>\n<meta name=\"description\" content=\"Big Brother Albania 2 - Diskutimi mes Adelajdes ka vazhduar edhe m\u00c3\u00ab tej. Ajo i ka th\u00c3\u00abn\u00c3\u00ab Dritanit se sipas saj ishte fallsitet q\u00c3\u00ab t\u00c3\u00ab nom inoje dik\u00c3\u00ab, me arsyen se ai nuk rrezikonte dhe t\u00c3\u00ab mos nominoje ata q\u00c3\u00ab e meritonin v\u00c3\u00abrtet.\" \/>\n<meta name=\"robots\" content=\"index, follow, max-snippet:-1, max-image-preview:large, max-video-preview:-1\" \/>\n<link rel=\"canonical\" href=\"https:\/\/www.visit-ulcinj.com\/blog\/2009\/03\/20\/dritani-nominimi-nuk-eshte-konsultim\/\" \/>\n<meta property=\"og:locale\" content=\"en_US\" \/>\n<meta property=\"og:type\" content=\"article\" \/>\n<meta property=\"og:title\" content=\"Dritani : Nominimi nuk \u00c3\u00absht\u00c3\u00ab konsultim! | Big Brother Albania 2\" \/>\n<meta property=\"og:description\" content=\"Big Brother Albania 2 - Diskutimi mes Adelajdes ka vazhduar edhe m\u00c3\u00ab tej. Ajo i ka th\u00c3\u00abn\u00c3\u00ab Dritanit se sipas saj ishte fallsitet q\u00c3\u00ab t\u00c3\u00ab nom inoje dik\u00c3\u00ab, me arsyen se ai nuk rrezikonte dhe t\u00c3\u00ab mos nominoje ata q\u00c3\u00ab e meritonin v\u00c3\u00abrtet.\" \/>\n<meta property=\"og:url\" content=\"https:\/\/www.visit-ulcinj.com\/blog\/2009\/03\/20\/dritani-nominimi-nuk-eshte-konsultim\/\" \/>\n<meta property=\"og:site_name\" content=\"Lajme nga Ulqini\" \/>\n<meta property=\"article:published_time\" content=\"2009-03-20T21:42:25+00:00\" \/>\n<meta property=\"og:image\" content=\"http:\/\/www.visit-ulcinj.com\/blog\/wp-content\/uploads\/2009\/03\/tani-diskuton-me-adelen.jpg\" \/>\n<meta name=\"twitter:label1\" content=\"Written by\" \/>\n\t<meta name=\"twitter:data1\" content=\"ulqini\" \/>\n\t<meta name=\"twitter:label2\" content=\"Est. reading time\" \/>\n\t<meta name=\"twitter:data2\" content=\"1 minute\" \/>\n<script type=\"application\/ld+json\" class=\"yoast-schema-graph\">{\"@context\":\"https:\/\/schema.org\",\"@graph\":[{\"@type\":\"WebSite\",\"@id\":\"https:\/\/www.visit-ulcinj.com\/blog\/#website\",\"url\":\"https:\/\/www.visit-ulcinj.com\/blog\/\",\"name\":\"Lajme nga Ulqini\",\"description\":\"Lajme,Vijesti,Ulqini,Ulqin,Crna Gora,Mali i Zi\",\"potentialAction\":[{\"@type\":\"SearchAction\",\"target\":{\"@type\":\"EntryPoint\",\"urlTemplate\":\"https:\/\/www.visit-ulcinj.com\/blog\/?s={search_term_string}\"},\"query-input\":\"required name=search_term_string\"}],\"inLanguage\":\"en-US\"},{\"@type\":\"ImageObject\",\"inLanguage\":\"en-US\",\"@id\":\"https:\/\/www.visit-ulcinj.com\/blog\/2009\/03\/20\/dritani-nominimi-nuk-eshte-konsultim\/#primaryimage\",\"url\":\"http:\/\/www.visit-ulcinj.com\/blog\/wp-content\/uploads\/2009\/03\/tani-diskuton-me-adelen.jpg\",\"contentUrl\":\"http:\/\/www.visit-ulcinj.com\/blog\/wp-content\/uploads\/2009\/03\/tani-diskuton-me-adelen.jpg\"},{\"@type\":\"WebPage\",\"@id\":\"https:\/\/www.visit-ulcinj.com\/blog\/2009\/03\/20\/dritani-nominimi-nuk-eshte-konsultim\/#webpage\",\"url\":\"https:\/\/www.visit-ulcinj.com\/blog\/2009\/03\/20\/dritani-nominimi-nuk-eshte-konsultim\/\",\"name\":\"Dritani : Nominimi nuk \u00c3\u00absht\u00c3\u00ab konsultim! | Big Brother Albania 2\",\"isPartOf\":{\"@id\":\"https:\/\/www.visit-ulcinj.com\/blog\/#website\"},\"primaryImageOfPage\":{\"@id\":\"https:\/\/www.visit-ulcinj.com\/blog\/2009\/03\/20\/dritani-nominimi-nuk-eshte-konsultim\/#primaryimage\"},\"datePublished\":\"2009-03-20T21:42:25+00:00\",\"dateModified\":\"2009-03-20T21:42:25+00:00\",\"author\":{\"@id\":\"https:\/\/www.visit-ulcinj.com\/blog\/#\/schema\/person\/dcab619c614d3038751c63bc2aadc06d\"},\"description\":\"Big Brother Albania 2 - Diskutimi mes Adelajdes ka vazhduar edhe m\u00c3\u00ab tej. Ajo i ka th\u00c3\u00abn\u00c3\u00ab Dritanit se sipas saj ishte fallsitet q\u00c3\u00ab t\u00c3\u00ab nom inoje dik\u00c3\u00ab, me arsyen se ai nuk rrezikonte dhe t\u00c3\u00ab mos nominoje ata q\u00c3\u00ab e meritonin v\u00c3\u00abrtet.\",\"breadcrumb\":{\"@id\":\"https:\/\/www.visit-ulcinj.com\/blog\/2009\/03\/20\/dritani-nominimi-nuk-eshte-konsultim\/#breadcrumb\"},\"inLanguage\":\"en-US\",\"potentialAction\":[{\"@type\":\"ReadAction\",\"target\":[\"https:\/\/www.visit-ulcinj.com\/blog\/2009\/03\/20\/dritani-nominimi-nuk-eshte-konsultim\/\"]}]},{\"@type\":\"BreadcrumbList\",\"@id\":\"https:\/\/www.visit-ulcinj.com\/blog\/2009\/03\/20\/dritani-nominimi-nuk-eshte-konsultim\/#breadcrumb\",\"itemListElement\":[{\"@type\":\"ListItem\",\"position\":1,\"name\":\"Dritani : Nominimi nuk \u00ebsht\u00eb konsultim!\"}]},{\"@type\":\"Person\",\"@id\":\"https:\/\/www.visit-ulcinj.com\/blog\/#\/schema\/person\/dcab619c614d3038751c63bc2aadc06d\",\"name\":\"ulqini\",\"sameAs\":[\"http:\/\/www.visit-ulcinj.com\"],\"url\":\"https:\/\/www.visit-ulcinj.com\/blog\/author\/admin\/\"}]}<\/script>\n<!-- \/ Yoast SEO plugin. -->","yoast_head_json":{"title":"Dritani : Nominimi nuk \u00c3\u00absht\u00c3\u00ab konsultim! | Big Brother Albania 2","description":"Big Brother Albania 2 - Diskutimi mes Adelajdes ka vazhduar edhe m\u00c3\u00ab tej. Ajo i ka th\u00c3\u00abn\u00c3\u00ab Dritanit se sipas saj ishte fallsitet q\u00c3\u00ab t\u00c3\u00ab nom inoje dik\u00c3\u00ab, me arsyen se ai nuk rrezikonte dhe t\u00c3\u00ab mos nominoje ata q\u00c3\u00ab e meritonin v\u00c3\u00abrtet.","robots":{"index":"index","follow":"follow","max-snippet":"max-snippet:-1","max-image-preview":"max-image-preview:large","max-video-preview":"max-video-preview:-1"},"canonical":"https:\/\/www.visit-ulcinj.com\/blog\/2009\/03\/20\/dritani-nominimi-nuk-eshte-konsultim\/","og_locale":"en_US","og_type":"article","og_title":"Dritani : Nominimi nuk \u00c3\u00absht\u00c3\u00ab konsultim! | Big Brother Albania 2","og_description":"Big Brother Albania 2 - Diskutimi mes Adelajdes ka vazhduar edhe m\u00c3\u00ab tej. Ajo i ka th\u00c3\u00abn\u00c3\u00ab Dritanit se sipas saj ishte fallsitet q\u00c3\u00ab t\u00c3\u00ab nom inoje dik\u00c3\u00ab, me arsyen se ai nuk rrezikonte dhe t\u00c3\u00ab mos nominoje ata q\u00c3\u00ab e meritonin v\u00c3\u00abrtet.","og_url":"https:\/\/www.visit-ulcinj.com\/blog\/2009\/03\/20\/dritani-nominimi-nuk-eshte-konsultim\/","og_site_name":"Lajme nga Ulqini","article_published_time":"2009-03-20T21:42:25+00:00","og_image":[{"url":"http:\/\/www.visit-ulcinj.com\/blog\/wp-content\/uploads\/2009\/03\/tani-diskuton-me-adelen.jpg"}],"twitter_misc":{"Written by":"ulqini","Est. reading time":"1 minute"},"schema":{"@context":"https:\/\/schema.org","@graph":[{"@type":"WebSite","@id":"https:\/\/www.visit-ulcinj.com\/blog\/#website","url":"https:\/\/www.visit-ulcinj.com\/blog\/","name":"Lajme nga Ulqini","description":"Lajme,Vijesti,Ulqini,Ulqin,Crna Gora,Mali i Zi","potentialAction":[{"@type":"SearchAction","target":{"@type":"EntryPoint","urlTemplate":"https:\/\/www.visit-ulcinj.com\/blog\/?s={search_term_string}"},"query-input":"required name=search_term_string"}],"inLanguage":"en-US"},{"@type":"ImageObject","inLanguage":"en-US","@id":"https:\/\/www.visit-ulcinj.com\/blog\/2009\/03\/20\/dritani-nominimi-nuk-eshte-konsultim\/#primaryimage","url":"http:\/\/www.visit-ulcinj.com\/blog\/wp-content\/uploads\/2009\/03\/tani-diskuton-me-adelen.jpg","contentUrl":"http:\/\/www.visit-ulcinj.com\/blog\/wp-content\/uploads\/2009\/03\/tani-diskuton-me-adelen.jpg"},{"@type":"WebPage","@id":"https:\/\/www.visit-ulcinj.com\/blog\/2009\/03\/20\/dritani-nominimi-nuk-eshte-konsultim\/#webpage","url":"https:\/\/www.visit-ulcinj.com\/blog\/2009\/03\/20\/dritani-nominimi-nuk-eshte-konsultim\/","name":"Dritani : Nominimi nuk \u00c3\u00absht\u00c3\u00ab konsultim! | Big Brother Albania 2","isPartOf":{"@id":"https:\/\/www.visit-ulcinj.com\/blog\/#website"},"primaryImageOfPage":{"@id":"https:\/\/www.visit-ulcinj.com\/blog\/2009\/03\/20\/dritani-nominimi-nuk-eshte-konsultim\/#primaryimage"},"datePublished":"2009-03-20T21:42:25+00:00","dateModified":"2009-03-20T21:42:25+00:00","author":{"@id":"https:\/\/www.visit-ulcinj.com\/blog\/#\/schema\/person\/dcab619c614d3038751c63bc2aadc06d"},"description":"Big Brother Albania 2 - Diskutimi mes Adelajdes ka vazhduar edhe m\u00c3\u00ab tej. Ajo i ka th\u00c3\u00abn\u00c3\u00ab Dritanit se sipas saj ishte fallsitet q\u00c3\u00ab t\u00c3\u00ab nom inoje dik\u00c3\u00ab, me arsyen se ai nuk rrezikonte dhe t\u00c3\u00ab mos nominoje ata q\u00c3\u00ab e meritonin v\u00c3\u00abrtet.","breadcrumb":{"@id":"https:\/\/www.visit-ulcinj.com\/blog\/2009\/03\/20\/dritani-nominimi-nuk-eshte-konsultim\/#breadcrumb"},"inLanguage":"en-US","potentialAction":[{"@type":"ReadAction","target":["https:\/\/www.visit-ulcinj.com\/blog\/2009\/03\/20\/dritani-nominimi-nuk-eshte-konsultim\/"]}]},{"@type":"BreadcrumbList","@id":"https:\/\/www.visit-ulcinj.com\/blog\/2009\/03\/20\/dritani-nominimi-nuk-eshte-konsultim\/#breadcrumb","itemListElement":[{"@type":"ListItem","position":1,"name":"Dritani : Nominimi nuk \u00ebsht\u00eb konsultim!"}]},{"@type":"Person","@id":"https:\/\/www.visit-ulcinj.com\/blog\/#\/schema\/person\/dcab619c614d3038751c63bc2aadc06d","name":"ulqini","sameAs":["http:\/\/www.visit-ulcinj.com"],"url":"https:\/\/www.visit-ulcinj.com\/blog\/author\/admin\/"}]}},"jetpack_featured_media_url":"","jetpack_sharing_enabled":true,"jetpack_shortlink":"https:\/\/wp.me\/pe6lTn-3Tu","_links":{"self":[{"href":"https:\/\/www.visit-ulcinj.com\/blog\/wp-json\/wp\/v2\/posts\/14972"}],"collection":[{"href":"https:\/\/www.visit-ulcinj.com\/blog\/wp-json\/wp\/v2\/posts"}],"about":[{"href":"https:\/\/www.visit-ulcinj.com\/blog\/wp-json\/wp\/v2\/types\/post"}],"author":[{"embeddable":true,"href":"https:\/\/www.visit-ulcinj.com\/blog\/wp-json\/wp\/v2\/users\/1"}],"replies":[{"embeddable":true,"href":"https:\/\/www.visit-ulcinj.com\/blog\/wp-json\/wp\/v2\/comments?post=14972"}],"version-history":[{"count":0,"href":"https:\/\/www.visit-ulcinj.com\/blog\/wp-json\/wp\/v2\/posts\/14972\/revisions"}],"wp:attachment":[{"href":"https:\/\/www.visit-ulcinj.com\/blog\/wp-json\/wp\/v2\/media?parent=14972"}],"wp:term":[{"taxonomy":"category","embeddable":true,"href":"https:\/\/www.visit-ulcinj.com\/blog\/wp-json\/wp\/v2\/categories?post=14972"},{"taxonomy":"post_tag","embeddable":true,"href":"https:\/\/www.visit-ulcinj.com\/blog\/wp-json\/wp\/v2\/tags?post=14972"}],"curies":[{"name":"wp","href":"https:\/\/api.w.org\/{rel}","templated":true}]}}