{"id":14975,"date":"2009-03-20T22:51:49","date_gmt":"2009-03-20T21:51:49","guid":{"rendered":"http:\/\/www.visit-ulcinj.com\/blog\/?p=14975"},"modified":"2009-03-20T22:51:49","modified_gmt":"2009-03-20T21:51:49","slug":"adela-dhe-tani-mire-me-vjehrren-mire-me-burrin","status":"publish","type":"post","link":"https:\/\/www.visit-ulcinj.com\/blog\/2009\/03\/20\/adela-dhe-tani-mire-me-vjehrren-mire-me-burrin\/","title":{"rendered":"Adela dhe Tani : Mir\u00eb me vjehrr\u00ebn, mir\u00eb me burrin!"},"content":{"rendered":"<p><em><span class=\"newsdate\"><a href=\"http:\/\/www.visit-ulcinj.com\/blog\/wp-content\/uploads\/2009\/03\/diskutimi-tani-adela-copy.jpg\"><img loading=\"lazy\" class=\"alignleft size-full wp-image-14976\" title=\"diskutimi-tani-adela-big-brother-albania-2\" src=\"http:\/\/www.visit-ulcinj.com\/blog\/wp-content\/uploads\/2009\/03\/diskutimi-tani-adela-copy.jpg\" alt=\"diskutimi-tani-adela-big-brother-albania-2\" width=\"300\" height=\"205\" \/><\/a>20\/03\/09 11:30<\/span><\/em><\/p>\n<p>\u201cMir\u00eb me vjehrr\u00ebn, mir\u00eb me burrin!\u201d. K\u00ebshtu i ka th\u00ebn\u00eb Adelajda Dritanit dhe ky i fundit i ka k\u00ebrkuar t\u2019i shpjegoj\u00eb p\u00ebrse e kishte patur fjal\u00ebn. Ajo i ka th\u00ebn se ai po mundohej ta mbante mir\u00eb me t\u00eb gjith\u00eb. Ajo ka shtuar se kur ajo b\u00ebn fjal\u00eb me dik\u00eb, nuk shkon m\u00eb pas t\u2019i ulet af\u00ebr, nd\u00ebrsa ai po dhe asaj nuk i p\u00eblqente kjo gj\u00eb sepse do t\u00eb thoshte q\u00eb ai jo vet\u00ebm po b\u00ebnte loj\u00eb, por po b\u00ebnte loj\u00eb t\u00eb pis\u00ebt. Ajo i ka p\u00ebrmendur nj\u00eb rast t\u00eb ndodhur dit\u00eb m\u00eb par\u00eb, kur ajo e kishte d\u00ebgjuar t\u00eb debatonte fort me Aid\u00ebn dhe m\u00eb pas, kishte par\u00eb q\u00eb ai i kishte k\u00ebrkuar asaj t\u00eb vinte e t\u00eb ulej af\u00ebr tij. Kjo gj\u00eb p\u00ebr Adelajden, ishte serviliz\u00ebm. Dritani i ka shpjeguar se Aida i kishte k\u00ebrkuar t\u00eb nj\u00ebjt\u00ebn gj\u00eb q\u00eb ajo po i k\u00ebrkonte tani, pozicionim nga ana e tij, n\u00eb krah t\u00eb saj dhe ai i kishte th\u00ebn\u00eb asaj t\u00eb nj\u00ebjt\u00ebn gj\u00eb q\u00eb po i thoshte asaj tani, se debati mes Adel\u00ebs dhe Aid\u00ebs ishte mes atyre t\u00eb dyjave dhe ai nuk mund t\u00eb pozicionohej p\u00ebr nj\u00eb debat t\u00eb till\u00eb. Dritani e p\u00ebrcakton k\u00ebt\u00eb debat si nj\u00eb debat personal dhe t\u00eb pavler\u00eb dhe mendon se ai nuk mund t\u00eb pozicionohet n\u00eb dicka q\u00eb u kthye n\u00eb nj\u00eb debat, ku ngjarjet vazhdojn\u00eb t\u00eb rrjedhin si p\u00ebr inat. Ai shton se edhe n\u00ebse do t\u00eb ishte n\u00eb brend\u00ebsi t\u00eb k\u00ebsaj ngjarjeje, s\u00ebrish nuk do t\u00eb pozicionohej pasi nuk i takon t\u00eb marr\u00eb asnj\u00eb q\u00ebndrim. Dritani i sqaron Adel\u00ebs se t\u00eb gjitha bisedat q\u00eb ka b\u00ebr\u00eb me Aid\u00ebn nuk kan\u00eb q\u00ebn\u00eb p\u00ebr serviliz\u00ebm. \u201cT\u00eb dish t\u2019i thuash tjetrit ato q\u00eb ke p\u00ebr t\u2019i th\u00ebn\u00eb e ai mos t\u00eb ket\u00eb fuqin\u00eb t\u00eb t\u00eb kund\u00ebrshtoj\u00eb, nuk \u00ebsht\u00eb serviliz\u00ebm\u201d- p\u00ebrfundon Dritani.<\/p>\n","protected":false},"excerpt":{"rendered":"<p>20\/03\/09 11:30 \u201cMir\u00eb me vjehrr\u00ebn, mir\u00eb me burrin!\u201d. K\u00ebshtu i ka th\u00ebn\u00eb Adelajda Dritanit dhe ky i fundit i ka k\u00ebrkuar t\u2019i shpjegoj\u00eb p\u00ebrse e kishte patur fjal\u00ebn. Ajo i ka th\u00ebn se ai po mundohej ta mbante mir\u00eb me t\u00eb gjith\u00eb. Ajo ka shtuar se kur ajo b\u00ebn fjal\u00eb me dik\u00eb, nuk shkon m\u00eb [&hellip;]<\/p>\n","protected":false},"author":1,"featured_media":0,"comment_status":"open","ping_status":"closed","sticky":false,"template":"","format":"standard","meta":{"spay_email":"","jetpack_publicize_message":"","jetpack_is_tweetstorm":false,"jetpack_publicize_feature_enabled":true},"categories":[6502],"tags":[6736,6529,6537,6883,6516,6712,6521,6891],"jetpack_publicize_connections":[],"yoast_head":"<!-- This site is optimized with the Yoast SEO plugin v19.1 - https:\/\/yoast.com\/wordpress\/plugins\/seo\/ -->\n<title>Adela dhe Tani : Mir\u00c3\u00ab me vjehrr\u00c3\u00abn, mir\u00c3\u00ab me burrin! | Big Brother Albania 2<\/title>\n<meta name=\"description\" content=\"Big Brother Albania 2 - \u00e2\u20ac\u0153Mir\u00c3\u00ab me vjehrr\u00c3\u00abn, mir\u00c3\u00ab me burrin!\u00e2\u20ac\u009d. K\u00c3\u00abshtu i ka th\u00c3\u00abn\u00c3\u00ab Adelajda Dritanit dhe ky i fundit i ka k\u00c3\u00abrkuar t\u00e2\u20ac\u2122i shpjegoj\u00c3\u00ab p\u00c3\u00abrse e kishte patur fjal\u00c3\u00abn\" \/>\n<meta name=\"robots\" content=\"index, follow, max-snippet:-1, max-image-preview:large, max-video-preview:-1\" \/>\n<link rel=\"canonical\" href=\"https:\/\/www.visit-ulcinj.com\/blog\/2009\/03\/20\/adela-dhe-tani-mire-me-vjehrren-mire-me-burrin\/\" \/>\n<meta property=\"og:locale\" content=\"en_US\" \/>\n<meta property=\"og:type\" content=\"article\" \/>\n<meta property=\"og:title\" content=\"Adela dhe Tani : Mir\u00c3\u00ab me vjehrr\u00c3\u00abn, mir\u00c3\u00ab me burrin! | Big Brother Albania 2\" \/>\n<meta property=\"og:description\" content=\"Big Brother Albania 2 - \u00e2\u20ac\u0153Mir\u00c3\u00ab me vjehrr\u00c3\u00abn, mir\u00c3\u00ab me burrin!\u00e2\u20ac\u009d. K\u00c3\u00abshtu i ka th\u00c3\u00abn\u00c3\u00ab Adelajda Dritanit dhe ky i fundit i ka k\u00c3\u00abrkuar t\u00e2\u20ac\u2122i shpjegoj\u00c3\u00ab p\u00c3\u00abrse e kishte patur fjal\u00c3\u00abn\" \/>\n<meta property=\"og:url\" content=\"https:\/\/www.visit-ulcinj.com\/blog\/2009\/03\/20\/adela-dhe-tani-mire-me-vjehrren-mire-me-burrin\/\" \/>\n<meta property=\"og:site_name\" content=\"Lajme nga Ulqini\" \/>\n<meta property=\"article:published_time\" content=\"2009-03-20T21:51:49+00:00\" \/>\n<meta property=\"og:image\" content=\"http:\/\/www.visit-ulcinj.com\/blog\/wp-content\/uploads\/2009\/03\/diskutimi-tani-adela-copy.jpg\" \/>\n<meta name=\"twitter:label1\" content=\"Written by\" \/>\n\t<meta name=\"twitter:data1\" content=\"ulqini\" \/>\n\t<meta name=\"twitter:label2\" content=\"Est. reading time\" \/>\n\t<meta name=\"twitter:data2\" content=\"2 minutes\" \/>\n<script type=\"application\/ld+json\" class=\"yoast-schema-graph\">{\"@context\":\"https:\/\/schema.org\",\"@graph\":[{\"@type\":\"WebSite\",\"@id\":\"https:\/\/www.visit-ulcinj.com\/blog\/#website\",\"url\":\"https:\/\/www.visit-ulcinj.com\/blog\/\",\"name\":\"Lajme nga Ulqini\",\"description\":\"Lajme,Vijesti,Ulqini,Ulqin,Crna Gora,Mali i Zi\",\"potentialAction\":[{\"@type\":\"SearchAction\",\"target\":{\"@type\":\"EntryPoint\",\"urlTemplate\":\"https:\/\/www.visit-ulcinj.com\/blog\/?s={search_term_string}\"},\"query-input\":\"required name=search_term_string\"}],\"inLanguage\":\"en-US\"},{\"@type\":\"ImageObject\",\"inLanguage\":\"en-US\",\"@id\":\"https:\/\/www.visit-ulcinj.com\/blog\/2009\/03\/20\/adela-dhe-tani-mire-me-vjehrren-mire-me-burrin\/#primaryimage\",\"url\":\"http:\/\/www.visit-ulcinj.com\/blog\/wp-content\/uploads\/2009\/03\/diskutimi-tani-adela-copy.jpg\",\"contentUrl\":\"http:\/\/www.visit-ulcinj.com\/blog\/wp-content\/uploads\/2009\/03\/diskutimi-tani-adela-copy.jpg\"},{\"@type\":\"WebPage\",\"@id\":\"https:\/\/www.visit-ulcinj.com\/blog\/2009\/03\/20\/adela-dhe-tani-mire-me-vjehrren-mire-me-burrin\/#webpage\",\"url\":\"https:\/\/www.visit-ulcinj.com\/blog\/2009\/03\/20\/adela-dhe-tani-mire-me-vjehrren-mire-me-burrin\/\",\"name\":\"Adela dhe Tani : Mir\u00c3\u00ab me vjehrr\u00c3\u00abn, mir\u00c3\u00ab me burrin! | Big Brother Albania 2\",\"isPartOf\":{\"@id\":\"https:\/\/www.visit-ulcinj.com\/blog\/#website\"},\"primaryImageOfPage\":{\"@id\":\"https:\/\/www.visit-ulcinj.com\/blog\/2009\/03\/20\/adela-dhe-tani-mire-me-vjehrren-mire-me-burrin\/#primaryimage\"},\"datePublished\":\"2009-03-20T21:51:49+00:00\",\"dateModified\":\"2009-03-20T21:51:49+00:00\",\"author\":{\"@id\":\"https:\/\/www.visit-ulcinj.com\/blog\/#\/schema\/person\/dcab619c614d3038751c63bc2aadc06d\"},\"description\":\"Big Brother Albania 2 - \u00e2\u20ac\u0153Mir\u00c3\u00ab me vjehrr\u00c3\u00abn, mir\u00c3\u00ab me burrin!\u00e2\u20ac\u009d. K\u00c3\u00abshtu i ka th\u00c3\u00abn\u00c3\u00ab Adelajda Dritanit dhe ky i fundit i ka k\u00c3\u00abrkuar t\u00e2\u20ac\u2122i shpjegoj\u00c3\u00ab p\u00c3\u00abrse e kishte patur fjal\u00c3\u00abn\",\"breadcrumb\":{\"@id\":\"https:\/\/www.visit-ulcinj.com\/blog\/2009\/03\/20\/adela-dhe-tani-mire-me-vjehrren-mire-me-burrin\/#breadcrumb\"},\"inLanguage\":\"en-US\",\"potentialAction\":[{\"@type\":\"ReadAction\",\"target\":[\"https:\/\/www.visit-ulcinj.com\/blog\/2009\/03\/20\/adela-dhe-tani-mire-me-vjehrren-mire-me-burrin\/\"]}]},{\"@type\":\"BreadcrumbList\",\"@id\":\"https:\/\/www.visit-ulcinj.com\/blog\/2009\/03\/20\/adela-dhe-tani-mire-me-vjehrren-mire-me-burrin\/#breadcrumb\",\"itemListElement\":[{\"@type\":\"ListItem\",\"position\":1,\"name\":\"Adela dhe Tani : Mir\u00eb me vjehrr\u00ebn, mir\u00eb me burrin!\"}]},{\"@type\":\"Person\",\"@id\":\"https:\/\/www.visit-ulcinj.com\/blog\/#\/schema\/person\/dcab619c614d3038751c63bc2aadc06d\",\"name\":\"ulqini\",\"sameAs\":[\"http:\/\/www.visit-ulcinj.com\"],\"url\":\"https:\/\/www.visit-ulcinj.com\/blog\/author\/admin\/\"}]}<\/script>\n<!-- \/ Yoast SEO plugin. -->","yoast_head_json":{"title":"Adela dhe Tani : Mir\u00c3\u00ab me vjehrr\u00c3\u00abn, mir\u00c3\u00ab me burrin! | Big Brother Albania 2","description":"Big Brother Albania 2 - \u00e2\u20ac\u0153Mir\u00c3\u00ab me vjehrr\u00c3\u00abn, mir\u00c3\u00ab me burrin!\u00e2\u20ac\u009d. K\u00c3\u00abshtu i ka th\u00c3\u00abn\u00c3\u00ab Adelajda Dritanit dhe ky i fundit i ka k\u00c3\u00abrkuar t\u00e2\u20ac\u2122i shpjegoj\u00c3\u00ab p\u00c3\u00abrse e kishte patur fjal\u00c3\u00abn","robots":{"index":"index","follow":"follow","max-snippet":"max-snippet:-1","max-image-preview":"max-image-preview:large","max-video-preview":"max-video-preview:-1"},"canonical":"https:\/\/www.visit-ulcinj.com\/blog\/2009\/03\/20\/adela-dhe-tani-mire-me-vjehrren-mire-me-burrin\/","og_locale":"en_US","og_type":"article","og_title":"Adela dhe Tani : Mir\u00c3\u00ab me vjehrr\u00c3\u00abn, mir\u00c3\u00ab me burrin! | Big Brother Albania 2","og_description":"Big Brother Albania 2 - \u00e2\u20ac\u0153Mir\u00c3\u00ab me vjehrr\u00c3\u00abn, mir\u00c3\u00ab me burrin!\u00e2\u20ac\u009d. K\u00c3\u00abshtu i ka th\u00c3\u00abn\u00c3\u00ab Adelajda Dritanit dhe ky i fundit i ka k\u00c3\u00abrkuar t\u00e2\u20ac\u2122i shpjegoj\u00c3\u00ab p\u00c3\u00abrse e kishte patur fjal\u00c3\u00abn","og_url":"https:\/\/www.visit-ulcinj.com\/blog\/2009\/03\/20\/adela-dhe-tani-mire-me-vjehrren-mire-me-burrin\/","og_site_name":"Lajme nga Ulqini","article_published_time":"2009-03-20T21:51:49+00:00","og_image":[{"url":"http:\/\/www.visit-ulcinj.com\/blog\/wp-content\/uploads\/2009\/03\/diskutimi-tani-adela-copy.jpg"}],"twitter_misc":{"Written by":"ulqini","Est. reading time":"2 minutes"},"schema":{"@context":"https:\/\/schema.org","@graph":[{"@type":"WebSite","@id":"https:\/\/www.visit-ulcinj.com\/blog\/#website","url":"https:\/\/www.visit-ulcinj.com\/blog\/","name":"Lajme nga Ulqini","description":"Lajme,Vijesti,Ulqini,Ulqin,Crna Gora,Mali i Zi","potentialAction":[{"@type":"SearchAction","target":{"@type":"EntryPoint","urlTemplate":"https:\/\/www.visit-ulcinj.com\/blog\/?s={search_term_string}"},"query-input":"required name=search_term_string"}],"inLanguage":"en-US"},{"@type":"ImageObject","inLanguage":"en-US","@id":"https:\/\/www.visit-ulcinj.com\/blog\/2009\/03\/20\/adela-dhe-tani-mire-me-vjehrren-mire-me-burrin\/#primaryimage","url":"http:\/\/www.visit-ulcinj.com\/blog\/wp-content\/uploads\/2009\/03\/diskutimi-tani-adela-copy.jpg","contentUrl":"http:\/\/www.visit-ulcinj.com\/blog\/wp-content\/uploads\/2009\/03\/diskutimi-tani-adela-copy.jpg"},{"@type":"WebPage","@id":"https:\/\/www.visit-ulcinj.com\/blog\/2009\/03\/20\/adela-dhe-tani-mire-me-vjehrren-mire-me-burrin\/#webpage","url":"https:\/\/www.visit-ulcinj.com\/blog\/2009\/03\/20\/adela-dhe-tani-mire-me-vjehrren-mire-me-burrin\/","name":"Adela dhe Tani : Mir\u00c3\u00ab me vjehrr\u00c3\u00abn, mir\u00c3\u00ab me burrin! | Big Brother Albania 2","isPartOf":{"@id":"https:\/\/www.visit-ulcinj.com\/blog\/#website"},"primaryImageOfPage":{"@id":"https:\/\/www.visit-ulcinj.com\/blog\/2009\/03\/20\/adela-dhe-tani-mire-me-vjehrren-mire-me-burrin\/#primaryimage"},"datePublished":"2009-03-20T21:51:49+00:00","dateModified":"2009-03-20T21:51:49+00:00","author":{"@id":"https:\/\/www.visit-ulcinj.com\/blog\/#\/schema\/person\/dcab619c614d3038751c63bc2aadc06d"},"description":"Big Brother Albania 2 - \u00e2\u20ac\u0153Mir\u00c3\u00ab me vjehrr\u00c3\u00abn, mir\u00c3\u00ab me burrin!\u00e2\u20ac\u009d. K\u00c3\u00abshtu i ka th\u00c3\u00abn\u00c3\u00ab Adelajda Dritanit dhe ky i fundit i ka k\u00c3\u00abrkuar t\u00e2\u20ac\u2122i shpjegoj\u00c3\u00ab p\u00c3\u00abrse e kishte patur fjal\u00c3\u00abn","breadcrumb":{"@id":"https:\/\/www.visit-ulcinj.com\/blog\/2009\/03\/20\/adela-dhe-tani-mire-me-vjehrren-mire-me-burrin\/#breadcrumb"},"inLanguage":"en-US","potentialAction":[{"@type":"ReadAction","target":["https:\/\/www.visit-ulcinj.com\/blog\/2009\/03\/20\/adela-dhe-tani-mire-me-vjehrren-mire-me-burrin\/"]}]},{"@type":"BreadcrumbList","@id":"https:\/\/www.visit-ulcinj.com\/blog\/2009\/03\/20\/adela-dhe-tani-mire-me-vjehrren-mire-me-burrin\/#breadcrumb","itemListElement":[{"@type":"ListItem","position":1,"name":"Adela dhe Tani : Mir\u00eb me vjehrr\u00ebn, mir\u00eb me burrin!"}]},{"@type":"Person","@id":"https:\/\/www.visit-ulcinj.com\/blog\/#\/schema\/person\/dcab619c614d3038751c63bc2aadc06d","name":"ulqini","sameAs":["http:\/\/www.visit-ulcinj.com"],"url":"https:\/\/www.visit-ulcinj.com\/blog\/author\/admin\/"}]}},"jetpack_featured_media_url":"","jetpack_sharing_enabled":true,"jetpack_shortlink":"https:\/\/wp.me\/pe6lTn-3Tx","_links":{"self":[{"href":"https:\/\/www.visit-ulcinj.com\/blog\/wp-json\/wp\/v2\/posts\/14975"}],"collection":[{"href":"https:\/\/www.visit-ulcinj.com\/blog\/wp-json\/wp\/v2\/posts"}],"about":[{"href":"https:\/\/www.visit-ulcinj.com\/blog\/wp-json\/wp\/v2\/types\/post"}],"author":[{"embeddable":true,"href":"https:\/\/www.visit-ulcinj.com\/blog\/wp-json\/wp\/v2\/users\/1"}],"replies":[{"embeddable":true,"href":"https:\/\/www.visit-ulcinj.com\/blog\/wp-json\/wp\/v2\/comments?post=14975"}],"version-history":[{"count":0,"href":"https:\/\/www.visit-ulcinj.com\/blog\/wp-json\/wp\/v2\/posts\/14975\/revisions"}],"wp:attachment":[{"href":"https:\/\/www.visit-ulcinj.com\/blog\/wp-json\/wp\/v2\/media?parent=14975"}],"wp:term":[{"taxonomy":"category","embeddable":true,"href":"https:\/\/www.visit-ulcinj.com\/blog\/wp-json\/wp\/v2\/categories?post=14975"},{"taxonomy":"post_tag","embeddable":true,"href":"https:\/\/www.visit-ulcinj.com\/blog\/wp-json\/wp\/v2\/tags?post=14975"}],"curies":[{"name":"wp","href":"https:\/\/api.w.org\/{rel}","templated":true}]}}