{"id":14982,"date":"2009-03-20T23:13:09","date_gmt":"2009-03-20T22:13:09","guid":{"rendered":"http:\/\/www.visit-ulcinj.com\/blog\/?p=14982"},"modified":"2009-03-20T23:13:09","modified_gmt":"2009-03-20T22:13:09","slug":"dritan-nuk-dua-te-flas-per-nominimet","status":"publish","type":"post","link":"https:\/\/www.visit-ulcinj.com\/blog\/2009\/03\/20\/dritan-nuk-dua-te-flas-per-nominimet\/","title":{"rendered":"Dritan : Nuk dua t\u00eb flas p\u00ebr nominimet"},"content":{"rendered":"<p><em><span class=\"newsdate\"><a href=\"http:\/\/www.visit-ulcinj.com\/blog\/wp-content\/uploads\/2009\/03\/dritani-per-nominimet.jpg\"><img loading=\"lazy\" class=\"alignleft size-full wp-image-14983\" title=\"dritani-per-nominimet-big-brother-albania-2\" src=\"http:\/\/www.visit-ulcinj.com\/blog\/wp-content\/uploads\/2009\/03\/dritani-per-nominimet.jpg\" alt=\"dritani-per-nominimet-big-brother-albania-2\" width=\"300\" height=\"205\" \/><\/a>20\/03\/09 13:00<\/span><\/em><\/p>\n<p>Bika pyet drejt\u00ebp\u00ebrdrejt\u00eb Dritanin p\u00ebr nj\u00eb dyshim q\u00eb i ka lindur n\u00eb lidhje me faktin se pse ata t\u00eb dy, deri m\u00eb tani, nuk i ka nominuar njeri. Dritani i thot\u00eb se e ka menduar dhe ai k\u00ebt\u00eb gj\u00eb dhe ka arritur n\u00eb dy konkluzione: e para q\u00eb ata q\u00eb mund t\u2019i nominojn\u00eb jan\u00eb vet\u00ebm dy persona dhe e dyta \u00ebsht\u00eb se mund t\u2019i duken t\u00eb friksh\u00ebm ose si penges\u00eb e fort\u00eb. Ai i kujton Bik\u00ebs se t\u00eb tjer\u00ebt, nuk e kan\u00eb marr\u00eb ndonj\u00ebher\u00eb mundimin q\u00eb t\u2019i ngacmojn\u00eb p\u00ebrvec Arjonit n\u00eb fillim me t\u00eb por, q\u00eb tani nuk po e b\u00ebn m\u00eb ose edhe n\u00ebse e nis, e l\u00eb me aq dhe ai mendon se kjo mund t\u00eb vij\u00eb si rezultat i p\u00ebrpunimit q\u00eb Sori mund t\u2019u ket\u00eb b\u00ebr\u00eb. Bika e vazhdon bised\u00ebn p\u00ebr nominimet duke th\u00ebn\u00eb se ka vendosur q\u00eb k\u00ebt\u00eb jav\u00eb t\u00eb nominoj\u00eb Adin. Dritani ia pret q\u00eb n\u00eb fillim bised\u00ebn duke i th\u00ebn\u00eb se k\u00ebto jan\u00eb mendime personale dhe nuk kan\u00eb pse t\u2019i diskutojn\u00eb me t\u00eb tjer\u00ebt, se n\u00eb t\u00eb kund\u00ebrt do t\u00eb b\u00ebhen nj\u00ebsoj me Sorin q\u00eb i ka shprehur hapur dhe i ka induktuar mendimet e tija tek t\u00eb tjer\u00ebt. Ai e shikon k\u00ebt\u00eb lloj bisede si dicka t\u00eb pandershme dhe si loj\u00eb t\u00eb pis\u00ebt kundrejt t\u00eb tjer\u00ebve sepse mbi t\u00eb gjitha, ata jan\u00eb konkurent\u00eb me njeri-tjetrin dhe e bukura e loj\u00ebs \u00ebsht\u00eb kur i thua n\u00eb momentin e duhur. Dritani mendon se ata q\u00eb k\u00ebto biseda i b\u00ebjn\u00eb mes tyre, nes\u00ebr mund t\u2019i p\u00ebrdorin kund\u00ebr dhe kjo nuk \u00ebsht\u00eb aspak gj\u00eb e mir\u00eb. Ai tregon se deri tani i kan\u00eb k\u00ebrkuar q\u00eb t\u00eb pozicionohet por, n\u00ebse m\u00eb von\u00eb i k\u00ebrkojn\u00eb q\u00eb t\u2019i b\u00ebj\u00eb aleat\u00eb p\u00ebr nominimet, at\u00ebher\u00eb ai do t\u2019u kund\u00ebrvihet. Gjithashtu, ai mendon se n\u00ebse dik\u00eb e ka nominuar me nj\u00eb arsye aspak t\u00eb fort\u00eb si p\u00ebrshembull mosb\u00ebrja e pun\u00ebve t\u00eb sht\u00ebpis\u00eb, nuk do ta nominoj\u00eb m\u00eb dhe k\u00ebtu ka parasysh Moz\u00ebn dhe Bjordin i cili u p\u00ebrfshi n\u00eb nj\u00eb debat t\u00eb till\u00eb pak dit\u00eb m\u00eb par\u00eb nga Sori p\u00ebr arsye tendencioze, q\u00eb ai t\u00eb dilte keq e m\u00eb pas ta nominonin. \u201cT\u00eb p\u00ebrpiqesh t\u00eb manipulosh dhe orientosh t\u00eb tjer\u00ebt, \u00ebsht\u00eb e ndyr\u00eb\u201d- thot\u00eb Dritani.<\/p>\n","protected":false},"excerpt":{"rendered":"<p>20\/03\/09 13:00 Bika pyet drejt\u00ebp\u00ebrdrejt\u00eb Dritanin p\u00ebr nj\u00eb dyshim q\u00eb i ka lindur n\u00eb lidhje me faktin se pse ata t\u00eb dy, deri m\u00eb tani, nuk i ka nominuar njeri. Dritani i thot\u00eb se e ka menduar dhe ai k\u00ebt\u00eb gj\u00eb dhe ka arritur n\u00eb dy konkluzione: e para q\u00eb ata q\u00eb mund t\u2019i nominojn\u00eb [&hellip;]<\/p>\n","protected":false},"author":1,"featured_media":0,"comment_status":"open","ping_status":"closed","sticky":false,"template":"","format":"standard","meta":{"spay_email":"","jetpack_publicize_message":"","jetpack_is_tweetstorm":false,"jetpack_publicize_feature_enabled":true},"categories":[6502],"tags":[6529,6883,6516,6712,6740,6521,262,6891],"jetpack_publicize_connections":[],"yoast_head":"<!-- This site is optimized with the Yoast SEO plugin v19.1 - https:\/\/yoast.com\/wordpress\/plugins\/seo\/ -->\n<title>Dritan : Nuk dua t\u00c3\u00ab flas p\u00c3\u00abr nominimet | Big Brother Albania 2<\/title>\n<meta name=\"description\" content=\"Big Brother Albania 2 - Bika pyet drejt\u00c3\u00abp\u00c3\u00abrdrejt\u00c3\u00ab Dritanin p\u00c3\u00abr nj\u00c3\u00ab dyshim q\u00c3\u00ab i ka lindur n\u00c3\u00ab lidhje me faktin se pse ata t\u00c3\u00ab dy, deri m\u00c3\u00ab tani, nuk i ka nominuar njeri.\" \/>\n<meta name=\"robots\" content=\"index, follow, max-snippet:-1, max-image-preview:large, max-video-preview:-1\" \/>\n<link rel=\"canonical\" href=\"https:\/\/www.visit-ulcinj.com\/blog\/2009\/03\/20\/dritan-nuk-dua-te-flas-per-nominimet\/\" \/>\n<meta property=\"og:locale\" content=\"en_US\" \/>\n<meta property=\"og:type\" content=\"article\" \/>\n<meta property=\"og:title\" content=\"Dritan : Nuk dua t\u00c3\u00ab flas p\u00c3\u00abr nominimet | Big Brother Albania 2\" \/>\n<meta property=\"og:description\" content=\"Big Brother Albania 2 - Bika pyet drejt\u00c3\u00abp\u00c3\u00abrdrejt\u00c3\u00ab Dritanin p\u00c3\u00abr nj\u00c3\u00ab dyshim q\u00c3\u00ab i ka lindur n\u00c3\u00ab lidhje me faktin se pse ata t\u00c3\u00ab dy, deri m\u00c3\u00ab tani, nuk i ka nominuar njeri.\" \/>\n<meta property=\"og:url\" content=\"https:\/\/www.visit-ulcinj.com\/blog\/2009\/03\/20\/dritan-nuk-dua-te-flas-per-nominimet\/\" \/>\n<meta property=\"og:site_name\" content=\"Lajme nga Ulqini\" \/>\n<meta property=\"article:published_time\" content=\"2009-03-20T22:13:09+00:00\" \/>\n<meta property=\"og:image\" content=\"http:\/\/www.visit-ulcinj.com\/blog\/wp-content\/uploads\/2009\/03\/dritani-per-nominimet.jpg\" \/>\n<meta name=\"twitter:label1\" content=\"Written by\" \/>\n\t<meta name=\"twitter:data1\" content=\"ulqini\" \/>\n\t<meta name=\"twitter:label2\" content=\"Est. reading time\" \/>\n\t<meta name=\"twitter:data2\" content=\"2 minutes\" \/>\n<script type=\"application\/ld+json\" class=\"yoast-schema-graph\">{\"@context\":\"https:\/\/schema.org\",\"@graph\":[{\"@type\":\"WebSite\",\"@id\":\"https:\/\/www.visit-ulcinj.com\/blog\/#website\",\"url\":\"https:\/\/www.visit-ulcinj.com\/blog\/\",\"name\":\"Lajme nga Ulqini\",\"description\":\"Lajme,Vijesti,Ulqini,Ulqin,Crna Gora,Mali i Zi\",\"potentialAction\":[{\"@type\":\"SearchAction\",\"target\":{\"@type\":\"EntryPoint\",\"urlTemplate\":\"https:\/\/www.visit-ulcinj.com\/blog\/?s={search_term_string}\"},\"query-input\":\"required name=search_term_string\"}],\"inLanguage\":\"en-US\"},{\"@type\":\"ImageObject\",\"inLanguage\":\"en-US\",\"@id\":\"https:\/\/www.visit-ulcinj.com\/blog\/2009\/03\/20\/dritan-nuk-dua-te-flas-per-nominimet\/#primaryimage\",\"url\":\"http:\/\/www.visit-ulcinj.com\/blog\/wp-content\/uploads\/2009\/03\/dritani-per-nominimet.jpg\",\"contentUrl\":\"http:\/\/www.visit-ulcinj.com\/blog\/wp-content\/uploads\/2009\/03\/dritani-per-nominimet.jpg\"},{\"@type\":\"WebPage\",\"@id\":\"https:\/\/www.visit-ulcinj.com\/blog\/2009\/03\/20\/dritan-nuk-dua-te-flas-per-nominimet\/#webpage\",\"url\":\"https:\/\/www.visit-ulcinj.com\/blog\/2009\/03\/20\/dritan-nuk-dua-te-flas-per-nominimet\/\",\"name\":\"Dritan : Nuk dua t\u00c3\u00ab flas p\u00c3\u00abr nominimet | Big Brother Albania 2\",\"isPartOf\":{\"@id\":\"https:\/\/www.visit-ulcinj.com\/blog\/#website\"},\"primaryImageOfPage\":{\"@id\":\"https:\/\/www.visit-ulcinj.com\/blog\/2009\/03\/20\/dritan-nuk-dua-te-flas-per-nominimet\/#primaryimage\"},\"datePublished\":\"2009-03-20T22:13:09+00:00\",\"dateModified\":\"2009-03-20T22:13:09+00:00\",\"author\":{\"@id\":\"https:\/\/www.visit-ulcinj.com\/blog\/#\/schema\/person\/dcab619c614d3038751c63bc2aadc06d\"},\"description\":\"Big Brother Albania 2 - Bika pyet drejt\u00c3\u00abp\u00c3\u00abrdrejt\u00c3\u00ab Dritanin p\u00c3\u00abr nj\u00c3\u00ab dyshim q\u00c3\u00ab i ka lindur n\u00c3\u00ab lidhje me faktin se pse ata t\u00c3\u00ab dy, deri m\u00c3\u00ab tani, nuk i ka nominuar njeri.\",\"breadcrumb\":{\"@id\":\"https:\/\/www.visit-ulcinj.com\/blog\/2009\/03\/20\/dritan-nuk-dua-te-flas-per-nominimet\/#breadcrumb\"},\"inLanguage\":\"en-US\",\"potentialAction\":[{\"@type\":\"ReadAction\",\"target\":[\"https:\/\/www.visit-ulcinj.com\/blog\/2009\/03\/20\/dritan-nuk-dua-te-flas-per-nominimet\/\"]}]},{\"@type\":\"BreadcrumbList\",\"@id\":\"https:\/\/www.visit-ulcinj.com\/blog\/2009\/03\/20\/dritan-nuk-dua-te-flas-per-nominimet\/#breadcrumb\",\"itemListElement\":[{\"@type\":\"ListItem\",\"position\":1,\"name\":\"Dritan : Nuk dua t\u00eb flas p\u00ebr nominimet\"}]},{\"@type\":\"Person\",\"@id\":\"https:\/\/www.visit-ulcinj.com\/blog\/#\/schema\/person\/dcab619c614d3038751c63bc2aadc06d\",\"name\":\"ulqini\",\"sameAs\":[\"http:\/\/www.visit-ulcinj.com\"],\"url\":\"https:\/\/www.visit-ulcinj.com\/blog\/author\/admin\/\"}]}<\/script>\n<!-- \/ Yoast SEO plugin. -->","yoast_head_json":{"title":"Dritan : Nuk dua t\u00c3\u00ab flas p\u00c3\u00abr nominimet | Big Brother Albania 2","description":"Big Brother Albania 2 - Bika pyet drejt\u00c3\u00abp\u00c3\u00abrdrejt\u00c3\u00ab Dritanin p\u00c3\u00abr nj\u00c3\u00ab dyshim q\u00c3\u00ab i ka lindur n\u00c3\u00ab lidhje me faktin se pse ata t\u00c3\u00ab dy, deri m\u00c3\u00ab tani, nuk i ka nominuar njeri.","robots":{"index":"index","follow":"follow","max-snippet":"max-snippet:-1","max-image-preview":"max-image-preview:large","max-video-preview":"max-video-preview:-1"},"canonical":"https:\/\/www.visit-ulcinj.com\/blog\/2009\/03\/20\/dritan-nuk-dua-te-flas-per-nominimet\/","og_locale":"en_US","og_type":"article","og_title":"Dritan : Nuk dua t\u00c3\u00ab flas p\u00c3\u00abr nominimet | Big Brother Albania 2","og_description":"Big Brother Albania 2 - Bika pyet drejt\u00c3\u00abp\u00c3\u00abrdrejt\u00c3\u00ab Dritanin p\u00c3\u00abr nj\u00c3\u00ab dyshim q\u00c3\u00ab i ka lindur n\u00c3\u00ab lidhje me faktin se pse ata t\u00c3\u00ab dy, deri m\u00c3\u00ab tani, nuk i ka nominuar njeri.","og_url":"https:\/\/www.visit-ulcinj.com\/blog\/2009\/03\/20\/dritan-nuk-dua-te-flas-per-nominimet\/","og_site_name":"Lajme nga Ulqini","article_published_time":"2009-03-20T22:13:09+00:00","og_image":[{"url":"http:\/\/www.visit-ulcinj.com\/blog\/wp-content\/uploads\/2009\/03\/dritani-per-nominimet.jpg"}],"twitter_misc":{"Written by":"ulqini","Est. reading time":"2 minutes"},"schema":{"@context":"https:\/\/schema.org","@graph":[{"@type":"WebSite","@id":"https:\/\/www.visit-ulcinj.com\/blog\/#website","url":"https:\/\/www.visit-ulcinj.com\/blog\/","name":"Lajme nga Ulqini","description":"Lajme,Vijesti,Ulqini,Ulqin,Crna Gora,Mali i Zi","potentialAction":[{"@type":"SearchAction","target":{"@type":"EntryPoint","urlTemplate":"https:\/\/www.visit-ulcinj.com\/blog\/?s={search_term_string}"},"query-input":"required name=search_term_string"}],"inLanguage":"en-US"},{"@type":"ImageObject","inLanguage":"en-US","@id":"https:\/\/www.visit-ulcinj.com\/blog\/2009\/03\/20\/dritan-nuk-dua-te-flas-per-nominimet\/#primaryimage","url":"http:\/\/www.visit-ulcinj.com\/blog\/wp-content\/uploads\/2009\/03\/dritani-per-nominimet.jpg","contentUrl":"http:\/\/www.visit-ulcinj.com\/blog\/wp-content\/uploads\/2009\/03\/dritani-per-nominimet.jpg"},{"@type":"WebPage","@id":"https:\/\/www.visit-ulcinj.com\/blog\/2009\/03\/20\/dritan-nuk-dua-te-flas-per-nominimet\/#webpage","url":"https:\/\/www.visit-ulcinj.com\/blog\/2009\/03\/20\/dritan-nuk-dua-te-flas-per-nominimet\/","name":"Dritan : Nuk dua t\u00c3\u00ab flas p\u00c3\u00abr nominimet | Big Brother Albania 2","isPartOf":{"@id":"https:\/\/www.visit-ulcinj.com\/blog\/#website"},"primaryImageOfPage":{"@id":"https:\/\/www.visit-ulcinj.com\/blog\/2009\/03\/20\/dritan-nuk-dua-te-flas-per-nominimet\/#primaryimage"},"datePublished":"2009-03-20T22:13:09+00:00","dateModified":"2009-03-20T22:13:09+00:00","author":{"@id":"https:\/\/www.visit-ulcinj.com\/blog\/#\/schema\/person\/dcab619c614d3038751c63bc2aadc06d"},"description":"Big Brother Albania 2 - Bika pyet drejt\u00c3\u00abp\u00c3\u00abrdrejt\u00c3\u00ab Dritanin p\u00c3\u00abr nj\u00c3\u00ab dyshim q\u00c3\u00ab i ka lindur n\u00c3\u00ab lidhje me faktin se pse ata t\u00c3\u00ab dy, deri m\u00c3\u00ab tani, nuk i ka nominuar njeri.","breadcrumb":{"@id":"https:\/\/www.visit-ulcinj.com\/blog\/2009\/03\/20\/dritan-nuk-dua-te-flas-per-nominimet\/#breadcrumb"},"inLanguage":"en-US","potentialAction":[{"@type":"ReadAction","target":["https:\/\/www.visit-ulcinj.com\/blog\/2009\/03\/20\/dritan-nuk-dua-te-flas-per-nominimet\/"]}]},{"@type":"BreadcrumbList","@id":"https:\/\/www.visit-ulcinj.com\/blog\/2009\/03\/20\/dritan-nuk-dua-te-flas-per-nominimet\/#breadcrumb","itemListElement":[{"@type":"ListItem","position":1,"name":"Dritan : Nuk dua t\u00eb flas p\u00ebr nominimet"}]},{"@type":"Person","@id":"https:\/\/www.visit-ulcinj.com\/blog\/#\/schema\/person\/dcab619c614d3038751c63bc2aadc06d","name":"ulqini","sameAs":["http:\/\/www.visit-ulcinj.com"],"url":"https:\/\/www.visit-ulcinj.com\/blog\/author\/admin\/"}]}},"jetpack_featured_media_url":"","jetpack_sharing_enabled":true,"jetpack_shortlink":"https:\/\/wp.me\/pe6lTn-3TE","_links":{"self":[{"href":"https:\/\/www.visit-ulcinj.com\/blog\/wp-json\/wp\/v2\/posts\/14982"}],"collection":[{"href":"https:\/\/www.visit-ulcinj.com\/blog\/wp-json\/wp\/v2\/posts"}],"about":[{"href":"https:\/\/www.visit-ulcinj.com\/blog\/wp-json\/wp\/v2\/types\/post"}],"author":[{"embeddable":true,"href":"https:\/\/www.visit-ulcinj.com\/blog\/wp-json\/wp\/v2\/users\/1"}],"replies":[{"embeddable":true,"href":"https:\/\/www.visit-ulcinj.com\/blog\/wp-json\/wp\/v2\/comments?post=14982"}],"version-history":[{"count":0,"href":"https:\/\/www.visit-ulcinj.com\/blog\/wp-json\/wp\/v2\/posts\/14982\/revisions"}],"wp:attachment":[{"href":"https:\/\/www.visit-ulcinj.com\/blog\/wp-json\/wp\/v2\/media?parent=14982"}],"wp:term":[{"taxonomy":"category","embeddable":true,"href":"https:\/\/www.visit-ulcinj.com\/blog\/wp-json\/wp\/v2\/categories?post=14982"},{"taxonomy":"post_tag","embeddable":true,"href":"https:\/\/www.visit-ulcinj.com\/blog\/wp-json\/wp\/v2\/tags?post=14982"}],"curies":[{"name":"wp","href":"https:\/\/api.w.org\/{rel}","templated":true}]}}