{"id":14986,"date":"2009-03-20T23:23:05","date_gmt":"2009-03-20T22:23:05","guid":{"rendered":"http:\/\/www.visit-ulcinj.com\/blog\/?p=14986"},"modified":"2009-03-20T23:23:05","modified_gmt":"2009-03-20T22:23:05","slug":"mesida-dhe-arjoni-nuk-me-dukesh-i-rrezikshem","status":"publish","type":"post","link":"https:\/\/www.visit-ulcinj.com\/blog\/2009\/03\/20\/mesida-dhe-arjoni-nuk-me-dukesh-i-rrezikshem\/","title":{"rendered":"Mesida dhe Arjoni : Nuk m\u00eb dukesh i rreziksh\u00ebm"},"content":{"rendered":"<p><strong><span class=\"newstitlec\"><a href=\"http:\/\/www.visit-ulcinj.com\/blog\/wp-content\/uploads\/2009\/03\/mesida-dhe-arjoni.jpg\"><img loading=\"lazy\" class=\"alignleft size-full wp-image-14987\" title=\"mesida-dhe-arjoni-big-brother-albania-2\" src=\"http:\/\/www.visit-ulcinj.com\/blog\/wp-content\/uploads\/2009\/03\/mesida-dhe-arjoni.jpg\" alt=\"mesida-dhe-arjoni-big-brother-albania-2\" width=\"300\" height=\"205\" \/><\/a>Mesida:\u201cNuk m\u00eb dukesh i rreziksh\u00ebm!\u201d<\/span><\/strong><br \/>\n<em><span class=\"newsdate\">20\/03\/09 16:59<\/span><\/em><\/p>\n<p>Mesida i k\u00ebrkon Arjonit q\u00eb t\u00eb bisedojn\u00eb bashk\u00eb. Ato fillojn\u00eb flasin p\u00ebr p\u00ebrgatitjen e valixhes t\u00eb rrobave. Mesida i thot\u00eb q\u00eb Mimoza do e ndihmoj\u00eb n\u00eb palosjen e tyre. Arjoni ia kthen me batut\u00eb:-\u201cMoza do p\u00ebrcjell\u00eb njer\u00ebzit ketu! Do ja palosin dhe asaj nj\u00eb dit\u00eb mos ki merak. Ishalla ja palos un\u00eb!\u201d Ai vazhdon duke th\u00ebn\u00eb q\u00eb n\u00eb sht\u00ebpi e kan\u00eb klasifikuar si nj\u00eb djal\u00eb t\u00eb rreziksh\u00ebm. Mesida i thot\u00eb:-\u201cE shikon se sa t\u00eb rreziksh\u00ebm t\u00eb shikoj un\u00eb ty! Mua nuk m\u00eb dukesh .\u201d Biseda kalon tek votimet. Arjoni i thot\u00eb q\u00eb asgj\u00eb nuk \u00ebsht\u00eb e sigurt se kush del, pasi dhe kur ishte Zhuljeta n\u00eb nominim nuk e mendonte q\u00eb mund t\u00eb dilte ajo. Mesida i thot\u00eb:-\u201cUn\u00eb isha e bindur q\u00eb do dilte ajo, dhe e prisja!\u201d Sipas saj Zhuljeta e manipulonte Arjonin. Ai i thot\u00eb:-Nuk e ndjej veten aq badalla sa t\u00eb manipulohem nga dikush!\u201d Zhuljeta ishte nj\u00eb person q\u00eb n\u00eb nj\u00eb moment konfliktohej me nj\u00eb person, n\u00eb nj\u00eb moment tjet\u00ebr i fliste k\u00ebtij personi, dhe kjo gj\u00eb nuk ishte normale sipas Mesid\u00ebs. Zhuljeta nuk duronte t\u00eb humbte n\u00eb lojrat q\u00eb b\u00ebheshin n\u00eb sht\u00ebpi dhe thot\u00eb:-\u201cKur b\u00ebnte ashtu p\u00ebr nj\u00eb loj\u00eb t\u00eb vog\u00ebl, po n\u00eb loj\u00ebn e madhe cfar\u00eb do b\u00ebj pasi dhe cmimi \u00ebsht\u00eb shum\u00eb i madh 70mij\u00eb euro?\u201d Biseda e tyre kalon n\u00eb loj\u00ebn q\u00eb b\u00ebjn\u00eb banor\u00ebt brenda n\u00eb sht\u00ebpi me krijimin e aleancave. Mesida thot\u00eb q\u00eb \u00ebsht\u00eb e nevojshme q\u00eb t\u00eb krijohen aleacat dhe mendon se disa persona kan\u00eb krijuar aleanca shum\u00eb t\u00eb forta.<\/p>\n","protected":false},"excerpt":{"rendered":"<p>Mesida:\u201cNuk m\u00eb dukesh i rreziksh\u00ebm!\u201d 20\/03\/09 16:59 Mesida i k\u00ebrkon Arjonit q\u00eb t\u00eb bisedojn\u00eb bashk\u00eb. Ato fillojn\u00eb flasin p\u00ebr p\u00ebrgatitjen e valixhes t\u00eb rrobave. Mesida i thot\u00eb q\u00eb Mimoza do e ndihmoj\u00eb n\u00eb palosjen e tyre. Arjoni ia kthen me batut\u00eb:-\u201cMoza do p\u00ebrcjell\u00eb njer\u00ebzit ketu! Do ja palosin dhe asaj nj\u00eb dit\u00eb mos ki merak. [&hellip;]<\/p>\n","protected":false},"author":1,"featured_media":0,"comment_status":"open","ping_status":"closed","sticky":false,"template":"","format":"standard","meta":{"spay_email":"","jetpack_publicize_message":"","jetpack_is_tweetstorm":false,"jetpack_publicize_feature_enabled":true},"categories":[6502],"tags":[6525,6883,6516,6712,8181,7364,6544,6891],"jetpack_publicize_connections":[],"yoast_head":"<!-- This site is optimized with the Yoast SEO plugin v19.1 - https:\/\/yoast.com\/wordpress\/plugins\/seo\/ -->\n<title>Mesida dhe Arjoni : Nuk m\u00c3\u00ab dukesh i rreziksh\u00c3\u00abm | Big Brother Albania 2<\/title>\n<meta name=\"description\" content=\"Big Brother Albania 2 - Mesida i k\u00c3\u00abrkon Arjonit q\u00c3\u00ab t\u00c3\u00ab bisedojn\u00c3\u00ab bashk\u00c3\u00ab. Ato fillojn\u00c3\u00ab flasin p\u00c3\u00abr p\u00c3\u00abrgatitjen e valixhes t\u00c3\u00ab rrobave. Mesida i thot\u00c3\u00ab q\u00c3\u00ab Mimoza do e ndihmoj\u00c3\u00ab n\u00c3\u00ab palosjen e tyre.\" \/>\n<meta name=\"robots\" content=\"index, follow, max-snippet:-1, max-image-preview:large, max-video-preview:-1\" \/>\n<link rel=\"canonical\" href=\"https:\/\/www.visit-ulcinj.com\/blog\/2009\/03\/20\/mesida-dhe-arjoni-nuk-me-dukesh-i-rrezikshem\/\" \/>\n<meta property=\"og:locale\" content=\"en_US\" \/>\n<meta property=\"og:type\" content=\"article\" \/>\n<meta property=\"og:title\" content=\"Mesida dhe Arjoni : Nuk m\u00c3\u00ab dukesh i rreziksh\u00c3\u00abm | Big Brother Albania 2\" \/>\n<meta property=\"og:description\" content=\"Big Brother Albania 2 - Mesida i k\u00c3\u00abrkon Arjonit q\u00c3\u00ab t\u00c3\u00ab bisedojn\u00c3\u00ab bashk\u00c3\u00ab. Ato fillojn\u00c3\u00ab flasin p\u00c3\u00abr p\u00c3\u00abrgatitjen e valixhes t\u00c3\u00ab rrobave. Mesida i thot\u00c3\u00ab q\u00c3\u00ab Mimoza do e ndihmoj\u00c3\u00ab n\u00c3\u00ab palosjen e tyre.\" \/>\n<meta property=\"og:url\" content=\"https:\/\/www.visit-ulcinj.com\/blog\/2009\/03\/20\/mesida-dhe-arjoni-nuk-me-dukesh-i-rrezikshem\/\" \/>\n<meta property=\"og:site_name\" content=\"Lajme nga Ulqini\" \/>\n<meta property=\"article:published_time\" content=\"2009-03-20T22:23:05+00:00\" \/>\n<meta property=\"og:image\" content=\"http:\/\/www.visit-ulcinj.com\/blog\/wp-content\/uploads\/2009\/03\/mesida-dhe-arjoni.jpg\" \/>\n<meta name=\"twitter:label1\" content=\"Written by\" \/>\n\t<meta name=\"twitter:data1\" content=\"ulqini\" \/>\n\t<meta name=\"twitter:label2\" content=\"Est. reading time\" \/>\n\t<meta name=\"twitter:data2\" content=\"1 minute\" \/>\n<script type=\"application\/ld+json\" class=\"yoast-schema-graph\">{\"@context\":\"https:\/\/schema.org\",\"@graph\":[{\"@type\":\"WebSite\",\"@id\":\"https:\/\/www.visit-ulcinj.com\/blog\/#website\",\"url\":\"https:\/\/www.visit-ulcinj.com\/blog\/\",\"name\":\"Lajme nga Ulqini\",\"description\":\"Lajme,Vijesti,Ulqini,Ulqin,Crna Gora,Mali i Zi\",\"potentialAction\":[{\"@type\":\"SearchAction\",\"target\":{\"@type\":\"EntryPoint\",\"urlTemplate\":\"https:\/\/www.visit-ulcinj.com\/blog\/?s={search_term_string}\"},\"query-input\":\"required name=search_term_string\"}],\"inLanguage\":\"en-US\"},{\"@type\":\"ImageObject\",\"inLanguage\":\"en-US\",\"@id\":\"https:\/\/www.visit-ulcinj.com\/blog\/2009\/03\/20\/mesida-dhe-arjoni-nuk-me-dukesh-i-rrezikshem\/#primaryimage\",\"url\":\"http:\/\/www.visit-ulcinj.com\/blog\/wp-content\/uploads\/2009\/03\/mesida-dhe-arjoni.jpg\",\"contentUrl\":\"http:\/\/www.visit-ulcinj.com\/blog\/wp-content\/uploads\/2009\/03\/mesida-dhe-arjoni.jpg\"},{\"@type\":\"WebPage\",\"@id\":\"https:\/\/www.visit-ulcinj.com\/blog\/2009\/03\/20\/mesida-dhe-arjoni-nuk-me-dukesh-i-rrezikshem\/#webpage\",\"url\":\"https:\/\/www.visit-ulcinj.com\/blog\/2009\/03\/20\/mesida-dhe-arjoni-nuk-me-dukesh-i-rrezikshem\/\",\"name\":\"Mesida dhe Arjoni : Nuk m\u00c3\u00ab dukesh i rreziksh\u00c3\u00abm | Big Brother Albania 2\",\"isPartOf\":{\"@id\":\"https:\/\/www.visit-ulcinj.com\/blog\/#website\"},\"primaryImageOfPage\":{\"@id\":\"https:\/\/www.visit-ulcinj.com\/blog\/2009\/03\/20\/mesida-dhe-arjoni-nuk-me-dukesh-i-rrezikshem\/#primaryimage\"},\"datePublished\":\"2009-03-20T22:23:05+00:00\",\"dateModified\":\"2009-03-20T22:23:05+00:00\",\"author\":{\"@id\":\"https:\/\/www.visit-ulcinj.com\/blog\/#\/schema\/person\/dcab619c614d3038751c63bc2aadc06d\"},\"description\":\"Big Brother Albania 2 - Mesida i k\u00c3\u00abrkon Arjonit q\u00c3\u00ab t\u00c3\u00ab bisedojn\u00c3\u00ab bashk\u00c3\u00ab. Ato fillojn\u00c3\u00ab flasin p\u00c3\u00abr p\u00c3\u00abrgatitjen e valixhes t\u00c3\u00ab rrobave. Mesida i thot\u00c3\u00ab q\u00c3\u00ab Mimoza do e ndihmoj\u00c3\u00ab n\u00c3\u00ab palosjen e tyre.\",\"breadcrumb\":{\"@id\":\"https:\/\/www.visit-ulcinj.com\/blog\/2009\/03\/20\/mesida-dhe-arjoni-nuk-me-dukesh-i-rrezikshem\/#breadcrumb\"},\"inLanguage\":\"en-US\",\"potentialAction\":[{\"@type\":\"ReadAction\",\"target\":[\"https:\/\/www.visit-ulcinj.com\/blog\/2009\/03\/20\/mesida-dhe-arjoni-nuk-me-dukesh-i-rrezikshem\/\"]}]},{\"@type\":\"BreadcrumbList\",\"@id\":\"https:\/\/www.visit-ulcinj.com\/blog\/2009\/03\/20\/mesida-dhe-arjoni-nuk-me-dukesh-i-rrezikshem\/#breadcrumb\",\"itemListElement\":[{\"@type\":\"ListItem\",\"position\":1,\"name\":\"Mesida dhe Arjoni : Nuk m\u00eb dukesh i rreziksh\u00ebm\"}]},{\"@type\":\"Person\",\"@id\":\"https:\/\/www.visit-ulcinj.com\/blog\/#\/schema\/person\/dcab619c614d3038751c63bc2aadc06d\",\"name\":\"ulqini\",\"sameAs\":[\"http:\/\/www.visit-ulcinj.com\"],\"url\":\"https:\/\/www.visit-ulcinj.com\/blog\/author\/admin\/\"}]}<\/script>\n<!-- \/ Yoast SEO plugin. -->","yoast_head_json":{"title":"Mesida dhe Arjoni : Nuk m\u00c3\u00ab dukesh i rreziksh\u00c3\u00abm | Big Brother Albania 2","description":"Big Brother Albania 2 - Mesida i k\u00c3\u00abrkon Arjonit q\u00c3\u00ab t\u00c3\u00ab bisedojn\u00c3\u00ab bashk\u00c3\u00ab. Ato fillojn\u00c3\u00ab flasin p\u00c3\u00abr p\u00c3\u00abrgatitjen e valixhes t\u00c3\u00ab rrobave. Mesida i thot\u00c3\u00ab q\u00c3\u00ab Mimoza do e ndihmoj\u00c3\u00ab n\u00c3\u00ab palosjen e tyre.","robots":{"index":"index","follow":"follow","max-snippet":"max-snippet:-1","max-image-preview":"max-image-preview:large","max-video-preview":"max-video-preview:-1"},"canonical":"https:\/\/www.visit-ulcinj.com\/blog\/2009\/03\/20\/mesida-dhe-arjoni-nuk-me-dukesh-i-rrezikshem\/","og_locale":"en_US","og_type":"article","og_title":"Mesida dhe Arjoni : Nuk m\u00c3\u00ab dukesh i rreziksh\u00c3\u00abm | Big Brother Albania 2","og_description":"Big Brother Albania 2 - Mesida i k\u00c3\u00abrkon Arjonit q\u00c3\u00ab t\u00c3\u00ab bisedojn\u00c3\u00ab bashk\u00c3\u00ab. Ato fillojn\u00c3\u00ab flasin p\u00c3\u00abr p\u00c3\u00abrgatitjen e valixhes t\u00c3\u00ab rrobave. Mesida i thot\u00c3\u00ab q\u00c3\u00ab Mimoza do e ndihmoj\u00c3\u00ab n\u00c3\u00ab palosjen e tyre.","og_url":"https:\/\/www.visit-ulcinj.com\/blog\/2009\/03\/20\/mesida-dhe-arjoni-nuk-me-dukesh-i-rrezikshem\/","og_site_name":"Lajme nga Ulqini","article_published_time":"2009-03-20T22:23:05+00:00","og_image":[{"url":"http:\/\/www.visit-ulcinj.com\/blog\/wp-content\/uploads\/2009\/03\/mesida-dhe-arjoni.jpg"}],"twitter_misc":{"Written by":"ulqini","Est. reading time":"1 minute"},"schema":{"@context":"https:\/\/schema.org","@graph":[{"@type":"WebSite","@id":"https:\/\/www.visit-ulcinj.com\/blog\/#website","url":"https:\/\/www.visit-ulcinj.com\/blog\/","name":"Lajme nga Ulqini","description":"Lajme,Vijesti,Ulqini,Ulqin,Crna Gora,Mali i Zi","potentialAction":[{"@type":"SearchAction","target":{"@type":"EntryPoint","urlTemplate":"https:\/\/www.visit-ulcinj.com\/blog\/?s={search_term_string}"},"query-input":"required name=search_term_string"}],"inLanguage":"en-US"},{"@type":"ImageObject","inLanguage":"en-US","@id":"https:\/\/www.visit-ulcinj.com\/blog\/2009\/03\/20\/mesida-dhe-arjoni-nuk-me-dukesh-i-rrezikshem\/#primaryimage","url":"http:\/\/www.visit-ulcinj.com\/blog\/wp-content\/uploads\/2009\/03\/mesida-dhe-arjoni.jpg","contentUrl":"http:\/\/www.visit-ulcinj.com\/blog\/wp-content\/uploads\/2009\/03\/mesida-dhe-arjoni.jpg"},{"@type":"WebPage","@id":"https:\/\/www.visit-ulcinj.com\/blog\/2009\/03\/20\/mesida-dhe-arjoni-nuk-me-dukesh-i-rrezikshem\/#webpage","url":"https:\/\/www.visit-ulcinj.com\/blog\/2009\/03\/20\/mesida-dhe-arjoni-nuk-me-dukesh-i-rrezikshem\/","name":"Mesida dhe Arjoni : Nuk m\u00c3\u00ab dukesh i rreziksh\u00c3\u00abm | Big Brother Albania 2","isPartOf":{"@id":"https:\/\/www.visit-ulcinj.com\/blog\/#website"},"primaryImageOfPage":{"@id":"https:\/\/www.visit-ulcinj.com\/blog\/2009\/03\/20\/mesida-dhe-arjoni-nuk-me-dukesh-i-rrezikshem\/#primaryimage"},"datePublished":"2009-03-20T22:23:05+00:00","dateModified":"2009-03-20T22:23:05+00:00","author":{"@id":"https:\/\/www.visit-ulcinj.com\/blog\/#\/schema\/person\/dcab619c614d3038751c63bc2aadc06d"},"description":"Big Brother Albania 2 - Mesida i k\u00c3\u00abrkon Arjonit q\u00c3\u00ab t\u00c3\u00ab bisedojn\u00c3\u00ab bashk\u00c3\u00ab. Ato fillojn\u00c3\u00ab flasin p\u00c3\u00abr p\u00c3\u00abrgatitjen e valixhes t\u00c3\u00ab rrobave. Mesida i thot\u00c3\u00ab q\u00c3\u00ab Mimoza do e ndihmoj\u00c3\u00ab n\u00c3\u00ab palosjen e tyre.","breadcrumb":{"@id":"https:\/\/www.visit-ulcinj.com\/blog\/2009\/03\/20\/mesida-dhe-arjoni-nuk-me-dukesh-i-rrezikshem\/#breadcrumb"},"inLanguage":"en-US","potentialAction":[{"@type":"ReadAction","target":["https:\/\/www.visit-ulcinj.com\/blog\/2009\/03\/20\/mesida-dhe-arjoni-nuk-me-dukesh-i-rrezikshem\/"]}]},{"@type":"BreadcrumbList","@id":"https:\/\/www.visit-ulcinj.com\/blog\/2009\/03\/20\/mesida-dhe-arjoni-nuk-me-dukesh-i-rrezikshem\/#breadcrumb","itemListElement":[{"@type":"ListItem","position":1,"name":"Mesida dhe Arjoni : Nuk m\u00eb dukesh i rreziksh\u00ebm"}]},{"@type":"Person","@id":"https:\/\/www.visit-ulcinj.com\/blog\/#\/schema\/person\/dcab619c614d3038751c63bc2aadc06d","name":"ulqini","sameAs":["http:\/\/www.visit-ulcinj.com"],"url":"https:\/\/www.visit-ulcinj.com\/blog\/author\/admin\/"}]}},"jetpack_featured_media_url":"","jetpack_sharing_enabled":true,"jetpack_shortlink":"https:\/\/wp.me\/pe6lTn-3TI","_links":{"self":[{"href":"https:\/\/www.visit-ulcinj.com\/blog\/wp-json\/wp\/v2\/posts\/14986"}],"collection":[{"href":"https:\/\/www.visit-ulcinj.com\/blog\/wp-json\/wp\/v2\/posts"}],"about":[{"href":"https:\/\/www.visit-ulcinj.com\/blog\/wp-json\/wp\/v2\/types\/post"}],"author":[{"embeddable":true,"href":"https:\/\/www.visit-ulcinj.com\/blog\/wp-json\/wp\/v2\/users\/1"}],"replies":[{"embeddable":true,"href":"https:\/\/www.visit-ulcinj.com\/blog\/wp-json\/wp\/v2\/comments?post=14986"}],"version-history":[{"count":0,"href":"https:\/\/www.visit-ulcinj.com\/blog\/wp-json\/wp\/v2\/posts\/14986\/revisions"}],"wp:attachment":[{"href":"https:\/\/www.visit-ulcinj.com\/blog\/wp-json\/wp\/v2\/media?parent=14986"}],"wp:term":[{"taxonomy":"category","embeddable":true,"href":"https:\/\/www.visit-ulcinj.com\/blog\/wp-json\/wp\/v2\/categories?post=14986"},{"taxonomy":"post_tag","embeddable":true,"href":"https:\/\/www.visit-ulcinj.com\/blog\/wp-json\/wp\/v2\/tags?post=14986"}],"curies":[{"name":"wp","href":"https:\/\/api.w.org\/{rel}","templated":true}]}}