{"id":14989,"date":"2009-03-20T23:25:31","date_gmt":"2009-03-20T22:25:31","guid":{"rendered":"http:\/\/www.visit-ulcinj.com\/blog\/?p=14989"},"modified":"2009-03-20T23:25:31","modified_gmt":"2009-03-20T22:25:31","slug":"adela-mos-dukem-frikacake","status":"publish","type":"post","link":"https:\/\/www.visit-ulcinj.com\/blog\/2009\/03\/20\/adela-mos-dukem-frikacake\/","title":{"rendered":"Adela: Mos dukem frikacake?"},"content":{"rendered":"<p><em><span class=\"newsdate\"><a href=\"http:\/\/www.visit-ulcinj.com\/blog\/wp-content\/uploads\/2009\/03\/adela1.jpg\"><img loading=\"lazy\" class=\"alignleft size-full wp-image-14991\" title=\"adela-big-brother-albania-2\" src=\"http:\/\/www.visit-ulcinj.com\/blog\/wp-content\/uploads\/2009\/03\/adela1.jpg\" alt=\"adela-big-brother-albania-2\" width=\"300\" height=\"205\" \/><\/a>20\/03\/09 17:50<\/span><\/em><\/p>\n<p>Adelajda diskuton me Dritanin p\u00ebr rolin e kryefamiljarit. Disa nga banor\u00ebt e sht\u00ebpis\u00eb duan q\u00eb Adelajda t\u00eb b\u00ebhet kryefamiljare q\u00eb t\u00eb g\u00ebzoj\u00eb imunitet ,p\u00ebr arsye se shum\u00eb nga banor\u00ebt kan\u00eb patur konflikte me t\u00eb. Ajo e pyet Dritanin se si do vepronte n\u00eb rastin e saj dhe i thot\u00eb:-\u201cMos dukem si frikacake?\u201d Dritani i thot\u00eb q\u00eb dhe ai po t\u00eb ishte n\u00eb v\u00ebndin e saj , do e deklaronte hapur q\u00eb t\u00eb b\u00ebhej kryefamiljar\u00eb. Banor\u00ebt kan\u00eb vendosur q\u00eb t\u00eb zgjedhin Republik\u00ebn si kryefamiljare. Adelajda i thot\u00eb:-\u201cDuhet t\u00eb flas me Bik\u00ebn, por m\u00eb vjen zor!\u201d Dritani i thot\u00eb q\u00eb nuk ka pse t`i vij\u00eb zor pasi \u00ebsht\u00eb ajo vet\u00eb q\u00eb duhet ta k\u00ebrkoj\u00eb k\u00ebt\u00eb gj\u00eb, dhe jo ta pres\u00eb nga t\u00eb tjer\u00ebt. Pas nj\u00eb bisede lidhur me ket\u00eb gj\u00eb Adelajda mendon q\u00eb t`i thot\u00eb Adit q\u00eb n\u00eb spetak\u00ebl mos ta zgjedh\u00eb si kryefamiljare, por m\u00eb pas shton:-\u201cM\u00eb duhet t\u00eb mendohem!\u201d Adelajda i thot\u00eb Dritanit q\u00eb ajo nuk d\u00ebshiron q\u00eb Aida t\u00eb dal\u00eb nga sht\u00ebpia pasi sipas saj ajo i shton r\u00ebnd\u00ebsin\u00eb Adelajd\u00ebs brenda n\u00eb sht\u00ebpi.<\/p>\n","protected":false},"excerpt":{"rendered":"<p>20\/03\/09 17:50 Adelajda diskuton me Dritanin p\u00ebr rolin e kryefamiljarit. Disa nga banor\u00ebt e sht\u00ebpis\u00eb duan q\u00eb Adelajda t\u00eb b\u00ebhet kryefamiljare q\u00eb t\u00eb g\u00ebzoj\u00eb imunitet ,p\u00ebr arsye se shum\u00eb nga banor\u00ebt kan\u00eb patur konflikte me t\u00eb. Ajo e pyet Dritanin se si do vepronte n\u00eb rastin e saj dhe i thot\u00eb:-\u201cMos dukem si frikacake?\u201d Dritani [&hellip;]<\/p>\n","protected":false},"author":1,"featured_media":0,"comment_status":"open","ping_status":"closed","sticky":false,"template":"","format":"standard","meta":{"spay_email":"","jetpack_publicize_message":"","jetpack_is_tweetstorm":false,"jetpack_publicize_feature_enabled":true},"categories":[6502],"tags":[6529,6883,6516,6712,6521,6891],"jetpack_publicize_connections":[],"yoast_head":"<!-- This site is optimized with the Yoast SEO plugin v19.1 - https:\/\/yoast.com\/wordpress\/plugins\/seo\/ -->\n<title>Adela: Mos dukem frikacake? | Big Brother Albania 2<\/title>\n<meta name=\"description\" content=\"Big Brother Albania 2 - Adelajda diskuton me Dritanin p\u00c3\u00abr rolin e kryefamiljarit. Disa nga banor\u00c3\u00abt e sht\u00c3\u00abpis\u00c3\u00ab duan q\u00c3\u00ab Adelajda t\u00c3\u00ab b\u00c3\u00abhet kryefamiljare q\u00c3\u00ab t\u00c3\u00ab g\u00c3\u00abzoj\u00c3\u00ab imunitet\" \/>\n<meta name=\"robots\" content=\"index, follow, max-snippet:-1, max-image-preview:large, max-video-preview:-1\" \/>\n<link rel=\"canonical\" href=\"https:\/\/www.visit-ulcinj.com\/blog\/2009\/03\/20\/adela-mos-dukem-frikacake\/\" \/>\n<meta property=\"og:locale\" content=\"en_US\" \/>\n<meta property=\"og:type\" content=\"article\" \/>\n<meta property=\"og:title\" content=\"Adela: Mos dukem frikacake? | Big Brother Albania 2\" \/>\n<meta property=\"og:description\" content=\"Big Brother Albania 2 - Adelajda diskuton me Dritanin p\u00c3\u00abr rolin e kryefamiljarit. Disa nga banor\u00c3\u00abt e sht\u00c3\u00abpis\u00c3\u00ab duan q\u00c3\u00ab Adelajda t\u00c3\u00ab b\u00c3\u00abhet kryefamiljare q\u00c3\u00ab t\u00c3\u00ab g\u00c3\u00abzoj\u00c3\u00ab imunitet\" \/>\n<meta property=\"og:url\" content=\"https:\/\/www.visit-ulcinj.com\/blog\/2009\/03\/20\/adela-mos-dukem-frikacake\/\" \/>\n<meta property=\"og:site_name\" content=\"Lajme nga Ulqini\" \/>\n<meta property=\"article:published_time\" content=\"2009-03-20T22:25:31+00:00\" \/>\n<meta property=\"og:image\" content=\"http:\/\/www.visit-ulcinj.com\/blog\/wp-content\/uploads\/2009\/03\/adela1.jpg\" \/>\n<meta name=\"twitter:label1\" content=\"Written by\" \/>\n\t<meta name=\"twitter:data1\" content=\"ulqini\" \/>\n\t<meta name=\"twitter:label2\" content=\"Est. reading time\" \/>\n\t<meta name=\"twitter:data2\" content=\"1 minute\" \/>\n<script type=\"application\/ld+json\" class=\"yoast-schema-graph\">{\"@context\":\"https:\/\/schema.org\",\"@graph\":[{\"@type\":\"WebSite\",\"@id\":\"https:\/\/www.visit-ulcinj.com\/blog\/#website\",\"url\":\"https:\/\/www.visit-ulcinj.com\/blog\/\",\"name\":\"Lajme nga Ulqini\",\"description\":\"Lajme,Vijesti,Ulqini,Ulqin,Crna Gora,Mali i Zi\",\"potentialAction\":[{\"@type\":\"SearchAction\",\"target\":{\"@type\":\"EntryPoint\",\"urlTemplate\":\"https:\/\/www.visit-ulcinj.com\/blog\/?s={search_term_string}\"},\"query-input\":\"required name=search_term_string\"}],\"inLanguage\":\"en-US\"},{\"@type\":\"ImageObject\",\"inLanguage\":\"en-US\",\"@id\":\"https:\/\/www.visit-ulcinj.com\/blog\/2009\/03\/20\/adela-mos-dukem-frikacake\/#primaryimage\",\"url\":\"http:\/\/www.visit-ulcinj.com\/blog\/wp-content\/uploads\/2009\/03\/adela1.jpg\",\"contentUrl\":\"http:\/\/www.visit-ulcinj.com\/blog\/wp-content\/uploads\/2009\/03\/adela1.jpg\"},{\"@type\":\"WebPage\",\"@id\":\"https:\/\/www.visit-ulcinj.com\/blog\/2009\/03\/20\/adela-mos-dukem-frikacake\/#webpage\",\"url\":\"https:\/\/www.visit-ulcinj.com\/blog\/2009\/03\/20\/adela-mos-dukem-frikacake\/\",\"name\":\"Adela: Mos dukem frikacake? | Big Brother Albania 2\",\"isPartOf\":{\"@id\":\"https:\/\/www.visit-ulcinj.com\/blog\/#website\"},\"primaryImageOfPage\":{\"@id\":\"https:\/\/www.visit-ulcinj.com\/blog\/2009\/03\/20\/adela-mos-dukem-frikacake\/#primaryimage\"},\"datePublished\":\"2009-03-20T22:25:31+00:00\",\"dateModified\":\"2009-03-20T22:25:31+00:00\",\"author\":{\"@id\":\"https:\/\/www.visit-ulcinj.com\/blog\/#\/schema\/person\/dcab619c614d3038751c63bc2aadc06d\"},\"description\":\"Big Brother Albania 2 - Adelajda diskuton me Dritanin p\u00c3\u00abr rolin e kryefamiljarit. Disa nga banor\u00c3\u00abt e sht\u00c3\u00abpis\u00c3\u00ab duan q\u00c3\u00ab Adelajda t\u00c3\u00ab b\u00c3\u00abhet kryefamiljare q\u00c3\u00ab t\u00c3\u00ab g\u00c3\u00abzoj\u00c3\u00ab imunitet\",\"breadcrumb\":{\"@id\":\"https:\/\/www.visit-ulcinj.com\/blog\/2009\/03\/20\/adela-mos-dukem-frikacake\/#breadcrumb\"},\"inLanguage\":\"en-US\",\"potentialAction\":[{\"@type\":\"ReadAction\",\"target\":[\"https:\/\/www.visit-ulcinj.com\/blog\/2009\/03\/20\/adela-mos-dukem-frikacake\/\"]}]},{\"@type\":\"BreadcrumbList\",\"@id\":\"https:\/\/www.visit-ulcinj.com\/blog\/2009\/03\/20\/adela-mos-dukem-frikacake\/#breadcrumb\",\"itemListElement\":[{\"@type\":\"ListItem\",\"position\":1,\"name\":\"Adela: Mos dukem frikacake?\"}]},{\"@type\":\"Person\",\"@id\":\"https:\/\/www.visit-ulcinj.com\/blog\/#\/schema\/person\/dcab619c614d3038751c63bc2aadc06d\",\"name\":\"ulqini\",\"sameAs\":[\"http:\/\/www.visit-ulcinj.com\"],\"url\":\"https:\/\/www.visit-ulcinj.com\/blog\/author\/admin\/\"}]}<\/script>\n<!-- \/ Yoast SEO plugin. -->","yoast_head_json":{"title":"Adela: Mos dukem frikacake? | Big Brother Albania 2","description":"Big Brother Albania 2 - Adelajda diskuton me Dritanin p\u00c3\u00abr rolin e kryefamiljarit. Disa nga banor\u00c3\u00abt e sht\u00c3\u00abpis\u00c3\u00ab duan q\u00c3\u00ab Adelajda t\u00c3\u00ab b\u00c3\u00abhet kryefamiljare q\u00c3\u00ab t\u00c3\u00ab g\u00c3\u00abzoj\u00c3\u00ab imunitet","robots":{"index":"index","follow":"follow","max-snippet":"max-snippet:-1","max-image-preview":"max-image-preview:large","max-video-preview":"max-video-preview:-1"},"canonical":"https:\/\/www.visit-ulcinj.com\/blog\/2009\/03\/20\/adela-mos-dukem-frikacake\/","og_locale":"en_US","og_type":"article","og_title":"Adela: Mos dukem frikacake? | Big Brother Albania 2","og_description":"Big Brother Albania 2 - Adelajda diskuton me Dritanin p\u00c3\u00abr rolin e kryefamiljarit. Disa nga banor\u00c3\u00abt e sht\u00c3\u00abpis\u00c3\u00ab duan q\u00c3\u00ab Adelajda t\u00c3\u00ab b\u00c3\u00abhet kryefamiljare q\u00c3\u00ab t\u00c3\u00ab g\u00c3\u00abzoj\u00c3\u00ab imunitet","og_url":"https:\/\/www.visit-ulcinj.com\/blog\/2009\/03\/20\/adela-mos-dukem-frikacake\/","og_site_name":"Lajme nga Ulqini","article_published_time":"2009-03-20T22:25:31+00:00","og_image":[{"url":"http:\/\/www.visit-ulcinj.com\/blog\/wp-content\/uploads\/2009\/03\/adela1.jpg"}],"twitter_misc":{"Written by":"ulqini","Est. reading time":"1 minute"},"schema":{"@context":"https:\/\/schema.org","@graph":[{"@type":"WebSite","@id":"https:\/\/www.visit-ulcinj.com\/blog\/#website","url":"https:\/\/www.visit-ulcinj.com\/blog\/","name":"Lajme nga Ulqini","description":"Lajme,Vijesti,Ulqini,Ulqin,Crna Gora,Mali i Zi","potentialAction":[{"@type":"SearchAction","target":{"@type":"EntryPoint","urlTemplate":"https:\/\/www.visit-ulcinj.com\/blog\/?s={search_term_string}"},"query-input":"required name=search_term_string"}],"inLanguage":"en-US"},{"@type":"ImageObject","inLanguage":"en-US","@id":"https:\/\/www.visit-ulcinj.com\/blog\/2009\/03\/20\/adela-mos-dukem-frikacake\/#primaryimage","url":"http:\/\/www.visit-ulcinj.com\/blog\/wp-content\/uploads\/2009\/03\/adela1.jpg","contentUrl":"http:\/\/www.visit-ulcinj.com\/blog\/wp-content\/uploads\/2009\/03\/adela1.jpg"},{"@type":"WebPage","@id":"https:\/\/www.visit-ulcinj.com\/blog\/2009\/03\/20\/adela-mos-dukem-frikacake\/#webpage","url":"https:\/\/www.visit-ulcinj.com\/blog\/2009\/03\/20\/adela-mos-dukem-frikacake\/","name":"Adela: Mos dukem frikacake? | Big Brother Albania 2","isPartOf":{"@id":"https:\/\/www.visit-ulcinj.com\/blog\/#website"},"primaryImageOfPage":{"@id":"https:\/\/www.visit-ulcinj.com\/blog\/2009\/03\/20\/adela-mos-dukem-frikacake\/#primaryimage"},"datePublished":"2009-03-20T22:25:31+00:00","dateModified":"2009-03-20T22:25:31+00:00","author":{"@id":"https:\/\/www.visit-ulcinj.com\/blog\/#\/schema\/person\/dcab619c614d3038751c63bc2aadc06d"},"description":"Big Brother Albania 2 - Adelajda diskuton me Dritanin p\u00c3\u00abr rolin e kryefamiljarit. Disa nga banor\u00c3\u00abt e sht\u00c3\u00abpis\u00c3\u00ab duan q\u00c3\u00ab Adelajda t\u00c3\u00ab b\u00c3\u00abhet kryefamiljare q\u00c3\u00ab t\u00c3\u00ab g\u00c3\u00abzoj\u00c3\u00ab imunitet","breadcrumb":{"@id":"https:\/\/www.visit-ulcinj.com\/blog\/2009\/03\/20\/adela-mos-dukem-frikacake\/#breadcrumb"},"inLanguage":"en-US","potentialAction":[{"@type":"ReadAction","target":["https:\/\/www.visit-ulcinj.com\/blog\/2009\/03\/20\/adela-mos-dukem-frikacake\/"]}]},{"@type":"BreadcrumbList","@id":"https:\/\/www.visit-ulcinj.com\/blog\/2009\/03\/20\/adela-mos-dukem-frikacake\/#breadcrumb","itemListElement":[{"@type":"ListItem","position":1,"name":"Adela: Mos dukem frikacake?"}]},{"@type":"Person","@id":"https:\/\/www.visit-ulcinj.com\/blog\/#\/schema\/person\/dcab619c614d3038751c63bc2aadc06d","name":"ulqini","sameAs":["http:\/\/www.visit-ulcinj.com"],"url":"https:\/\/www.visit-ulcinj.com\/blog\/author\/admin\/"}]}},"jetpack_featured_media_url":"","jetpack_sharing_enabled":true,"jetpack_shortlink":"https:\/\/wp.me\/pe6lTn-3TL","_links":{"self":[{"href":"https:\/\/www.visit-ulcinj.com\/blog\/wp-json\/wp\/v2\/posts\/14989"}],"collection":[{"href":"https:\/\/www.visit-ulcinj.com\/blog\/wp-json\/wp\/v2\/posts"}],"about":[{"href":"https:\/\/www.visit-ulcinj.com\/blog\/wp-json\/wp\/v2\/types\/post"}],"author":[{"embeddable":true,"href":"https:\/\/www.visit-ulcinj.com\/blog\/wp-json\/wp\/v2\/users\/1"}],"replies":[{"embeddable":true,"href":"https:\/\/www.visit-ulcinj.com\/blog\/wp-json\/wp\/v2\/comments?post=14989"}],"version-history":[{"count":0,"href":"https:\/\/www.visit-ulcinj.com\/blog\/wp-json\/wp\/v2\/posts\/14989\/revisions"}],"wp:attachment":[{"href":"https:\/\/www.visit-ulcinj.com\/blog\/wp-json\/wp\/v2\/media?parent=14989"}],"wp:term":[{"taxonomy":"category","embeddable":true,"href":"https:\/\/www.visit-ulcinj.com\/blog\/wp-json\/wp\/v2\/categories?post=14989"},{"taxonomy":"post_tag","embeddable":true,"href":"https:\/\/www.visit-ulcinj.com\/blog\/wp-json\/wp\/v2\/tags?post=14989"}],"curies":[{"name":"wp","href":"https:\/\/api.w.org\/{rel}","templated":true}]}}