{"id":14993,"date":"2009-03-20T23:28:51","date_gmt":"2009-03-20T22:28:51","guid":{"rendered":"http:\/\/www.visit-ulcinj.com\/blog\/?p=14993"},"modified":"2009-03-20T23:28:51","modified_gmt":"2009-03-20T22:28:51","slug":"adelajda-nuk-pozoj-per-kalendar","status":"publish","type":"post","link":"https:\/\/www.visit-ulcinj.com\/blog\/2009\/03\/20\/adelajda-nuk-pozoj-per-kalendar\/","title":{"rendered":"Adelajda : Nuk pozoj p\u00ebr kalendar!"},"content":{"rendered":"<p><em><span class=\"newsdate\"><a href=\"http:\/\/www.visit-ulcinj.com\/blog\/wp-content\/uploads\/2009\/03\/adelabjordi-16-copy.jpg\"><img loading=\"lazy\" class=\"alignleft size-full wp-image-14994\" title=\"adelabjordi-big-brother-albania-2\" src=\"http:\/\/www.visit-ulcinj.com\/blog\/wp-content\/uploads\/2009\/03\/adelabjordi-16-copy.jpg\" alt=\"adelabjordi-big-brother-albania-2\" width=\"300\" height=\"205\" \/><\/a>16\/03\/09 11:30<\/span><\/em><\/p>\n<p>T\u00eb gjith\u00eb banor\u00ebt kishin dal\u00eb n\u00eb verand\u00ebn e sht\u00ebpis\u00eb p\u00ebr t\u00eb b\u00ebr\u00eb banjo dieli, dikush me rroba banje e dikush jo. Nd\u00ebrsa rrinin pran\u00eb nj\u00ebri-tjetrit, Adelajda, vazhdimisht i thoshte Bjordit q\u00eb t\u00eb mos rrinte pa bluze, t\u00eb mos i ngrinte k\u00ebmb\u00ebt e pantallonave, veprim t\u00eb cilin ai e b\u00ebnte p\u00ebr t\u00eb marr\u00eb sa m\u00eb shum\u00eb rreze dielli. Ai i ka th\u00ebn\u00eb se nuk mund t\u00eb rrinte me bluz\u00eb apo pantallona t\u00eb gjata, n\u00eb diell, vet\u00ebm sepse kishte turp ajo. \u201cPo sikur ty t\u00eb t\u00eb thoshin t\u00eb b\u00ebje nj\u00eb kalendar?- e ka pyetur ai Adelajden. Ajo i ka th\u00ebn\u00eb n\u00eb m\u00ebnyr\u00eb kategorikisht t\u00eb prer\u00eb se nuk do ta b\u00ebnte kurr\u00eb, as p\u00ebr 100 mij\u00eb euro, shif\u00ebr kjo e shtruar n\u00eb diskutim nga Bjordi. \u201cRri ti rri, debile!\u201d. Adelajda i ka th\u00ebn\u00eb se mbase ishte dhe debile, por i p\u00eblqente k\u00ebshtu. Ajo ka th\u00ebn\u00eb se nuk do ta kishte b\u00ebr\u00eb kurr\u00eb, as nudo, as me rroba banje, sepse nuk e imagjinonte dot veten q\u00eb ta shihnin t\u00eb gjith\u00eb apo ta varnin n\u00eb muret e sht\u00ebpive, edhe kundjrejt shifr\u00ebs m\u00eb t\u00eb madhe t\u00eb mundshme. Bjordi ka insistuar t\u00eb dinte p\u00ebr cfar\u00eb arsyeje ajo nuk e pranonte dot k\u00ebt\u00eb gj\u00eb dhe m\u00eb n\u00eb fund, pas k\u00ebmb\u00ebnguljes e m\u00eb pas indiferenc\u00ebs s\u00eb tij p\u00ebr t\u00eb d\u00ebgjuar p\u00ebrgjigjen e saj ajo ka th\u00ebn\u00eb \u201cFeja!\u201d.<\/p>\n","protected":false},"excerpt":{"rendered":"<p>16\/03\/09 11:30 T\u00eb gjith\u00eb banor\u00ebt kishin dal\u00eb n\u00eb verand\u00ebn e sht\u00ebpis\u00eb p\u00ebr t\u00eb b\u00ebr\u00eb banjo dieli, dikush me rroba banje e dikush jo. Nd\u00ebrsa rrinin pran\u00eb nj\u00ebri-tjetrit, Adelajda, vazhdimisht i thoshte Bjordit q\u00eb t\u00eb mos rrinte pa bluze, t\u00eb mos i ngrinte k\u00ebmb\u00ebt e pantallonave, veprim t\u00eb cilin ai e b\u00ebnte p\u00ebr t\u00eb marr\u00eb sa [&hellip;]<\/p>\n","protected":false},"author":1,"featured_media":0,"comment_status":"open","ping_status":"closed","sticky":false,"template":"","format":"standard","meta":{"spay_email":"","jetpack_publicize_message":"","jetpack_is_tweetstorm":false,"jetpack_publicize_feature_enabled":true},"categories":[6502],"tags":[6529,6883,6516,6712,6522,8194,6544,6891],"jetpack_publicize_connections":[],"yoast_head":"<!-- This site is optimized with the Yoast SEO plugin v19.1 - https:\/\/yoast.com\/wordpress\/plugins\/seo\/ -->\n<title>Adelajda : Nuk pozoj p\u00c3\u00abr kalendar! | Big Brother Albania 2<\/title>\n<meta name=\"description\" content=\"Big Brother Albania 2 - T\u00c3\u00ab gjith\u00c3\u00ab banor\u00c3\u00abt kishin dal\u00c3\u00ab n\u00c3\u00ab verand\u00c3\u00abn e sht\u00c3\u00abpis\u00c3\u00ab p\u00c3\u00abr t\u00c3\u00ab b\u00c3\u00abr\u00c3\u00ab banjo dieli, dikush me rroba banje e dikush jo.\" \/>\n<meta name=\"robots\" content=\"index, follow, max-snippet:-1, max-image-preview:large, max-video-preview:-1\" \/>\n<link rel=\"canonical\" href=\"https:\/\/www.visit-ulcinj.com\/blog\/2009\/03\/20\/adelajda-nuk-pozoj-per-kalendar\/\" \/>\n<meta property=\"og:locale\" content=\"en_US\" \/>\n<meta property=\"og:type\" content=\"article\" \/>\n<meta property=\"og:title\" content=\"Adelajda : Nuk pozoj p\u00c3\u00abr kalendar! | Big Brother Albania 2\" \/>\n<meta property=\"og:description\" content=\"Big Brother Albania 2 - T\u00c3\u00ab gjith\u00c3\u00ab banor\u00c3\u00abt kishin dal\u00c3\u00ab n\u00c3\u00ab verand\u00c3\u00abn e sht\u00c3\u00abpis\u00c3\u00ab p\u00c3\u00abr t\u00c3\u00ab b\u00c3\u00abr\u00c3\u00ab banjo dieli, dikush me rroba banje e dikush jo.\" \/>\n<meta property=\"og:url\" content=\"https:\/\/www.visit-ulcinj.com\/blog\/2009\/03\/20\/adelajda-nuk-pozoj-per-kalendar\/\" \/>\n<meta property=\"og:site_name\" content=\"Lajme nga Ulqini\" \/>\n<meta property=\"article:published_time\" content=\"2009-03-20T22:28:51+00:00\" \/>\n<meta property=\"og:image\" content=\"http:\/\/www.visit-ulcinj.com\/blog\/wp-content\/uploads\/2009\/03\/adelabjordi-16-copy.jpg\" \/>\n<meta name=\"twitter:label1\" content=\"Written by\" \/>\n\t<meta name=\"twitter:data1\" content=\"ulqini\" \/>\n\t<meta name=\"twitter:label2\" content=\"Est. reading time\" \/>\n\t<meta name=\"twitter:data2\" content=\"1 minute\" \/>\n<script type=\"application\/ld+json\" class=\"yoast-schema-graph\">{\"@context\":\"https:\/\/schema.org\",\"@graph\":[{\"@type\":\"WebSite\",\"@id\":\"https:\/\/www.visit-ulcinj.com\/blog\/#website\",\"url\":\"https:\/\/www.visit-ulcinj.com\/blog\/\",\"name\":\"Lajme nga Ulqini\",\"description\":\"Lajme,Vijesti,Ulqini,Ulqin,Crna Gora,Mali i Zi\",\"potentialAction\":[{\"@type\":\"SearchAction\",\"target\":{\"@type\":\"EntryPoint\",\"urlTemplate\":\"https:\/\/www.visit-ulcinj.com\/blog\/?s={search_term_string}\"},\"query-input\":\"required name=search_term_string\"}],\"inLanguage\":\"en-US\"},{\"@type\":\"ImageObject\",\"inLanguage\":\"en-US\",\"@id\":\"https:\/\/www.visit-ulcinj.com\/blog\/2009\/03\/20\/adelajda-nuk-pozoj-per-kalendar\/#primaryimage\",\"url\":\"http:\/\/www.visit-ulcinj.com\/blog\/wp-content\/uploads\/2009\/03\/adelabjordi-16-copy.jpg\",\"contentUrl\":\"http:\/\/www.visit-ulcinj.com\/blog\/wp-content\/uploads\/2009\/03\/adelabjordi-16-copy.jpg\"},{\"@type\":\"WebPage\",\"@id\":\"https:\/\/www.visit-ulcinj.com\/blog\/2009\/03\/20\/adelajda-nuk-pozoj-per-kalendar\/#webpage\",\"url\":\"https:\/\/www.visit-ulcinj.com\/blog\/2009\/03\/20\/adelajda-nuk-pozoj-per-kalendar\/\",\"name\":\"Adelajda : Nuk pozoj p\u00c3\u00abr kalendar! | Big Brother Albania 2\",\"isPartOf\":{\"@id\":\"https:\/\/www.visit-ulcinj.com\/blog\/#website\"},\"primaryImageOfPage\":{\"@id\":\"https:\/\/www.visit-ulcinj.com\/blog\/2009\/03\/20\/adelajda-nuk-pozoj-per-kalendar\/#primaryimage\"},\"datePublished\":\"2009-03-20T22:28:51+00:00\",\"dateModified\":\"2009-03-20T22:28:51+00:00\",\"author\":{\"@id\":\"https:\/\/www.visit-ulcinj.com\/blog\/#\/schema\/person\/dcab619c614d3038751c63bc2aadc06d\"},\"description\":\"Big Brother Albania 2 - T\u00c3\u00ab gjith\u00c3\u00ab banor\u00c3\u00abt kishin dal\u00c3\u00ab n\u00c3\u00ab verand\u00c3\u00abn e sht\u00c3\u00abpis\u00c3\u00ab p\u00c3\u00abr t\u00c3\u00ab b\u00c3\u00abr\u00c3\u00ab banjo dieli, dikush me rroba banje e dikush jo.\",\"breadcrumb\":{\"@id\":\"https:\/\/www.visit-ulcinj.com\/blog\/2009\/03\/20\/adelajda-nuk-pozoj-per-kalendar\/#breadcrumb\"},\"inLanguage\":\"en-US\",\"potentialAction\":[{\"@type\":\"ReadAction\",\"target\":[\"https:\/\/www.visit-ulcinj.com\/blog\/2009\/03\/20\/adelajda-nuk-pozoj-per-kalendar\/\"]}]},{\"@type\":\"BreadcrumbList\",\"@id\":\"https:\/\/www.visit-ulcinj.com\/blog\/2009\/03\/20\/adelajda-nuk-pozoj-per-kalendar\/#breadcrumb\",\"itemListElement\":[{\"@type\":\"ListItem\",\"position\":1,\"name\":\"Adelajda : Nuk pozoj p\u00ebr kalendar!\"}]},{\"@type\":\"Person\",\"@id\":\"https:\/\/www.visit-ulcinj.com\/blog\/#\/schema\/person\/dcab619c614d3038751c63bc2aadc06d\",\"name\":\"ulqini\",\"sameAs\":[\"http:\/\/www.visit-ulcinj.com\"],\"url\":\"https:\/\/www.visit-ulcinj.com\/blog\/author\/admin\/\"}]}<\/script>\n<!-- \/ Yoast SEO plugin. -->","yoast_head_json":{"title":"Adelajda : Nuk pozoj p\u00c3\u00abr kalendar! | Big Brother Albania 2","description":"Big Brother Albania 2 - T\u00c3\u00ab gjith\u00c3\u00ab banor\u00c3\u00abt kishin dal\u00c3\u00ab n\u00c3\u00ab verand\u00c3\u00abn e sht\u00c3\u00abpis\u00c3\u00ab p\u00c3\u00abr t\u00c3\u00ab b\u00c3\u00abr\u00c3\u00ab banjo dieli, dikush me rroba banje e dikush jo.","robots":{"index":"index","follow":"follow","max-snippet":"max-snippet:-1","max-image-preview":"max-image-preview:large","max-video-preview":"max-video-preview:-1"},"canonical":"https:\/\/www.visit-ulcinj.com\/blog\/2009\/03\/20\/adelajda-nuk-pozoj-per-kalendar\/","og_locale":"en_US","og_type":"article","og_title":"Adelajda : Nuk pozoj p\u00c3\u00abr kalendar! | Big Brother Albania 2","og_description":"Big Brother Albania 2 - T\u00c3\u00ab gjith\u00c3\u00ab banor\u00c3\u00abt kishin dal\u00c3\u00ab n\u00c3\u00ab verand\u00c3\u00abn e sht\u00c3\u00abpis\u00c3\u00ab p\u00c3\u00abr t\u00c3\u00ab b\u00c3\u00abr\u00c3\u00ab banjo dieli, dikush me rroba banje e dikush jo.","og_url":"https:\/\/www.visit-ulcinj.com\/blog\/2009\/03\/20\/adelajda-nuk-pozoj-per-kalendar\/","og_site_name":"Lajme nga Ulqini","article_published_time":"2009-03-20T22:28:51+00:00","og_image":[{"url":"http:\/\/www.visit-ulcinj.com\/blog\/wp-content\/uploads\/2009\/03\/adelabjordi-16-copy.jpg"}],"twitter_misc":{"Written by":"ulqini","Est. reading time":"1 minute"},"schema":{"@context":"https:\/\/schema.org","@graph":[{"@type":"WebSite","@id":"https:\/\/www.visit-ulcinj.com\/blog\/#website","url":"https:\/\/www.visit-ulcinj.com\/blog\/","name":"Lajme nga Ulqini","description":"Lajme,Vijesti,Ulqini,Ulqin,Crna Gora,Mali i Zi","potentialAction":[{"@type":"SearchAction","target":{"@type":"EntryPoint","urlTemplate":"https:\/\/www.visit-ulcinj.com\/blog\/?s={search_term_string}"},"query-input":"required name=search_term_string"}],"inLanguage":"en-US"},{"@type":"ImageObject","inLanguage":"en-US","@id":"https:\/\/www.visit-ulcinj.com\/blog\/2009\/03\/20\/adelajda-nuk-pozoj-per-kalendar\/#primaryimage","url":"http:\/\/www.visit-ulcinj.com\/blog\/wp-content\/uploads\/2009\/03\/adelabjordi-16-copy.jpg","contentUrl":"http:\/\/www.visit-ulcinj.com\/blog\/wp-content\/uploads\/2009\/03\/adelabjordi-16-copy.jpg"},{"@type":"WebPage","@id":"https:\/\/www.visit-ulcinj.com\/blog\/2009\/03\/20\/adelajda-nuk-pozoj-per-kalendar\/#webpage","url":"https:\/\/www.visit-ulcinj.com\/blog\/2009\/03\/20\/adelajda-nuk-pozoj-per-kalendar\/","name":"Adelajda : Nuk pozoj p\u00c3\u00abr kalendar! | Big Brother Albania 2","isPartOf":{"@id":"https:\/\/www.visit-ulcinj.com\/blog\/#website"},"primaryImageOfPage":{"@id":"https:\/\/www.visit-ulcinj.com\/blog\/2009\/03\/20\/adelajda-nuk-pozoj-per-kalendar\/#primaryimage"},"datePublished":"2009-03-20T22:28:51+00:00","dateModified":"2009-03-20T22:28:51+00:00","author":{"@id":"https:\/\/www.visit-ulcinj.com\/blog\/#\/schema\/person\/dcab619c614d3038751c63bc2aadc06d"},"description":"Big Brother Albania 2 - T\u00c3\u00ab gjith\u00c3\u00ab banor\u00c3\u00abt kishin dal\u00c3\u00ab n\u00c3\u00ab verand\u00c3\u00abn e sht\u00c3\u00abpis\u00c3\u00ab p\u00c3\u00abr t\u00c3\u00ab b\u00c3\u00abr\u00c3\u00ab banjo dieli, dikush me rroba banje e dikush jo.","breadcrumb":{"@id":"https:\/\/www.visit-ulcinj.com\/blog\/2009\/03\/20\/adelajda-nuk-pozoj-per-kalendar\/#breadcrumb"},"inLanguage":"en-US","potentialAction":[{"@type":"ReadAction","target":["https:\/\/www.visit-ulcinj.com\/blog\/2009\/03\/20\/adelajda-nuk-pozoj-per-kalendar\/"]}]},{"@type":"BreadcrumbList","@id":"https:\/\/www.visit-ulcinj.com\/blog\/2009\/03\/20\/adelajda-nuk-pozoj-per-kalendar\/#breadcrumb","itemListElement":[{"@type":"ListItem","position":1,"name":"Adelajda : Nuk pozoj p\u00ebr kalendar!"}]},{"@type":"Person","@id":"https:\/\/www.visit-ulcinj.com\/blog\/#\/schema\/person\/dcab619c614d3038751c63bc2aadc06d","name":"ulqini","sameAs":["http:\/\/www.visit-ulcinj.com"],"url":"https:\/\/www.visit-ulcinj.com\/blog\/author\/admin\/"}]}},"jetpack_featured_media_url":"","jetpack_sharing_enabled":true,"jetpack_shortlink":"https:\/\/wp.me\/pe6lTn-3TP","_links":{"self":[{"href":"https:\/\/www.visit-ulcinj.com\/blog\/wp-json\/wp\/v2\/posts\/14993"}],"collection":[{"href":"https:\/\/www.visit-ulcinj.com\/blog\/wp-json\/wp\/v2\/posts"}],"about":[{"href":"https:\/\/www.visit-ulcinj.com\/blog\/wp-json\/wp\/v2\/types\/post"}],"author":[{"embeddable":true,"href":"https:\/\/www.visit-ulcinj.com\/blog\/wp-json\/wp\/v2\/users\/1"}],"replies":[{"embeddable":true,"href":"https:\/\/www.visit-ulcinj.com\/blog\/wp-json\/wp\/v2\/comments?post=14993"}],"version-history":[{"count":0,"href":"https:\/\/www.visit-ulcinj.com\/blog\/wp-json\/wp\/v2\/posts\/14993\/revisions"}],"wp:attachment":[{"href":"https:\/\/www.visit-ulcinj.com\/blog\/wp-json\/wp\/v2\/media?parent=14993"}],"wp:term":[{"taxonomy":"category","embeddable":true,"href":"https:\/\/www.visit-ulcinj.com\/blog\/wp-json\/wp\/v2\/categories?post=14993"},{"taxonomy":"post_tag","embeddable":true,"href":"https:\/\/www.visit-ulcinj.com\/blog\/wp-json\/wp\/v2\/tags?post=14993"}],"curies":[{"name":"wp","href":"https:\/\/api.w.org\/{rel}","templated":true}]}}