{"id":14997,"date":"2009-03-21T00:05:37","date_gmt":"2009-03-20T23:05:37","guid":{"rendered":"http:\/\/www.visit-ulcinj.com\/blog\/?p=14997"},"modified":"2009-03-21T00:05:37","modified_gmt":"2009-03-20T23:05:37","slug":"mimoza-aida-urren-adelen","status":"publish","type":"post","link":"https:\/\/www.visit-ulcinj.com\/blog\/2009\/03\/21\/mimoza-aida-urren-adelen\/","title":{"rendered":"Mimoza: Aida urren Adel\u00ebn!"},"content":{"rendered":"<p><em><span class=\"newsdate\"><a href=\"http:\/\/www.visit-ulcinj.com\/blog\/wp-content\/uploads\/2009\/03\/moza-per-aiden.jpg\"><img loading=\"lazy\" class=\"alignleft size-full wp-image-14998\" title=\"moza-per-aiden-big-brother-albania\" src=\"http:\/\/www.visit-ulcinj.com\/blog\/wp-content\/uploads\/2009\/03\/moza-per-aiden.jpg\" alt=\"moza-per-aiden-big-brother-albania\" width=\"300\" height=\"205\" \/><\/a>20\/03\/09 19:37<\/span><\/em><\/p>\n<p>Mimoza dhe Lirita q\u00ebndrojn\u00eb n\u00eb kop\u00ebsht dhe diskutojn\u00eb p\u00ebr \u201cloj\u00ebn\u201d e Aid\u00ebs. Mimoza thot\u00eb:-\u201cAida po i fut t\u00eb gjith\u00eb n\u00eb loj\u00eb ,p\u00ebr t\u00eb krijuar urrejtje p\u00ebr Adeladjd\u00ebn!\u201d Ajo e k\u00ebshillon Lirit\u00ebn q\u00eb t\u00eb mos krijoj\u00eb urrejtje t\u00eb kota, dhe n\u00eb nominim t\u00eb nxjerr\u00eb ato persona q\u00eb sillen keq. P\u00ebr mendimin e Mimoz\u00ebs Lirita duhet vet\u00ebm t\u00eb d\u00ebgjoj\u00eb n\u00eb momentin q\u00eb persona t\u00eb tjer\u00eb shajn\u00eb. Mimoza i thot\u00eb q\u00eb Aida i kishte th\u00ebn\u00eb:-\u201cPse rri ti me Adel\u00ebn? Un\u00eb i thash\u00eb q\u00eb nuk kam ndar\u00eb grup!\u201d Lirita i thot\u00eb Moz\u00ebs q\u00eb ajo nuk \u00ebsht\u00eb ndikuar nga Aida pasi ajo q\u00ebndron me Adelajd\u00ebn dhe Bjordin. Sipas tyre banor\u00ebt n\u00eb sht\u00ebpi i marrin gj\u00ebrat me dopjo kuptim. Mimoza mundohet t\u00eb sqaroj\u00eb Lirit\u00ebn p\u00ebr disa keqkuptime mes saj dhe Adelajd\u00ebs. Ajo shton q\u00eb Adelajda i kishte th\u00ebn\u00eb q\u00eb Aida dhe Mesida e kishin inat, por q\u00eb nuk kuptonte sjelljen e Lirit\u00ebs. Lirita i thot\u00eb q\u00eb nuk ka asgj\u00eb me Adelajd\u00ebn. Mimoza i thot\u00eb q\u00eb mendonte q\u00eb Aida mund t\u00eb kishte ndikuar tek ajo, dhe shton:-\u201cAjo e urren shum\u00eb Adel\u00ebn!\u201d<\/p>\n","protected":false},"excerpt":{"rendered":"<p>20\/03\/09 19:37 Mimoza dhe Lirita q\u00ebndrojn\u00eb n\u00eb kop\u00ebsht dhe diskutojn\u00eb p\u00ebr \u201cloj\u00ebn\u201d e Aid\u00ebs. Mimoza thot\u00eb:-\u201cAida po i fut t\u00eb gjith\u00eb n\u00eb loj\u00eb ,p\u00ebr t\u00eb krijuar urrejtje p\u00ebr Adeladjd\u00ebn!\u201d Ajo e k\u00ebshillon Lirit\u00ebn q\u00eb t\u00eb mos krijoj\u00eb urrejtje t\u00eb kota, dhe n\u00eb nominim t\u00eb nxjerr\u00eb ato persona q\u00eb sillen keq. P\u00ebr mendimin e Mimoz\u00ebs Lirita [&hellip;]<\/p>\n","protected":false},"author":1,"featured_media":0,"comment_status":"open","ping_status":"closed","sticky":false,"template":"","format":"standard","meta":{"spay_email":"","jetpack_publicize_message":"","jetpack_is_tweetstorm":false,"jetpack_publicize_feature_enabled":true},"categories":[6502],"tags":[6529,6537,6883,6516,6712,6522,6542,7364,6544,6891],"jetpack_publicize_connections":[],"yoast_head":"<!-- This site is optimized with the Yoast SEO plugin v19.1 - https:\/\/yoast.com\/wordpress\/plugins\/seo\/ -->\n<title>Mimoza: Aida urren Adel\u00c3\u00abn! | Big Brother Albania 2<\/title>\n<meta name=\"description\" content=\"Big Brother Albania 2 - Mimoza dhe Lirita q\u00c3\u00abndrojn\u00c3\u00ab n\u00c3\u00ab kop\u00c3\u00absht dhe diskutojn\u00c3\u00ab p\u00c3\u00abr \u00e2\u20ac\u0153loj\u00c3\u00abn\u00e2\u20ac\u009d e Aid\u00c3\u00abs. Mimoza thot\u00c3\u00ab:-\u00e2\u20ac\u0153Aida po i fut t\u00c3\u00ab gjith\u00c3\u00ab n\u00c3\u00ab loj\u00c3\u00ab ,p\u00c3\u00abr t\u00c3\u00ab krijuar urrejtje p\u00c3\u00abr Adeladjd\u00c3\u00abn!\u00e2\u20ac\u009d\" \/>\n<meta name=\"robots\" content=\"index, follow, max-snippet:-1, max-image-preview:large, max-video-preview:-1\" \/>\n<link rel=\"canonical\" href=\"https:\/\/www.visit-ulcinj.com\/blog\/2009\/03\/21\/mimoza-aida-urren-adelen\/\" \/>\n<meta property=\"og:locale\" content=\"en_US\" \/>\n<meta property=\"og:type\" content=\"article\" \/>\n<meta property=\"og:title\" content=\"Mimoza: Aida urren Adel\u00c3\u00abn! | Big Brother Albania 2\" \/>\n<meta property=\"og:description\" content=\"Big Brother Albania 2 - Mimoza dhe Lirita q\u00c3\u00abndrojn\u00c3\u00ab n\u00c3\u00ab kop\u00c3\u00absht dhe diskutojn\u00c3\u00ab p\u00c3\u00abr \u00e2\u20ac\u0153loj\u00c3\u00abn\u00e2\u20ac\u009d e Aid\u00c3\u00abs. Mimoza thot\u00c3\u00ab:-\u00e2\u20ac\u0153Aida po i fut t\u00c3\u00ab gjith\u00c3\u00ab n\u00c3\u00ab loj\u00c3\u00ab ,p\u00c3\u00abr t\u00c3\u00ab krijuar urrejtje p\u00c3\u00abr Adeladjd\u00c3\u00abn!\u00e2\u20ac\u009d\" \/>\n<meta property=\"og:url\" content=\"https:\/\/www.visit-ulcinj.com\/blog\/2009\/03\/21\/mimoza-aida-urren-adelen\/\" \/>\n<meta property=\"og:site_name\" content=\"Lajme nga Ulqini\" \/>\n<meta property=\"article:published_time\" content=\"2009-03-20T23:05:37+00:00\" \/>\n<meta property=\"og:image\" content=\"http:\/\/www.visit-ulcinj.com\/blog\/wp-content\/uploads\/2009\/03\/moza-per-aiden.jpg\" \/>\n<meta name=\"twitter:label1\" content=\"Written by\" \/>\n\t<meta name=\"twitter:data1\" content=\"ulqini\" \/>\n\t<meta name=\"twitter:label2\" content=\"Est. reading time\" \/>\n\t<meta name=\"twitter:data2\" content=\"1 minute\" \/>\n<script type=\"application\/ld+json\" class=\"yoast-schema-graph\">{\"@context\":\"https:\/\/schema.org\",\"@graph\":[{\"@type\":\"WebSite\",\"@id\":\"https:\/\/www.visit-ulcinj.com\/blog\/#website\",\"url\":\"https:\/\/www.visit-ulcinj.com\/blog\/\",\"name\":\"Lajme nga Ulqini\",\"description\":\"Lajme,Vijesti,Ulqini,Ulqin,Crna Gora,Mali i Zi\",\"potentialAction\":[{\"@type\":\"SearchAction\",\"target\":{\"@type\":\"EntryPoint\",\"urlTemplate\":\"https:\/\/www.visit-ulcinj.com\/blog\/?s={search_term_string}\"},\"query-input\":\"required name=search_term_string\"}],\"inLanguage\":\"en-US\"},{\"@type\":\"ImageObject\",\"inLanguage\":\"en-US\",\"@id\":\"https:\/\/www.visit-ulcinj.com\/blog\/2009\/03\/21\/mimoza-aida-urren-adelen\/#primaryimage\",\"url\":\"http:\/\/www.visit-ulcinj.com\/blog\/wp-content\/uploads\/2009\/03\/moza-per-aiden.jpg\",\"contentUrl\":\"http:\/\/www.visit-ulcinj.com\/blog\/wp-content\/uploads\/2009\/03\/moza-per-aiden.jpg\"},{\"@type\":\"WebPage\",\"@id\":\"https:\/\/www.visit-ulcinj.com\/blog\/2009\/03\/21\/mimoza-aida-urren-adelen\/#webpage\",\"url\":\"https:\/\/www.visit-ulcinj.com\/blog\/2009\/03\/21\/mimoza-aida-urren-adelen\/\",\"name\":\"Mimoza: Aida urren Adel\u00c3\u00abn! | Big Brother Albania 2\",\"isPartOf\":{\"@id\":\"https:\/\/www.visit-ulcinj.com\/blog\/#website\"},\"primaryImageOfPage\":{\"@id\":\"https:\/\/www.visit-ulcinj.com\/blog\/2009\/03\/21\/mimoza-aida-urren-adelen\/#primaryimage\"},\"datePublished\":\"2009-03-20T23:05:37+00:00\",\"dateModified\":\"2009-03-20T23:05:37+00:00\",\"author\":{\"@id\":\"https:\/\/www.visit-ulcinj.com\/blog\/#\/schema\/person\/dcab619c614d3038751c63bc2aadc06d\"},\"description\":\"Big Brother Albania 2 - Mimoza dhe Lirita q\u00c3\u00abndrojn\u00c3\u00ab n\u00c3\u00ab kop\u00c3\u00absht dhe diskutojn\u00c3\u00ab p\u00c3\u00abr \u00e2\u20ac\u0153loj\u00c3\u00abn\u00e2\u20ac\u009d e Aid\u00c3\u00abs. Mimoza thot\u00c3\u00ab:-\u00e2\u20ac\u0153Aida po i fut t\u00c3\u00ab gjith\u00c3\u00ab n\u00c3\u00ab loj\u00c3\u00ab ,p\u00c3\u00abr t\u00c3\u00ab krijuar urrejtje p\u00c3\u00abr Adeladjd\u00c3\u00abn!\u00e2\u20ac\u009d\",\"breadcrumb\":{\"@id\":\"https:\/\/www.visit-ulcinj.com\/blog\/2009\/03\/21\/mimoza-aida-urren-adelen\/#breadcrumb\"},\"inLanguage\":\"en-US\",\"potentialAction\":[{\"@type\":\"ReadAction\",\"target\":[\"https:\/\/www.visit-ulcinj.com\/blog\/2009\/03\/21\/mimoza-aida-urren-adelen\/\"]}]},{\"@type\":\"BreadcrumbList\",\"@id\":\"https:\/\/www.visit-ulcinj.com\/blog\/2009\/03\/21\/mimoza-aida-urren-adelen\/#breadcrumb\",\"itemListElement\":[{\"@type\":\"ListItem\",\"position\":1,\"name\":\"Mimoza: Aida urren Adel\u00ebn!\"}]},{\"@type\":\"Person\",\"@id\":\"https:\/\/www.visit-ulcinj.com\/blog\/#\/schema\/person\/dcab619c614d3038751c63bc2aadc06d\",\"name\":\"ulqini\",\"sameAs\":[\"http:\/\/www.visit-ulcinj.com\"],\"url\":\"https:\/\/www.visit-ulcinj.com\/blog\/author\/admin\/\"}]}<\/script>\n<!-- \/ Yoast SEO plugin. -->","yoast_head_json":{"title":"Mimoza: Aida urren Adel\u00c3\u00abn! | Big Brother Albania 2","description":"Big Brother Albania 2 - Mimoza dhe Lirita q\u00c3\u00abndrojn\u00c3\u00ab n\u00c3\u00ab kop\u00c3\u00absht dhe diskutojn\u00c3\u00ab p\u00c3\u00abr \u00e2\u20ac\u0153loj\u00c3\u00abn\u00e2\u20ac\u009d e Aid\u00c3\u00abs. Mimoza thot\u00c3\u00ab:-\u00e2\u20ac\u0153Aida po i fut t\u00c3\u00ab gjith\u00c3\u00ab n\u00c3\u00ab loj\u00c3\u00ab ,p\u00c3\u00abr t\u00c3\u00ab krijuar urrejtje p\u00c3\u00abr Adeladjd\u00c3\u00abn!\u00e2\u20ac\u009d","robots":{"index":"index","follow":"follow","max-snippet":"max-snippet:-1","max-image-preview":"max-image-preview:large","max-video-preview":"max-video-preview:-1"},"canonical":"https:\/\/www.visit-ulcinj.com\/blog\/2009\/03\/21\/mimoza-aida-urren-adelen\/","og_locale":"en_US","og_type":"article","og_title":"Mimoza: Aida urren Adel\u00c3\u00abn! | Big Brother Albania 2","og_description":"Big Brother Albania 2 - Mimoza dhe Lirita q\u00c3\u00abndrojn\u00c3\u00ab n\u00c3\u00ab kop\u00c3\u00absht dhe diskutojn\u00c3\u00ab p\u00c3\u00abr \u00e2\u20ac\u0153loj\u00c3\u00abn\u00e2\u20ac\u009d e Aid\u00c3\u00abs. Mimoza thot\u00c3\u00ab:-\u00e2\u20ac\u0153Aida po i fut t\u00c3\u00ab gjith\u00c3\u00ab n\u00c3\u00ab loj\u00c3\u00ab ,p\u00c3\u00abr t\u00c3\u00ab krijuar urrejtje p\u00c3\u00abr Adeladjd\u00c3\u00abn!\u00e2\u20ac\u009d","og_url":"https:\/\/www.visit-ulcinj.com\/blog\/2009\/03\/21\/mimoza-aida-urren-adelen\/","og_site_name":"Lajme nga Ulqini","article_published_time":"2009-03-20T23:05:37+00:00","og_image":[{"url":"http:\/\/www.visit-ulcinj.com\/blog\/wp-content\/uploads\/2009\/03\/moza-per-aiden.jpg"}],"twitter_misc":{"Written by":"ulqini","Est. reading time":"1 minute"},"schema":{"@context":"https:\/\/schema.org","@graph":[{"@type":"WebSite","@id":"https:\/\/www.visit-ulcinj.com\/blog\/#website","url":"https:\/\/www.visit-ulcinj.com\/blog\/","name":"Lajme nga Ulqini","description":"Lajme,Vijesti,Ulqini,Ulqin,Crna Gora,Mali i Zi","potentialAction":[{"@type":"SearchAction","target":{"@type":"EntryPoint","urlTemplate":"https:\/\/www.visit-ulcinj.com\/blog\/?s={search_term_string}"},"query-input":"required name=search_term_string"}],"inLanguage":"en-US"},{"@type":"ImageObject","inLanguage":"en-US","@id":"https:\/\/www.visit-ulcinj.com\/blog\/2009\/03\/21\/mimoza-aida-urren-adelen\/#primaryimage","url":"http:\/\/www.visit-ulcinj.com\/blog\/wp-content\/uploads\/2009\/03\/moza-per-aiden.jpg","contentUrl":"http:\/\/www.visit-ulcinj.com\/blog\/wp-content\/uploads\/2009\/03\/moza-per-aiden.jpg"},{"@type":"WebPage","@id":"https:\/\/www.visit-ulcinj.com\/blog\/2009\/03\/21\/mimoza-aida-urren-adelen\/#webpage","url":"https:\/\/www.visit-ulcinj.com\/blog\/2009\/03\/21\/mimoza-aida-urren-adelen\/","name":"Mimoza: Aida urren Adel\u00c3\u00abn! | Big Brother Albania 2","isPartOf":{"@id":"https:\/\/www.visit-ulcinj.com\/blog\/#website"},"primaryImageOfPage":{"@id":"https:\/\/www.visit-ulcinj.com\/blog\/2009\/03\/21\/mimoza-aida-urren-adelen\/#primaryimage"},"datePublished":"2009-03-20T23:05:37+00:00","dateModified":"2009-03-20T23:05:37+00:00","author":{"@id":"https:\/\/www.visit-ulcinj.com\/blog\/#\/schema\/person\/dcab619c614d3038751c63bc2aadc06d"},"description":"Big Brother Albania 2 - Mimoza dhe Lirita q\u00c3\u00abndrojn\u00c3\u00ab n\u00c3\u00ab kop\u00c3\u00absht dhe diskutojn\u00c3\u00ab p\u00c3\u00abr \u00e2\u20ac\u0153loj\u00c3\u00abn\u00e2\u20ac\u009d e Aid\u00c3\u00abs. Mimoza thot\u00c3\u00ab:-\u00e2\u20ac\u0153Aida po i fut t\u00c3\u00ab gjith\u00c3\u00ab n\u00c3\u00ab loj\u00c3\u00ab ,p\u00c3\u00abr t\u00c3\u00ab krijuar urrejtje p\u00c3\u00abr Adeladjd\u00c3\u00abn!\u00e2\u20ac\u009d","breadcrumb":{"@id":"https:\/\/www.visit-ulcinj.com\/blog\/2009\/03\/21\/mimoza-aida-urren-adelen\/#breadcrumb"},"inLanguage":"en-US","potentialAction":[{"@type":"ReadAction","target":["https:\/\/www.visit-ulcinj.com\/blog\/2009\/03\/21\/mimoza-aida-urren-adelen\/"]}]},{"@type":"BreadcrumbList","@id":"https:\/\/www.visit-ulcinj.com\/blog\/2009\/03\/21\/mimoza-aida-urren-adelen\/#breadcrumb","itemListElement":[{"@type":"ListItem","position":1,"name":"Mimoza: Aida urren Adel\u00ebn!"}]},{"@type":"Person","@id":"https:\/\/www.visit-ulcinj.com\/blog\/#\/schema\/person\/dcab619c614d3038751c63bc2aadc06d","name":"ulqini","sameAs":["http:\/\/www.visit-ulcinj.com"],"url":"https:\/\/www.visit-ulcinj.com\/blog\/author\/admin\/"}]}},"jetpack_featured_media_url":"","jetpack_sharing_enabled":true,"jetpack_shortlink":"https:\/\/wp.me\/pe6lTn-3TT","_links":{"self":[{"href":"https:\/\/www.visit-ulcinj.com\/blog\/wp-json\/wp\/v2\/posts\/14997"}],"collection":[{"href":"https:\/\/www.visit-ulcinj.com\/blog\/wp-json\/wp\/v2\/posts"}],"about":[{"href":"https:\/\/www.visit-ulcinj.com\/blog\/wp-json\/wp\/v2\/types\/post"}],"author":[{"embeddable":true,"href":"https:\/\/www.visit-ulcinj.com\/blog\/wp-json\/wp\/v2\/users\/1"}],"replies":[{"embeddable":true,"href":"https:\/\/www.visit-ulcinj.com\/blog\/wp-json\/wp\/v2\/comments?post=14997"}],"version-history":[{"count":0,"href":"https:\/\/www.visit-ulcinj.com\/blog\/wp-json\/wp\/v2\/posts\/14997\/revisions"}],"wp:attachment":[{"href":"https:\/\/www.visit-ulcinj.com\/blog\/wp-json\/wp\/v2\/media?parent=14997"}],"wp:term":[{"taxonomy":"category","embeddable":true,"href":"https:\/\/www.visit-ulcinj.com\/blog\/wp-json\/wp\/v2\/categories?post=14997"},{"taxonomy":"post_tag","embeddable":true,"href":"https:\/\/www.visit-ulcinj.com\/blog\/wp-json\/wp\/v2\/tags?post=14997"}],"curies":[{"name":"wp","href":"https:\/\/api.w.org\/{rel}","templated":true}]}}