{"id":1502,"date":"2008-05-08T13:04:33","date_gmt":"2008-05-08T18:04:33","guid":{"rendered":"http:\/\/www.visit-ulcinj.com\/blog\/?p=1502"},"modified":"2008-05-08T14:15:53","modified_gmt":"2008-05-08T19:15:53","slug":"shqiptaret-e-malit-te-zi-kerkojne-njohjen-e-pavaresise-se-kosoves","status":"publish","type":"post","link":"https:\/\/www.visit-ulcinj.com\/blog\/2008\/05\/08\/shqiptaret-e-malit-te-zi-kerkojne-njohjen-e-pavaresise-se-kosoves\/","title":{"rendered":"G\u00ebzim Hajdinaga:Ka mund\u00ebsi q\u00eb Mali i Zi t\u00eb njoh\u00eb Kosov\u00ebn para fillimit t\u00eb sezonit turistik."},"content":{"rendered":"<p><img loading=\"lazy\" class=\"alignleft\" style=\"float: left;\" src=\"http:\/\/www.kosovapress.com\/ks\/repository\/images\/ferati-hajdinaga1_thmb.jpg\" alt=\"\" width=\"200\" height=\"150\" \/>Mali i Zi mund ta njoh\u00eb pavar\u00ebsin\u00eb e Kosov\u00ebs para nisjes s\u00eb sezonit turistik q\u00eb do t\u00eb hapet gjat\u00eb muajit t\u00eb ardsh\u00ebm, ka th\u00ebn\u00eb kryetari i Ulqinit&#8230;, G\u00ebzim Hajdinaga. Pas takimit q\u00eb ka pasur me ministrin e Pushtetit Lokal, Sadri Ferati, ai ka ftuar kosovar\u00ebt t\u00eb shkojn\u00eb p\u00ebr pushime n\u00eb Ulqin, edhe n\u00ebse pavar\u00ebsia e Kosov\u00ebs nuk njihet shpejt nga Mali i Zi. Hajdinaga \u00ebsht\u00eb shprehur se partit\u00eb politike shqiptare n\u00eb Mal t\u00eb Zi do t\u00eb vazhdojn\u00eb t\u00eb lobojn\u00eb te qeveria e k\u00ebtij vendi p\u00ebr ta njohur sa m\u00eb shpejt pavar\u00ebsin\u00eb e Kosov\u00ebs.\u00a0 Kryetari i Mitrovic\u00ebs pas takimit Hajdinag\u00ebn ka th\u00ebn\u00eb se Mitrovica dhe Ulqini&#8230; do t\u00eb binjak\u00ebzohen n\u00eb t\u00eb ardhmen.<br \/>\nN\u00eb Prishtin\u00eb k\u00ebto dit\u00eb po q\u00ebndron kryetari i komun\u00ebs s\u00eb Ulqinit, G\u00ebzim Hajdinaga.<br \/>\nHajdinaga ka pasur nj\u00eb mori takimesh me zyrtar dhe politikan kosovar.<br \/>\nN\u00eb takimin q\u00eb Hajdinaga kishte me presidentin e Republik\u00ebs s\u00eb Kosov\u00ebs, Fatmir Sejdiu, u bisedua p\u00ebr rrjedhat pas shpalljes s\u00eb pavar\u00ebsis\u00eb s\u00eb Kosov\u00ebs m\u00eb 17. shkurt t\u00eb k\u00ebtij viti. Kryetari i Ulqinit shfryt\u00ebzoi rastin q\u00eb p\u00ebrmes Sejdiut t\u2019i uroi popullit t\u00eb Kosov\u00ebs pavar\u00ebsin\u00eb e vendit t\u00eb tyre. Ai u shpreh se ka mund\u00ebsi q\u00eb Mali i Zi t\u00eb njoh\u00eb pavar\u00ebsin\u00eb e Kosov\u00ebs para fillimit t\u00eb sezonit turistik.<img loading=\"lazy\" class=\"alignright\" style=\"float: right;\" src=\"http:\/\/www.kosovapress.com\/ks\/repository\/images\/PANAIRI_EDUKIMIT_thmb.jpg\" alt=\"\" width=\"200\" height=\"150\" \/><br \/>\nHajdinaga siguroi autoritetet kosovare se partit\u00eb shqiptare n\u00eb Mal t\u00eb Zi do t\u00eb vazhdojn\u00eb t\u00eb lobojn\u00eb tek autoritet malazeze p\u00ebr t\u00eb njohur pavar\u00ebsin\u00eb e Kosov\u00ebs.<br \/>\nSi edhe viteve t\u00eb kaluara, edhe k\u00ebt\u00eb vit qindra mij\u00ebra shqiptar nga Kosova do t\u00eb b\u00ebjn\u00eb pushime n\u00eb Ulqin. Hajdinaga i ftoi shqiptar\u00ebt q\u00eb t\u00eb shkojn\u00eb n\u00eb Ulqin edhe n\u00ebse nuk b\u00ebhet njohja e pavar\u00ebsis\u00eb deri at\u00ebher\u00eb.<\/p>\n<p><strong>Kosovapress<\/strong><\/p>\n<!-- vimeo error: not a vimeo video -->\n","protected":false},"excerpt":{"rendered":"<p><img loading=\"lazy\" class=\"alignleft\" style=\"float: left;\" src=\"http:\/\/www.kosovapress.com\/ks\/repository\/images\/ferati-hajdinaga1_thmb.jpg\" alt=\"\" width=\"140\" height=\"140\" \/><\/p>\n","protected":false},"author":1,"featured_media":0,"comment_status":"open","ping_status":"closed","sticky":false,"template":"","format":"standard","meta":{"spay_email":"","jetpack_publicize_message":"","jetpack_is_tweetstorm":false,"jetpack_publicize_feature_enabled":true},"categories":[1,12],"tags":[56,2611],"jetpack_publicize_connections":[],"yoast_head":"<!-- This site is optimized with the Yoast SEO plugin v19.1 - https:\/\/yoast.com\/wordpress\/plugins\/seo\/ -->\n<title>G\u00ebzim Hajdinaga:Ka mund\u00ebsi q\u00eb Mali i Zi t\u00eb njoh\u00eb Kosov\u00ebn para fillimit t\u00eb sezonit turistik. - Lajme nga Ulqini<\/title>\n<meta name=\"robots\" content=\"index, follow, max-snippet:-1, max-image-preview:large, max-video-preview:-1\" \/>\n<link rel=\"canonical\" href=\"https:\/\/www.visit-ulcinj.com\/blog\/2008\/05\/08\/shqiptaret-e-malit-te-zi-kerkojne-njohjen-e-pavaresise-se-kosoves\/\" \/>\n<meta property=\"og:locale\" content=\"en_US\" \/>\n<meta property=\"og:type\" content=\"article\" \/>\n<meta property=\"og:title\" content=\"G\u00ebzim Hajdinaga:Ka mund\u00ebsi q\u00eb Mali i Zi t\u00eb njoh\u00eb Kosov\u00ebn para fillimit t\u00eb sezonit turistik. - Lajme nga Ulqini\" \/>\n<meta property=\"og:url\" content=\"https:\/\/www.visit-ulcinj.com\/blog\/2008\/05\/08\/shqiptaret-e-malit-te-zi-kerkojne-njohjen-e-pavaresise-se-kosoves\/\" \/>\n<meta property=\"og:site_name\" content=\"Lajme nga Ulqini\" \/>\n<meta property=\"article:published_time\" content=\"2008-05-08T18:04:33+00:00\" \/>\n<meta property=\"article:modified_time\" content=\"2008-05-08T19:15:53+00:00\" \/>\n<meta property=\"og:image\" content=\"http:\/\/www.kosovapress.com\/ks\/repository\/images\/ferati-hajdinaga1_thmb.jpg\" \/>\n<meta name=\"twitter:label1\" content=\"Written by\" \/>\n\t<meta name=\"twitter:data1\" content=\"ulqini\" \/>\n\t<meta name=\"twitter:label2\" content=\"Est. reading time\" \/>\n\t<meta name=\"twitter:data2\" content=\"2 minutes\" \/>\n<script type=\"application\/ld+json\" class=\"yoast-schema-graph\">{\"@context\":\"https:\/\/schema.org\",\"@graph\":[{\"@type\":\"WebSite\",\"@id\":\"https:\/\/www.visit-ulcinj.com\/blog\/#website\",\"url\":\"https:\/\/www.visit-ulcinj.com\/blog\/\",\"name\":\"Lajme nga Ulqini\",\"description\":\"Lajme,Vijesti,Ulqini,Ulqin,Crna Gora,Mali i Zi\",\"potentialAction\":[{\"@type\":\"SearchAction\",\"target\":{\"@type\":\"EntryPoint\",\"urlTemplate\":\"https:\/\/www.visit-ulcinj.com\/blog\/?s={search_term_string}\"},\"query-input\":\"required name=search_term_string\"}],\"inLanguage\":\"en-US\"},{\"@type\":\"ImageObject\",\"inLanguage\":\"en-US\",\"@id\":\"https:\/\/www.visit-ulcinj.com\/blog\/2008\/05\/08\/shqiptaret-e-malit-te-zi-kerkojne-njohjen-e-pavaresise-se-kosoves\/#primaryimage\",\"url\":\"http:\/\/www.kosovapress.com\/ks\/repository\/images\/ferati-hajdinaga1_thmb.jpg\",\"contentUrl\":\"http:\/\/www.kosovapress.com\/ks\/repository\/images\/ferati-hajdinaga1_thmb.jpg\"},{\"@type\":\"WebPage\",\"@id\":\"https:\/\/www.visit-ulcinj.com\/blog\/2008\/05\/08\/shqiptaret-e-malit-te-zi-kerkojne-njohjen-e-pavaresise-se-kosoves\/#webpage\",\"url\":\"https:\/\/www.visit-ulcinj.com\/blog\/2008\/05\/08\/shqiptaret-e-malit-te-zi-kerkojne-njohjen-e-pavaresise-se-kosoves\/\",\"name\":\"G\u00ebzim Hajdinaga:Ka mund\u00ebsi q\u00eb Mali i Zi t\u00eb njoh\u00eb Kosov\u00ebn para fillimit t\u00eb sezonit turistik. - Lajme nga Ulqini\",\"isPartOf\":{\"@id\":\"https:\/\/www.visit-ulcinj.com\/blog\/#website\"},\"primaryImageOfPage\":{\"@id\":\"https:\/\/www.visit-ulcinj.com\/blog\/2008\/05\/08\/shqiptaret-e-malit-te-zi-kerkojne-njohjen-e-pavaresise-se-kosoves\/#primaryimage\"},\"datePublished\":\"2008-05-08T18:04:33+00:00\",\"dateModified\":\"2008-05-08T19:15:53+00:00\",\"author\":{\"@id\":\"https:\/\/www.visit-ulcinj.com\/blog\/#\/schema\/person\/dcab619c614d3038751c63bc2aadc06d\"},\"breadcrumb\":{\"@id\":\"https:\/\/www.visit-ulcinj.com\/blog\/2008\/05\/08\/shqiptaret-e-malit-te-zi-kerkojne-njohjen-e-pavaresise-se-kosoves\/#breadcrumb\"},\"inLanguage\":\"en-US\",\"potentialAction\":[{\"@type\":\"ReadAction\",\"target\":[\"https:\/\/www.visit-ulcinj.com\/blog\/2008\/05\/08\/shqiptaret-e-malit-te-zi-kerkojne-njohjen-e-pavaresise-se-kosoves\/\"]}]},{\"@type\":\"BreadcrumbList\",\"@id\":\"https:\/\/www.visit-ulcinj.com\/blog\/2008\/05\/08\/shqiptaret-e-malit-te-zi-kerkojne-njohjen-e-pavaresise-se-kosoves\/#breadcrumb\",\"itemListElement\":[{\"@type\":\"ListItem\",\"position\":1,\"name\":\"G\u00ebzim Hajdinaga:Ka mund\u00ebsi q\u00eb Mali i Zi t\u00eb njoh\u00eb Kosov\u00ebn para fillimit t\u00eb sezonit turistik.\"}]},{\"@type\":\"Person\",\"@id\":\"https:\/\/www.visit-ulcinj.com\/blog\/#\/schema\/person\/dcab619c614d3038751c63bc2aadc06d\",\"name\":\"ulqini\",\"sameAs\":[\"http:\/\/www.visit-ulcinj.com\"],\"url\":\"https:\/\/www.visit-ulcinj.com\/blog\/author\/admin\/\"}]}<\/script>\n<!-- \/ Yoast SEO plugin. -->","yoast_head_json":{"title":"G\u00ebzim Hajdinaga:Ka mund\u00ebsi q\u00eb Mali i Zi t\u00eb njoh\u00eb Kosov\u00ebn para fillimit t\u00eb sezonit turistik. - Lajme nga Ulqini","robots":{"index":"index","follow":"follow","max-snippet":"max-snippet:-1","max-image-preview":"max-image-preview:large","max-video-preview":"max-video-preview:-1"},"canonical":"https:\/\/www.visit-ulcinj.com\/blog\/2008\/05\/08\/shqiptaret-e-malit-te-zi-kerkojne-njohjen-e-pavaresise-se-kosoves\/","og_locale":"en_US","og_type":"article","og_title":"G\u00ebzim Hajdinaga:Ka mund\u00ebsi q\u00eb Mali i Zi t\u00eb njoh\u00eb Kosov\u00ebn para fillimit t\u00eb sezonit turistik. - Lajme nga Ulqini","og_url":"https:\/\/www.visit-ulcinj.com\/blog\/2008\/05\/08\/shqiptaret-e-malit-te-zi-kerkojne-njohjen-e-pavaresise-se-kosoves\/","og_site_name":"Lajme nga Ulqini","article_published_time":"2008-05-08T18:04:33+00:00","article_modified_time":"2008-05-08T19:15:53+00:00","og_image":[{"url":"http:\/\/www.kosovapress.com\/ks\/repository\/images\/ferati-hajdinaga1_thmb.jpg"}],"twitter_misc":{"Written by":"ulqini","Est. reading time":"2 minutes"},"schema":{"@context":"https:\/\/schema.org","@graph":[{"@type":"WebSite","@id":"https:\/\/www.visit-ulcinj.com\/blog\/#website","url":"https:\/\/www.visit-ulcinj.com\/blog\/","name":"Lajme nga Ulqini","description":"Lajme,Vijesti,Ulqini,Ulqin,Crna Gora,Mali i Zi","potentialAction":[{"@type":"SearchAction","target":{"@type":"EntryPoint","urlTemplate":"https:\/\/www.visit-ulcinj.com\/blog\/?s={search_term_string}"},"query-input":"required name=search_term_string"}],"inLanguage":"en-US"},{"@type":"ImageObject","inLanguage":"en-US","@id":"https:\/\/www.visit-ulcinj.com\/blog\/2008\/05\/08\/shqiptaret-e-malit-te-zi-kerkojne-njohjen-e-pavaresise-se-kosoves\/#primaryimage","url":"http:\/\/www.kosovapress.com\/ks\/repository\/images\/ferati-hajdinaga1_thmb.jpg","contentUrl":"http:\/\/www.kosovapress.com\/ks\/repository\/images\/ferati-hajdinaga1_thmb.jpg"},{"@type":"WebPage","@id":"https:\/\/www.visit-ulcinj.com\/blog\/2008\/05\/08\/shqiptaret-e-malit-te-zi-kerkojne-njohjen-e-pavaresise-se-kosoves\/#webpage","url":"https:\/\/www.visit-ulcinj.com\/blog\/2008\/05\/08\/shqiptaret-e-malit-te-zi-kerkojne-njohjen-e-pavaresise-se-kosoves\/","name":"G\u00ebzim Hajdinaga:Ka mund\u00ebsi q\u00eb Mali i Zi t\u00eb njoh\u00eb Kosov\u00ebn para fillimit t\u00eb sezonit turistik. - Lajme nga Ulqini","isPartOf":{"@id":"https:\/\/www.visit-ulcinj.com\/blog\/#website"},"primaryImageOfPage":{"@id":"https:\/\/www.visit-ulcinj.com\/blog\/2008\/05\/08\/shqiptaret-e-malit-te-zi-kerkojne-njohjen-e-pavaresise-se-kosoves\/#primaryimage"},"datePublished":"2008-05-08T18:04:33+00:00","dateModified":"2008-05-08T19:15:53+00:00","author":{"@id":"https:\/\/www.visit-ulcinj.com\/blog\/#\/schema\/person\/dcab619c614d3038751c63bc2aadc06d"},"breadcrumb":{"@id":"https:\/\/www.visit-ulcinj.com\/blog\/2008\/05\/08\/shqiptaret-e-malit-te-zi-kerkojne-njohjen-e-pavaresise-se-kosoves\/#breadcrumb"},"inLanguage":"en-US","potentialAction":[{"@type":"ReadAction","target":["https:\/\/www.visit-ulcinj.com\/blog\/2008\/05\/08\/shqiptaret-e-malit-te-zi-kerkojne-njohjen-e-pavaresise-se-kosoves\/"]}]},{"@type":"BreadcrumbList","@id":"https:\/\/www.visit-ulcinj.com\/blog\/2008\/05\/08\/shqiptaret-e-malit-te-zi-kerkojne-njohjen-e-pavaresise-se-kosoves\/#breadcrumb","itemListElement":[{"@type":"ListItem","position":1,"name":"G\u00ebzim Hajdinaga:Ka mund\u00ebsi q\u00eb Mali i Zi t\u00eb njoh\u00eb Kosov\u00ebn para fillimit t\u00eb sezonit turistik."}]},{"@type":"Person","@id":"https:\/\/www.visit-ulcinj.com\/blog\/#\/schema\/person\/dcab619c614d3038751c63bc2aadc06d","name":"ulqini","sameAs":["http:\/\/www.visit-ulcinj.com"],"url":"https:\/\/www.visit-ulcinj.com\/blog\/author\/admin\/"}]}},"jetpack_featured_media_url":"","jetpack_sharing_enabled":true,"jetpack_shortlink":"https:\/\/wp.me\/pe6lTn-oe","_links":{"self":[{"href":"https:\/\/www.visit-ulcinj.com\/blog\/wp-json\/wp\/v2\/posts\/1502"}],"collection":[{"href":"https:\/\/www.visit-ulcinj.com\/blog\/wp-json\/wp\/v2\/posts"}],"about":[{"href":"https:\/\/www.visit-ulcinj.com\/blog\/wp-json\/wp\/v2\/types\/post"}],"author":[{"embeddable":true,"href":"https:\/\/www.visit-ulcinj.com\/blog\/wp-json\/wp\/v2\/users\/1"}],"replies":[{"embeddable":true,"href":"https:\/\/www.visit-ulcinj.com\/blog\/wp-json\/wp\/v2\/comments?post=1502"}],"version-history":[{"count":0,"href":"https:\/\/www.visit-ulcinj.com\/blog\/wp-json\/wp\/v2\/posts\/1502\/revisions"}],"wp:attachment":[{"href":"https:\/\/www.visit-ulcinj.com\/blog\/wp-json\/wp\/v2\/media?parent=1502"}],"wp:term":[{"taxonomy":"category","embeddable":true,"href":"https:\/\/www.visit-ulcinj.com\/blog\/wp-json\/wp\/v2\/categories?post=1502"},{"taxonomy":"post_tag","embeddable":true,"href":"https:\/\/www.visit-ulcinj.com\/blog\/wp-json\/wp\/v2\/tags?post=1502"}],"curies":[{"name":"wp","href":"https:\/\/api.w.org\/{rel}","templated":true}]}}