{"id":1503,"date":"2008-05-09T12:11:27","date_gmt":"2008-05-09T17:11:27","guid":{"rendered":"http:\/\/www.visit-ulcinj.com\/blog\/?p=1503"},"modified":"2008-05-09T12:11:27","modified_gmt":"2008-05-09T17:11:27","slug":"lider-albanske-alternative-optuzuje-duasto-pokusaju-da-preuzmu-kontrolu-savjeta","status":"publish","type":"post","link":"https:\/\/www.visit-ulcinj.com\/blog\/2008\/05\/09\/lider-albanske-alternative-optuzuje-duasto-pokusaju-da-preuzmu-kontrolu-savjeta\/","title":{"rendered":"Lider albanske alternative optu\u017euje DUA,\u0161to poku\u0161aju da preuzmu kontrolu savjeta"},"content":{"rendered":"<p><img loading=\"lazy\" class=\"alignleft\" style=\"float: left;\" src=\"http:\/\/membres.lycos.fr\/ulcinj\/shperthimi%20i%20loalicionit.jpg\" alt=\"\" width=\"240\" height=\"180\" \/><strong>\u017dele kontrolu nad savjetom<\/strong><br \/>\nLider Albanske alternative i poslanik Vaselj Sini\u0161taj optu\u017eio je ju?e Demokratsku uniju Albanaca da najavljenom \u017ealbom Ustavnom sudu na odluke elektorske skup\u0161tine za albanski savjet \u017eeli da obnovi postupak kako bi poku\u0161ala da preuzme kontrolu nad tim tijelom.<br \/>\n&#8211; Nijesu to uspjeli sada, jer ?e najvjerovatnije Demokratski savez, \u0161to izabranim a \u0161to ?lanovima po funkciji, imati natpolovi?nu ve?inu, od ukupno 35 ?lanova. DUA i njen lider Ferhat Dino\u0161a namjerno su zakazali skup\u0161tinu u Ulcinju 19. aprila gdje imaju vlast da poku\u0161aju da preuzmu kontrolu. Neuspje\u0161no, pa sada \u017eele da Ustavni sud poni\u0161ti odluke a onda da krenemo sa novim izborom. Njihova inicijativa je potpuno bez osnova &#8211; ka\u017ee Sini\u0161taj.<br \/>\nUvjeren je da ?e savjet pomo?i popravljanju polo\u017eaja Albanaca u Crnoj Gori i da se radi o pozitivnom iskoraku u politici prema manjinama.<br \/>\n<strong>M.V.<br \/>\nDAN<\/strong><\/p>\n","protected":false},"excerpt":{"rendered":"<p><img loading=\"lazy\" class=\"alignleft\" style=\"float: left;\" src=\"http:\/\/membres.lycos.fr\/ulcinj\/shperthimi%20i%20loalicionit.jpg\" alt=\"\" width=\"140\" height=\"140\" \/><\/p>\n","protected":false},"author":1,"featured_media":0,"comment_status":"open","ping_status":"closed","sticky":false,"template":"","format":"standard","meta":{"spay_email":"","jetpack_publicize_message":"","jetpack_is_tweetstorm":false,"jetpack_publicize_feature_enabled":true},"categories":[6,12],"tags":[87,3104,3105,2474],"jetpack_publicize_connections":[],"yoast_head":"<!-- This site is optimized with the Yoast SEO plugin v19.1 - https:\/\/yoast.com\/wordpress\/plugins\/seo\/ -->\n<title>Lider albanske alternative optu\u017euje DUA,\u0161to poku\u0161aju da preuzmu kontrolu savjeta - Lajme nga Ulqini<\/title>\n<meta name=\"robots\" content=\"index, follow, max-snippet:-1, max-image-preview:large, max-video-preview:-1\" \/>\n<link rel=\"canonical\" href=\"https:\/\/www.visit-ulcinj.com\/blog\/2008\/05\/09\/lider-albanske-alternative-optuzuje-duasto-pokusaju-da-preuzmu-kontrolu-savjeta\/\" \/>\n<meta property=\"og:locale\" content=\"en_US\" \/>\n<meta property=\"og:type\" content=\"article\" \/>\n<meta property=\"og:title\" content=\"Lider albanske alternative optu\u017euje DUA,\u0161to poku\u0161aju da preuzmu kontrolu savjeta - Lajme nga Ulqini\" \/>\n<meta property=\"og:url\" content=\"https:\/\/www.visit-ulcinj.com\/blog\/2008\/05\/09\/lider-albanske-alternative-optuzuje-duasto-pokusaju-da-preuzmu-kontrolu-savjeta\/\" \/>\n<meta property=\"og:site_name\" content=\"Lajme nga Ulqini\" \/>\n<meta property=\"article:published_time\" content=\"2008-05-09T17:11:27+00:00\" \/>\n<meta property=\"og:image\" content=\"http:\/\/membres.lycos.fr\/ulcinj\/shperthimi%20i%20loalicionit.jpg\" \/>\n<meta name=\"twitter:label1\" content=\"Written by\" \/>\n\t<meta name=\"twitter:data1\" content=\"ulqini\" \/>\n\t<meta name=\"twitter:label2\" content=\"Est. reading time\" \/>\n\t<meta name=\"twitter:data2\" content=\"1 minute\" \/>\n<script type=\"application\/ld+json\" class=\"yoast-schema-graph\">{\"@context\":\"https:\/\/schema.org\",\"@graph\":[{\"@type\":\"WebSite\",\"@id\":\"https:\/\/www.visit-ulcinj.com\/blog\/#website\",\"url\":\"https:\/\/www.visit-ulcinj.com\/blog\/\",\"name\":\"Lajme nga Ulqini\",\"description\":\"Lajme,Vijesti,Ulqini,Ulqin,Crna Gora,Mali i Zi\",\"potentialAction\":[{\"@type\":\"SearchAction\",\"target\":{\"@type\":\"EntryPoint\",\"urlTemplate\":\"https:\/\/www.visit-ulcinj.com\/blog\/?s={search_term_string}\"},\"query-input\":\"required name=search_term_string\"}],\"inLanguage\":\"en-US\"},{\"@type\":\"ImageObject\",\"inLanguage\":\"en-US\",\"@id\":\"https:\/\/www.visit-ulcinj.com\/blog\/2008\/05\/09\/lider-albanske-alternative-optuzuje-duasto-pokusaju-da-preuzmu-kontrolu-savjeta\/#primaryimage\",\"url\":\"http:\/\/membres.lycos.fr\/ulcinj\/shperthimi%20i%20loalicionit.jpg\",\"contentUrl\":\"http:\/\/membres.lycos.fr\/ulcinj\/shperthimi%20i%20loalicionit.jpg\"},{\"@type\":\"WebPage\",\"@id\":\"https:\/\/www.visit-ulcinj.com\/blog\/2008\/05\/09\/lider-albanske-alternative-optuzuje-duasto-pokusaju-da-preuzmu-kontrolu-savjeta\/#webpage\",\"url\":\"https:\/\/www.visit-ulcinj.com\/blog\/2008\/05\/09\/lider-albanske-alternative-optuzuje-duasto-pokusaju-da-preuzmu-kontrolu-savjeta\/\",\"name\":\"Lider albanske alternative optu\u017euje DUA,\u0161to poku\u0161aju da preuzmu kontrolu savjeta - Lajme nga Ulqini\",\"isPartOf\":{\"@id\":\"https:\/\/www.visit-ulcinj.com\/blog\/#website\"},\"primaryImageOfPage\":{\"@id\":\"https:\/\/www.visit-ulcinj.com\/blog\/2008\/05\/09\/lider-albanske-alternative-optuzuje-duasto-pokusaju-da-preuzmu-kontrolu-savjeta\/#primaryimage\"},\"datePublished\":\"2008-05-09T17:11:27+00:00\",\"dateModified\":\"2008-05-09T17:11:27+00:00\",\"author\":{\"@id\":\"https:\/\/www.visit-ulcinj.com\/blog\/#\/schema\/person\/dcab619c614d3038751c63bc2aadc06d\"},\"breadcrumb\":{\"@id\":\"https:\/\/www.visit-ulcinj.com\/blog\/2008\/05\/09\/lider-albanske-alternative-optuzuje-duasto-pokusaju-da-preuzmu-kontrolu-savjeta\/#breadcrumb\"},\"inLanguage\":\"en-US\",\"potentialAction\":[{\"@type\":\"ReadAction\",\"target\":[\"https:\/\/www.visit-ulcinj.com\/blog\/2008\/05\/09\/lider-albanske-alternative-optuzuje-duasto-pokusaju-da-preuzmu-kontrolu-savjeta\/\"]}]},{\"@type\":\"BreadcrumbList\",\"@id\":\"https:\/\/www.visit-ulcinj.com\/blog\/2008\/05\/09\/lider-albanske-alternative-optuzuje-duasto-pokusaju-da-preuzmu-kontrolu-savjeta\/#breadcrumb\",\"itemListElement\":[{\"@type\":\"ListItem\",\"position\":1,\"name\":\"Lider albanske alternative optu\u017euje DUA,\u0161to poku\u0161aju da preuzmu kontrolu savjeta\"}]},{\"@type\":\"Person\",\"@id\":\"https:\/\/www.visit-ulcinj.com\/blog\/#\/schema\/person\/dcab619c614d3038751c63bc2aadc06d\",\"name\":\"ulqini\",\"sameAs\":[\"http:\/\/www.visit-ulcinj.com\"],\"url\":\"https:\/\/www.visit-ulcinj.com\/blog\/author\/admin\/\"}]}<\/script>\n<!-- \/ Yoast SEO plugin. -->","yoast_head_json":{"title":"Lider albanske alternative optu\u017euje DUA,\u0161to poku\u0161aju da preuzmu kontrolu savjeta - Lajme nga Ulqini","robots":{"index":"index","follow":"follow","max-snippet":"max-snippet:-1","max-image-preview":"max-image-preview:large","max-video-preview":"max-video-preview:-1"},"canonical":"https:\/\/www.visit-ulcinj.com\/blog\/2008\/05\/09\/lider-albanske-alternative-optuzuje-duasto-pokusaju-da-preuzmu-kontrolu-savjeta\/","og_locale":"en_US","og_type":"article","og_title":"Lider albanske alternative optu\u017euje DUA,\u0161to poku\u0161aju da preuzmu kontrolu savjeta - Lajme nga Ulqini","og_url":"https:\/\/www.visit-ulcinj.com\/blog\/2008\/05\/09\/lider-albanske-alternative-optuzuje-duasto-pokusaju-da-preuzmu-kontrolu-savjeta\/","og_site_name":"Lajme nga Ulqini","article_published_time":"2008-05-09T17:11:27+00:00","og_image":[{"url":"http:\/\/membres.lycos.fr\/ulcinj\/shperthimi%20i%20loalicionit.jpg"}],"twitter_misc":{"Written by":"ulqini","Est. reading time":"1 minute"},"schema":{"@context":"https:\/\/schema.org","@graph":[{"@type":"WebSite","@id":"https:\/\/www.visit-ulcinj.com\/blog\/#website","url":"https:\/\/www.visit-ulcinj.com\/blog\/","name":"Lajme nga Ulqini","description":"Lajme,Vijesti,Ulqini,Ulqin,Crna Gora,Mali i Zi","potentialAction":[{"@type":"SearchAction","target":{"@type":"EntryPoint","urlTemplate":"https:\/\/www.visit-ulcinj.com\/blog\/?s={search_term_string}"},"query-input":"required name=search_term_string"}],"inLanguage":"en-US"},{"@type":"ImageObject","inLanguage":"en-US","@id":"https:\/\/www.visit-ulcinj.com\/blog\/2008\/05\/09\/lider-albanske-alternative-optuzuje-duasto-pokusaju-da-preuzmu-kontrolu-savjeta\/#primaryimage","url":"http:\/\/membres.lycos.fr\/ulcinj\/shperthimi%20i%20loalicionit.jpg","contentUrl":"http:\/\/membres.lycos.fr\/ulcinj\/shperthimi%20i%20loalicionit.jpg"},{"@type":"WebPage","@id":"https:\/\/www.visit-ulcinj.com\/blog\/2008\/05\/09\/lider-albanske-alternative-optuzuje-duasto-pokusaju-da-preuzmu-kontrolu-savjeta\/#webpage","url":"https:\/\/www.visit-ulcinj.com\/blog\/2008\/05\/09\/lider-albanske-alternative-optuzuje-duasto-pokusaju-da-preuzmu-kontrolu-savjeta\/","name":"Lider albanske alternative optu\u017euje DUA,\u0161to poku\u0161aju da preuzmu kontrolu savjeta - Lajme nga Ulqini","isPartOf":{"@id":"https:\/\/www.visit-ulcinj.com\/blog\/#website"},"primaryImageOfPage":{"@id":"https:\/\/www.visit-ulcinj.com\/blog\/2008\/05\/09\/lider-albanske-alternative-optuzuje-duasto-pokusaju-da-preuzmu-kontrolu-savjeta\/#primaryimage"},"datePublished":"2008-05-09T17:11:27+00:00","dateModified":"2008-05-09T17:11:27+00:00","author":{"@id":"https:\/\/www.visit-ulcinj.com\/blog\/#\/schema\/person\/dcab619c614d3038751c63bc2aadc06d"},"breadcrumb":{"@id":"https:\/\/www.visit-ulcinj.com\/blog\/2008\/05\/09\/lider-albanske-alternative-optuzuje-duasto-pokusaju-da-preuzmu-kontrolu-savjeta\/#breadcrumb"},"inLanguage":"en-US","potentialAction":[{"@type":"ReadAction","target":["https:\/\/www.visit-ulcinj.com\/blog\/2008\/05\/09\/lider-albanske-alternative-optuzuje-duasto-pokusaju-da-preuzmu-kontrolu-savjeta\/"]}]},{"@type":"BreadcrumbList","@id":"https:\/\/www.visit-ulcinj.com\/blog\/2008\/05\/09\/lider-albanske-alternative-optuzuje-duasto-pokusaju-da-preuzmu-kontrolu-savjeta\/#breadcrumb","itemListElement":[{"@type":"ListItem","position":1,"name":"Lider albanske alternative optu\u017euje DUA,\u0161to poku\u0161aju da preuzmu kontrolu savjeta"}]},{"@type":"Person","@id":"https:\/\/www.visit-ulcinj.com\/blog\/#\/schema\/person\/dcab619c614d3038751c63bc2aadc06d","name":"ulqini","sameAs":["http:\/\/www.visit-ulcinj.com"],"url":"https:\/\/www.visit-ulcinj.com\/blog\/author\/admin\/"}]}},"jetpack_featured_media_url":"","jetpack_sharing_enabled":true,"jetpack_shortlink":"https:\/\/wp.me\/pe6lTn-of","_links":{"self":[{"href":"https:\/\/www.visit-ulcinj.com\/blog\/wp-json\/wp\/v2\/posts\/1503"}],"collection":[{"href":"https:\/\/www.visit-ulcinj.com\/blog\/wp-json\/wp\/v2\/posts"}],"about":[{"href":"https:\/\/www.visit-ulcinj.com\/blog\/wp-json\/wp\/v2\/types\/post"}],"author":[{"embeddable":true,"href":"https:\/\/www.visit-ulcinj.com\/blog\/wp-json\/wp\/v2\/users\/1"}],"replies":[{"embeddable":true,"href":"https:\/\/www.visit-ulcinj.com\/blog\/wp-json\/wp\/v2\/comments?post=1503"}],"version-history":[{"count":0,"href":"https:\/\/www.visit-ulcinj.com\/blog\/wp-json\/wp\/v2\/posts\/1503\/revisions"}],"wp:attachment":[{"href":"https:\/\/www.visit-ulcinj.com\/blog\/wp-json\/wp\/v2\/media?parent=1503"}],"wp:term":[{"taxonomy":"category","embeddable":true,"href":"https:\/\/www.visit-ulcinj.com\/blog\/wp-json\/wp\/v2\/categories?post=1503"},{"taxonomy":"post_tag","embeddable":true,"href":"https:\/\/www.visit-ulcinj.com\/blog\/wp-json\/wp\/v2\/tags?post=1503"}],"curies":[{"name":"wp","href":"https:\/\/api.w.org\/{rel}","templated":true}]}}