{"id":1505,"date":"2008-05-09T13:25:47","date_gmt":"2008-05-09T18:25:47","guid":{"rendered":"http:\/\/www.visit-ulcinj.com\/blog\/?p=1505"},"modified":"2008-05-09T13:25:47","modified_gmt":"2008-05-09T18:25:47","slug":"turizam-pokretac-razvoja-crnogorske-privrede","status":"publish","type":"post","link":"https:\/\/www.visit-ulcinj.com\/blog\/2008\/05\/09\/turizam-pokretac-razvoja-crnogorske-privrede\/","title":{"rendered":"Turizam pokreta? razvoja crnogorske privrede"},"content":{"rendered":"<p><img loading=\"lazy\" class=\"alignleft\" style=\"float: left;\" src=\"http:\/\/www.visit-ulcinj.com\/blog\/wp-content\/uploads\/2008\/05\/montenegro.jpg\" alt=\"Montenegro Rivijera\" width=\"274\" height=\"335\" \/>Turizam je jedan od najperspektivnjih i najzna?ajnijih  pokreta?a razvoja crnogorske privrede.<br \/>\nO?ekuje se da ?e se njegov zna?aj ubudu?e jo\u0161 pove?ati<br \/>\nNa osnovu svog geografskog polo\u017eaja Crna Gora za turiste iz zapadne, sjeverne i isto?ne  Evrope je najpogodnija kao ?arter destinacija.<br \/>\nPutovanja na Sredozemno more, se na primjer, iz Njema?ke isklju?ivo obavljaju avionom, oko 72 odsto. Za razliku od njih turisti iz jugoisto?ne Evrope uglavnom koriste automobile.<br \/>\n\u201eUsljed ostvarivanja razli?itih prihoda i razli?itog intenziteta putovanja Crna Gora mora da se koncentri\u0161e na dvije regije i to na doma?e tr\u017ei\u0161te uklju?uju?i i zemlje biv\u0161e SFRJ, i na tr\u017ei\u0161te Zapadne i Srednje Evrope\u201c, obja\u0161njeno je u Master planu razvoja turizma do 2020. godine.<br \/>\nPove?anje prihoda po gostu mo\u017ee da se u du\u017eem ljetnjem periodu o?ekuje uglavnom od iz zapadno i sjevernoevropskih bogatih tr\u017ei\u0161ta.<br \/>\n\u201ePotra\u017enja iz isto?ne Evrope je jo\u0161 relativno niska i orijenti\u0161e se sli?no doma?em tr\u017ei\u0161tu-prema cijeni\u201c, isti?e se u ovom strte\u0161kom dokumentu.<br \/>\nTek pove?anjem \u017eivotnog standarda mo\u017ee se o?ekivati porast ali i pove?ani zahtjevi.<img loading=\"lazy\" class=\"alignright\" style=\"float: right;\" src=\"http:\/\/www.moj-album.com\/slike\/1462605\/X9o8TUMd_cVNRv7a.jpg\" alt=\"Mala plaza_ulcinj\" width=\"296\" height=\"221\" \/><br \/>\nPolaze?i od ove ?injenice Crna Gora mora da ima dvije ponude, prva, sa aspekta cijena povoljni proizvodi za doma?e tr\u017ei\u0161te i isto?nu Evropu.<br \/>\nOva ponuda se bazira na postoje?im kapacitetima koje ne treba pro\u0161irivati , ali ih treba sukcesivno pobolj\u0161avati i poskupljavati.<br \/>\n\u201eNakon jednog prelaznog perioda ovi kapaciteti ?e zbog smanjene potro\u0161nje biti reducirani na one komplekse koje je mogu?e pobolj\u0161ati\u201c, najavljeno je u Master planu razvoja turizma.<br \/>\nDruga ponuda obuhvat visoko vrijedan proizvod, najprije za zapadnu i sjevernu Evropu, koji postepeno potiskuje jeftine ponude i koji na kraju jedini predstavlja turisti?ku privredu Crne Gore.<br \/>\nDa bi ovaj proizvod opstao Crna Gora mora da se orijenti\u0161e na zahtjevne motive putovanja turista iz zapadne i sjeverne Evrope, mora da prati tendencije tr\u017ei\u0161ta, koliko to dozvoljavaju prirodni potencijali, a da pri tome obe?avaju uspjeh.<\/p>\n<p><strong>Izvor \/ Cafemontenegro<\/strong><\/p>\n<!-- vimeo error: not a vimeo video -->\n","protected":false},"excerpt":{"rendered":"<p><img loading=\"lazy\" class=\"alignleft\" style=\"float: left;\" src=\"http:\/\/www.visit-ulcinj.com\/blog\/wp-content\/uploads\/2008\/05\/montenegro.jpg\" alt=\"Montenegro Rivijera\" width=\"140\" height=\"140\" \/><\/p>\n","protected":false},"author":1,"featured_media":0,"comment_status":"open","ping_status":"closed","sticky":false,"template":"","format":"standard","meta":{"spay_email":"","jetpack_publicize_message":"","jetpack_is_tweetstorm":false,"jetpack_publicize_feature_enabled":true},"categories":[12,15],"tags":[21,20,19],"jetpack_publicize_connections":[],"yoast_head":"<!-- This site is optimized with the Yoast SEO plugin v19.1 - https:\/\/yoast.com\/wordpress\/plugins\/seo\/ -->\n<title>Turizam pokreta? razvoja crnogorske privrede - Lajme nga Ulqini<\/title>\n<meta name=\"robots\" content=\"index, follow, max-snippet:-1, max-image-preview:large, max-video-preview:-1\" \/>\n<link rel=\"canonical\" href=\"https:\/\/www.visit-ulcinj.com\/blog\/2008\/05\/09\/turizam-pokretac-razvoja-crnogorske-privrede\/\" \/>\n<meta property=\"og:locale\" content=\"en_US\" \/>\n<meta property=\"og:type\" content=\"article\" \/>\n<meta property=\"og:title\" content=\"Turizam pokreta? razvoja crnogorske privrede - Lajme nga Ulqini\" \/>\n<meta property=\"og:url\" content=\"https:\/\/www.visit-ulcinj.com\/blog\/2008\/05\/09\/turizam-pokretac-razvoja-crnogorske-privrede\/\" \/>\n<meta property=\"og:site_name\" content=\"Lajme nga Ulqini\" \/>\n<meta property=\"article:published_time\" content=\"2008-05-09T18:25:47+00:00\" \/>\n<meta property=\"og:image\" content=\"http:\/\/www.visit-ulcinj.com\/blog\/wp-content\/uploads\/2008\/05\/montenegro.jpg\" \/>\n<meta name=\"twitter:label1\" content=\"Written by\" \/>\n\t<meta name=\"twitter:data1\" content=\"ulqini\" \/>\n\t<meta name=\"twitter:label2\" content=\"Est. reading time\" \/>\n\t<meta name=\"twitter:data2\" content=\"2 minutes\" \/>\n<script type=\"application\/ld+json\" class=\"yoast-schema-graph\">{\"@context\":\"https:\/\/schema.org\",\"@graph\":[{\"@type\":\"WebSite\",\"@id\":\"https:\/\/www.visit-ulcinj.com\/blog\/#website\",\"url\":\"https:\/\/www.visit-ulcinj.com\/blog\/\",\"name\":\"Lajme nga Ulqini\",\"description\":\"Lajme,Vijesti,Ulqini,Ulqin,Crna Gora,Mali i Zi\",\"potentialAction\":[{\"@type\":\"SearchAction\",\"target\":{\"@type\":\"EntryPoint\",\"urlTemplate\":\"https:\/\/www.visit-ulcinj.com\/blog\/?s={search_term_string}\"},\"query-input\":\"required name=search_term_string\"}],\"inLanguage\":\"en-US\"},{\"@type\":\"ImageObject\",\"inLanguage\":\"en-US\",\"@id\":\"https:\/\/www.visit-ulcinj.com\/blog\/2008\/05\/09\/turizam-pokretac-razvoja-crnogorske-privrede\/#primaryimage\",\"url\":\"http:\/\/www.visit-ulcinj.com\/blog\/wp-content\/uploads\/2008\/05\/montenegro.jpg\",\"contentUrl\":\"http:\/\/www.visit-ulcinj.com\/blog\/wp-content\/uploads\/2008\/05\/montenegro.jpg\"},{\"@type\":\"WebPage\",\"@id\":\"https:\/\/www.visit-ulcinj.com\/blog\/2008\/05\/09\/turizam-pokretac-razvoja-crnogorske-privrede\/#webpage\",\"url\":\"https:\/\/www.visit-ulcinj.com\/blog\/2008\/05\/09\/turizam-pokretac-razvoja-crnogorske-privrede\/\",\"name\":\"Turizam pokreta? razvoja crnogorske privrede - Lajme nga Ulqini\",\"isPartOf\":{\"@id\":\"https:\/\/www.visit-ulcinj.com\/blog\/#website\"},\"primaryImageOfPage\":{\"@id\":\"https:\/\/www.visit-ulcinj.com\/blog\/2008\/05\/09\/turizam-pokretac-razvoja-crnogorske-privrede\/#primaryimage\"},\"datePublished\":\"2008-05-09T18:25:47+00:00\",\"dateModified\":\"2008-05-09T18:25:47+00:00\",\"author\":{\"@id\":\"https:\/\/www.visit-ulcinj.com\/blog\/#\/schema\/person\/dcab619c614d3038751c63bc2aadc06d\"},\"breadcrumb\":{\"@id\":\"https:\/\/www.visit-ulcinj.com\/blog\/2008\/05\/09\/turizam-pokretac-razvoja-crnogorske-privrede\/#breadcrumb\"},\"inLanguage\":\"en-US\",\"potentialAction\":[{\"@type\":\"ReadAction\",\"target\":[\"https:\/\/www.visit-ulcinj.com\/blog\/2008\/05\/09\/turizam-pokretac-razvoja-crnogorske-privrede\/\"]}]},{\"@type\":\"BreadcrumbList\",\"@id\":\"https:\/\/www.visit-ulcinj.com\/blog\/2008\/05\/09\/turizam-pokretac-razvoja-crnogorske-privrede\/#breadcrumb\",\"itemListElement\":[{\"@type\":\"ListItem\",\"position\":1,\"name\":\"Turizam pokreta? razvoja crnogorske privrede\"}]},{\"@type\":\"Person\",\"@id\":\"https:\/\/www.visit-ulcinj.com\/blog\/#\/schema\/person\/dcab619c614d3038751c63bc2aadc06d\",\"name\":\"ulqini\",\"sameAs\":[\"http:\/\/www.visit-ulcinj.com\"],\"url\":\"https:\/\/www.visit-ulcinj.com\/blog\/author\/admin\/\"}]}<\/script>\n<!-- \/ Yoast SEO plugin. -->","yoast_head_json":{"title":"Turizam pokreta? razvoja crnogorske privrede - Lajme nga Ulqini","robots":{"index":"index","follow":"follow","max-snippet":"max-snippet:-1","max-image-preview":"max-image-preview:large","max-video-preview":"max-video-preview:-1"},"canonical":"https:\/\/www.visit-ulcinj.com\/blog\/2008\/05\/09\/turizam-pokretac-razvoja-crnogorske-privrede\/","og_locale":"en_US","og_type":"article","og_title":"Turizam pokreta? razvoja crnogorske privrede - Lajme nga Ulqini","og_url":"https:\/\/www.visit-ulcinj.com\/blog\/2008\/05\/09\/turizam-pokretac-razvoja-crnogorske-privrede\/","og_site_name":"Lajme nga Ulqini","article_published_time":"2008-05-09T18:25:47+00:00","og_image":[{"url":"http:\/\/www.visit-ulcinj.com\/blog\/wp-content\/uploads\/2008\/05\/montenegro.jpg"}],"twitter_misc":{"Written by":"ulqini","Est. reading time":"2 minutes"},"schema":{"@context":"https:\/\/schema.org","@graph":[{"@type":"WebSite","@id":"https:\/\/www.visit-ulcinj.com\/blog\/#website","url":"https:\/\/www.visit-ulcinj.com\/blog\/","name":"Lajme nga Ulqini","description":"Lajme,Vijesti,Ulqini,Ulqin,Crna Gora,Mali i Zi","potentialAction":[{"@type":"SearchAction","target":{"@type":"EntryPoint","urlTemplate":"https:\/\/www.visit-ulcinj.com\/blog\/?s={search_term_string}"},"query-input":"required name=search_term_string"}],"inLanguage":"en-US"},{"@type":"ImageObject","inLanguage":"en-US","@id":"https:\/\/www.visit-ulcinj.com\/blog\/2008\/05\/09\/turizam-pokretac-razvoja-crnogorske-privrede\/#primaryimage","url":"http:\/\/www.visit-ulcinj.com\/blog\/wp-content\/uploads\/2008\/05\/montenegro.jpg","contentUrl":"http:\/\/www.visit-ulcinj.com\/blog\/wp-content\/uploads\/2008\/05\/montenegro.jpg"},{"@type":"WebPage","@id":"https:\/\/www.visit-ulcinj.com\/blog\/2008\/05\/09\/turizam-pokretac-razvoja-crnogorske-privrede\/#webpage","url":"https:\/\/www.visit-ulcinj.com\/blog\/2008\/05\/09\/turizam-pokretac-razvoja-crnogorske-privrede\/","name":"Turizam pokreta? razvoja crnogorske privrede - Lajme nga Ulqini","isPartOf":{"@id":"https:\/\/www.visit-ulcinj.com\/blog\/#website"},"primaryImageOfPage":{"@id":"https:\/\/www.visit-ulcinj.com\/blog\/2008\/05\/09\/turizam-pokretac-razvoja-crnogorske-privrede\/#primaryimage"},"datePublished":"2008-05-09T18:25:47+00:00","dateModified":"2008-05-09T18:25:47+00:00","author":{"@id":"https:\/\/www.visit-ulcinj.com\/blog\/#\/schema\/person\/dcab619c614d3038751c63bc2aadc06d"},"breadcrumb":{"@id":"https:\/\/www.visit-ulcinj.com\/blog\/2008\/05\/09\/turizam-pokretac-razvoja-crnogorske-privrede\/#breadcrumb"},"inLanguage":"en-US","potentialAction":[{"@type":"ReadAction","target":["https:\/\/www.visit-ulcinj.com\/blog\/2008\/05\/09\/turizam-pokretac-razvoja-crnogorske-privrede\/"]}]},{"@type":"BreadcrumbList","@id":"https:\/\/www.visit-ulcinj.com\/blog\/2008\/05\/09\/turizam-pokretac-razvoja-crnogorske-privrede\/#breadcrumb","itemListElement":[{"@type":"ListItem","position":1,"name":"Turizam pokreta? razvoja crnogorske privrede"}]},{"@type":"Person","@id":"https:\/\/www.visit-ulcinj.com\/blog\/#\/schema\/person\/dcab619c614d3038751c63bc2aadc06d","name":"ulqini","sameAs":["http:\/\/www.visit-ulcinj.com"],"url":"https:\/\/www.visit-ulcinj.com\/blog\/author\/admin\/"}]}},"jetpack_featured_media_url":"","jetpack_sharing_enabled":true,"jetpack_shortlink":"https:\/\/wp.me\/pe6lTn-oh","_links":{"self":[{"href":"https:\/\/www.visit-ulcinj.com\/blog\/wp-json\/wp\/v2\/posts\/1505"}],"collection":[{"href":"https:\/\/www.visit-ulcinj.com\/blog\/wp-json\/wp\/v2\/posts"}],"about":[{"href":"https:\/\/www.visit-ulcinj.com\/blog\/wp-json\/wp\/v2\/types\/post"}],"author":[{"embeddable":true,"href":"https:\/\/www.visit-ulcinj.com\/blog\/wp-json\/wp\/v2\/users\/1"}],"replies":[{"embeddable":true,"href":"https:\/\/www.visit-ulcinj.com\/blog\/wp-json\/wp\/v2\/comments?post=1505"}],"version-history":[{"count":0,"href":"https:\/\/www.visit-ulcinj.com\/blog\/wp-json\/wp\/v2\/posts\/1505\/revisions"}],"wp:attachment":[{"href":"https:\/\/www.visit-ulcinj.com\/blog\/wp-json\/wp\/v2\/media?parent=1505"}],"wp:term":[{"taxonomy":"category","embeddable":true,"href":"https:\/\/www.visit-ulcinj.com\/blog\/wp-json\/wp\/v2\/categories?post=1505"},{"taxonomy":"post_tag","embeddable":true,"href":"https:\/\/www.visit-ulcinj.com\/blog\/wp-json\/wp\/v2\/tags?post=1505"}],"curies":[{"name":"wp","href":"https:\/\/api.w.org\/{rel}","templated":true}]}}