{"id":15076,"date":"2009-03-21T12:50:03","date_gmt":"2009-03-21T11:50:03","guid":{"rendered":"http:\/\/www.visit-ulcinj.com\/blog\/?p=15076"},"modified":"2009-03-21T13:10:01","modified_gmt":"2009-03-21T12:10:01","slug":"flet-eklen-laca-ish-i-dashuri-i-mesides-nga-belgjika","status":"publish","type":"post","link":"https:\/\/www.visit-ulcinj.com\/blog\/2009\/03\/21\/flet-eklen-laca-ish-i-dashuri-i-mesides-nga-belgjika\/","title":{"rendered":"Flet Eklen Laca, ish i dashuri i Mesid\u00ebs, nga Belgjika"},"content":{"rendered":"<p><strong>Flet Eklen Laca, ish i dashuri i Mesid\u00ebs, nga Belgjika<\/strong><\/p>\n<p><strong><br \/>\n<div id=\"attachment_15078\" style=\"width: 595px\" class=\"wp-caption alignleft\"><a href=\"http:\/\/www.visit-ulcinj.com\/blog\/wp-content\/uploads\/2009\/03\/mesida-lleshi-dhe-eklen.jpg\"><img aria-describedby=\"caption-attachment-15078\" loading=\"lazy\" class=\"size-full wp-image-15078 \" title=\"mesida-lleshi-dhe-eklen-big-brother-albania-2\" src=\"http:\/\/www.visit-ulcinj.com\/blog\/wp-content\/uploads\/2009\/03\/mesida-lleshi-dhe-eklen.jpg\" alt=\"Mesida dhe Ekleni\" width=\"585\" height=\"450\" \/><\/a><p id=\"caption-attachment-15078\" class=\"wp-caption-text\">Mesida dhe Ekleni<\/p><\/div><br \/>\n<\/strong><\/p>\n<p><strong>E keni ndjekur Mesid\u00ebn n\u00eb BB?<\/strong><\/p>\n<p>E kam ndjekur sa her\u00eb q\u00eb kam pasur koh\u00eb t\u00eb lir\u00eb, se jam i z\u00ebn\u00eb me biznesin tim.<\/p>\n<p><strong>Si t\u00eb duket n\u00eb ato momente q\u00eb e ke ndjekur? <\/strong><\/p>\n<p>Faktikisht \u00ebsht\u00eb vetvetja. Mesi k\u00ebshtu \u00ebsht\u00eb, e \u00e7ilt\u00ebr edhe jo e djall\u00ebzuar si vajzat tjera aty brenda.<\/p>\n<p><strong>T\u00eb gjitha t\u00eb tjerat t\u00eb djall\u00ebzuara t\u00eb duken? <\/strong><\/p>\n<p>Jo t\u00eb gjitha, disa po, si p,sh, Adelajda, Aida,<\/p>\n<p><strong>Zhuljeta Si t\u00eb duken marr\u00ebdh\u00ebniet e Mesid\u00ebs me vajzat e tjera? <\/strong><\/p>\n<p>P\u00ebr aq koh\u00eb sa i kam ndjekur, jo shum\u00eb ok. Me Aid\u00ebn shkon di\u00e7ka m\u00eb mir\u00eb mendoj.<\/p>\n<p><strong>\u00c7far\u00eb ka q\u00eb nuk shkon mes vajzave? <\/strong><\/p>\n<p>Sipas mendimit tim, nuk e kan\u00eb shum\u00eb qejf Mesid\u00ebn se e shohin si kandidate t\u00eb fort\u00eb, ndoshta jo aq p\u00ebr \u00e7mimin se sa p\u00ebr pasojat q\u00eb mund t&#8217;u sjell\u00eb ajo n\u00eb gar\u00ebn q\u00eb akoma vazhdon. Po ashtu edhe n\u00eb lidhje me Bjordin dhe Arjonin, mendoj.<\/p>\n<p><strong>Me k\u00ebta t\u00eb dy, Mesid\u00ebn e kemi par\u00eb m\u00eb af\u00ebr se me t\u00eb tjer\u00ebt? <\/strong><\/p>\n<p>Po kjo \u00ebsht\u00eb Mesi pra. I p\u00eblqen nj\u00eb djal\u00eb edhe nuk e ka p\u00ebr gj\u00eb q\u00eb t\u00eb afrohet me t\u00eb, pik\u00eb.<\/p>\n<p><strong>B\u00ebn gjith\u00e7ka p\u00ebr ta arritur q\u00ebllimin e saj n\u00eb lidhje me nj\u00eb djal\u00eb?<\/strong><\/p>\n<p>Ndoshta t\u00eb thuash gjith\u00e7ka, \u00ebsht\u00eb e ekzagjeruar, por shkon shum\u00eb larg&#8230;<\/p>\n<p><strong>Me Arjonin pam\u00eb se b\u00ebri nj\u00eb p\u00ebrpjekje p\u00ebr t&#8217;u afruar. Si t&#8217;u duk? <\/strong><\/p>\n<p>Pik\u00ebrisht pra p\u00ebr k\u00ebt\u00eb e kisha fjal\u00ebn, por nuk duhet q\u00eb shikuesit dhe televotuesit t&#8217;ia marrin p\u00ebr pik\u00eb t\u00eb dob\u00ebt, se fundja ata spektak\u00ebl duan apo jo?? Edhe p\u00ebr emancipimin e shoq\u00ebris\u00eb shqiptare besoj se nuk \u00ebsht\u00eb keq. Si \u00ebsht\u00eb Mesida n\u00eb lidhje? E kam njohur Mesid\u00ebn n\u00ebp\u00ebrmjet v\u00ebllait tim. Ka ardhur te ne n\u00eb Belgjik\u00eb, Q\u00ebndroi nja 5-6 jav\u00eb. Lidhja jon\u00eb ishte momentale, e shkurt\u00ebr fare. Ajo \u00ebsht\u00eb vajz\u00eb e mir\u00eb p\u00ebr shoq\u00ebri, nd\u00ebrsa p\u00ebr lidhje &#8220;rob zoti&#8221;. E ke edhe n\u00eb vend t\u00eb shokut, e kuptueshme, e lir\u00eb n\u00eb kuptimin e plot\u00eb t\u00eb fjal\u00ebs.<\/p>\n<p><strong>\u00cbsht\u00eb posesive apo xheloze si\u00e7 jan\u00eb vajzat zakonisht? <\/strong><\/p>\n<p>Jo, absolutisht jo posesive jo jo, n\u00eb asnj\u00eb m\u00ebnyr\u00eb. Nuk do i kishte ecur gjithsesi me mua ashtu.<\/p>\n<p><strong>N\u00eb profilin e saj Mesida thekson se ka hyr\u00eb n\u00eb BB p\u00ebr aventur\u00eb. Aventur\u00ebn e k\u00ebrkon edhe n\u00eb dashuri apo vet\u00ebm n\u00eb p\u00ebrgjith\u00ebsi n\u00eb jet\u00eb?<\/strong><\/p>\n<p>E thash\u00eb edhe m\u00eb lart q\u00eb \u00ebsht\u00eb aventuriere, mendoj se e k\u00ebrkon aventur\u00ebn n\u00eb t\u00eb dyja rastet.<br \/>\n<div id=\"attachment_15077\" style=\"width: 595px\" class=\"wp-caption alignleft\"><a href=\"http:\/\/www.visit-ulcinj.com\/blog\/wp-content\/uploads\/2009\/03\/mesida-lleshi-dhe-eklen-2.jpg\"><img aria-describedby=\"caption-attachment-15077\" loading=\"lazy\" class=\"size-full wp-image-15077 \" title=\"mesida-lleshi-dhe-eklen-big-brother-albania-2\" src=\"http:\/\/www.visit-ulcinj.com\/blog\/wp-content\/uploads\/2009\/03\/mesida-lleshi-dhe-eklen-2.jpg\" alt=\"Mesida dhe Ekleni\" width=\"585\" height=\"450\" \/><\/a><p id=\"caption-attachment-15077\" class=\"wp-caption-text\">Mesida dhe Ekleni<\/p><\/div><br \/>\n<strong>Kjo gj\u00eb e b\u00ebn nj\u00eb tip t\u00eb v\u00ebshtir\u00eb n\u00eb lidhje apo jo? <\/strong><\/p>\n<p>Nuk mendoj k\u00ebshtu, se nj\u00eb djal\u00eb po t\u00eb jet\u00eb tip liberal, mund t&#8217;ia kaloj\u00eb shum\u00eb mir\u00eb me t\u00eb.<\/p>\n<p><strong>Mesida rri apo del k\u00ebt\u00eb jav\u00eb? <\/strong><\/p>\n<p>Kam frik\u00eb se del. Natyrisht, uroj dhe d\u00ebshiroj q\u00eb t\u00eb mos dal\u00eb.<\/p>\n<p><strong>Mendon se raporti i saj me Bjordin dhe Arjonin ka ndikuar p\u00ebr nominimin e saj dhe mund t\u00eb ndikoj\u00eb p\u00ebr ta nxjerr\u00eb jasht\u00eb? <\/strong><\/p>\n<p>Mendoj se k\u00ebto dy probleme mund t\u00eb ken\u00eb qen\u00eb edhe shkaktar\u00ebt e nominimit t\u00eb Mesid\u00ebs.<\/p>\n<p><strong>Do t\u00eb thuash se u paragjykua? <\/strong><\/p>\n<p>Po pra, pik\u00ebrisht. Dhe duke ditur opinionin q\u00eb akoma mbizot\u00ebron n\u00eb jet\u00ebn shqiptare, kam frik\u00eb se do t\u00eb ndikoj\u00eb n\u00eb vot\u00ebn e teleshikuesve.<\/p>\n","protected":false},"excerpt":{"rendered":"<p>Flet Eklen Laca, ish i dashuri i Mesid\u00ebs, nga Belgjika E keni ndjekur Mesid\u00ebn n\u00eb BB? E kam ndjekur sa her\u00eb q\u00eb kam pasur koh\u00eb t\u00eb lir\u00eb, se jam i z\u00ebn\u00eb me biznesin tim. Si t\u00eb duket n\u00eb ato momente q\u00eb e ke ndjekur? Faktikisht \u00ebsht\u00eb vetvetja. Mesi k\u00ebshtu \u00ebsht\u00eb, e \u00e7ilt\u00ebr edhe jo e [&hellip;]<\/p>\n","protected":false},"author":1,"featured_media":0,"comment_status":"open","ping_status":"closed","sticky":false,"template":"","format":"standard","meta":{"spay_email":"","jetpack_publicize_message":"","jetpack_is_tweetstorm":false,"jetpack_publicize_feature_enabled":true},"categories":[6502],"tags":[6525,6883,7093,6516,6712,8227,7364,5527,6891],"jetpack_publicize_connections":[],"yoast_head":"<!-- This site is optimized with the Yoast SEO plugin v19.1 - https:\/\/yoast.com\/wordpress\/plugins\/seo\/ -->\n<title>Flet Eklen Laca, ish i dashuri i Mesid\u00c3\u00abs, nga Belgjika | Big Brother Albania 2<\/title>\n<meta name=\"description\" content=\"Big Brother Albania 2 - Flet Eklen Laca, ish i dashuri i Mesid\u00c3\u00abs, nga Belgjika | Big Brother Albania 2\" \/>\n<meta name=\"robots\" content=\"index, follow, max-snippet:-1, max-image-preview:large, max-video-preview:-1\" \/>\n<link rel=\"canonical\" href=\"https:\/\/www.visit-ulcinj.com\/blog\/2009\/03\/21\/flet-eklen-laca-ish-i-dashuri-i-mesides-nga-belgjika\/\" \/>\n<meta property=\"og:locale\" content=\"en_US\" \/>\n<meta property=\"og:type\" content=\"article\" \/>\n<meta property=\"og:title\" content=\"Flet Eklen Laca, ish i dashuri i Mesid\u00c3\u00abs, nga Belgjika | Big Brother Albania 2\" \/>\n<meta property=\"og:description\" content=\"Big Brother Albania 2 - Flet Eklen Laca, ish i dashuri i Mesid\u00c3\u00abs, nga Belgjika | Big Brother Albania 2\" \/>\n<meta property=\"og:url\" content=\"https:\/\/www.visit-ulcinj.com\/blog\/2009\/03\/21\/flet-eklen-laca-ish-i-dashuri-i-mesides-nga-belgjika\/\" \/>\n<meta property=\"og:site_name\" content=\"Lajme nga Ulqini\" \/>\n<meta property=\"article:published_time\" content=\"2009-03-21T11:50:03+00:00\" \/>\n<meta property=\"article:modified_time\" content=\"2009-03-21T12:10:01+00:00\" \/>\n<meta property=\"og:image\" content=\"http:\/\/www.visit-ulcinj.com\/blog\/wp-content\/uploads\/2009\/03\/mesida-lleshi-dhe-eklen.jpg\" \/>\n<meta name=\"twitter:label1\" content=\"Written by\" \/>\n\t<meta name=\"twitter:data1\" content=\"ulqini\" \/>\n\t<meta name=\"twitter:label2\" content=\"Est. reading time\" \/>\n\t<meta name=\"twitter:data2\" content=\"3 minutes\" \/>\n<script type=\"application\/ld+json\" class=\"yoast-schema-graph\">{\"@context\":\"https:\/\/schema.org\",\"@graph\":[{\"@type\":\"WebSite\",\"@id\":\"https:\/\/www.visit-ulcinj.com\/blog\/#website\",\"url\":\"https:\/\/www.visit-ulcinj.com\/blog\/\",\"name\":\"Lajme nga Ulqini\",\"description\":\"Lajme,Vijesti,Ulqini,Ulqin,Crna Gora,Mali i Zi\",\"potentialAction\":[{\"@type\":\"SearchAction\",\"target\":{\"@type\":\"EntryPoint\",\"urlTemplate\":\"https:\/\/www.visit-ulcinj.com\/blog\/?s={search_term_string}\"},\"query-input\":\"required name=search_term_string\"}],\"inLanguage\":\"en-US\"},{\"@type\":\"ImageObject\",\"inLanguage\":\"en-US\",\"@id\":\"https:\/\/www.visit-ulcinj.com\/blog\/2009\/03\/21\/flet-eklen-laca-ish-i-dashuri-i-mesides-nga-belgjika\/#primaryimage\",\"url\":\"http:\/\/www.visit-ulcinj.com\/blog\/wp-content\/uploads\/2009\/03\/mesida-lleshi-dhe-eklen.jpg\",\"contentUrl\":\"http:\/\/www.visit-ulcinj.com\/blog\/wp-content\/uploads\/2009\/03\/mesida-lleshi-dhe-eklen.jpg\"},{\"@type\":\"WebPage\",\"@id\":\"https:\/\/www.visit-ulcinj.com\/blog\/2009\/03\/21\/flet-eklen-laca-ish-i-dashuri-i-mesides-nga-belgjika\/#webpage\",\"url\":\"https:\/\/www.visit-ulcinj.com\/blog\/2009\/03\/21\/flet-eklen-laca-ish-i-dashuri-i-mesides-nga-belgjika\/\",\"name\":\"Flet Eklen Laca, ish i dashuri i Mesid\u00c3\u00abs, nga Belgjika | Big Brother Albania 2\",\"isPartOf\":{\"@id\":\"https:\/\/www.visit-ulcinj.com\/blog\/#website\"},\"primaryImageOfPage\":{\"@id\":\"https:\/\/www.visit-ulcinj.com\/blog\/2009\/03\/21\/flet-eklen-laca-ish-i-dashuri-i-mesides-nga-belgjika\/#primaryimage\"},\"datePublished\":\"2009-03-21T11:50:03+00:00\",\"dateModified\":\"2009-03-21T12:10:01+00:00\",\"author\":{\"@id\":\"https:\/\/www.visit-ulcinj.com\/blog\/#\/schema\/person\/dcab619c614d3038751c63bc2aadc06d\"},\"description\":\"Big Brother Albania 2 - Flet Eklen Laca, ish i dashuri i Mesid\u00c3\u00abs, nga Belgjika | Big Brother Albania 2\",\"breadcrumb\":{\"@id\":\"https:\/\/www.visit-ulcinj.com\/blog\/2009\/03\/21\/flet-eklen-laca-ish-i-dashuri-i-mesides-nga-belgjika\/#breadcrumb\"},\"inLanguage\":\"en-US\",\"potentialAction\":[{\"@type\":\"ReadAction\",\"target\":[\"https:\/\/www.visit-ulcinj.com\/blog\/2009\/03\/21\/flet-eklen-laca-ish-i-dashuri-i-mesides-nga-belgjika\/\"]}]},{\"@type\":\"BreadcrumbList\",\"@id\":\"https:\/\/www.visit-ulcinj.com\/blog\/2009\/03\/21\/flet-eklen-laca-ish-i-dashuri-i-mesides-nga-belgjika\/#breadcrumb\",\"itemListElement\":[{\"@type\":\"ListItem\",\"position\":1,\"name\":\"Flet Eklen Laca, ish i dashuri i Mesid\u00ebs, nga Belgjika\"}]},{\"@type\":\"Person\",\"@id\":\"https:\/\/www.visit-ulcinj.com\/blog\/#\/schema\/person\/dcab619c614d3038751c63bc2aadc06d\",\"name\":\"ulqini\",\"sameAs\":[\"http:\/\/www.visit-ulcinj.com\"],\"url\":\"https:\/\/www.visit-ulcinj.com\/blog\/author\/admin\/\"}]}<\/script>\n<!-- \/ Yoast SEO plugin. -->","yoast_head_json":{"title":"Flet Eklen Laca, ish i dashuri i Mesid\u00c3\u00abs, nga Belgjika | Big Brother Albania 2","description":"Big Brother Albania 2 - Flet Eklen Laca, ish i dashuri i Mesid\u00c3\u00abs, nga Belgjika | Big Brother Albania 2","robots":{"index":"index","follow":"follow","max-snippet":"max-snippet:-1","max-image-preview":"max-image-preview:large","max-video-preview":"max-video-preview:-1"},"canonical":"https:\/\/www.visit-ulcinj.com\/blog\/2009\/03\/21\/flet-eklen-laca-ish-i-dashuri-i-mesides-nga-belgjika\/","og_locale":"en_US","og_type":"article","og_title":"Flet Eklen Laca, ish i dashuri i Mesid\u00c3\u00abs, nga Belgjika | Big Brother Albania 2","og_description":"Big Brother Albania 2 - Flet Eklen Laca, ish i dashuri i Mesid\u00c3\u00abs, nga Belgjika | Big Brother Albania 2","og_url":"https:\/\/www.visit-ulcinj.com\/blog\/2009\/03\/21\/flet-eklen-laca-ish-i-dashuri-i-mesides-nga-belgjika\/","og_site_name":"Lajme nga Ulqini","article_published_time":"2009-03-21T11:50:03+00:00","article_modified_time":"2009-03-21T12:10:01+00:00","og_image":[{"url":"http:\/\/www.visit-ulcinj.com\/blog\/wp-content\/uploads\/2009\/03\/mesida-lleshi-dhe-eklen.jpg"}],"twitter_misc":{"Written by":"ulqini","Est. reading time":"3 minutes"},"schema":{"@context":"https:\/\/schema.org","@graph":[{"@type":"WebSite","@id":"https:\/\/www.visit-ulcinj.com\/blog\/#website","url":"https:\/\/www.visit-ulcinj.com\/blog\/","name":"Lajme nga Ulqini","description":"Lajme,Vijesti,Ulqini,Ulqin,Crna Gora,Mali i Zi","potentialAction":[{"@type":"SearchAction","target":{"@type":"EntryPoint","urlTemplate":"https:\/\/www.visit-ulcinj.com\/blog\/?s={search_term_string}"},"query-input":"required name=search_term_string"}],"inLanguage":"en-US"},{"@type":"ImageObject","inLanguage":"en-US","@id":"https:\/\/www.visit-ulcinj.com\/blog\/2009\/03\/21\/flet-eklen-laca-ish-i-dashuri-i-mesides-nga-belgjika\/#primaryimage","url":"http:\/\/www.visit-ulcinj.com\/blog\/wp-content\/uploads\/2009\/03\/mesida-lleshi-dhe-eklen.jpg","contentUrl":"http:\/\/www.visit-ulcinj.com\/blog\/wp-content\/uploads\/2009\/03\/mesida-lleshi-dhe-eklen.jpg"},{"@type":"WebPage","@id":"https:\/\/www.visit-ulcinj.com\/blog\/2009\/03\/21\/flet-eklen-laca-ish-i-dashuri-i-mesides-nga-belgjika\/#webpage","url":"https:\/\/www.visit-ulcinj.com\/blog\/2009\/03\/21\/flet-eklen-laca-ish-i-dashuri-i-mesides-nga-belgjika\/","name":"Flet Eklen Laca, ish i dashuri i Mesid\u00c3\u00abs, nga Belgjika | Big Brother Albania 2","isPartOf":{"@id":"https:\/\/www.visit-ulcinj.com\/blog\/#website"},"primaryImageOfPage":{"@id":"https:\/\/www.visit-ulcinj.com\/blog\/2009\/03\/21\/flet-eklen-laca-ish-i-dashuri-i-mesides-nga-belgjika\/#primaryimage"},"datePublished":"2009-03-21T11:50:03+00:00","dateModified":"2009-03-21T12:10:01+00:00","author":{"@id":"https:\/\/www.visit-ulcinj.com\/blog\/#\/schema\/person\/dcab619c614d3038751c63bc2aadc06d"},"description":"Big Brother Albania 2 - Flet Eklen Laca, ish i dashuri i Mesid\u00c3\u00abs, nga Belgjika | Big Brother Albania 2","breadcrumb":{"@id":"https:\/\/www.visit-ulcinj.com\/blog\/2009\/03\/21\/flet-eklen-laca-ish-i-dashuri-i-mesides-nga-belgjika\/#breadcrumb"},"inLanguage":"en-US","potentialAction":[{"@type":"ReadAction","target":["https:\/\/www.visit-ulcinj.com\/blog\/2009\/03\/21\/flet-eklen-laca-ish-i-dashuri-i-mesides-nga-belgjika\/"]}]},{"@type":"BreadcrumbList","@id":"https:\/\/www.visit-ulcinj.com\/blog\/2009\/03\/21\/flet-eklen-laca-ish-i-dashuri-i-mesides-nga-belgjika\/#breadcrumb","itemListElement":[{"@type":"ListItem","position":1,"name":"Flet Eklen Laca, ish i dashuri i Mesid\u00ebs, nga Belgjika"}]},{"@type":"Person","@id":"https:\/\/www.visit-ulcinj.com\/blog\/#\/schema\/person\/dcab619c614d3038751c63bc2aadc06d","name":"ulqini","sameAs":["http:\/\/www.visit-ulcinj.com"],"url":"https:\/\/www.visit-ulcinj.com\/blog\/author\/admin\/"}]}},"jetpack_featured_media_url":"","jetpack_sharing_enabled":true,"jetpack_shortlink":"https:\/\/wp.me\/pe6lTn-3Va","_links":{"self":[{"href":"https:\/\/www.visit-ulcinj.com\/blog\/wp-json\/wp\/v2\/posts\/15076"}],"collection":[{"href":"https:\/\/www.visit-ulcinj.com\/blog\/wp-json\/wp\/v2\/posts"}],"about":[{"href":"https:\/\/www.visit-ulcinj.com\/blog\/wp-json\/wp\/v2\/types\/post"}],"author":[{"embeddable":true,"href":"https:\/\/www.visit-ulcinj.com\/blog\/wp-json\/wp\/v2\/users\/1"}],"replies":[{"embeddable":true,"href":"https:\/\/www.visit-ulcinj.com\/blog\/wp-json\/wp\/v2\/comments?post=15076"}],"version-history":[{"count":0,"href":"https:\/\/www.visit-ulcinj.com\/blog\/wp-json\/wp\/v2\/posts\/15076\/revisions"}],"wp:attachment":[{"href":"https:\/\/www.visit-ulcinj.com\/blog\/wp-json\/wp\/v2\/media?parent=15076"}],"wp:term":[{"taxonomy":"category","embeddable":true,"href":"https:\/\/www.visit-ulcinj.com\/blog\/wp-json\/wp\/v2\/categories?post=15076"},{"taxonomy":"post_tag","embeddable":true,"href":"https:\/\/www.visit-ulcinj.com\/blog\/wp-json\/wp\/v2\/tags?post=15076"}],"curies":[{"name":"wp","href":"https:\/\/api.w.org\/{rel}","templated":true}]}}